{"id":45770,"date":"2020-05-26T23:20:10","date_gmt":"2020-05-26T21:20:10","guid":{"rendered":"http:\/\/www.wallendorff.com\/belogue\/?p=45770"},"modified":"2020-05-26T23:20:10","modified_gmt":"2020-05-26T21:20:10","slug":"into-the-wide-198","status":"publish","type":"post","link":"https:\/\/www.wallendorff.com\/belogue\/2020\/05\/26\/into-the-wide-198\/","title":{"rendered":"Into the wide #198."},"content":{"rendered":"<div id=\"photo\">\n<p><img decoding=\"async\" src=\"https:\/\/www.wallendorff.com\/belogue\/wp-content\/uploads\/2020\/05\/20200527.jpg\"><br \/>\nPlace Denfert-Rochereau, Paris, 9<sup><\/sup> mars 2020.<\/p>\n<\/div>\n<p style=\"text-align:right\">Parfois c&rsquo;est ironique, la photographie. Tu viens avec une id&eacute;e de panoramique, tu installes tout et, pile au moment de commencer, deux bonshommes en fourgonette RATP viennent compulser l&rsquo;int&eacute;gralit&eacute; de leur Facebouque jusqu&rsquo;&agrave; 1986 dans un coin de ton champ. Tu fais une photo pour tester le mat&eacute;riel, puis tu attends que tes deux potes lib&egrave;rent la place pour attaquer le vrai panoramique. Un panoramique de 12 images. Avec des phares de bus, pour faire plus joli. Sauf que seul le bus 38 passe dans la direction que tu veux, &agrave; raison d&rsquo;une fois toutes les 5 minutes. Et que 12 photos &times; 5 minutes, &ccedil;a fait 1 heure de prise de vue.<\/p>\n<p style=\"text-align:right\">Au final tu auras pass&eacute; 3 heures &agrave; faire le pied de grue pour UNE photo patiemment collect&eacute;e.<\/p>\n<p style=\"text-align:right\">Trois mois plus tard, tu ressors tout &ccedil;a des cartons, regarde ton pano &agrave; bus, hausse les &eacute;paules et publie plut&ocirc;t la photo-test, parce qu&rsquo;elle rend mieux.<\/p>\n<p style=\"text-align:right\">[Parfois c&rsquo;est ironique, la photographie.]<\/p>\n<div id=\"bandeson\">\n<p><img decoding=\"async\" src=\"https:\/\/www.wallendorff.com\/belogue\/photo\/pochettes\/c\/courtney_barns-404.jpg\" align=\"left\" \/><a href=\"https:\/\/www.youtube.com\/watch?v=92-eHSMdBG0\" a style=\"font-weight:normal\" id=\"lienmp3\"><em>You and I<\/em><\/a><br \/>\n<a href=\"https:\/\/www.barnscourtney.com\/\">Barns Courtney<\/a><\/p>\n<\/div>\n","protected":false},"excerpt":{"rendered":"<p>Place Denfert-Rochereau, Paris, 9 mars 2020. Parfois c&rsquo;est ironique, la photographie. Tu viens avec une id&eacute;e de panoramique, tu installes tout et, pile au moment de commencer, deux bonshommes en fourgonette RATP viennent compulser l&rsquo;int&eacute;gralit&eacute; de leur Facebouque jusqu&rsquo;&agrave; 1986 dans un coin de ton champ. Tu fais une photo pour tester le mat&eacute;riel, puis&hellip;<\/p>\n","protected":false},"author":1,"featured_media":45772,"comment_status":"open","ping_status":"open","sticky":false,"template":"","format":"standard","meta":{"_acf_changed":false,"ngg_post_thumbnail":0,"jetpack_post_was_ever_published":false,"_jetpack_newsletter_access":"","_jetpack_dont_email_post_to_subs":false,"_jetpack_newsletter_tier_id":0,"_jetpack_memberships_contains_paywalled_content":false,"_jetpack_memberships_contains_paid_content":false,"footnotes":"","jetpack_publicize_message":"","jetpack_publicize_feature_enabled":true,"jetpack_social_post_already_shared":true,"jetpack_social_options":{"image_generator_settings":{"template":"highway","default_image_id":0,"font":"","enabled":false},"version":2}},"categories":[7356],"tags":[10347,16338,10120,15878,14890,10121,16307,11323,10098,14140,10592,10227,10171,16370],"class_list":["post-45770","post","type-post","status-publish","format-standard","has-post-thumbnail","hentry","category-into-the-wide","tag-10347","tag-barns-courtney","tag-france","tag-fujifilm-x-t3","tag-fujinon-xf-10-24-mm-f-4-r-ois","tag-ile-de-france","tag-lion-de-belfort","tag-panoramique","tag-paris","tag-place-denfert-rochereau","tag-pose-longue","tag-statue","tag-voiture","tag-you-and-i"],"acf":[],"geo":{"latitude":48.8342247,"longitude":2.3321433,"description":"Paris 14, \u00cele-de-France, 75014, FR"},"jetpack_publicize_connections":[],"jetpack_featured_media_url":"https:\/\/www.wallendorff.com\/belogue\/wp-content\/uploads\/2020\/05\/20200527.jpg","jetpack_shortlink":"https:\/\/wp.me\/p3b35P-bUe","jetpack_sharing_enabled":true,"jetpack-related-posts":[{"id":45426,"url":"https:\/\/www.wallendorff.com\/belogue\/2020\/03\/31\/mars-2020\/","url_meta":{"origin":45770,"position":0},"title":"Mars 2020.","author":"dpc","date":"31 mars 2020","format":false,"excerpt":"Une gare, un train, un boulevard, une fen\u00eatre, un souper, un escalier, une statue, un arbre, un m\u00e9tro, un concert, un num\u00e9ro, un chat, un PC, une flaque de jour, une flaque de nuit, un cor de chasse, une tour, un quai, un skieur, une pause-caf\u00e9, une ruelle, un boulevard,\u2026","rel":"","context":"Dans &quot;Blog-note&quot;","block_context":{"text":"Blog-note","link":"https:\/\/www.wallendorff.com\/belogue\/category\/blog-note\/"},"img":{"alt_text":"","src":"https:\/\/i0.wp.com\/www.wallendorff.com\/belogue\/wp-content\/uploads\/2020\/04\/20200407-45.jpg?resize=350%2C200&ssl=1","width":350,"height":200,"srcset":"https:\/\/i0.wp.com\/www.wallendorff.com\/belogue\/wp-content\/uploads\/2020\/04\/20200407-45.jpg?resize=350%2C200&ssl=1 1x, https:\/\/i0.wp.com\/www.wallendorff.com\/belogue\/wp-content\/uploads\/2020\/04\/20200407-45.jpg?resize=525%2C300&ssl=1 1.5x, https:\/\/i0.wp.com\/www.wallendorff.com\/belogue\/wp-content\/uploads\/2020\/04\/20200407-45.jpg?resize=700%2C400&ssl=1 2x, https:\/\/i0.wp.com\/www.wallendorff.com\/belogue\/wp-content\/uploads\/2020\/04\/20200407-45.jpg?resize=1050%2C600&ssl=1 3x"},"classes":[]},{"id":31057,"url":"https:\/\/www.wallendorff.com\/belogue\/2016\/05\/31\/mai-2016\/","url_meta":{"origin":45770,"position":1},"title":"Mai 2016.","author":"dpc","date":"31 mai 2016","format":false,"excerpt":"Un num\u00e9ro, une exposition, un m\u00e9tro, une projection, un concert, une coupole, un toit, un feu rouge, un parc, un concert, un concert, un chat pr\u00e9nomm\u00e9 Vercing\u00e9torix, un piano, un scot\u00e8re, un parvis, un tchi-tchi, une expo, un arc, un saut, une tour, un bateau, une prise de bec, une\u2026","rel":"","context":"Dans &quot;Blog-note&quot;","block_context":{"text":"Blog-note","link":"https:\/\/www.wallendorff.com\/belogue\/category\/blog-note\/"},"img":{"alt_text":"","src":"https:\/\/i0.wp.com\/www.wallendorff.com\/belogue\/wp-content\/uploads\/2016\/06\/20160615-12-1.jpg?resize=350%2C200&ssl=1","width":350,"height":200,"srcset":"https:\/\/i0.wp.com\/www.wallendorff.com\/belogue\/wp-content\/uploads\/2016\/06\/20160615-12-1.jpg?resize=350%2C200&ssl=1 1x, https:\/\/i0.wp.com\/www.wallendorff.com\/belogue\/wp-content\/uploads\/2016\/06\/20160615-12-1.jpg?resize=525%2C300&ssl=1 1.5x, https:\/\/i0.wp.com\/www.wallendorff.com\/belogue\/wp-content\/uploads\/2016\/06\/20160615-12-1.jpg?resize=700%2C400&ssl=1 2x"},"classes":[]},{"id":126635,"url":"https:\/\/www.wallendorff.com\/belogue\/2023\/11\/16\/into-the-wide-284\/","url_meta":{"origin":45770,"position":2},"title":"Into the wide #284.","author":"dpc","date":"16 novembre 2023","format":false,"excerpt":"Cit\u00e9 de l'\u00c9conomie, Paris, 16 septembre 2023.","rel":"","context":"Dans &quot;Into the wide&quot;","block_context":{"text":"Into the wide","link":"https:\/\/www.wallendorff.com\/belogue\/category\/into-the-wide\/"},"img":{"alt_text":"","src":"https:\/\/i0.wp.com\/www.wallendorff.com\/belogue\/wp-content\/uploads\/2023\/11\/20231116-01.jpg?resize=350%2C200&ssl=1","width":350,"height":200,"srcset":"https:\/\/i0.wp.com\/www.wallendorff.com\/belogue\/wp-content\/uploads\/2023\/11\/20231116-01.jpg?resize=350%2C200&ssl=1 1x, https:\/\/i0.wp.com\/www.wallendorff.com\/belogue\/wp-content\/uploads\/2023\/11\/20231116-01.jpg?resize=525%2C300&ssl=1 1.5x, https:\/\/i0.wp.com\/www.wallendorff.com\/belogue\/wp-content\/uploads\/2023\/11\/20231116-01.jpg?resize=700%2C400&ssl=1 2x, https:\/\/i0.wp.com\/www.wallendorff.com\/belogue\/wp-content\/uploads\/2023\/11\/20231116-01.jpg?resize=1050%2C600&ssl=1 3x"},"classes":[]},{"id":46118,"url":"https:\/\/www.wallendorff.com\/belogue\/2020\/07\/17\/pigeonnier-by-night-ii\/","url_meta":{"origin":45770,"position":3},"title":"Pigeonnier by night II.","author":"dpc","date":"17 juillet 2020","format":false,"excerpt":"Arnay-sous-Vitteaux, 23 mai 2020. Encore une photo qui ne se passe pas comme pr\u00e9vu. Je profite de la nouvelle lune pour descendre et faire une nouvelle version du panoramique de l'ann\u00e9e derni\u00e8re. Avant de monter la t\u00eate pano, je fais un test avec mon nouveau jouet, par m\u00e9garde je passe\u2026","rel":"","context":"Dans &quot;DPC&quot;","block_context":{"text":"DPC","link":"https:\/\/www.wallendorff.com\/belogue\/category\/dpc\/"},"img":{"alt_text":"","src":"https:\/\/i0.wp.com\/www.wallendorff.com\/belogue\/wp-content\/uploads\/2020\/07\/20200717.jpg?resize=350%2C200&ssl=1","width":350,"height":200,"srcset":"https:\/\/i0.wp.com\/www.wallendorff.com\/belogue\/wp-content\/uploads\/2020\/07\/20200717.jpg?resize=350%2C200&ssl=1 1x, https:\/\/i0.wp.com\/www.wallendorff.com\/belogue\/wp-content\/uploads\/2020\/07\/20200717.jpg?resize=525%2C300&ssl=1 1.5x, https:\/\/i0.wp.com\/www.wallendorff.com\/belogue\/wp-content\/uploads\/2020\/07\/20200717.jpg?resize=700%2C400&ssl=1 2x, https:\/\/i0.wp.com\/www.wallendorff.com\/belogue\/wp-content\/uploads\/2020\/07\/20200717.jpg?resize=1050%2C600&ssl=1 3x"},"classes":[]},{"id":43459,"url":"https:\/\/www.wallendorff.com\/belogue\/2019\/08\/20\/into-the-wide-181\/","url_meta":{"origin":45770,"position":4},"title":"Into the wide #182.","author":"dpc","date":"20 ao\u00fbt 2019","format":false,"excerpt":"Pont Charles, Prague, 9 mai 2019. Je ne m'\u00e9tais pas lev\u00e9 aussi t\u00f4t depuis le Rialto, il y a deux ans. C'est le probl\u00e8me des lieux pris\u00e9s par les touristes\u00a0: si tu veux profiter de ceux-ci, il faut venir quand ceux-l\u00e0 dorment, et ce au moins une heure avant le\u2026","rel":"","context":"Dans &quot;Into the wide&quot;","block_context":{"text":"Into the wide","link":"https:\/\/www.wallendorff.com\/belogue\/category\/into-the-wide\/"},"img":{"alt_text":"Pont Charles, Prague, 9 mai 2019.","src":"https:\/\/i0.wp.com\/www.wallendorff.com\/belogue\/wp-content\/uploads\/2019\/08\/20190820.jpg?resize=350%2C200&ssl=1","width":350,"height":200,"srcset":"https:\/\/i0.wp.com\/www.wallendorff.com\/belogue\/wp-content\/uploads\/2019\/08\/20190820.jpg?resize=350%2C200&ssl=1 1x, https:\/\/i0.wp.com\/www.wallendorff.com\/belogue\/wp-content\/uploads\/2019\/08\/20190820.jpg?resize=525%2C300&ssl=1 1.5x, https:\/\/i0.wp.com\/www.wallendorff.com\/belogue\/wp-content\/uploads\/2019\/08\/20190820.jpg?resize=700%2C400&ssl=1 2x, https:\/\/i0.wp.com\/www.wallendorff.com\/belogue\/wp-content\/uploads\/2019\/08\/20190820.jpg?resize=1050%2C600&ssl=1 3x"},"classes":[]},{"id":36069,"url":"https:\/\/www.wallendorff.com\/belogue\/2017\/10\/17\/into-the-wide-114-115\/","url_meta":{"origin":45770,"position":5},"title":"Into the wide #114, 115.","author":"dpc","date":"17 octobre 2017","format":false,"excerpt":"Passerelle Simone-de-Beauvoir, Paris, 28 ao\u00fbt. Je voulais tester le nouveau fotoapparat en panoramique, et ma premi\u00e8re id\u00e9e fut de revenir sur les lieux du num\u00e9ro 22. Un num\u00e9ro 22 qui, \u00e0 l'\u00e9poque, avait \u00e9t\u00e9 fait sans t\u00eate pano et avait donc requis beaucoup de photoshopages en tous genres pour un\u2026","rel":"","context":"Dans &quot;Into the wide&quot;","block_context":{"text":"Into the wide","link":"https:\/\/www.wallendorff.com\/belogue\/category\/into-the-wide\/"},"img":{"alt_text":"","src":"https:\/\/i0.wp.com\/www.wallendorff.com\/belogue\/wp-content\/uploads\/2017\/10\/20171017-01.jpg?resize=350%2C200&ssl=1","width":350,"height":200,"srcset":"https:\/\/i0.wp.com\/www.wallendorff.com\/belogue\/wp-content\/uploads\/2017\/10\/20171017-01.jpg?resize=350%2C200&ssl=1 1x, https:\/\/i0.wp.com\/www.wallendorff.com\/belogue\/wp-content\/uploads\/2017\/10\/20171017-01.jpg?resize=525%2C300&ssl=1 1.5x, https:\/\/i0.wp.com\/www.wallendorff.com\/belogue\/wp-content\/uploads\/2017\/10\/20171017-01.jpg?resize=700%2C400&ssl=1 2x, https:\/\/i0.wp.com\/www.wallendorff.com\/belogue\/wp-content\/uploads\/2017\/10\/20171017-01.jpg?resize=1050%2C600&ssl=1 3x"},"classes":[]}],"_links":{"self":[{"href":"https:\/\/www.wallendorff.com\/belogue\/wp-json\/wp\/v2\/posts\/45770","targetHints":{"allow":["GET"]}}],"collection":[{"href":"https:\/\/www.wallendorff.com\/belogue\/wp-json\/wp\/v2\/posts"}],"about":[{"href":"https:\/\/www.wallendorff.com\/belogue\/wp-json\/wp\/v2\/types\/post"}],"author":[{"embeddable":true,"href":"https:\/\/www.wallendorff.com\/belogue\/wp-json\/wp\/v2\/users\/1"}],"replies":[{"embeddable":true,"href":"https:\/\/www.wallendorff.com\/belogue\/wp-json\/wp\/v2\/comments?post=45770"}],"version-history":[{"count":3,"href":"https:\/\/www.wallendorff.com\/belogue\/wp-json\/wp\/v2\/posts\/45770\/revisions"}],"predecessor-version":[{"id":45774,"href":"https:\/\/www.wallendorff.com\/belogue\/wp-json\/wp\/v2\/posts\/45770\/revisions\/45774"}],"wp:featuredmedia":[{"embeddable":true,"href":"https:\/\/www.wallendorff.com\/belogue\/wp-json\/wp\/v2\/media\/45772"}],"wp:attachment":[{"href":"https:\/\/www.wallendorff.com\/belogue\/wp-json\/wp\/v2\/media?parent=45770"}],"wp:term":[{"taxonomy":"category","embeddable":true,"href":"https:\/\/www.wallendorff.com\/belogue\/wp-json\/wp\/v2\/categories?post=45770"},{"taxonomy":"post_tag","embeddable":true,"href":"https:\/\/www.wallendorff.com\/belogue\/wp-json\/wp\/v2\/tags?post=45770"}],"curies":[{"name":"wp","href":"https:\/\/api.w.org\/{rel}","templated":true}]}}