{"id":4577,"date":"2009-08-31T11:01:12","date_gmt":"2009-08-31T09:01:12","guid":{"rendered":"http:\/\/www.po-l.com\/belogue\/?p=4577"},"modified":"2012-06-13T09:57:44","modified_gmt":"2012-06-13T07:57:44","slug":"et-pendant-ce-temps-a-rock-en-seine-9","status":"publish","type":"post","link":"https:\/\/www.wallendorff.com\/belogue\/2009\/08\/31\/et-pendant-ce-temps-a-rock-en-seine-9\/","title":{"rendered":"Et pendant ce temps, \u00e0 Rock en Seine."},"content":{"rendered":"<div id=\"photo\">\n<p><img decoding=\"async\" src=\"https:\/\/www.wallendorff.com\/belogue\/images\/etoile_blanche.jpg\"><\/p>\n<\/div>\n<h1>COMMUNIQU&Eacute; OFFICIEL<\/h1>\n<p>&Agrave; la suite d&rsquo;une altercation entre Liam Gallagher et l&rsquo;auteur de ce journal, hier soir dans les toilettes de l&rsquo;espace presse de Rock en Seine, lors de laquelle le controvers&eacute; chanteur n&rsquo;a pas h&eacute;sit&eacute; &agrave;, je cite, &laquo;&nbsp;molester son adversaire au moyen d&rsquo;un urinoir en plastique Armitage Shanks, puis d&rsquo;une guitare Gretsch &agrave; Union Jack plac&eacute;e dans une intimit&eacute; que la d&eacute;cence nous interdit de d&eacute;crire ici,&nbsp;&raquo; le reste de la tourn&eacute;e europ&eacute;enne des sc&egrave;nes de Rock en Fleuve Parisien<sup>1<\/sup> de &#9733;DPC est annul&eacute;e jusqu&rsquo;&agrave; nouvel ordre, soit s&ucirc;rement ce soir,  quand l&rsquo;&eacute;quipe de chirurgiens du festival aura r&eacute;ussi &agrave; sortir notre h&eacute;ros de ce mauvais pas aussi peu esth&eacute;tique que pratique, mais sans d&eacute;saccorder l&rsquo;instrument.<\/p>\n<p>Nous vous laissons attendre la fourn&eacute;e du jour avec une blague qui devient d&eacute;cid&eacute;ment annuelle<sup>2<\/sup>&nbsp;:<\/p>\n<div id=\"bandeson\">\n<p><img decoding=\"async\" src=\"https:\/\/www.wallendorff.com\/belogue\/photo\/pochettes\/blank.jpg\" align=\"left\" \/>&nbsp; <a href=\"http:\/\/www.oasisinet.com\/\">Oasis<\/a> &ndash; <em>Don&rsquo;t Look Back in Anger <\/em>(live Rock en Seine 2009)<\/p>\n<\/div>\n<p>Ainsi que, cette ann&eacute;e des <a href=\"http:\/\/www.youtube.com\/watch?v=Mp1v4pWvAg4&amp;feature=related\">images exclusives du concert d&rsquo;Oasis<\/a> et de la <a href=\"http:\/\/www.youtube.com\/watch?v=TF9Ld6XGTXo&amp;NR=1\">joie<sup>3<\/sup> de Kele Orekeke<\/a> annon&ccedil;ant que finalement, c&rsquo;est Bloc Party qui assure la t&ecirc;te d&rsquo;affiche du vendredi sur la sc&egrave;ne de la Cascade de Rock en Fleuve se Jetant dans la Manche 2009.<\/p>\n<p style=\"text-align:right\">Jean-Pierre Pierre, attach&eacute; de presse en int&eacute;rim.<\/p>\n<p>_____<\/p>\n<div id=\"bas_note\">\n<p><sup>1<\/sup> Par un singulier hasard, &laquo;&nbsp;Seine&nbsp;&raquo; et &laquo;&nbsp;sc&egrave;ne&nbsp;&raquo; sont deux homonymes&nbsp;; sans une salvatrice utilisation de synonymes bien sentis, l&rsquo;on se retrouverait &agrave; faire des r&eacute;p&eacute;titions, ce qui craint dans un texte que l&rsquo;on chouette chiad&eacute;.<\/p>\n<p><sup>2<\/sup> Mais siiii, c&rsquo;&eacute;tait l&rsquo;ann&eacute;e derni&egrave;re, dans <a href=\"https:\/\/www.wallendorff.com\/belogue\/2008\/09\/03\/rock-en-seine-2008-3\/\">ce lien<\/a> sur lequel il ne sert &agrave; rien de cliquer puisque le MP3 assorti n&rsquo;est plus en ligne.<\/p>\n<p><sup>3<\/sup> Qui laisse mon c&oelig;ur marri et me pousse &agrave; reprendre tout de suite mes photos de Bloc Party de vendredi pour leur ajouter des boutons d&rsquo;acn&eacute; sur la tronche, tiens.<\/p>\n<\/div>\n","protected":false},"excerpt":{"rendered":"<p>COMMUNIQU&Eacute; OFFICIEL &Agrave; la suite d&rsquo;une altercation entre Liam Gallagher et l&rsquo;auteur de ce journal, hier soir dans les toilettes de l&rsquo;espace presse de Rock en Seine, lors de laquelle le controvers&eacute; chanteur n&rsquo;a pas h&eacute;sit&eacute; &agrave;, je cite, &laquo;&nbsp;molester son adversaire au moyen d&rsquo;un urinoir en plastique Armitage Shanks, puis d&rsquo;une guitare Gretsch &agrave;&hellip;<\/p>\n","protected":false},"author":1,"featured_media":25521,"comment_status":"open","ping_status":"open","sticky":false,"template":"","format":"standard","meta":{"_acf_changed":false,"ngg_post_thumbnail":0,"jetpack_post_was_ever_published":false,"_jetpack_newsletter_access":"","_jetpack_dont_email_post_to_subs":false,"_jetpack_newsletter_tier_id":0,"_jetpack_memberships_contains_paywalled_content":false,"_jetpack_memberships_contains_paid_content":false,"footnotes":"","jetpack_publicize_message":"","jetpack_publicize_feature_enabled":true,"jetpack_social_post_already_shared":false,"jetpack_social_options":{"image_generator_settings":{"template":"highway","default_image_id":0,"font":"","enabled":false},"version":2}},"categories":[6],"tags":[10508,10084,10220,3030,4132,10136,408,10133,10580],"class_list":["post-4577","post","type-post","status-publish","format-standard","has-post-thumbnail","hentry","category-pictureless-thoughts","tag-10508","tag-alive","tag-bloc-party","tag-dont-look-back-in-anger","tag-et-pendant-ce-temps-a-rock-en-seine","tag-festival","tag-oasis","tag-rock-en-seine","tag-rock-en-seine-2009"],"acf":[],"geo":null,"jetpack_publicize_connections":[],"jetpack_featured_media_url":"https:\/\/www.wallendorff.com\/belogue\/wp-content\/uploads\/2015\/04\/blank4.jpg","jetpack_shortlink":"https:\/\/wp.me\/p3b35P-1bP","jetpack_sharing_enabled":true,"jetpack-related-posts":[{"id":8284,"url":"https:\/\/www.wallendorff.com\/belogue\/2010\/08\/31\/et-pendant-ce-temps-a-rokensen\/","url_meta":{"origin":4577,"position":0},"title":"Et pendant ce temps, \u00e0 Rokensen.","author":"dpc","date":"31 ao\u00fbt 2010","format":false,"excerpt":"Svartsj\u00f6 slott, 28 ao\u00fbt. [Avouez que c'est choupi comme photo, un peu.] Je sais, le patelin s'appelle pas Rokensen, mais faut bien entretenir la tradition d'une mani\u00e8re ou d'une autre, aussi. Ah et vous savez ce que chante un Su\u00e9dois apr\u00e8s avoir trinqu\u00e9\u00a0? \u00ab\u00a0Mais oui mais oui, le skol est\u2026","rel":"","context":"Dans &quot;DPC&quot;","block_context":{"text":"DPC","link":"https:\/\/www.wallendorff.com\/belogue\/category\/dpc\/"},"img":{"alt_text":"","src":"https:\/\/i0.wp.com\/www.wallendorff.com\/belogue\/wp-content\/uploads\/2015\/04\/201008311.jpg?resize=350%2C200&ssl=1","width":350,"height":200,"srcset":"https:\/\/i0.wp.com\/www.wallendorff.com\/belogue\/wp-content\/uploads\/2015\/04\/201008311.jpg?resize=350%2C200&ssl=1 1x, https:\/\/i0.wp.com\/www.wallendorff.com\/belogue\/wp-content\/uploads\/2015\/04\/201008311.jpg?resize=525%2C300&ssl=1 1.5x"},"classes":[]},{"id":130417,"url":"https:\/\/www.wallendorff.com\/belogue\/2024\/08\/29\/there-we-were-now-here-we-are\/","url_meta":{"origin":4577,"position":1},"title":"There we were, now here we are.","author":"dpc","date":"29 ao\u00fbt 2024","format":false,"excerpt":"Rock en Seine, Domaine national de Saint-Cloud, 28 ao\u00fbt 2009.J\u2019ai photographi\u00e9 ces trois jeunes filles du premier rang du public de Rock en Seine le 28 ao\u00fbt 2009 \u00e0 21 h 59 min 41 s, juste avant le concert d\u2019Oasis, juste avant l\u2019annonce de la plus fameuse baston-\u00e0-coups-de-guitares-en- loges\u00b9 de\u2026","rel":"","context":"Dans &quot;Alive&quot;","block_context":{"text":"Alive","link":"https:\/\/www.wallendorff.com\/belogue\/category\/alive\/"},"img":{"alt_text":"","src":"https:\/\/i0.wp.com\/www.wallendorff.com\/belogue\/wp-content\/uploads\/2024\/08\/20240829-01.jpg?resize=350%2C200&ssl=1","width":350,"height":200,"srcset":"https:\/\/i0.wp.com\/www.wallendorff.com\/belogue\/wp-content\/uploads\/2024\/08\/20240829-01.jpg?resize=350%2C200&ssl=1 1x, https:\/\/i0.wp.com\/www.wallendorff.com\/belogue\/wp-content\/uploads\/2024\/08\/20240829-01.jpg?resize=525%2C300&ssl=1 1.5x, https:\/\/i0.wp.com\/www.wallendorff.com\/belogue\/wp-content\/uploads\/2024\/08\/20240829-01.jpg?resize=700%2C400&ssl=1 2x, https:\/\/i0.wp.com\/www.wallendorff.com\/belogue\/wp-content\/uploads\/2024\/08\/20240829-01.jpg?resize=1050%2C600&ssl=1 3x"},"classes":[]},{"id":81,"url":"https:\/\/www.wallendorff.com\/belogue\/2005\/08\/27\/et-pendant-ce-temps-a-rock-en-seine-2\/","url_meta":{"origin":4577,"position":2},"title":"Et pendant ce temps, &agrave; Rock en Seine","author":"dpc","date":"27 ao\u00fbt 2005","format":false,"excerpt":"Il fait chaud. [Si j' arrive pas \u00e0 doubler la fr\u00e9quentation du bel\u00f6gue avec \u00e7a, je sais pas ce qu'il faut que je fasse.] \u00a0Franz Ferdinand \u2013 Take Me Out","rel":"","context":"Dans &quot;DPC&quot;","block_context":{"text":"DPC","link":"https:\/\/www.wallendorff.com\/belogue\/category\/dpc\/"},"img":{"alt_text":"","src":"https:\/\/i0.wp.com\/www.wallendorff.com\/belogue\/wp-content\/uploads\/2015\/04\/200508271.jpg?resize=350%2C200&ssl=1","width":350,"height":200},"classes":[]},{"id":18777,"url":"https:\/\/www.wallendorff.com\/belogue\/2012\/08\/26\/et-pendant-ce-temps-a-rock-en-seine-12\/","url_meta":{"origin":4577,"position":3},"title":"Et pendant ce temps, \u00e0 Rock en Seine.","author":"dpc","date":"26 ao\u00fbt 2012","format":false,"excerpt":"Noel Gallagher est enfin venu. [Alors qu'Amy Vinouze, toujours pas.] Kasabian \u2013 Ketang","rel":"","context":"Dans &quot;DPC&quot;","block_context":{"text":"DPC","link":"https:\/\/www.wallendorff.com\/belogue\/category\/dpc\/"},"img":{"alt_text":"","src":"https:\/\/i0.wp.com\/www.wallendorff.com\/belogue\/wp-content\/uploads\/2015\/04\/201208261.jpg?resize=350%2C200&ssl=1","width":350,"height":200,"srcset":"https:\/\/i0.wp.com\/www.wallendorff.com\/belogue\/wp-content\/uploads\/2015\/04\/201208261.jpg?resize=350%2C200&ssl=1 1x, https:\/\/i0.wp.com\/www.wallendorff.com\/belogue\/wp-content\/uploads\/2015\/04\/201208261.jpg?resize=525%2C300&ssl=1 1.5x, https:\/\/i0.wp.com\/www.wallendorff.com\/belogue\/wp-content\/uploads\/2015\/04\/201208261.jpg?resize=700%2C400&ssl=1 2x"},"classes":[]},{"id":1023,"url":"https:\/\/www.wallendorff.com\/belogue\/2007\/08\/25\/pendant-ce-temps-rock-en-seine\/","url_meta":{"origin":4577,"position":4},"title":"Et pendant ce temps, \u00e0 Rock en Seine.","author":"dpc","date":"25 ao\u00fbt 2007","format":false,"excerpt":"On se r\u00e9chauffe comme on peut. \u00a0The Hives \u2013 Tick Tick Boom","rel":"","context":"Dans &quot;Alive&quot;","block_context":{"text":"Alive","link":"https:\/\/www.wallendorff.com\/belogue\/category\/alive\/"},"img":{"alt_text":"","src":"https:\/\/i0.wp.com\/www.wallendorff.com\/belogue\/wp-content\/uploads\/2015\/04\/200708251.jpg?resize=350%2C200&ssl=1","width":350,"height":200,"srcset":"https:\/\/i0.wp.com\/www.wallendorff.com\/belogue\/wp-content\/uploads\/2015\/04\/200708251.jpg?resize=350%2C200&ssl=1 1x, https:\/\/i0.wp.com\/www.wallendorff.com\/belogue\/wp-content\/uploads\/2015\/04\/200708251.jpg?resize=525%2C300&ssl=1 1.5x, https:\/\/i0.wp.com\/www.wallendorff.com\/belogue\/wp-content\/uploads\/2015\/04\/200708251.jpg?resize=700%2C400&ssl=1 2x"},"classes":[]},{"id":4619,"url":"https:\/\/www.wallendorff.com\/belogue\/2009\/08\/31\/et-pendant-ce-temps-a-rock-en-seine-10\/","url_meta":{"origin":4577,"position":5},"title":"Et pendant ce temps, \u00e0 Rock en Seine.","author":"dpc","date":"31 ao\u00fbt 2009","format":false,"excerpt":"On a soif. Lilly Wood and the Prick Robin McKelle Macy Gray Sliimy Eagles of Death Metal Them Crooked Vultures [Les Petits Pois Sont Roux] MGMT Klaxons The Prodigy Le reste","rel":"","context":"Dans &quot;Alive&quot;","block_context":{"text":"Alive","link":"https:\/\/www.wallendorff.com\/belogue\/category\/alive\/"},"img":{"alt_text":"","src":"https:\/\/i0.wp.com\/www.wallendorff.com\/belogue\/wp-content\/uploads\/2015\/04\/200908311.jpg?resize=350%2C200&ssl=1","width":350,"height":200,"srcset":"https:\/\/i0.wp.com\/www.wallendorff.com\/belogue\/wp-content\/uploads\/2015\/04\/200908311.jpg?resize=350%2C200&ssl=1 1x, https:\/\/i0.wp.com\/www.wallendorff.com\/belogue\/wp-content\/uploads\/2015\/04\/200908311.jpg?resize=525%2C300&ssl=1 1.5x, https:\/\/i0.wp.com\/www.wallendorff.com\/belogue\/wp-content\/uploads\/2015\/04\/200908311.jpg?resize=700%2C400&ssl=1 2x"},"classes":[]}],"_links":{"self":[{"href":"https:\/\/www.wallendorff.com\/belogue\/wp-json\/wp\/v2\/posts\/4577","targetHints":{"allow":["GET"]}}],"collection":[{"href":"https:\/\/www.wallendorff.com\/belogue\/wp-json\/wp\/v2\/posts"}],"about":[{"href":"https:\/\/www.wallendorff.com\/belogue\/wp-json\/wp\/v2\/types\/post"}],"author":[{"embeddable":true,"href":"https:\/\/www.wallendorff.com\/belogue\/wp-json\/wp\/v2\/users\/1"}],"replies":[{"embeddable":true,"href":"https:\/\/www.wallendorff.com\/belogue\/wp-json\/wp\/v2\/comments?post=4577"}],"version-history":[{"count":6,"href":"https:\/\/www.wallendorff.com\/belogue\/wp-json\/wp\/v2\/posts\/4577\/revisions"}],"predecessor-version":[{"id":17716,"href":"https:\/\/www.wallendorff.com\/belogue\/wp-json\/wp\/v2\/posts\/4577\/revisions\/17716"}],"wp:featuredmedia":[{"embeddable":true,"href":"https:\/\/www.wallendorff.com\/belogue\/wp-json\/wp\/v2\/media\/25521"}],"wp:attachment":[{"href":"https:\/\/www.wallendorff.com\/belogue\/wp-json\/wp\/v2\/media?parent=4577"}],"wp:term":[{"taxonomy":"category","embeddable":true,"href":"https:\/\/www.wallendorff.com\/belogue\/wp-json\/wp\/v2\/categories?post=4577"},{"taxonomy":"post_tag","embeddable":true,"href":"https:\/\/www.wallendorff.com\/belogue\/wp-json\/wp\/v2\/tags?post=4577"}],"curies":[{"name":"wp","href":"https:\/\/api.w.org\/{rel}","templated":true}]}}