{"id":4569,"date":"2009-08-29T13:16:20","date_gmt":"2009-08-29T11:16:20","guid":{"rendered":"http:\/\/www.po-l.com\/belogue\/?p=4569"},"modified":"2011-10-21T16:01:24","modified_gmt":"2011-10-21T14:01:24","slug":"et-pendant-ce-temps-a-rock-en-seine-7","status":"publish","type":"post","link":"https:\/\/www.wallendorff.com\/belogue\/2009\/08\/29\/et-pendant-ce-temps-a-rock-en-seine-7\/","title":{"rendered":"Et pendant ce temps, \u00e0 Rock en Seine."},"content":{"rendered":"<div id=\"photo\">\n<p><img decoding=\"async\" src=\"https:\/\/www.wallendorff.com\/belogue\/photo\/2009\/08\/20090829.jpg\" \/><\/p>\n<\/div>\n<p align=\"right\">C&rsquo;\u00e9tait poneyland, jusqu&rsquo;&agrave; ce que les Gallagher ruinent &agrave; grands coups de guitare mes espoirs de chouter Oasis un jour.<\/p>\n<h1>Just Jack<\/h1>ngg_shortcode_0_placeholder<h1>The Tatianas<\/h1>ngg_shortcode_1_placeholder<h1>Keane<\/h1>ngg_shortcode_2_placeholder<h1>Gush<\/h1>ngg_shortcode_3_placeholder<h1>The Yeah Yeah Yeahs<\/h1>ngg_shortcode_4_placeholder<h1>Passion Pit<\/h1>ngg_shortcode_5_placeholder<h1>Vampire Weekend<\/h1>ngg_shortcode_6_placeholder<h1>Bloc Party<\/h1>ngg_shortcode_7_placeholder<h1>Le reste<\/h1>ngg_shortcode_8_placeholder","protected":false},"excerpt":{"rendered":"<p>C&rsquo;\u00e9tait poneyland, jusqu&rsquo;&agrave; ce que les Gallagher ruinent &agrave; grands coups de guitare mes espoirs de chouter Oasis un jour. Just Jack The Tatianas Keane Gush The Yeah Yeah Yeahs Passion Pit Vampire Weekend Bloc Party Le reste<\/p>\n","protected":false},"author":1,"featured_media":25519,"comment_status":"open","ping_status":"open","sticky":false,"template":"","format":"standard","meta":{"_acf_changed":false,"ngg_post_thumbnail":0,"jetpack_post_was_ever_published":false,"_jetpack_newsletter_access":"","_jetpack_dont_email_post_to_subs":false,"_jetpack_newsletter_tier_id":0,"_jetpack_memberships_contains_paywalled_content":false,"_jetpack_memberships_contains_paid_content":false,"footnotes":"","jetpack_publicize_message":"","jetpack_publicize_feature_enabled":true,"jetpack_social_post_already_shared":false,"jetpack_social_options":{"image_generator_settings":{"template":"highway","default_image_id":0,"font":"","enabled":false},"version":2}},"categories":[7],"tags":[10508,10084,10220,2571,196,2615,4132,10136,10120,10572,10353,10121,10569,10205,10573,10133,10580,10570,10571,404,10516],"class_list":["post-4569","post","type-post","status-publish","format-standard","has-post-thumbnail","hentry","category-alive","tag-10508","tag-alive","tag-bloc-party","tag-ef-16-35-mm-f28l-ii-usm","tag-ef-28-70-mm-f28l-usm","tag-eos-5d-mark-ii","tag-et-pendant-ce-temps-a-rock-en-seine","tag-festival","tag-france","tag-gush","tag-hauts-de-seine","tag-ile-de-france","tag-just-jack","tag-keane","tag-passion-pit","tag-rock-en-seine","tag-rock-en-seine-2009","tag-saint-cloud","tag-the-tatianas","tag-the-yeah-yeah-yeahs","tag-vampire-weekend"],"acf":[],"geo":null,"jetpack_publicize_connections":[],"jetpack_featured_media_url":"https:\/\/www.wallendorff.com\/belogue\/wp-content\/uploads\/2015\/04\/200908291.jpg","jetpack_shortlink":"https:\/\/wp.me\/p3b35P-1bH","jetpack_sharing_enabled":true,"jetpack-related-posts":[{"id":979,"url":"https:\/\/www.wallendorff.com\/belogue\/2007\/06\/21\/narrow-terence-l-elysee-montmartre-paris-12-juin\/","url_meta":{"origin":4569,"position":0},"title":"Narrow Terence @ l&rsquo;\u00c9lys\u00e9e-Montmartre, Paris, 12 juin.","author":"dpc","date":"21 juin 2007","format":false,"excerpt":"\u00a0Yeah Yeah Yeahs \u2013 Rockers to Swallow (live)","rel":"","context":"Dans &quot;Alive&quot;","block_context":{"text":"Alive","link":"https:\/\/www.wallendorff.com\/belogue\/category\/alive\/"},"img":{"alt_text":"","src":"https:\/\/i0.wp.com\/www.wallendorff.com\/belogue\/wp-content\/uploads\/2015\/04\/200706211.jpg?resize=350%2C200&ssl=1","width":350,"height":200,"srcset":"https:\/\/i0.wp.com\/www.wallendorff.com\/belogue\/wp-content\/uploads\/2015\/04\/200706211.jpg?resize=350%2C200&ssl=1 1x, https:\/\/i0.wp.com\/www.wallendorff.com\/belogue\/wp-content\/uploads\/2015\/04\/200706211.jpg?resize=525%2C300&ssl=1 1.5x, https:\/\/i0.wp.com\/www.wallendorff.com\/belogue\/wp-content\/uploads\/2015\/04\/200706211.jpg?resize=700%2C400&ssl=1 2x"},"classes":[]},{"id":8284,"url":"https:\/\/www.wallendorff.com\/belogue\/2010\/08\/31\/et-pendant-ce-temps-a-rokensen\/","url_meta":{"origin":4569,"position":1},"title":"Et pendant ce temps, \u00e0 Rokensen.","author":"dpc","date":"31 ao\u00fbt 2010","format":false,"excerpt":"Svartsj\u00f6 slott, 28 ao\u00fbt. [Avouez que c'est choupi comme photo, un peu.] Je sais, le patelin s'appelle pas Rokensen, mais faut bien entretenir la tradition d'une mani\u00e8re ou d'une autre, aussi. Ah et vous savez ce que chante un Su\u00e9dois apr\u00e8s avoir trinqu\u00e9\u00a0? \u00ab\u00a0Mais oui mais oui, le skol est\u2026","rel":"","context":"Dans &quot;DPC&quot;","block_context":{"text":"DPC","link":"https:\/\/www.wallendorff.com\/belogue\/category\/dpc\/"},"img":{"alt_text":"","src":"https:\/\/i0.wp.com\/www.wallendorff.com\/belogue\/wp-content\/uploads\/2015\/04\/201008311.jpg?resize=350%2C200&ssl=1","width":350,"height":200,"srcset":"https:\/\/i0.wp.com\/www.wallendorff.com\/belogue\/wp-content\/uploads\/2015\/04\/201008311.jpg?resize=350%2C200&ssl=1 1x, https:\/\/i0.wp.com\/www.wallendorff.com\/belogue\/wp-content\/uploads\/2015\/04\/201008311.jpg?resize=525%2C300&ssl=1 1.5x"},"classes":[]},{"id":1023,"url":"https:\/\/www.wallendorff.com\/belogue\/2007\/08\/25\/pendant-ce-temps-rock-en-seine\/","url_meta":{"origin":4569,"position":2},"title":"Et pendant ce temps, \u00e0 Rock en Seine.","author":"dpc","date":"25 ao\u00fbt 2007","format":false,"excerpt":"On se r\u00e9chauffe comme on peut. \u00a0The Hives \u2013 Tick Tick Boom","rel":"","context":"Dans &quot;Alive&quot;","block_context":{"text":"Alive","link":"https:\/\/www.wallendorff.com\/belogue\/category\/alive\/"},"img":{"alt_text":"","src":"https:\/\/i0.wp.com\/www.wallendorff.com\/belogue\/wp-content\/uploads\/2015\/04\/200708251.jpg?resize=350%2C200&ssl=1","width":350,"height":200,"srcset":"https:\/\/i0.wp.com\/www.wallendorff.com\/belogue\/wp-content\/uploads\/2015\/04\/200708251.jpg?resize=350%2C200&ssl=1 1x, https:\/\/i0.wp.com\/www.wallendorff.com\/belogue\/wp-content\/uploads\/2015\/04\/200708251.jpg?resize=525%2C300&ssl=1 1.5x, https:\/\/i0.wp.com\/www.wallendorff.com\/belogue\/wp-content\/uploads\/2015\/04\/200708251.jpg?resize=700%2C400&ssl=1 2x"},"classes":[]},{"id":4573,"url":"https:\/\/www.wallendorff.com\/belogue\/2009\/08\/30\/et-pendant-ce-temps-a-rock-en-seine-8\/","url_meta":{"origin":4569,"position":3},"title":"Et pendant ce temps, \u00e0 Rock en Seine.","author":"dpc","date":"30 ao\u00fbt 2009","format":false,"excerpt":"L'alcool c'est mal. The Noisettes The Asteroids Galaxy Tour Ebony Bones Jil is Lucky Dananananaykroyd Zone Libre vs Casey & B. James The Horrors Yann Tiersen Faith No More Le reste","rel":"","context":"Dans &quot;Alive&quot;","block_context":{"text":"Alive","link":"https:\/\/www.wallendorff.com\/belogue\/category\/alive\/"},"img":{"alt_text":"","src":"https:\/\/i0.wp.com\/www.wallendorff.com\/belogue\/wp-content\/uploads\/2015\/04\/200908301.jpg?resize=350%2C200&ssl=1","width":350,"height":200,"srcset":"https:\/\/i0.wp.com\/www.wallendorff.com\/belogue\/wp-content\/uploads\/2015\/04\/200908301.jpg?resize=350%2C200&ssl=1 1x, https:\/\/i0.wp.com\/www.wallendorff.com\/belogue\/wp-content\/uploads\/2015\/04\/200908301.jpg?resize=525%2C300&ssl=1 1.5x, https:\/\/i0.wp.com\/www.wallendorff.com\/belogue\/wp-content\/uploads\/2015\/04\/200908301.jpg?resize=700%2C400&ssl=1 2x"},"classes":[]},{"id":988,"url":"https:\/\/www.wallendorff.com\/belogue\/2007\/07\/06\/be-eurocks-en-2007-tokyo-hot-hell\/","url_meta":{"origin":4569,"position":4},"title":"Be Eurocks en 2007 &#8211; Tokyo Hot Hell.","author":"dpc","date":"6 juillet 2007","format":false,"excerpt":"\u00a0Black Rebel Motorcycle Club \u2013 Not What You Wanted \u00a0","rel":"","context":"Dans &quot;Alive&quot;","block_context":{"text":"Alive","link":"https:\/\/www.wallendorff.com\/belogue\/category\/alive\/"},"img":{"alt_text":"","src":"https:\/\/i0.wp.com\/www.wallendorff.com\/belogue\/wp-content\/uploads\/2015\/04\/200707061.jpg?resize=350%2C200&ssl=1","width":350,"height":200,"srcset":"https:\/\/i0.wp.com\/www.wallendorff.com\/belogue\/wp-content\/uploads\/2015\/04\/200707061.jpg?resize=350%2C200&ssl=1 1x, https:\/\/i0.wp.com\/www.wallendorff.com\/belogue\/wp-content\/uploads\/2015\/04\/200707061.jpg?resize=525%2C300&ssl=1 1.5x, https:\/\/i0.wp.com\/www.wallendorff.com\/belogue\/wp-content\/uploads\/2015\/04\/200707061.jpg?resize=700%2C400&ssl=1 2x"},"classes":[]},{"id":1001,"url":"https:\/\/www.wallendorff.com\/belogue\/2007\/07\/26\/previously-unreleased-59\/","url_meta":{"origin":4569,"position":5},"title":"Previously unreleased #59\u00b9.","author":"dpc","date":"26 juillet 2007","format":false,"excerpt":"Elista, la Maroquinerie, Paris, 4 juin. [Numb it again.] \u00a0Archive \u2013 Sane","rel":"","context":"Dans &quot;Previously unreleased&quot;","block_context":{"text":"Previously unreleased","link":"https:\/\/www.wallendorff.com\/belogue\/category\/previously-unreleased\/"},"img":{"alt_text":"","src":"https:\/\/i0.wp.com\/www.wallendorff.com\/belogue\/wp-content\/uploads\/2015\/04\/200707261.jpg?resize=350%2C200&ssl=1","width":350,"height":200},"classes":[]}],"_links":{"self":[{"href":"https:\/\/www.wallendorff.com\/belogue\/wp-json\/wp\/v2\/posts\/4569","targetHints":{"allow":["GET"]}}],"collection":[{"href":"https:\/\/www.wallendorff.com\/belogue\/wp-json\/wp\/v2\/posts"}],"about":[{"href":"https:\/\/www.wallendorff.com\/belogue\/wp-json\/wp\/v2\/types\/post"}],"author":[{"embeddable":true,"href":"https:\/\/www.wallendorff.com\/belogue\/wp-json\/wp\/v2\/users\/1"}],"replies":[{"embeddable":true,"href":"https:\/\/www.wallendorff.com\/belogue\/wp-json\/wp\/v2\/comments?post=4569"}],"version-history":[{"count":4,"href":"https:\/\/www.wallendorff.com\/belogue\/wp-json\/wp\/v2\/posts\/4569\/revisions"}],"predecessor-version":[{"id":13826,"href":"https:\/\/www.wallendorff.com\/belogue\/wp-json\/wp\/v2\/posts\/4569\/revisions\/13826"}],"wp:featuredmedia":[{"embeddable":true,"href":"https:\/\/www.wallendorff.com\/belogue\/wp-json\/wp\/v2\/media\/25519"}],"wp:attachment":[{"href":"https:\/\/www.wallendorff.com\/belogue\/wp-json\/wp\/v2\/media?parent=4569"}],"wp:term":[{"taxonomy":"category","embeddable":true,"href":"https:\/\/www.wallendorff.com\/belogue\/wp-json\/wp\/v2\/categories?post=4569"},{"taxonomy":"post_tag","embeddable":true,"href":"https:\/\/www.wallendorff.com\/belogue\/wp-json\/wp\/v2\/tags?post=4569"}],"curies":[{"name":"wp","href":"https:\/\/api.w.org\/{rel}","templated":true}]}}