{"id":45565,"date":"2020-04-29T11:34:16","date_gmt":"2020-04-29T09:34:16","guid":{"rendered":"http:\/\/www.wallendorff.com\/belogue\/?p=45565"},"modified":"2020-04-28T22:34:52","modified_gmt":"2020-04-28T20:34:52","slug":"la-vie-sans-toit","status":"publish","type":"post","link":"https:\/\/www.wallendorff.com\/belogue\/2020\/04\/29\/la-vie-sans-toit\/","title":{"rendered":"La vie sans toit."},"content":{"rendered":"<div id=\"photo\">\n<p><img decoding=\"async\" src=\"https:\/\/www.wallendorff.com\/belogue\/wp-content\/uploads\/2020\/04\/20200429.jpg\"><br \/>\nRue Beaubourg, Paris, 14 f\u00e9vrier 2020.<\/p>\n<\/div>\n<p style=\"text-align: right;\">Ou comment un incendie peut donner de nouvelles perspectives sur la ville.<\/p>\n<div id=\"bandeson\">\n<p><img decoding=\"async\" src=\"https:\/\/www.wallendorff.com\/belogue\/photo\/pochettes\/p\/penate_jack-after_you.jpg\" align=\"left\"><a id=\"lienmp3\" style=\"font-weight: normal;\" href=\"https:\/\/www.youtube.com\/watch?v=y3AgnCCZv3c\"><em>Swept to the Sky<\/em><\/a><br \/>\n<a href=\"http:\/\/www.jackpenate.com\/\">Jack Pe\u00f1ate<\/a><\/p>\n<\/div>\n","protected":false},"excerpt":{"rendered":"<p>Rue Beaubourg, Paris, 14 f\u00e9vrier 2020. Ou comment un incendie peut donner de nouvelles perspectives sur la ville. Swept to the Sky Jack Pe\u00f1ate<\/p>\n","protected":false},"author":1,"featured_media":45567,"comment_status":"open","ping_status":"open","sticky":false,"template":"","format":"standard","meta":{"_acf_changed":false,"ngg_post_thumbnail":0,"jetpack_post_was_ever_published":false,"_jetpack_newsletter_access":"","_jetpack_dont_email_post_to_subs":false,"_jetpack_newsletter_tier_id":0,"_jetpack_memberships_contains_paywalled_content":false,"_jetpack_memberships_contains_paid_content":false,"footnotes":"","jetpack_publicize_message":"","jetpack_publicize_feature_enabled":true,"jetpack_social_post_already_shared":true,"jetpack_social_options":{"image_generator_settings":{"template":"highway","default_image_id":0,"font":"","enabled":false},"version":2}},"categories":[3],"tags":[10277,8751,10743,931,10326,10238,10120,15878,10121,4066,1696,10098,16335,16336],"class_list":["post-45565","post","type-post","status-publish","format-standard","has-post-thumbnail","hentry","category-dpc","tag-10277","tag-ef-70-300mm-f4-5-6-is-usm","tag-cathedrale","tag-cathedrale-notre-dame-de-paris","tag-crepuscule","tag-eglise","tag-france","tag-fujifilm-x-t3","tag-ile-de-france","tag-jack-penate","tag-pantheon","tag-paris","tag-rue-beaubourg","tag-swept-to-the-sky"],"acf":[],"geo":{"latitude":48.8606758,"longitude":2.3530643,"description":"Paris 04, \u00cele-de-France, 75004, FR"},"jetpack_publicize_connections":[],"jetpack_featured_media_url":"https:\/\/www.wallendorff.com\/belogue\/wp-content\/uploads\/2020\/04\/20200429.jpg","jetpack_shortlink":"https:\/\/wp.me\/p3b35P-bQV","jetpack_sharing_enabled":true,"jetpack-related-posts":[{"id":45276,"url":"https:\/\/www.wallendorff.com\/belogue\/2020\/02\/29\/fevrier-2020\/","url_meta":{"origin":45565,"position":0},"title":"F\u00e9vrier 2020.","author":"dpc","date":"29 f\u00e9vrier 2020","format":false,"excerpt":"Un trottoir, une \u00e9choppe, un caf\u00e9, une devanture, un accord\u00e9on, une rue, une photo, un manteau, un immeuble, une soir\u00e9e, un concert, un m\u00e9tro, un parc, une fen\u00eatre, une place, un bar, une rue, une poubelle, un bar, un toutou, un avion, un num\u00e9ro, un h\u00f4tel de ville, un bar,\u2026","rel":"","context":"Dans &quot;Blog-note&quot;","block_context":{"text":"Blog-note","link":"https:\/\/www.wallendorff.com\/belogue\/category\/blog-note\/"},"img":{"alt_text":"","src":"https:\/\/i0.wp.com\/www.wallendorff.com\/belogue\/wp-content\/uploads\/2020\/03\/20200316-81.jpg?resize=350%2C200&ssl=1","width":350,"height":200,"srcset":"https:\/\/i0.wp.com\/www.wallendorff.com\/belogue\/wp-content\/uploads\/2020\/03\/20200316-81.jpg?resize=350%2C200&ssl=1 1x, https:\/\/i0.wp.com\/www.wallendorff.com\/belogue\/wp-content\/uploads\/2020\/03\/20200316-81.jpg?resize=525%2C300&ssl=1 1.5x, https:\/\/i0.wp.com\/www.wallendorff.com\/belogue\/wp-content\/uploads\/2020\/03\/20200316-81.jpg?resize=700%2C400&ssl=1 2x, https:\/\/i0.wp.com\/www.wallendorff.com\/belogue\/wp-content\/uploads\/2020\/03\/20200316-81.jpg?resize=1050%2C600&ssl=1 3x"},"classes":[]},{"id":127050,"url":"https:\/\/www.wallendorff.com\/belogue\/2023\/12\/31\/decembre-2023\/","url_meta":{"origin":45565,"position":1},"title":"D\u00e9cembre 2023.","author":"dpc","date":"31 d\u00e9cembre 2023","format":false,"excerpt":"Un vernissage, un m\u00e9tro, un miroir d\u2019eau, une esplanade, un avion, une tour, un v\u00e9lo, un avion, une pause, un m\u00e9tro, une pyramide floue, une passerelle, un banc, un mus\u00e9e, une arcade, une acrobatie, un r\u00e9veillon, une conf\u00e9rence, un escalier bien achaland\u00e9, un choual, une \u00e9curie, un man\u00e8ge, un saut,\u2026","rel":"","context":"Dans &quot;Blog-note&quot;","block_context":{"text":"Blog-note","link":"https:\/\/www.wallendorff.com\/belogue\/category\/blog-note\/"},"img":{"alt_text":"","src":"https:\/\/i0.wp.com\/www.wallendorff.com\/belogue\/wp-content\/uploads\/2024\/01\/20240110-62.jpg?resize=350%2C200&ssl=1","width":350,"height":200,"srcset":"https:\/\/i0.wp.com\/www.wallendorff.com\/belogue\/wp-content\/uploads\/2024\/01\/20240110-62.jpg?resize=350%2C200&ssl=1 1x, https:\/\/i0.wp.com\/www.wallendorff.com\/belogue\/wp-content\/uploads\/2024\/01\/20240110-62.jpg?resize=525%2C300&ssl=1 1.5x, https:\/\/i0.wp.com\/www.wallendorff.com\/belogue\/wp-content\/uploads\/2024\/01\/20240110-62.jpg?resize=700%2C400&ssl=1 2x, https:\/\/i0.wp.com\/www.wallendorff.com\/belogue\/wp-content\/uploads\/2024\/01\/20240110-62.jpg?resize=1050%2C600&ssl=1 3x"},"classes":[]},{"id":54038,"url":"https:\/\/www.wallendorff.com\/belogue\/2022\/12\/31\/decembre-2022\/","url_meta":{"origin":45565,"position":2},"title":"D\u00e9cembre 2022","author":"dpc","date":"31 d\u00e9cembre 2022","format":false,"excerpt":"Un ap\u00e9ro, un soir, un m\u00e9tro, une montgolfi\u00e8re, une vitrine, un magasin, un passage, une ruelle, un anniversaire, une contrebasse, une pi\u00e8ce de th\u00e9\u00e2tre, un resto, un ap\u00e9ro, une avant-premi\u00e8re, un b\u00e9ret, une tour, une \u00e9picerie, une rue, un m\u00e9tro, une laverie, un RER, un plaid, un train, un chat\u2026","rel":"","context":"Dans &quot;Blog-note&quot;","block_context":{"text":"Blog-note","link":"https:\/\/www.wallendorff.com\/belogue\/category\/blog-note\/"},"img":{"alt_text":"","src":"https:\/\/i0.wp.com\/www.wallendorff.com\/belogue\/wp-content\/uploads\/2023\/01\/20230114-56.jpg?resize=350%2C200&ssl=1","width":350,"height":200,"srcset":"https:\/\/i0.wp.com\/www.wallendorff.com\/belogue\/wp-content\/uploads\/2023\/01\/20230114-56.jpg?resize=350%2C200&ssl=1 1x, https:\/\/i0.wp.com\/www.wallendorff.com\/belogue\/wp-content\/uploads\/2023\/01\/20230114-56.jpg?resize=525%2C300&ssl=1 1.5x, https:\/\/i0.wp.com\/www.wallendorff.com\/belogue\/wp-content\/uploads\/2023\/01\/20230114-56.jpg?resize=700%2C400&ssl=1 2x, https:\/\/i0.wp.com\/www.wallendorff.com\/belogue\/wp-content\/uploads\/2023\/01\/20230114-56.jpg?resize=1050%2C600&ssl=1 3x"},"classes":[]},{"id":131558,"url":"https:\/\/www.wallendorff.com\/belogue\/2024\/12\/31\/decembre-2024\/","url_meta":{"origin":45565,"position":3},"title":"D\u00e9cembre 2024.","author":"dpc","date":"31 d\u00e9cembre 2024","format":false,"excerpt":"Ce journal photographique aligne en images les \u00e9v\u00e8nements, petits ou grands, joyeux ou tristes, pour garder une trace du rythme du mois pr\u00e9c\u00e9dent. Je n'y adjoins jamais de texte. Les images se suffisent d'elles-m\u00eames, et quand elles laissent des ellipses dans leur r\u00e9cit, charge \u00e0 soi de les combler comme\u2026","rel":"","context":"Dans &quot;Blog-note&quot;","block_context":{"text":"Blog-note","link":"https:\/\/www.wallendorff.com\/belogue\/category\/blog-note\/"},"img":{"alt_text":"","src":"https:\/\/i0.wp.com\/www.wallendorff.com\/belogue\/wp-content\/uploads\/2025\/01\/20250122-18.jpg?resize=350%2C200&ssl=1","width":350,"height":200,"srcset":"https:\/\/i0.wp.com\/www.wallendorff.com\/belogue\/wp-content\/uploads\/2025\/01\/20250122-18.jpg?resize=350%2C200&ssl=1 1x, https:\/\/i0.wp.com\/www.wallendorff.com\/belogue\/wp-content\/uploads\/2025\/01\/20250122-18.jpg?resize=525%2C300&ssl=1 1.5x, https:\/\/i0.wp.com\/www.wallendorff.com\/belogue\/wp-content\/uploads\/2025\/01\/20250122-18.jpg?resize=700%2C400&ssl=1 2x, https:\/\/i0.wp.com\/www.wallendorff.com\/belogue\/wp-content\/uploads\/2025\/01\/20250122-18.jpg?resize=1050%2C600&ssl=1 3x"},"classes":[]},{"id":45491,"url":"https:\/\/www.wallendorff.com\/belogue\/2020\/04\/09\/into-the-wide-193\/","url_meta":{"origin":45565,"position":4},"title":"Into the wide #193.","author":"dpc","date":"9 avril 2020","format":false,"excerpt":"Quai Paul-Vautrin, Metz, 24 d\u00e9cembre 2019. Prayer Jack Pe\u00f1ate","rel":"","context":"Dans &quot;Into the wide&quot;","block_context":{"text":"Into the wide","link":"https:\/\/www.wallendorff.com\/belogue\/category\/into-the-wide\/"},"img":{"alt_text":"","src":"https:\/\/i0.wp.com\/www.wallendorff.com\/belogue\/wp-content\/uploads\/2020\/04\/20200409.jpg?resize=350%2C200&ssl=1","width":350,"height":200,"srcset":"https:\/\/i0.wp.com\/www.wallendorff.com\/belogue\/wp-content\/uploads\/2020\/04\/20200409.jpg?resize=350%2C200&ssl=1 1x, https:\/\/i0.wp.com\/www.wallendorff.com\/belogue\/wp-content\/uploads\/2020\/04\/20200409.jpg?resize=525%2C300&ssl=1 1.5x, https:\/\/i0.wp.com\/www.wallendorff.com\/belogue\/wp-content\/uploads\/2020\/04\/20200409.jpg?resize=700%2C400&ssl=1 2x, https:\/\/i0.wp.com\/www.wallendorff.com\/belogue\/wp-content\/uploads\/2020\/04\/20200409.jpg?resize=1050%2C600&ssl=1 3x"},"classes":[]},{"id":127758,"url":"https:\/\/www.wallendorff.com\/belogue\/2024\/04\/16\/suivre-la-fleche-3-3-renaissance\/","url_meta":{"origin":45565,"position":5},"title":"Suivre la fl\u00e8che [3\/3] : Renaissance.","author":"dpc","date":"16 avril 2024","format":false,"excerpt":"Il s\u2019agissait de la reconstruire \u00e0 l\u2019identique.Mais quel identique\u00a0?Quand on a reb\u00e2ti la cath\u00e9drale de Varsovie apr\u00e8s le guerre, on l\u2019a reb\u00e2tie \u00e0 l\u2019identique\u2026 du XIVe si\u00e8cle. Pas dans son \u00e9tat de 1944. L\u2019identique est relatif, la fa\u00e7on dont on l\u2019interpr\u00e8te, un choix.Au Moyen-\u00c2ge, on b\u00e2tissait les cath\u00e9drales en mettant\u2026","rel":"","context":"Dans &quot;DPC&quot;","block_context":{"text":"DPC","link":"https:\/\/www.wallendorff.com\/belogue\/category\/dpc\/"},"img":{"alt_text":"","src":"https:\/\/i0.wp.com\/www.wallendorff.com\/belogue\/wp-content\/uploads\/2024\/04\/20240416-14.jpg?resize=350%2C200&ssl=1","width":350,"height":200,"srcset":"https:\/\/i0.wp.com\/www.wallendorff.com\/belogue\/wp-content\/uploads\/2024\/04\/20240416-14.jpg?resize=350%2C200&ssl=1 1x, https:\/\/i0.wp.com\/www.wallendorff.com\/belogue\/wp-content\/uploads\/2024\/04\/20240416-14.jpg?resize=525%2C300&ssl=1 1.5x, https:\/\/i0.wp.com\/www.wallendorff.com\/belogue\/wp-content\/uploads\/2024\/04\/20240416-14.jpg?resize=700%2C400&ssl=1 2x, https:\/\/i0.wp.com\/www.wallendorff.com\/belogue\/wp-content\/uploads\/2024\/04\/20240416-14.jpg?resize=1050%2C600&ssl=1 3x"},"classes":[]}],"_links":{"self":[{"href":"https:\/\/www.wallendorff.com\/belogue\/wp-json\/wp\/v2\/posts\/45565","targetHints":{"allow":["GET"]}}],"collection":[{"href":"https:\/\/www.wallendorff.com\/belogue\/wp-json\/wp\/v2\/posts"}],"about":[{"href":"https:\/\/www.wallendorff.com\/belogue\/wp-json\/wp\/v2\/types\/post"}],"author":[{"embeddable":true,"href":"https:\/\/www.wallendorff.com\/belogue\/wp-json\/wp\/v2\/users\/1"}],"replies":[{"embeddable":true,"href":"https:\/\/www.wallendorff.com\/belogue\/wp-json\/wp\/v2\/comments?post=45565"}],"version-history":[{"count":3,"href":"https:\/\/www.wallendorff.com\/belogue\/wp-json\/wp\/v2\/posts\/45565\/revisions"}],"predecessor-version":[{"id":45569,"href":"https:\/\/www.wallendorff.com\/belogue\/wp-json\/wp\/v2\/posts\/45565\/revisions\/45569"}],"wp:featuredmedia":[{"embeddable":true,"href":"https:\/\/www.wallendorff.com\/belogue\/wp-json\/wp\/v2\/media\/45567"}],"wp:attachment":[{"href":"https:\/\/www.wallendorff.com\/belogue\/wp-json\/wp\/v2\/media?parent=45565"}],"wp:term":[{"taxonomy":"category","embeddable":true,"href":"https:\/\/www.wallendorff.com\/belogue\/wp-json\/wp\/v2\/categories?post=45565"},{"taxonomy":"post_tag","embeddable":true,"href":"https:\/\/www.wallendorff.com\/belogue\/wp-json\/wp\/v2\/tags?post=45565"}],"curies":[{"name":"wp","href":"https:\/\/api.w.org\/{rel}","templated":true}]}}