{"id":45561,"date":"2020-04-27T15:04:25","date_gmt":"2020-04-27T13:04:25","guid":{"rendered":"http:\/\/www.wallendorff.com\/belogue\/?p=45561"},"modified":"2020-04-27T15:04:25","modified_gmt":"2020-04-27T13:04:25","slug":"into-the-wide-194","status":"publish","type":"post","link":"https:\/\/www.wallendorff.com\/belogue\/2020\/04\/27\/into-the-wide-194\/","title":{"rendered":"Into the wide #194."},"content":{"rendered":"<div id=\"photo\">\n<p><img decoding=\"async\" src=\"https:\/\/www.wallendorff.com\/belogue\/wp-content\/uploads\/2020\/04\/20200427.jpg\"><br \/>\n<em>Pont de Bir-Hakeim, Paris, 10 f\u00e9vrier 2020.<\/em><\/p>\n<\/div>\n<div id=\"bandeson\">\n<p><img decoding=\"async\" src=\"https:\/\/www.wallendorff.com\/belogue\/photo\/pochettes\/l\/lumineers_the-iii.jpg\" align=\"left\"><a id=\"lienmp3\" style=\"font-weight: normal;\" href=\"http:\/\/www.youtube.com\/watch?v=Kok4-aVdyT4\"><em>Gloria<\/em><\/a><br \/>\n<a href=\"https:\/\/thelumineers.com\/\">The Lumineers<\/a><\/p>\n<\/div>\n","protected":false},"excerpt":{"rendered":"<p>Pont de Bir-Hakeim, Paris, 10 f\u00e9vrier 2020. Gloria The Lumineers<\/p>\n","protected":false},"author":1,"featured_media":45564,"comment_status":"open","ping_status":"open","sticky":false,"template":"","format":"standard","meta":{"_acf_changed":false,"ngg_post_thumbnail":0,"jetpack_post_was_ever_published":false,"_jetpack_newsletter_access":"","_jetpack_dont_email_post_to_subs":false,"_jetpack_newsletter_tier_id":0,"_jetpack_memberships_contains_paywalled_content":false,"_jetpack_memberships_contains_paid_content":false,"footnotes":"","jetpack_publicize_message":"","jetpack_publicize_feature_enabled":true,"jetpack_social_post_already_shared":true,"jetpack_social_options":{"image_generator_settings":{"template":"highway","default_image_id":0,"font":"","enabled":false},"version":2}},"categories":[7356],"tags":[10243,10372,10326,10120,15878,15597,1848,10121,11323,10098,10850,10592,13153],"class_list":["post-45561","post","type-post","status-publish","format-standard","has-post-thumbnail","hentry","category-into-the-wide","tag-10243","tag-10372","tag-crepuscule","tag-france","tag-fujifilm-x-t3","tag-fujinon-xf-16-mm-f-1-4-wr","tag-gloria","tag-ile-de-france","tag-panoramique","tag-paris","tag-pont-de-bir-hakeim","tag-pose-longue","tag-the-lumineers"],"acf":[],"geo":{"latitude":48.8557053,"longitude":2.2877309,"description":"Pont de Bir-Hakeim, 75015 Paris, France"},"jetpack_publicize_connections":[],"jetpack_featured_media_url":"https:\/\/www.wallendorff.com\/belogue\/wp-content\/uploads\/2020\/04\/20200427.jpg","jetpack_shortlink":"https:\/\/wp.me\/p3b35P-bQR","jetpack_sharing_enabled":true,"jetpack-related-posts":[{"id":21448,"url":"https:\/\/www.wallendorff.com\/belogue\/2013\/08\/19\/into-the-wide-16-x-pis-a-prismes-33\/","url_meta":{"origin":45561,"position":0},"title":"Into the wide #16 \u00d7 Pis \u00e0 prismes #33.","author":"dpc","date":"19 ao\u00fbt 2013","format":false,"excerpt":"Pont de Bir-Hakeim, Paris, 10 juin. Du m\u00eame endroit que la fameuseTour Eiffel \u00e0 la fistule anale de Louis XIV. The West Ty Segall","rel":"","context":"Dans &quot;Into the wide&quot;","block_context":{"text":"Into the wide","link":"https:\/\/www.wallendorff.com\/belogue\/category\/into-the-wide\/"},"img":{"alt_text":"","src":"https:\/\/i0.wp.com\/www.wallendorff.com\/belogue\/wp-content\/uploads\/2015\/04\/201308191.jpg?resize=350%2C200&ssl=1","width":350,"height":200,"srcset":"https:\/\/i0.wp.com\/www.wallendorff.com\/belogue\/wp-content\/uploads\/2015\/04\/201308191.jpg?resize=350%2C200&ssl=1 1x, https:\/\/i0.wp.com\/www.wallendorff.com\/belogue\/wp-content\/uploads\/2015\/04\/201308191.jpg?resize=525%2C300&ssl=1 1.5x, https:\/\/i0.wp.com\/www.wallendorff.com\/belogue\/wp-content\/uploads\/2015\/04\/201308191.jpg?resize=700%2C400&ssl=1 2x"},"classes":[]},{"id":51390,"url":"https:\/\/www.wallendorff.com\/belogue\/2022\/05\/06\/la-pont-tes-rose\/","url_meta":{"origin":45561,"position":1},"title":"L\u00e0, pont, t&rsquo;es rose.","author":"dpc","date":"6 mai 2022","format":false,"excerpt":"Pont de Bir-Hakeim, Paris, 19 mars 2022.","rel":"","context":"Dans &quot;DPC&quot;","block_context":{"text":"DPC","link":"https:\/\/www.wallendorff.com\/belogue\/category\/dpc\/"},"img":{"alt_text":"","src":"https:\/\/i0.wp.com\/www.wallendorff.com\/belogue\/wp-content\/uploads\/2022\/05\/20220506.jpg?resize=350%2C200&ssl=1","width":350,"height":200,"srcset":"https:\/\/i0.wp.com\/www.wallendorff.com\/belogue\/wp-content\/uploads\/2022\/05\/20220506.jpg?resize=350%2C200&ssl=1 1x, https:\/\/i0.wp.com\/www.wallendorff.com\/belogue\/wp-content\/uploads\/2022\/05\/20220506.jpg?resize=525%2C300&ssl=1 1.5x, https:\/\/i0.wp.com\/www.wallendorff.com\/belogue\/wp-content\/uploads\/2022\/05\/20220506.jpg?resize=700%2C400&ssl=1 2x, https:\/\/i0.wp.com\/www.wallendorff.com\/belogue\/wp-content\/uploads\/2022\/05\/20220506.jpg?resize=1050%2C600&ssl=1 3x"},"classes":[]},{"id":47979,"url":"https:\/\/www.wallendorff.com\/belogue\/2021\/03\/10\/intervalle-2\/","url_meta":{"origin":45561,"position":2},"title":"Intervalle #2","author":"dpc","date":"10 mars 2021","format":false,"excerpt":"Pont de Bir-Hakeim, Paris, 4 d\u00e9cembre 2020.","rel":"","context":"Dans &quot;DPC&quot;","block_context":{"text":"DPC","link":"https:\/\/www.wallendorff.com\/belogue\/category\/dpc\/"},"img":{"alt_text":"","src":"https:\/\/i0.wp.com\/www.wallendorff.com\/belogue\/wp-content\/uploads\/2021\/03\/20210310.jpg?resize=350%2C200&ssl=1","width":350,"height":200,"srcset":"https:\/\/i0.wp.com\/www.wallendorff.com\/belogue\/wp-content\/uploads\/2021\/03\/20210310.jpg?resize=350%2C200&ssl=1 1x, https:\/\/i0.wp.com\/www.wallendorff.com\/belogue\/wp-content\/uploads\/2021\/03\/20210310.jpg?resize=525%2C300&ssl=1 1.5x, https:\/\/i0.wp.com\/www.wallendorff.com\/belogue\/wp-content\/uploads\/2021\/03\/20210310.jpg?resize=700%2C400&ssl=1 2x, https:\/\/i0.wp.com\/www.wallendorff.com\/belogue\/wp-content\/uploads\/2021\/03\/20210310.jpg?resize=1050%2C600&ssl=1 3x"},"classes":[]},{"id":34062,"url":"https:\/\/www.wallendorff.com\/belogue\/2017\/05\/19\/into-the-wide-95-x-pis-a-prisme-44\/","url_meta":{"origin":45561,"position":3},"title":"Into the wide #95 \u00d7 Pis \u00e0 prisme #44.","author":"dpc","date":"19 mai 2017","format":false,"excerpt":"Pont de Bir-Hakeim, Paris, 19 mars. [Esp\u00e9rons que personne ne remarquera que ce num\u00e9ro 95\u00d744 montre \u00e0 peu pr\u00e8s la m\u00eame photo que le num\u00e9ro 16\u00d733, mais prise d'un autre angle, ce toujours avec la fistule anale de Louis XIV en t\u00eate depuis ce jour-l\u00e0.] Stoned and AloneFindlay","rel":"","context":"Dans &quot;Into the wide&quot;","block_context":{"text":"Into the wide","link":"https:\/\/www.wallendorff.com\/belogue\/category\/into-the-wide\/"},"img":{"alt_text":"","src":"https:\/\/i0.wp.com\/www.wallendorff.com\/belogue\/wp-content\/uploads\/2017\/05\/20170519.jpg?resize=350%2C200&ssl=1","width":350,"height":200,"srcset":"https:\/\/i0.wp.com\/www.wallendorff.com\/belogue\/wp-content\/uploads\/2017\/05\/20170519.jpg?resize=350%2C200&ssl=1 1x, https:\/\/i0.wp.com\/www.wallendorff.com\/belogue\/wp-content\/uploads\/2017\/05\/20170519.jpg?resize=525%2C300&ssl=1 1.5x, https:\/\/i0.wp.com\/www.wallendorff.com\/belogue\/wp-content\/uploads\/2017\/05\/20170519.jpg?resize=700%2C400&ssl=1 2x, https:\/\/i0.wp.com\/www.wallendorff.com\/belogue\/wp-content\/uploads\/2017\/05\/20170519.jpg?resize=1050%2C600&ssl=1 3x"},"classes":[]},{"id":12280,"url":"https:\/\/www.wallendorff.com\/belogue\/2011\/02\/10\/le-pont-de-la-riviere-kawai\/","url_meta":{"origin":45561,"position":4},"title":"Le pont de la rivi\u00e8re kawa\u00ef.","author":"dpc","date":"10 f\u00e9vrier 2011","format":false,"excerpt":"Pont de Bir-Hakeim, Paris, 8 janvier. \u00a0The Kills \u2013 Satellite [youtube]http:\/\/www.youtube.com\/watch?v=hniPVDz12bc[\/youtube]","rel":"","context":"Dans &quot;DPC&quot;","block_context":{"text":"DPC","link":"https:\/\/www.wallendorff.com\/belogue\/category\/dpc\/"},"img":{"alt_text":"","src":"https:\/\/i0.wp.com\/www.wallendorff.com\/belogue\/wp-content\/uploads\/2015\/04\/201102101.jpg?resize=350%2C200&ssl=1","width":350,"height":200},"classes":[]},{"id":45779,"url":"https:\/\/www.wallendorff.com\/belogue\/2020\/06\/01\/amours-a-murs\/","url_meta":{"origin":45561,"position":5},"title":"Amours [\u00e0 murs].","author":"dpc","date":"1 juin 2020","format":false,"excerpt":"Pont de Bir-Hakeim, Paris, 9 mars 2020. Delete Forever Grimes","rel":"","context":"Dans &quot;DPC&quot;","block_context":{"text":"DPC","link":"https:\/\/www.wallendorff.com\/belogue\/category\/dpc\/"},"img":{"alt_text":"","src":"https:\/\/i0.wp.com\/www.wallendorff.com\/belogue\/wp-content\/uploads\/2020\/06\/20200601.jpg?resize=350%2C200&ssl=1","width":350,"height":200,"srcset":"https:\/\/i0.wp.com\/www.wallendorff.com\/belogue\/wp-content\/uploads\/2020\/06\/20200601.jpg?resize=350%2C200&ssl=1 1x, https:\/\/i0.wp.com\/www.wallendorff.com\/belogue\/wp-content\/uploads\/2020\/06\/20200601.jpg?resize=525%2C300&ssl=1 1.5x, https:\/\/i0.wp.com\/www.wallendorff.com\/belogue\/wp-content\/uploads\/2020\/06\/20200601.jpg?resize=700%2C400&ssl=1 2x, https:\/\/i0.wp.com\/www.wallendorff.com\/belogue\/wp-content\/uploads\/2020\/06\/20200601.jpg?resize=1050%2C600&ssl=1 3x"},"classes":[]}],"_links":{"self":[{"href":"https:\/\/www.wallendorff.com\/belogue\/wp-json\/wp\/v2\/posts\/45561","targetHints":{"allow":["GET"]}}],"collection":[{"href":"https:\/\/www.wallendorff.com\/belogue\/wp-json\/wp\/v2\/posts"}],"about":[{"href":"https:\/\/www.wallendorff.com\/belogue\/wp-json\/wp\/v2\/types\/post"}],"author":[{"embeddable":true,"href":"https:\/\/www.wallendorff.com\/belogue\/wp-json\/wp\/v2\/users\/1"}],"replies":[{"embeddable":true,"href":"https:\/\/www.wallendorff.com\/belogue\/wp-json\/wp\/v2\/comments?post=45561"}],"version-history":[{"count":2,"href":"https:\/\/www.wallendorff.com\/belogue\/wp-json\/wp\/v2\/posts\/45561\/revisions"}],"predecessor-version":[{"id":45563,"href":"https:\/\/www.wallendorff.com\/belogue\/wp-json\/wp\/v2\/posts\/45561\/revisions\/45563"}],"wp:featuredmedia":[{"embeddable":true,"href":"https:\/\/www.wallendorff.com\/belogue\/wp-json\/wp\/v2\/media\/45564"}],"wp:attachment":[{"href":"https:\/\/www.wallendorff.com\/belogue\/wp-json\/wp\/v2\/media?parent=45561"}],"wp:term":[{"taxonomy":"category","embeddable":true,"href":"https:\/\/www.wallendorff.com\/belogue\/wp-json\/wp\/v2\/categories?post=45561"},{"taxonomy":"post_tag","embeddable":true,"href":"https:\/\/www.wallendorff.com\/belogue\/wp-json\/wp\/v2\/tags?post=45561"}],"curies":[{"name":"wp","href":"https:\/\/api.w.org\/{rel}","templated":true}]}}