{"id":45508,"date":"2020-04-16T10:44:48","date_gmt":"2020-04-16T08:44:48","guid":{"rendered":"http:\/\/www.wallendorff.com\/belogue\/?p=45508"},"modified":"2020-04-16T10:50:58","modified_gmt":"2020-04-16T08:50:58","slug":"de-mendes-a-lorient","status":"publish","type":"post","link":"https:\/\/www.wallendorff.com\/belogue\/2020\/04\/16\/de-mendes-a-lorient\/","title":{"rendered":"De Mende \u00e0 Lorient."},"content":{"rendered":"<div id=\"photo\">\n<p><img decoding=\"async\" src=\"https:\/\/www.wallendorff.com\/belogue\/wp-content\/uploads\/2020\/04\/20200416.jpg\"><br \/>\nPlace de la Concorde, Paris, 3 f\u00e9vrier 2020.<\/p>\n<\/div>\n<div id=\"bandeson\">\n<p><img decoding=\"async\" src=\"https:\/\/www.wallendorff.com\/belogue\/photo\/pochettes\/h\/hinds-the_prettiest_curse.jpg\" align=\"left\"><a id=\"lienmp3\" style=\"font-weight: normal;\" href=\"https:\/\/www.youtube.com\/watch?v=dnz8iRmmaww\"><em>Riding Solo<\/em><\/a><br \/>\n<a href=\"http:\/\/www.hindsband.com\/\">Hinds<\/a><\/p>\n<\/div>\n","protected":false},"excerpt":{"rendered":"<p>Place de la Concorde, Paris, 3 f\u00e9vrier 2020. Riding Solo Hinds<\/p>\n","protected":false},"author":1,"featured_media":45509,"comment_status":"open","ping_status":"open","sticky":false,"template":"","format":"standard","meta":{"_acf_changed":false,"ngg_post_thumbnail":0,"jetpack_post_was_ever_published":false,"_jetpack_newsletter_access":"","_jetpack_dont_email_post_to_subs":false,"_jetpack_newsletter_tier_id":0,"_jetpack_memberships_contains_paywalled_content":false,"_jetpack_memberships_contains_paid_content":false,"footnotes":"","jetpack_publicize_message":"","jetpack_publicize_feature_enabled":true,"jetpack_social_post_already_shared":true,"jetpack_social_options":{"image_generator_settings":{"template":"highway","default_image_id":0,"font":"","enabled":false},"version":2}},"categories":[3],"tags":[10237,2469,10120,15878,15412,16325,10121,10147,1477,16272,10098,10366,10262,16326,10407,10288],"class_list":["post-45508","post","type-post","status-publish","format-standard","has-post-thumbnail","hentry","category-dpc","tag-10237","tag-flaque","tag-france","tag-fujifilm-x-t3","tag-fujinon-xf-23-mm-f-1-4-r","tag-hinds","tag-ile-de-france","tag-nuit","tag-obelisque","tag-obelisque-de-la-concorde","tag-paris","tag-place-de-la-concorde","tag-reflet","tag-riding-solo","tag-silhouette","tag-velo"],"acf":[],"geo":{"latitude":48.8652039,"longitude":2.3218489,"description":"Paris 07, \u00cele-de-France, 75349 SP 07, FR"},"jetpack_publicize_connections":[],"jetpack_featured_media_url":"https:\/\/www.wallendorff.com\/belogue\/wp-content\/uploads\/2020\/04\/20200416.jpg","jetpack_shortlink":"https:\/\/wp.me\/p3b35P-bQ0","jetpack_sharing_enabled":true,"jetpack-related-posts":[{"id":135715,"url":"https:\/\/www.wallendorff.com\/belogue\/2026\/04\/02\/obelisque-et-compagnie\/","url_meta":{"origin":45508,"position":0},"title":"Ob\u00e9lisque et compagnie.","author":"dpc","date":"2 avril 2026","format":false,"excerpt":"Place de la Concorde, Paris, 26 janvier 2026.","rel":"","context":"Dans &quot;DPC&quot;","block_context":{"text":"DPC","link":"https:\/\/www.wallendorff.com\/belogue\/category\/dpc\/"},"img":{"alt_text":"","src":"https:\/\/i0.wp.com\/www.wallendorff.com\/belogue\/wp-content\/uploads\/2026\/04\/20260402.jpg?resize=350%2C200&ssl=1","width":350,"height":200,"srcset":"https:\/\/i0.wp.com\/www.wallendorff.com\/belogue\/wp-content\/uploads\/2026\/04\/20260402.jpg?resize=350%2C200&ssl=1 1x, https:\/\/i0.wp.com\/www.wallendorff.com\/belogue\/wp-content\/uploads\/2026\/04\/20260402.jpg?resize=525%2C300&ssl=1 1.5x, https:\/\/i0.wp.com\/www.wallendorff.com\/belogue\/wp-content\/uploads\/2026\/04\/20260402.jpg?resize=700%2C400&ssl=1 2x"},"classes":[]},{"id":46915,"url":"https:\/\/www.wallendorff.com\/belogue\/2020\/10\/21\/defile-en-aiguilles\/","url_meta":{"origin":45508,"position":1},"title":"D\u00e9file [en aiguilles].","author":"dpc","date":"21 octobre 2020","format":false,"excerpt":"Place de la Concorde, Paris, 19 ao\u00fbt 2020. Old Lady The Lumineers","rel":"","context":"Dans &quot;DPC&quot;","block_context":{"text":"DPC","link":"https:\/\/www.wallendorff.com\/belogue\/category\/dpc\/"},"img":{"alt_text":"","src":"https:\/\/i0.wp.com\/www.wallendorff.com\/belogue\/wp-content\/uploads\/2020\/10\/20201021.jpg?resize=350%2C200&ssl=1","width":350,"height":200,"srcset":"https:\/\/i0.wp.com\/www.wallendorff.com\/belogue\/wp-content\/uploads\/2020\/10\/20201021.jpg?resize=350%2C200&ssl=1 1x, https:\/\/i0.wp.com\/www.wallendorff.com\/belogue\/wp-content\/uploads\/2020\/10\/20201021.jpg?resize=525%2C300&ssl=1 1.5x, https:\/\/i0.wp.com\/www.wallendorff.com\/belogue\/wp-content\/uploads\/2020\/10\/20201021.jpg?resize=700%2C400&ssl=1 2x, https:\/\/i0.wp.com\/www.wallendorff.com\/belogue\/wp-content\/uploads\/2020\/10\/20201021.jpg?resize=1050%2C600&ssl=1 3x"},"classes":[]},{"id":48126,"url":"https:\/\/www.wallendorff.com\/belogue\/2021\/03\/31\/aiguille-dhumidie\/","url_meta":{"origin":45508,"position":2},"title":"Aiguille d&rsquo;humidie.","author":"dpc","date":"31 mars 2021","format":false,"excerpt":"Place de la Concorde, Paris, 22 d\u00e9cembre 2020. Angel Come Secret Machines","rel":"","context":"Dans &quot;DPC&quot;","block_context":{"text":"DPC","link":"https:\/\/www.wallendorff.com\/belogue\/category\/dpc\/"},"img":{"alt_text":"","src":"https:\/\/i0.wp.com\/www.wallendorff.com\/belogue\/wp-content\/uploads\/2021\/03\/20210331.jpg?resize=350%2C200&ssl=1","width":350,"height":200,"srcset":"https:\/\/i0.wp.com\/www.wallendorff.com\/belogue\/wp-content\/uploads\/2021\/03\/20210331.jpg?resize=350%2C200&ssl=1 1x, https:\/\/i0.wp.com\/www.wallendorff.com\/belogue\/wp-content\/uploads\/2021\/03\/20210331.jpg?resize=525%2C300&ssl=1 1.5x, https:\/\/i0.wp.com\/www.wallendorff.com\/belogue\/wp-content\/uploads\/2021\/03\/20210331.jpg?resize=700%2C400&ssl=1 2x, https:\/\/i0.wp.com\/www.wallendorff.com\/belogue\/wp-content\/uploads\/2021\/03\/20210331.jpg?resize=1050%2C600&ssl=1 3x"},"classes":[]},{"id":48483,"url":"https:\/\/www.wallendorff.com\/belogue\/2021\/05\/31\/seuls-a-seuil\/","url_meta":{"origin":45508,"position":3},"title":"Seuls \u00e0 seuil.","author":"dpc","date":"31 mai 2021","format":false,"excerpt":"Place de la Concorde, Paris, 25 mars 2021. I Love You But Damn Smokey Brights","rel":"","context":"Dans &quot;DPC&quot;","block_context":{"text":"DPC","link":"https:\/\/www.wallendorff.com\/belogue\/category\/dpc\/"},"img":{"alt_text":"","src":"https:\/\/i0.wp.com\/www.wallendorff.com\/belogue\/wp-content\/uploads\/2021\/05\/20210531.jpg?resize=350%2C200&ssl=1","width":350,"height":200,"srcset":"https:\/\/i0.wp.com\/www.wallendorff.com\/belogue\/wp-content\/uploads\/2021\/05\/20210531.jpg?resize=350%2C200&ssl=1 1x, https:\/\/i0.wp.com\/www.wallendorff.com\/belogue\/wp-content\/uploads\/2021\/05\/20210531.jpg?resize=525%2C300&ssl=1 1.5x, https:\/\/i0.wp.com\/www.wallendorff.com\/belogue\/wp-content\/uploads\/2021\/05\/20210531.jpg?resize=700%2C400&ssl=1 2x, https:\/\/i0.wp.com\/www.wallendorff.com\/belogue\/wp-content\/uploads\/2021\/05\/20210531.jpg?resize=1050%2C600&ssl=1 3x"},"classes":[]},{"id":49075,"url":"https:\/\/www.wallendorff.com\/belogue\/2021\/07\/28\/la-barre-un-peu-eau\/","url_meta":{"origin":45508,"position":4},"title":"La barre, un peu eau.","author":"dpc","date":"28 juillet 2021","format":false,"excerpt":"Place de la Concorde, Paris, 2 mai 2021. The Steps Haim","rel":"","context":"Dans &quot;DPC&quot;","block_context":{"text":"DPC","link":"https:\/\/www.wallendorff.com\/belogue\/category\/dpc\/"},"img":{"alt_text":"","src":"https:\/\/i0.wp.com\/www.wallendorff.com\/belogue\/wp-content\/uploads\/2021\/07\/20210728.jpg?resize=350%2C200&ssl=1","width":350,"height":200,"srcset":"https:\/\/i0.wp.com\/www.wallendorff.com\/belogue\/wp-content\/uploads\/2021\/07\/20210728.jpg?resize=350%2C200&ssl=1 1x, https:\/\/i0.wp.com\/www.wallendorff.com\/belogue\/wp-content\/uploads\/2021\/07\/20210728.jpg?resize=525%2C300&ssl=1 1.5x, https:\/\/i0.wp.com\/www.wallendorff.com\/belogue\/wp-content\/uploads\/2021\/07\/20210728.jpg?resize=700%2C400&ssl=1 2x, https:\/\/i0.wp.com\/www.wallendorff.com\/belogue\/wp-content\/uploads\/2021\/07\/20210728.jpg?resize=1050%2C600&ssl=1 3x"},"classes":[]},{"id":48300,"url":"https:\/\/www.wallendorff.com\/belogue\/2021\/05\/03\/aiguille-dhumide-nuit\/","url_meta":{"origin":45508,"position":5},"title":"Aiguille d&rsquo;humide nuit.","author":"dpc","date":"3 mai 2021","format":false,"excerpt":"Place de la Concorde, Paris, 29 janvier 2021. Oui ce jeu de mot a l'air nul pris tout seul comme \u00e7a mais il fait directement r\u00e9f\u00e9rence \u00e0 celui du mois dernier voyez-vous. Zip Tie Julien Baker","rel":"","context":"Dans &quot;DPC&quot;","block_context":{"text":"DPC","link":"https:\/\/www.wallendorff.com\/belogue\/category\/dpc\/"},"img":{"alt_text":"","src":"https:\/\/i0.wp.com\/www.wallendorff.com\/belogue\/wp-content\/uploads\/2021\/05\/20210503.jpg?resize=350%2C200&ssl=1","width":350,"height":200,"srcset":"https:\/\/i0.wp.com\/www.wallendorff.com\/belogue\/wp-content\/uploads\/2021\/05\/20210503.jpg?resize=350%2C200&ssl=1 1x, https:\/\/i0.wp.com\/www.wallendorff.com\/belogue\/wp-content\/uploads\/2021\/05\/20210503.jpg?resize=525%2C300&ssl=1 1.5x, https:\/\/i0.wp.com\/www.wallendorff.com\/belogue\/wp-content\/uploads\/2021\/05\/20210503.jpg?resize=700%2C400&ssl=1 2x, https:\/\/i0.wp.com\/www.wallendorff.com\/belogue\/wp-content\/uploads\/2021\/05\/20210503.jpg?resize=1050%2C600&ssl=1 3x"},"classes":[]}],"_links":{"self":[{"href":"https:\/\/www.wallendorff.com\/belogue\/wp-json\/wp\/v2\/posts\/45508","targetHints":{"allow":["GET"]}}],"collection":[{"href":"https:\/\/www.wallendorff.com\/belogue\/wp-json\/wp\/v2\/posts"}],"about":[{"href":"https:\/\/www.wallendorff.com\/belogue\/wp-json\/wp\/v2\/types\/post"}],"author":[{"embeddable":true,"href":"https:\/\/www.wallendorff.com\/belogue\/wp-json\/wp\/v2\/users\/1"}],"replies":[{"embeddable":true,"href":"https:\/\/www.wallendorff.com\/belogue\/wp-json\/wp\/v2\/comments?post=45508"}],"version-history":[{"count":3,"href":"https:\/\/www.wallendorff.com\/belogue\/wp-json\/wp\/v2\/posts\/45508\/revisions"}],"predecessor-version":[{"id":45512,"href":"https:\/\/www.wallendorff.com\/belogue\/wp-json\/wp\/v2\/posts\/45508\/revisions\/45512"}],"wp:featuredmedia":[{"embeddable":true,"href":"https:\/\/www.wallendorff.com\/belogue\/wp-json\/wp\/v2\/media\/45509"}],"wp:attachment":[{"href":"https:\/\/www.wallendorff.com\/belogue\/wp-json\/wp\/v2\/media?parent=45508"}],"wp:term":[{"taxonomy":"category","embeddable":true,"href":"https:\/\/www.wallendorff.com\/belogue\/wp-json\/wp\/v2\/categories?post=45508"},{"taxonomy":"post_tag","embeddable":true,"href":"https:\/\/www.wallendorff.com\/belogue\/wp-json\/wp\/v2\/tags?post=45508"}],"curies":[{"name":"wp","href":"https:\/\/api.w.org\/{rel}","templated":true}]}}