{"id":45491,"date":"2020-04-09T11:03:19","date_gmt":"2020-04-09T09:03:19","guid":{"rendered":"http:\/\/www.wallendorff.com\/belogue\/?p=45491"},"modified":"2020-04-09T11:03:55","modified_gmt":"2020-04-09T09:03:55","slug":"into-the-wide-193","status":"publish","type":"post","link":"https:\/\/www.wallendorff.com\/belogue\/2020\/04\/09\/into-the-wide-193\/","title":{"rendered":"Into the wide #193."},"content":{"rendered":"<div id=\"photo\">\n<p><img decoding=\"async\" src=\"https:\/\/www.wallendorff.com\/belogue\/wp-content\/uploads\/2020\/04\/20200409.jpg\"><br \/>\nQuai Paul-Vautrin, Metz, 24 d\u00e9cembre 2019.<\/p>\n<\/div>\n<div id=\"bandeson\">\n<p><img decoding=\"async\" src=\"https:\/\/www.wallendorff.com\/belogue\/photo\/pochettes\/p\/penate_jack-after_you.jpg\" align=\"left\"><a id=\"lienmp3\" style=\"font-weight: normal;\" href=\"http:\/\/www.youtube.com\/watch?v=Un8fZVIKjgw\"><em>Prayer<\/em><\/a><br \/>\n<a href=\"http:\/\/www.jackpenate.com\/\">Jack Pe\u00f1ate<\/a><\/p>\n<\/div>\n","protected":false},"excerpt":{"rendered":"<p>Quai Paul-Vautrin, Metz, 24 d\u00e9cembre 2019. Prayer Jack Pe\u00f1ate<\/p>\n","protected":false},"author":1,"featured_media":45496,"comment_status":"open","ping_status":"open","sticky":false,"template":"","format":"standard","meta":{"_acf_changed":false,"ngg_post_thumbnail":0,"jetpack_post_was_ever_published":false,"_jetpack_newsletter_access":"","_jetpack_dont_email_post_to_subs":false,"_jetpack_newsletter_tier_id":0,"_jetpack_memberships_contains_paywalled_content":false,"_jetpack_memberships_contains_paid_content":false,"footnotes":"","jetpack_publicize_message":"","jetpack_publicize_feature_enabled":true,"jetpack_social_post_already_shared":true,"jetpack_social_options":{"image_generator_settings":{"template":"highway","default_image_id":0,"font":"","enabled":false},"version":2}},"categories":[7356],"tags":[3524,737,10120,15878,15597,4066,3805,10175,10173,10174,11323,16322,3415],"class_list":["post-45491","post","type-post","status-publish","format-standard","has-post-thumbnail","hentry","category-into-the-wide","tag-aurore","tag-bleu","tag-france","tag-fujifilm-x-t3","tag-fujinon-xf-16-mm-f-1-4-wr","tag-jack-penate","tag-jardin-damour","tag-lorraine","tag-metz","tag-moselle","tag-panoramique","tag-prayer","tag-quai-paul-vautrin"],"acf":[],"geo":{"latitude":49.1202354,"longitude":6.1714735,"description":"Metz, Grand Est, 57050, FR"},"jetpack_publicize_connections":[],"jetpack_featured_media_url":"https:\/\/www.wallendorff.com\/belogue\/wp-content\/uploads\/2020\/04\/20200409.jpg","jetpack_shortlink":"https:\/\/wp.me\/p3b35P-bPJ","jetpack_sharing_enabled":true,"jetpack-related-posts":[{"id":127511,"url":"https:\/\/www.wallendorff.com\/belogue\/2024\/02\/28\/quepaulent-vos-trains\/","url_meta":{"origin":45491,"position":0},"title":"Qu&rsquo;\u00e9paulent vos trains.","author":"dpc","date":"28 f\u00e9vrier 2024","format":false,"excerpt":"Quai Paul-Vautrin, Metz, 27 d\u00e9cembre 2023.","rel":"","context":"Dans &quot;DPC&quot;","block_context":{"text":"DPC","link":"https:\/\/www.wallendorff.com\/belogue\/category\/dpc\/"},"img":{"alt_text":"","src":"https:\/\/i0.wp.com\/www.wallendorff.com\/belogue\/wp-content\/uploads\/2024\/02\/20240228.jpg?resize=350%2C200&ssl=1","width":350,"height":200,"srcset":"https:\/\/i0.wp.com\/www.wallendorff.com\/belogue\/wp-content\/uploads\/2024\/02\/20240228.jpg?resize=350%2C200&ssl=1 1x, https:\/\/i0.wp.com\/www.wallendorff.com\/belogue\/wp-content\/uploads\/2024\/02\/20240228.jpg?resize=525%2C300&ssl=1 1.5x, https:\/\/i0.wp.com\/www.wallendorff.com\/belogue\/wp-content\/uploads\/2024\/02\/20240228.jpg?resize=700%2C400&ssl=1 2x, https:\/\/i0.wp.com\/www.wallendorff.com\/belogue\/wp-content\/uploads\/2024\/02\/20240228.jpg?resize=1050%2C600&ssl=1 3x"},"classes":[]},{"id":12448,"url":"https:\/\/www.wallendorff.com\/belogue\/2011\/03\/16\/still-waiting-on-a-divine-touch\/","url_meta":{"origin":45491,"position":1},"title":"Still waiting on a divine touch.","author":"dpc","date":"16 mars 2011","format":false,"excerpt":"Quai Paul Vautrin, Metz, 13 f\u00e9vrier. \u00a0Junip \u2013 In Every Direction","rel":"","context":"Dans &quot;DPC&quot;","block_context":{"text":"DPC","link":"https:\/\/www.wallendorff.com\/belogue\/category\/dpc\/"},"img":{"alt_text":"","src":"https:\/\/i0.wp.com\/www.wallendorff.com\/belogue\/wp-content\/uploads\/2015\/04\/201103161.jpg?resize=350%2C200&ssl=1","width":350,"height":200,"srcset":"https:\/\/i0.wp.com\/www.wallendorff.com\/belogue\/wp-content\/uploads\/2015\/04\/201103161.jpg?resize=350%2C200&ssl=1 1x, https:\/\/i0.wp.com\/www.wallendorff.com\/belogue\/wp-content\/uploads\/2015\/04\/201103161.jpg?resize=525%2C300&ssl=1 1.5x, https:\/\/i0.wp.com\/www.wallendorff.com\/belogue\/wp-content\/uploads\/2015\/04\/201103161.jpg?resize=700%2C400&ssl=1 2x"},"classes":[]},{"id":22403,"url":"https:\/\/www.wallendorff.com\/belogue\/2014\/01\/14\/voix-sur-berge\/","url_meta":{"origin":45491,"position":2},"title":"Voix sur berge.","author":"dpc","date":"14 janvier 2014","format":false,"excerpt":"Quai Paul-Vautrin, Metz, 26 d\u00e9cembre 2013. Let Me Go Haim","rel":"","context":"Dans &quot;DPC&quot;","block_context":{"text":"DPC","link":"https:\/\/www.wallendorff.com\/belogue\/category\/dpc\/"},"img":{"alt_text":"","src":"https:\/\/i0.wp.com\/www.wallendorff.com\/belogue\/wp-content\/uploads\/2015\/04\/201401141.jpg?resize=350%2C200&ssl=1","width":350,"height":200,"srcset":"https:\/\/i0.wp.com\/www.wallendorff.com\/belogue\/wp-content\/uploads\/2015\/04\/201401141.jpg?resize=350%2C200&ssl=1 1x, https:\/\/i0.wp.com\/www.wallendorff.com\/belogue\/wp-content\/uploads\/2015\/04\/201401141.jpg?resize=525%2C300&ssl=1 1.5x, https:\/\/i0.wp.com\/www.wallendorff.com\/belogue\/wp-content\/uploads\/2015\/04\/201401141.jpg?resize=700%2C400&ssl=1 2x"},"classes":[]},{"id":6360,"url":"https:\/\/www.wallendorff.com\/belogue\/2010\/01\/28\/i-remember-the-golden-days-when-all-this-was-a-mystery\/","url_meta":{"origin":45491,"position":3},"title":"I remember the golden days when all this was a mystery.","author":"dpc","date":"28 janvier 2010","format":false,"excerpt":"Quai Paul Vautrin, Metz, 27 d\u00e9cembre 2009. \u00a0The Dresden Dolls \u2013 Necessary Evil June 2001 has gone a loooong way.","rel":"","context":"Dans &quot;DPC&quot;","block_context":{"text":"DPC","link":"https:\/\/www.wallendorff.com\/belogue\/category\/dpc\/"},"img":{"alt_text":"","src":"https:\/\/i0.wp.com\/www.wallendorff.com\/belogue\/wp-content\/uploads\/2015\/04\/201001281.jpg?resize=350%2C200&ssl=1","width":350,"height":200},"classes":[]},{"id":156,"url":"https:\/\/www.wallendorff.com\/belogue\/2006\/05\/23\/les-400-cous\/","url_meta":{"origin":45491,"position":4},"title":"Les 400 cous.","author":"dpc","date":"23 mai 2006","format":false,"excerpt":"Quai Paul Vautrin, Metz, 20 mai. Je suis en cruel manque de photos et \u00e7a commence \u00e0 craindre du boudin, grave de. Sinon \u00e0 part \u00e7a il fait beau. Et mon\u00a0 potage de \u00a0caf\u00e9 est bon et \u00e7a c'est chouette. Et euh... Voil\u00e0 voil\u00e0, hein. \u00a0The Ataris \u2014 The Boys\u2026","rel":"","context":"Dans &quot;DPC&quot;","block_context":{"text":"DPC","link":"https:\/\/www.wallendorff.com\/belogue\/category\/dpc\/"},"img":{"alt_text":"","src":"https:\/\/i0.wp.com\/www.wallendorff.com\/belogue\/wp-content\/uploads\/2015\/04\/200605231.jpg?resize=350%2C200&ssl=1","width":350,"height":200},"classes":[]},{"id":677,"url":"https:\/\/www.wallendorff.com\/belogue\/2004\/09\/02\/pleine-lune\/","url_meta":{"origin":45491,"position":5},"title":"Pleine Lune.","author":"dpc","date":"2 septembre 2004","format":false,"excerpt":"Bande-son\u00a0: La rue.","rel":"","context":"Dans &quot;DPC&quot;","block_context":{"text":"DPC","link":"https:\/\/www.wallendorff.com\/belogue\/category\/dpc\/"},"img":{"alt_text":"","src":"https:\/\/i0.wp.com\/www.wallendorff.com\/belogue\/wp-content\/uploads\/2015\/04\/025.jpg?resize=350%2C200&ssl=1","width":350,"height":200},"classes":[]}],"_links":{"self":[{"href":"https:\/\/www.wallendorff.com\/belogue\/wp-json\/wp\/v2\/posts\/45491","targetHints":{"allow":["GET"]}}],"collection":[{"href":"https:\/\/www.wallendorff.com\/belogue\/wp-json\/wp\/v2\/posts"}],"about":[{"href":"https:\/\/www.wallendorff.com\/belogue\/wp-json\/wp\/v2\/types\/post"}],"author":[{"embeddable":true,"href":"https:\/\/www.wallendorff.com\/belogue\/wp-json\/wp\/v2\/users\/1"}],"replies":[{"embeddable":true,"href":"https:\/\/www.wallendorff.com\/belogue\/wp-json\/wp\/v2\/comments?post=45491"}],"version-history":[{"count":4,"href":"https:\/\/www.wallendorff.com\/belogue\/wp-json\/wp\/v2\/posts\/45491\/revisions"}],"predecessor-version":[{"id":45497,"href":"https:\/\/www.wallendorff.com\/belogue\/wp-json\/wp\/v2\/posts\/45491\/revisions\/45497"}],"wp:featuredmedia":[{"embeddable":true,"href":"https:\/\/www.wallendorff.com\/belogue\/wp-json\/wp\/v2\/media\/45496"}],"wp:attachment":[{"href":"https:\/\/www.wallendorff.com\/belogue\/wp-json\/wp\/v2\/media?parent=45491"}],"wp:term":[{"taxonomy":"category","embeddable":true,"href":"https:\/\/www.wallendorff.com\/belogue\/wp-json\/wp\/v2\/categories?post=45491"},{"taxonomy":"post_tag","embeddable":true,"href":"https:\/\/www.wallendorff.com\/belogue\/wp-json\/wp\/v2\/tags?post=45491"}],"curies":[{"name":"wp","href":"https:\/\/api.w.org\/{rel}","templated":true}]}}