{"id":45418,"date":"2020-04-02T12:14:33","date_gmt":"2020-04-02T10:14:33","guid":{"rendered":"http:\/\/www.wallendorff.com\/belogue\/?p=45418"},"modified":"2020-06-04T11:19:04","modified_gmt":"2020-06-04T09:19:04","slug":"tant-de-degres-a-lombre","status":"publish","type":"post","link":"https:\/\/www.wallendorff.com\/belogue\/2020\/04\/02\/tant-de-degres-a-lombre\/","title":{"rendered":"Tant de degr\u00e9s \u00e0 l&rsquo;ombre."},"content":{"rendered":"<div id=\"photo\">\n<p><img decoding=\"async\" src=\"https:\/\/www.wallendorff.com\/belogue\/wp-content\/uploads\/2020\/04\/20200402.jpg\"><br \/>\nRue du Cardinal-Dubois, Paris, 19 d\u00e9cembre 2019.<\/p>\n<\/div>\n<div id=\"bandeson\">\n<p><img decoding=\"async\" src=\"https:\/\/www.wallendorff.com\/belogue\/photo\/pochettes\/b\/bonny_light_horseman-bonny_light_horseman.jpg\" align=\"left\" \/><a href=\"https:\/\/www.youtube.com\/watch?v=OdgkBnxGZvY\" a style=\"font-weight:normal\" id=\"lienmp3\"><em>Jane Jane<\/em><\/a><br \/>\n<a href=\"https:\/\/www.bonnylighthorseman.com\/\">Bonny Light Horseman<\/a><\/p>\n<\/div>\n","protected":false},"excerpt":{"rendered":"<p>Rue du Cardinal-Dubois, Paris, 19 d\u00e9cembre 2019. Jane Jane Bonny Light Horseman<\/p>\n","protected":false},"author":1,"featured_media":45420,"comment_status":"open","ping_status":"open","sticky":false,"template":"","format":"standard","meta":{"_acf_changed":false,"ngg_post_thumbnail":0,"jetpack_post_was_ever_published":false,"_jetpack_newsletter_access":"","_jetpack_dont_email_post_to_subs":false,"_jetpack_newsletter_tier_id":0,"_jetpack_memberships_contains_paywalled_content":false,"_jetpack_memberships_contains_paid_content":false,"footnotes":"","jetpack_publicize_message":"","jetpack_publicize_feature_enabled":true,"jetpack_social_post_already_shared":true,"jetpack_social_options":{"image_generator_settings":{"template":"highway","default_image_id":0,"font":"","enabled":false},"version":2}},"categories":[3],"tags":[10143,10487,16298,1243,10210,10120,15878,15412,10121,16299,10142,10147,10098,13767,7452,10407],"class_list":["post-45418","post","type-post","status-publish","format-standard","has-post-thumbnail","hentry","category-dpc","tag-10143","tag-basilique-du-sacre-coeur","tag-bonny-light-horseman","tag-carre","tag-escalier","tag-france","tag-fujifilm-x-t3","tag-fujinon-xf-23-mm-f-1-4-r","tag-ile-de-france","tag-jane-jane","tag-montmartre","tag-nuit","tag-paris","tag-parvis-du-sacre-coeur","tag-rue-du-cardinal-dubois","tag-silhouette"],"acf":[],"geo":{"latitude":48.8861618,"longitude":2.3439717,"description":"Paris 18, \u00cele-de-France, 75018, FR"},"jetpack_publicize_connections":[],"jetpack_featured_media_url":"https:\/\/www.wallendorff.com\/belogue\/wp-content\/uploads\/2020\/04\/20200402.jpg","jetpack_shortlink":"https:\/\/wp.me\/p3b35P-bOy","jetpack_sharing_enabled":true,"jetpack-related-posts":[{"id":29621,"url":"https:\/\/www.wallendorff.com\/belogue\/2015\/11\/03\/we-are-the-lampions\/","url_meta":{"origin":45418,"position":0},"title":"We are the lampions.","author":"dpc","date":"3 novembre 2015","format":false,"excerpt":"Rue du Cardinal-Dubois, Paris, 19 mai. Apocrypha Arcade Fire","rel":"","context":"Dans &quot;DPC&quot;","block_context":{"text":"DPC","link":"https:\/\/www.wallendorff.com\/belogue\/category\/dpc\/"},"img":{"alt_text":"","src":"https:\/\/i0.wp.com\/www.wallendorff.com\/belogue\/wp-content\/uploads\/2015\/11\/20151103.jpg?resize=350%2C200&ssl=1","width":350,"height":200,"srcset":"https:\/\/i0.wp.com\/www.wallendorff.com\/belogue\/wp-content\/uploads\/2015\/11\/20151103.jpg?resize=350%2C200&ssl=1 1x, https:\/\/i0.wp.com\/www.wallendorff.com\/belogue\/wp-content\/uploads\/2015\/11\/20151103.jpg?resize=525%2C300&ssl=1 1.5x, https:\/\/i0.wp.com\/www.wallendorff.com\/belogue\/wp-content\/uploads\/2015\/11\/20151103.jpg?resize=700%2C400&ssl=1 2x"},"classes":[]},{"id":22540,"url":"https:\/\/www.wallendorff.com\/belogue\/2014\/02\/18\/i-dont-want-to-go-out-on-my-own-anymore\/","url_meta":{"origin":45418,"position":1},"title":"I don&rsquo;t want to go out on my own anymore.","author":"dpc","date":"18 f\u00e9vrier 2014","format":false,"excerpt":"Rue du Cardinal-Dubois, Paris, 20 janvier. \u00a0 Well Worn Hand (live at BBC Electric Proms) Editors","rel":"","context":"Dans &quot;DPC&quot;","block_context":{"text":"DPC","link":"https:\/\/www.wallendorff.com\/belogue\/category\/dpc\/"},"img":{"alt_text":"","src":"https:\/\/i0.wp.com\/www.wallendorff.com\/belogue\/wp-content\/uploads\/2015\/04\/201402181.jpg?resize=350%2C200&ssl=1","width":350,"height":200,"srcset":"https:\/\/i0.wp.com\/www.wallendorff.com\/belogue\/wp-content\/uploads\/2015\/04\/201402181.jpg?resize=350%2C200&ssl=1 1x, https:\/\/i0.wp.com\/www.wallendorff.com\/belogue\/wp-content\/uploads\/2015\/04\/201402181.jpg?resize=525%2C300&ssl=1 1.5x, https:\/\/i0.wp.com\/www.wallendorff.com\/belogue\/wp-content\/uploads\/2015\/04\/201402181.jpg?resize=700%2C400&ssl=1 2x"},"classes":[]},{"id":45276,"url":"https:\/\/www.wallendorff.com\/belogue\/2020\/02\/29\/fevrier-2020\/","url_meta":{"origin":45418,"position":2},"title":"F\u00e9vrier 2020.","author":"dpc","date":"29 f\u00e9vrier 2020","format":false,"excerpt":"Un trottoir, une \u00e9choppe, un caf\u00e9, une devanture, un accord\u00e9on, une rue, une photo, un manteau, un immeuble, une soir\u00e9e, un concert, un m\u00e9tro, un parc, une fen\u00eatre, une place, un bar, une rue, une poubelle, un bar, un toutou, un avion, un num\u00e9ro, un h\u00f4tel de ville, un bar,\u2026","rel":"","context":"Dans &quot;Blog-note&quot;","block_context":{"text":"Blog-note","link":"https:\/\/www.wallendorff.com\/belogue\/category\/blog-note\/"},"img":{"alt_text":"","src":"https:\/\/i0.wp.com\/www.wallendorff.com\/belogue\/wp-content\/uploads\/2020\/03\/20200316-81.jpg?resize=350%2C200&ssl=1","width":350,"height":200,"srcset":"https:\/\/i0.wp.com\/www.wallendorff.com\/belogue\/wp-content\/uploads\/2020\/03\/20200316-81.jpg?resize=350%2C200&ssl=1 1x, https:\/\/i0.wp.com\/www.wallendorff.com\/belogue\/wp-content\/uploads\/2020\/03\/20200316-81.jpg?resize=525%2C300&ssl=1 1.5x, https:\/\/i0.wp.com\/www.wallendorff.com\/belogue\/wp-content\/uploads\/2020\/03\/20200316-81.jpg?resize=700%2C400&ssl=1 2x, https:\/\/i0.wp.com\/www.wallendorff.com\/belogue\/wp-content\/uploads\/2020\/03\/20200316-81.jpg?resize=1050%2C600&ssl=1 3x"},"classes":[]},{"id":45708,"url":"https:\/\/www.wallendorff.com\/belogue\/2020\/05\/13\/into-the-wide-197\/","url_meta":{"origin":45418,"position":3},"title":"Into the wide #197.","author":"dpc","date":"13 mai 2020","format":false,"excerpt":"Palais du Louvre, Paris, 17 f\u00e9vrier 2020. Bonny Light Horseman Bonny Light Horseman","rel":"","context":"Dans &quot;Into the wide&quot;","block_context":{"text":"Into the wide","link":"https:\/\/www.wallendorff.com\/belogue\/category\/into-the-wide\/"},"img":{"alt_text":"Palais du Louvre, Paris, 17 f\u00e9vrier 2020.","src":"https:\/\/i0.wp.com\/www.wallendorff.com\/belogue\/wp-content\/uploads\/2020\/05\/20200513.jpg?resize=350%2C200&ssl=1","width":350,"height":200,"srcset":"https:\/\/i0.wp.com\/www.wallendorff.com\/belogue\/wp-content\/uploads\/2020\/05\/20200513.jpg?resize=350%2C200&ssl=1 1x, https:\/\/i0.wp.com\/www.wallendorff.com\/belogue\/wp-content\/uploads\/2020\/05\/20200513.jpg?resize=525%2C300&ssl=1 1.5x, https:\/\/i0.wp.com\/www.wallendorff.com\/belogue\/wp-content\/uploads\/2020\/05\/20200513.jpg?resize=700%2C400&ssl=1 2x, https:\/\/i0.wp.com\/www.wallendorff.com\/belogue\/wp-content\/uploads\/2020\/05\/20200513.jpg?resize=1050%2C600&ssl=1 3x"},"classes":[]},{"id":47953,"url":"https:\/\/www.wallendorff.com\/belogue\/2021\/03\/01\/into-the-wide-215\/","url_meta":{"origin":45418,"position":4},"title":"Into the Wide #215.","author":"dpc","date":"1 mars 2021","format":false,"excerpt":"Pont Mirabeau, Paris, 19 novembre 2020. Deep in Love Bonny Light Horseman","rel":"","context":"Dans &quot;Into the wide&quot;","block_context":{"text":"Into the wide","link":"https:\/\/www.wallendorff.com\/belogue\/category\/into-the-wide\/"},"img":{"alt_text":"","src":"https:\/\/i0.wp.com\/www.wallendorff.com\/belogue\/wp-content\/uploads\/2021\/03\/20210301.jpg?resize=350%2C200&ssl=1","width":350,"height":200,"srcset":"https:\/\/i0.wp.com\/www.wallendorff.com\/belogue\/wp-content\/uploads\/2021\/03\/20210301.jpg?resize=350%2C200&ssl=1 1x, https:\/\/i0.wp.com\/www.wallendorff.com\/belogue\/wp-content\/uploads\/2021\/03\/20210301.jpg?resize=525%2C300&ssl=1 1.5x, https:\/\/i0.wp.com\/www.wallendorff.com\/belogue\/wp-content\/uploads\/2021\/03\/20210301.jpg?resize=700%2C400&ssl=1 2x, https:\/\/i0.wp.com\/www.wallendorff.com\/belogue\/wp-content\/uploads\/2021\/03\/20210301.jpg?resize=1050%2C600&ssl=1 3x"},"classes":[]},{"id":44626,"url":"https:\/\/www.wallendorff.com\/belogue\/2019\/12\/31\/decembre-2019\/","url_meta":{"origin":45418,"position":5},"title":"D\u00e9cembre 2019.","author":"dpc","date":"31 d\u00e9cembre 2019","format":false,"excerpt":"Un ap\u00e9ro, une fen\u00eatre, un caf\u00e9, un chat pr\u00e9nomm\u00e9 Cr\u00e8che, une soir\u00e9e de soutien, une session photo, un sapin, un m\u00e9tro, une terrasse, une vitrine, un parvis, un arc-en-ciel, une grosse boule, un anniversaire, une gare, une cath\u00e9drale, une grande roue, un temple, une rue, un caf\u00e9, un lever de\u2026","rel":"","context":"Dans &quot;Blog-note&quot;","block_context":{"text":"Blog-note","link":"https:\/\/www.wallendorff.com\/belogue\/category\/blog-note\/"},"img":{"alt_text":"","src":"https:\/\/i0.wp.com\/www.wallendorff.com\/belogue\/wp-content\/uploads\/2020\/01\/20200116-45.jpg?resize=350%2C200&ssl=1","width":350,"height":200,"srcset":"https:\/\/i0.wp.com\/www.wallendorff.com\/belogue\/wp-content\/uploads\/2020\/01\/20200116-45.jpg?resize=350%2C200&ssl=1 1x, https:\/\/i0.wp.com\/www.wallendorff.com\/belogue\/wp-content\/uploads\/2020\/01\/20200116-45.jpg?resize=525%2C300&ssl=1 1.5x, https:\/\/i0.wp.com\/www.wallendorff.com\/belogue\/wp-content\/uploads\/2020\/01\/20200116-45.jpg?resize=700%2C400&ssl=1 2x, https:\/\/i0.wp.com\/www.wallendorff.com\/belogue\/wp-content\/uploads\/2020\/01\/20200116-45.jpg?resize=1050%2C600&ssl=1 3x"},"classes":[]}],"_links":{"self":[{"href":"https:\/\/www.wallendorff.com\/belogue\/wp-json\/wp\/v2\/posts\/45418","targetHints":{"allow":["GET"]}}],"collection":[{"href":"https:\/\/www.wallendorff.com\/belogue\/wp-json\/wp\/v2\/posts"}],"about":[{"href":"https:\/\/www.wallendorff.com\/belogue\/wp-json\/wp\/v2\/types\/post"}],"author":[{"embeddable":true,"href":"https:\/\/www.wallendorff.com\/belogue\/wp-json\/wp\/v2\/users\/1"}],"replies":[{"embeddable":true,"href":"https:\/\/www.wallendorff.com\/belogue\/wp-json\/wp\/v2\/comments?post=45418"}],"version-history":[{"count":2,"href":"https:\/\/www.wallendorff.com\/belogue\/wp-json\/wp\/v2\/posts\/45418\/revisions"}],"predecessor-version":[{"id":45421,"href":"https:\/\/www.wallendorff.com\/belogue\/wp-json\/wp\/v2\/posts\/45418\/revisions\/45421"}],"wp:featuredmedia":[{"embeddable":true,"href":"https:\/\/www.wallendorff.com\/belogue\/wp-json\/wp\/v2\/media\/45420"}],"wp:attachment":[{"href":"https:\/\/www.wallendorff.com\/belogue\/wp-json\/wp\/v2\/media?parent=45418"}],"wp:term":[{"taxonomy":"category","embeddable":true,"href":"https:\/\/www.wallendorff.com\/belogue\/wp-json\/wp\/v2\/categories?post=45418"},{"taxonomy":"post_tag","embeddable":true,"href":"https:\/\/www.wallendorff.com\/belogue\/wp-json\/wp\/v2\/tags?post=45418"}],"curies":[{"name":"wp","href":"https:\/\/api.w.org\/{rel}","templated":true}]}}