{"id":453,"date":"2005-02-28T01:31:35","date_gmt":"2005-02-28T01:31:35","guid":{"rendered":"http:\/\/www.po-l.com\/wordpress\/?p=453"},"modified":"2013-03-05T13:01:08","modified_gmt":"2013-03-05T11:01:08","slug":"de-butte-en-blanc","status":"publish","type":"post","link":"https:\/\/www.wallendorff.com\/belogue\/2005\/02\/28\/de-butte-en-blanc\/","title":{"rendered":"De Butte-En-Blanc."},"content":{"rendered":"<div id=\"photo\">\n<p><img decoding=\"async\" src=\"http:\/\/www.po-L.com\/belogue\/photo\/2005\/02\/20050228-01.jpg\" \/><br \/>\nMontmartre, Paris, 23 f&eacute;vrier.<\/p>\n<\/div>\n<p style=\"text-align:right\"><em>&quot;This could be the very minute<br \/>\n    I&rsquo;m aware I&rsquo;m alive<br \/>\n    All these places feel like home&#8230;&quot;<\/em><\/p>\n<div id=\"bandeson\">\n<p><img decoding=\"async\" src=\"https:\/\/www.wallendorff.com\/belogue\/photo\/pochettes\/s\/snow_patrol-final_straw.jpg\" align=\"left\" \/>&nbsp;<a href=\"http:\/\/www.snowpatrol.com\/\">Snow Patrol<\/a> &ndash; <em>Chocolate<\/em>        <\/p>\n<\/p><\/div>\n","protected":false},"excerpt":{"rendered":"<p>Montmartre, Paris, 23 f&eacute;vrier. &quot;This could be the very minute I&rsquo;m aware I&rsquo;m alive All these places feel like home&#8230;&quot; &nbsp;Snow Patrol &ndash; Chocolate<\/p>\n","protected":false},"author":1,"featured_media":24393,"comment_status":"open","ping_status":"open","sticky":false,"template":"","format":"standard","meta":{"_acf_changed":false,"ngg_post_thumbnail":0,"jetpack_post_was_ever_published":false,"_jetpack_newsletter_access":"","_jetpack_dont_email_post_to_subs":false,"_jetpack_newsletter_tier_id":0,"_jetpack_memberships_contains_paywalled_content":false,"_jetpack_memberships_contains_paid_content":false,"footnotes":"","jetpack_publicize_message":"","jetpack_publicize_feature_enabled":true,"jetpack_social_post_already_shared":false,"jetpack_social_options":{"image_generator_settings":{"template":"highway","default_image_id":0,"font":"","enabled":false},"version":2}},"categories":[3],"tags":[10143,10487,155,132,251,10238,10210,10120,10121,10142,10211,143,10098,250],"class_list":["post-453","post","type-post","status-publish","format-standard","has-post-thumbnail","hentry","category-dpc","tag-10143","tag-basilique-du-sacre-coeur","tag-ef-s-18-55-mm-f35-56-ii","tag-eos-20d","tag-chocolate","tag-eglise","tag-escalier","tag-france","tag-ile-de-france","tag-montmartre","tag-neige","tag-noir-et-blanc","tag-paris","tag-snow-patrol"],"acf":[],"geo":{"latitude":48.8858757,"longitude":2.3431818,"description":"Rue du Cardinal Dubois, 75018 Paris, France"},"jetpack_publicize_connections":[],"jetpack_featured_media_url":"https:\/\/www.wallendorff.com\/belogue\/wp-content\/uploads\/2015\/04\/20050228-011.jpg","jetpack_shortlink":"https:\/\/wp.me\/p3b35P-7j","jetpack_sharing_enabled":true,"jetpack-related-posts":[{"id":653,"url":"https:\/\/www.wallendorff.com\/belogue\/2004\/09\/19\/snow-patrol-eisley-st-andrew-s-hall-detroit\/","url_meta":{"origin":453,"position":0},"title":"Snow Patrol + Eisley @ St. Andrew&rsquo;s Hall, D\u00e9troit.","author":"dpc","date":"19 septembre 2004","format":false,"excerpt":"Snow Patrol est content d'\u00eatre l\u00e0 et joue tout sourire. J'ai \u00e9t\u00e9 compl\u00e8tement conquis. Leurs titres fonctionnent tout de suite, et c'est une heure enti\u00e8re de joie des masses en pr\u00e9sence. En ouverture, on a Eisley, un groupe avec plein de filles. La chanteuse, assise derri\u00e8re son piano, rappelle vaguement\u2026","rel":"","context":"Dans &quot;Alive&quot;","block_context":{"text":"Alive","link":"https:\/\/www.wallendorff.com\/belogue\/category\/alive\/"},"img":{"alt_text":"","src":"https:\/\/i0.wp.com\/www.wallendorff.com\/belogue\/wp-content\/uploads\/2015\/04\/283.jpg?resize=350%2C200&ssl=1","width":350,"height":200},"classes":[]},{"id":7547,"url":"https:\/\/www.wallendorff.com\/belogue\/2010\/05\/17\/unkle-lelysee-montmartre-paris\/","url_meta":{"origin":453,"position":1},"title":"UNKLE @ l&rsquo;\u00c9lys\u00e9e-Montmartre, Paris.","author":"dpc","date":"17 mai 2010","format":false,"excerpt":"\u00a0Holy Fuck \u2013 Latin America","rel":"","context":"Dans &quot;Alive&quot;","block_context":{"text":"Alive","link":"https:\/\/www.wallendorff.com\/belogue\/category\/alive\/"},"img":{"alt_text":"","src":"https:\/\/i0.wp.com\/www.wallendorff.com\/belogue\/wp-content\/uploads\/2015\/04\/20100517-011.jpg?resize=350%2C200&ssl=1","width":350,"height":200,"srcset":"https:\/\/i0.wp.com\/www.wallendorff.com\/belogue\/wp-content\/uploads\/2015\/04\/20100517-011.jpg?resize=350%2C200&ssl=1 1x, https:\/\/i0.wp.com\/www.wallendorff.com\/belogue\/wp-content\/uploads\/2015\/04\/20100517-011.jpg?resize=525%2C300&ssl=1 1.5x, https:\/\/i0.wp.com\/www.wallendorff.com\/belogue\/wp-content\/uploads\/2015\/04\/20100517-011.jpg?resize=700%2C400&ssl=1 2x"},"classes":[]},{"id":979,"url":"https:\/\/www.wallendorff.com\/belogue\/2007\/06\/21\/narrow-terence-l-elysee-montmartre-paris-12-juin\/","url_meta":{"origin":453,"position":2},"title":"Narrow Terence @ l&rsquo;\u00c9lys\u00e9e-Montmartre, Paris, 12 juin.","author":"dpc","date":"21 juin 2007","format":false,"excerpt":"\u00a0Yeah Yeah Yeahs \u2013 Rockers to Swallow (live)","rel":"","context":"Dans &quot;Alive&quot;","block_context":{"text":"Alive","link":"https:\/\/www.wallendorff.com\/belogue\/category\/alive\/"},"img":{"alt_text":"","src":"https:\/\/i0.wp.com\/www.wallendorff.com\/belogue\/wp-content\/uploads\/2015\/04\/200706211.jpg?resize=350%2C200&ssl=1","width":350,"height":200,"srcset":"https:\/\/i0.wp.com\/www.wallendorff.com\/belogue\/wp-content\/uploads\/2015\/04\/200706211.jpg?resize=350%2C200&ssl=1 1x, https:\/\/i0.wp.com\/www.wallendorff.com\/belogue\/wp-content\/uploads\/2015\/04\/200706211.jpg?resize=525%2C300&ssl=1 1.5x, https:\/\/i0.wp.com\/www.wallendorff.com\/belogue\/wp-content\/uploads\/2015\/04\/200706211.jpg?resize=700%2C400&ssl=1 2x"},"classes":[]},{"id":974,"url":"https:\/\/www.wallendorff.com\/belogue\/2007\/06\/13\/mademoiselle-k-l-elysee-montmartre-paris\/","url_meta":{"origin":453,"position":3},"title":"Mademoiselle K @ l&rsquo;\u00c9lys\u00e9e-Montmartre, Paris.","author":"dpc","date":"13 juin 2007","format":false,"excerpt":"\u00catre rock en 2007, c'est renier le cornichon pour soutenir la betterave. \u00a0Flogging Molly \u2013 Devil's Dance Floor (acoustic)","rel":"","context":"Dans &quot;Alive&quot;","block_context":{"text":"Alive","link":"https:\/\/www.wallendorff.com\/belogue\/category\/alive\/"},"img":{"alt_text":"","src":"https:\/\/i0.wp.com\/www.wallendorff.com\/belogue\/wp-content\/uploads\/2015\/04\/200706131.jpg?resize=350%2C200&ssl=1","width":350,"height":200,"srcset":"https:\/\/i0.wp.com\/www.wallendorff.com\/belogue\/wp-content\/uploads\/2015\/04\/200706131.jpg?resize=350%2C200&ssl=1 1x, https:\/\/i0.wp.com\/www.wallendorff.com\/belogue\/wp-content\/uploads\/2015\/04\/200706131.jpg?resize=525%2C300&ssl=1 1.5x, https:\/\/i0.wp.com\/www.wallendorff.com\/belogue\/wp-content\/uploads\/2015\/04\/200706131.jpg?resize=700%2C400&ssl=1 2x"},"classes":[]},{"id":1178,"url":"https:\/\/www.wallendorff.com\/belogue\/2008\/03\/06\/the-coral-l-lyse-montmartre-paris-6-dcembre-2007\/","url_meta":{"origin":453,"position":4},"title":"The Coral @ l&rsquo;\u00c9lys\u00e9e-Montmartre, Paris, 6 d\u00e9cembre 2007.","author":"dpc","date":"6 mars 2008","format":false,"excerpt":"\u00a0Oasis \u2013 Step Out (live)","rel":"","context":"Dans &quot;Alive&quot;","block_context":{"text":"Alive","link":"https:\/\/www.wallendorff.com\/belogue\/category\/alive\/"},"img":{"alt_text":"","src":"https:\/\/i0.wp.com\/www.wallendorff.com\/belogue\/wp-content\/uploads\/2015\/04\/200803061.jpg?resize=350%2C200&ssl=1","width":350,"height":200,"srcset":"https:\/\/i0.wp.com\/www.wallendorff.com\/belogue\/wp-content\/uploads\/2015\/04\/200803061.jpg?resize=350%2C200&ssl=1 1x, https:\/\/i0.wp.com\/www.wallendorff.com\/belogue\/wp-content\/uploads\/2015\/04\/200803061.jpg?resize=525%2C300&ssl=1 1.5x, https:\/\/i0.wp.com\/www.wallendorff.com\/belogue\/wp-content\/uploads\/2015\/04\/200803061.jpg?resize=700%2C400&ssl=1 2x"},"classes":[]},{"id":3651,"url":"https:\/\/www.wallendorff.com\/belogue\/2008\/12\/05\/julien-dore-lelysee-montmartre-paris-4-decembre\/","url_meta":{"origin":453,"position":5},"title":"Julien Dor\u00e9 @ l&rsquo;\u00c9lys\u00e9e-Montmartre, Paris.","author":"dpc","date":"5 d\u00e9cembre 2008","format":false,"excerpt":"Vivent les attach\u00e9es de presse, les spots, les \u00e9clairagistes, le format brut, les photos au 1\u00a0600e et euh... Radiohead. Radiohead \u2013 Electioneering","rel":"","context":"Dans &quot;Alive&quot;","block_context":{"text":"Alive","link":"https:\/\/www.wallendorff.com\/belogue\/category\/alive\/"},"img":{"alt_text":"","src":"https:\/\/i0.wp.com\/www.wallendorff.com\/belogue\/wp-content\/uploads\/2015\/04\/200812051.jpg?resize=350%2C200&ssl=1","width":350,"height":200,"srcset":"https:\/\/i0.wp.com\/www.wallendorff.com\/belogue\/wp-content\/uploads\/2015\/04\/200812051.jpg?resize=350%2C200&ssl=1 1x, https:\/\/i0.wp.com\/www.wallendorff.com\/belogue\/wp-content\/uploads\/2015\/04\/200812051.jpg?resize=525%2C300&ssl=1 1.5x, https:\/\/i0.wp.com\/www.wallendorff.com\/belogue\/wp-content\/uploads\/2015\/04\/200812051.jpg?resize=700%2C400&ssl=1 2x"},"classes":[]}],"_links":{"self":[{"href":"https:\/\/www.wallendorff.com\/belogue\/wp-json\/wp\/v2\/posts\/453","targetHints":{"allow":["GET"]}}],"collection":[{"href":"https:\/\/www.wallendorff.com\/belogue\/wp-json\/wp\/v2\/posts"}],"about":[{"href":"https:\/\/www.wallendorff.com\/belogue\/wp-json\/wp\/v2\/types\/post"}],"author":[{"embeddable":true,"href":"https:\/\/www.wallendorff.com\/belogue\/wp-json\/wp\/v2\/users\/1"}],"replies":[{"embeddable":true,"href":"https:\/\/www.wallendorff.com\/belogue\/wp-json\/wp\/v2\/comments?post=453"}],"version-history":[{"count":3,"href":"https:\/\/www.wallendorff.com\/belogue\/wp-json\/wp\/v2\/posts\/453\/revisions"}],"predecessor-version":[{"id":20546,"href":"https:\/\/www.wallendorff.com\/belogue\/wp-json\/wp\/v2\/posts\/453\/revisions\/20546"}],"wp:featuredmedia":[{"embeddable":true,"href":"https:\/\/www.wallendorff.com\/belogue\/wp-json\/wp\/v2\/media\/24393"}],"wp:attachment":[{"href":"https:\/\/www.wallendorff.com\/belogue\/wp-json\/wp\/v2\/media?parent=453"}],"wp:term":[{"taxonomy":"category","embeddable":true,"href":"https:\/\/www.wallendorff.com\/belogue\/wp-json\/wp\/v2\/categories?post=453"},{"taxonomy":"post_tag","embeddable":true,"href":"https:\/\/www.wallendorff.com\/belogue\/wp-json\/wp\/v2\/tags?post=453"}],"curies":[{"name":"wp","href":"https:\/\/api.w.org\/{rel}","templated":true}]}}