{"id":45,"date":"2006-07-14T02:17:17","date_gmt":"2006-07-14T02:17:17","guid":{"rendered":"http:\/\/www.po-l.com\/wordpress\/?p=45"},"modified":"2012-05-07T10:05:35","modified_gmt":"2012-05-07T08:05:35","slug":"froute-mes-guites","status":"publish","type":"post","link":"https:\/\/www.wallendorff.com\/belogue\/2006\/07\/14\/froute-mes-guites\/","title":{"rendered":"Froute mes guites."},"content":{"rendered":"<div id=\"photo\">\n<p><img decoding=\"async\" src=\"http:\/\/www.po-L.com\/belogue\/photo\/2006\/07\/20060714.jpg\" \/><br \/>\nPassage de la Boule Blanche, Paris, 13 juillet.<\/p>\n<\/div>\n<p style=\"text-align:right\"> &Agrave; la Conf&eacute;rie Naborienne des Amateurs de Panna Cotta,<br \/>\n  et en particulier, ses repr&eacute;sentantes arpenteuses de rues Saint-Nicolas.<\/p>\n<div id=\"bandeson\">\n<p><img decoding=\"async\" src=\"https:\/\/www.wallendorff.com\/belogue\/photo\/pochettes\/p\/passengers-miss_sarajevo.jpg\" align=\"left\" \/>&nbsp;<a href=\"http:\/\/www.u2.com\/\">Passengers<\/a>&nbsp;&#8213; <em>One<\/em> (live)<\/p>\n<\/p><\/div>\n","protected":false},"excerpt":{"rendered":"<p>Passage de la Boule Blanche, Paris, 13 juillet. &Agrave; la Conf&eacute;rie Naborienne des Amateurs de Panna Cotta, et en particulier, ses repr&eacute;sentantes arpenteuses de rues Saint-Nicolas. &nbsp;Passengers&nbsp;&#8213; One (live)<\/p>\n","protected":false},"author":1,"featured_media":23982,"comment_status":"open","ping_status":"open","sticky":false,"template":"","format":"standard","meta":{"_acf_changed":false,"ngg_post_thumbnail":0,"jetpack_post_was_ever_published":false,"_jetpack_newsletter_access":"","_jetpack_dont_email_post_to_subs":false,"_jetpack_newsletter_tier_id":0,"_jetpack_memberships_contains_paywalled_content":false,"_jetpack_memberships_contains_paid_content":false,"footnotes":"","jetpack_publicize_message":"","jetpack_publicize_feature_enabled":true,"jetpack_social_post_already_shared":false,"jetpack_social_options":{"image_generator_settings":{"template":"highway","default_image_id":0,"font":"","enabled":false},"version":2}},"categories":[3],"tags":[10271,132,1243,10120,10121,143,1686,10098,1684,10158,173,1685,309],"class_list":["post-45","post","type-post","status-publish","format-standard","has-post-thumbnail","hentry","category-dpc","tag-10271","tag-eos-20d","tag-carre","tag-france","tag-ile-de-france","tag-noir-et-blanc","tag-one","tag-paris","tag-passage-de-la-boule-blanche","tag-ruelle","tag-sigma-28-70-mm-f28-dg-ex","tag-the-passengers","tag-u2"],"acf":[],"geo":{"latitude":48.8520012,"longitude":2.3729289,"description":null},"jetpack_publicize_connections":[],"jetpack_featured_media_url":"https:\/\/www.wallendorff.com\/belogue\/wp-content\/uploads\/2015\/04\/200607141.jpg","jetpack_shortlink":"https:\/\/wp.me\/p3b35P-J","jetpack_sharing_enabled":true,"jetpack-related-posts":[{"id":1005,"url":"https:\/\/www.wallendorff.com\/belogue\/2007\/07\/31\/previously-unreleased-60\/","url_meta":{"origin":45,"position":0},"title":"Previously unreleased #60\u00b9.","author":"dpc","date":"31 juillet 2007","format":false,"excerpt":"I Love UFO, la Boule Noire, Paris, 5 septembre 2006. Y a quand m\u00eame des trucs, on se demande pourquoi on les laisse tra\u00eener dans un fond de disque dur pendant un an, des fois. \u00a0Blanche \u2013 Last Year's Leave (je suis certain d'avoir vu Feeney traverser devant moi sans\u2026","rel":"","context":"Dans &quot;Previously unreleased&quot;","block_context":{"text":"Previously unreleased","link":"https:\/\/www.wallendorff.com\/belogue\/category\/previously-unreleased\/"},"img":{"alt_text":"","src":"https:\/\/i0.wp.com\/www.wallendorff.com\/belogue\/wp-content\/uploads\/2015\/04\/200707311.jpg?resize=350%2C200&ssl=1","width":350,"height":200},"classes":[]},{"id":9435,"url":"https:\/\/www.wallendorff.com\/belogue\/2010\/09\/22\/sad-day-for-puppets-the-yolks-la-boule-noire-paris\/","url_meta":{"origin":45,"position":1},"title":"Sad Day for Puppets + The Yolks @ la Boule Noire, Paris.","author":"dpc","date":"22 septembre 2010","format":false,"excerpt":"Rarement vu passage \u00e0 l'acte plus d\u00e9cevant. Venu en esp\u00e9rant d\u00e9couvrir Sad Day for Puppets d\u00e9gag\u00e9 des nu\u00e9es d'\u00e9ther qui baignent leurs deux albums (Cf. bande-son), plus brut, plus direct, je suis tomb\u00e9 sur un groupe tout mou, pas aid\u00e9 du tout par un son d\u00e9plorable, tentant de sauver les\u2026","rel":"","context":"Dans &quot;Alive&quot;","block_context":{"text":"Alive","link":"https:\/\/www.wallendorff.com\/belogue\/category\/alive\/"},"img":{"alt_text":"","src":"https:\/\/i0.wp.com\/www.wallendorff.com\/belogue\/wp-content\/uploads\/2015\/04\/201009221.jpg?resize=350%2C200&ssl=1","width":350,"height":200,"srcset":"https:\/\/i0.wp.com\/www.wallendorff.com\/belogue\/wp-content\/uploads\/2015\/04\/201009221.jpg?resize=350%2C200&ssl=1 1x, https:\/\/i0.wp.com\/www.wallendorff.com\/belogue\/wp-content\/uploads\/2015\/04\/201009221.jpg?resize=525%2C300&ssl=1 1.5x, https:\/\/i0.wp.com\/www.wallendorff.com\/belogue\/wp-content\/uploads\/2015\/04\/201009221.jpg?resize=700%2C400&ssl=1 2x"},"classes":[]},{"id":20292,"url":"https:\/\/www.wallendorff.com\/belogue\/2006\/10\/17\/the-magic-numbers-la-boule-noire-paris\/","url_meta":{"origin":45,"position":2},"title":"The Magic Numbers @ la Boule Noire, Paris.","author":"dpc","date":"17 octobre 2006","format":false,"excerpt":"\u00c0 les voir, on ne croirait pas \u00e7a des Magic Numbers. \u00c0 l'instar de Grandaddy et \u2015\u00a0surtout\u00a0\u2015 de leur leader Jason Lytle, le quartet londonien cache sous des allures pataudes une grande finesse m\u00e9lodique, une sensibilit\u00e9 exprim\u00e9e juste comme il faut et une capacit\u00e9 \u00e9patante \u00e0 trouver les sons justes\u2026","rel":"","context":"Dans &quot;Alive&quot;","block_context":{"text":"Alive","link":"https:\/\/www.wallendorff.com\/belogue\/category\/alive\/"},"img":{"alt_text":"","src":"","width":0,"height":0},"classes":[]},{"id":957,"url":"https:\/\/www.wallendorff.com\/belogue\/2007\/05\/22\/killerpilze-la-boule-noire-paris\/","url_meta":{"origin":45,"position":3},"title":"[197] &#8211; KillerPilze @ la Boule Noire, Paris.","author":"dpc","date":"22 mai 2007","format":false,"excerpt":"La salle est compl\u00e8te et \u00e0 moiti\u00e9 vide, ils se sont tous mass\u00e9s au pied de la sc\u00e8ne, agglom\u00e9r\u00e9 comme du caf\u00e9 sous vide. Certains ont attendus tout l'apr\u00e8s-midi, ce qui n'est rien parce que \u00ab\u00a0pour Tokio Hotel, on avait camp\u00e9 devant le Z\u00e9nith pendant 3 jours\u00a0\u00bb. D\u00e9barque le groupe.\u2026","rel":"","context":"Dans &quot;Alive&quot;","block_context":{"text":"Alive","link":"https:\/\/www.wallendorff.com\/belogue\/category\/alive\/"},"img":{"alt_text":"","src":"https:\/\/i0.wp.com\/www.wallendorff.com\/belogue\/wp-content\/uploads\/2015\/04\/200705221.jpg?resize=350%2C200&ssl=1","width":350,"height":200,"srcset":"https:\/\/i0.wp.com\/www.wallendorff.com\/belogue\/wp-content\/uploads\/2015\/04\/200705221.jpg?resize=350%2C200&ssl=1 1x, https:\/\/i0.wp.com\/www.wallendorff.com\/belogue\/wp-content\/uploads\/2015\/04\/200705221.jpg?resize=525%2C300&ssl=1 1.5x, https:\/\/i0.wp.com\/www.wallendorff.com\/belogue\/wp-content\/uploads\/2015\/04\/200705221.jpg?resize=700%2C400&ssl=1 2x"},"classes":[]},{"id":6843,"url":"https:\/\/www.wallendorff.com\/belogue\/2010\/02\/19\/the-fiery-furnaces-la-boule-noire-paris\/","url_meta":{"origin":45,"position":4},"title":"The Fiery Furnaces @ la Boule Noire, Paris.","author":"dpc","date":"19 f\u00e9vrier 2010","format":false,"excerpt":"\u00a0The Soft Pack \u2013 Flammable","rel":"","context":"Dans &quot;Alive&quot;","block_context":{"text":"Alive","link":"https:\/\/www.wallendorff.com\/belogue\/category\/alive\/"},"img":{"alt_text":"","src":"https:\/\/i0.wp.com\/www.wallendorff.com\/belogue\/wp-content\/uploads\/2015\/04\/201002191.jpg?resize=350%2C200&ssl=1","width":350,"height":200,"srcset":"https:\/\/i0.wp.com\/www.wallendorff.com\/belogue\/wp-content\/uploads\/2015\/04\/201002191.jpg?resize=350%2C200&ssl=1 1x, https:\/\/i0.wp.com\/www.wallendorff.com\/belogue\/wp-content\/uploads\/2015\/04\/201002191.jpg?resize=525%2C300&ssl=1 1.5x, https:\/\/i0.wp.com\/www.wallendorff.com\/belogue\/wp-content\/uploads\/2015\/04\/201002191.jpg?resize=700%2C400&ssl=1 2x"},"classes":[]},{"id":1257,"url":"https:\/\/www.wallendorff.com\/belogue\/2008\/06\/25\/daisybox-la-boule-noire-paris\/","url_meta":{"origin":45,"position":5},"title":"Daisybox @ la Boule Noire, Paris.","author":"dpc","date":"25 juin 2008","format":false,"excerpt":"\u00a0Max\u00efmo Park \u2013 By the Monument","rel":"","context":"Dans &quot;Alive&quot;","block_context":{"text":"Alive","link":"https:\/\/www.wallendorff.com\/belogue\/category\/alive\/"},"img":{"alt_text":"","src":"https:\/\/i0.wp.com\/www.wallendorff.com\/belogue\/wp-content\/uploads\/2015\/04\/200806251.jpg?resize=350%2C200&ssl=1","width":350,"height":200,"srcset":"https:\/\/i0.wp.com\/www.wallendorff.com\/belogue\/wp-content\/uploads\/2015\/04\/200806251.jpg?resize=350%2C200&ssl=1 1x, https:\/\/i0.wp.com\/www.wallendorff.com\/belogue\/wp-content\/uploads\/2015\/04\/200806251.jpg?resize=525%2C300&ssl=1 1.5x, https:\/\/i0.wp.com\/www.wallendorff.com\/belogue\/wp-content\/uploads\/2015\/04\/200806251.jpg?resize=700%2C400&ssl=1 2x"},"classes":[]}],"_links":{"self":[{"href":"https:\/\/www.wallendorff.com\/belogue\/wp-json\/wp\/v2\/posts\/45","targetHints":{"allow":["GET"]}}],"collection":[{"href":"https:\/\/www.wallendorff.com\/belogue\/wp-json\/wp\/v2\/posts"}],"about":[{"href":"https:\/\/www.wallendorff.com\/belogue\/wp-json\/wp\/v2\/types\/post"}],"author":[{"embeddable":true,"href":"https:\/\/www.wallendorff.com\/belogue\/wp-json\/wp\/v2\/users\/1"}],"replies":[{"embeddable":true,"href":"https:\/\/www.wallendorff.com\/belogue\/wp-json\/wp\/v2\/comments?post=45"}],"version-history":[{"count":1,"href":"https:\/\/www.wallendorff.com\/belogue\/wp-json\/wp\/v2\/posts\/45\/revisions"}],"predecessor-version":[{"id":17224,"href":"https:\/\/www.wallendorff.com\/belogue\/wp-json\/wp\/v2\/posts\/45\/revisions\/17224"}],"wp:featuredmedia":[{"embeddable":true,"href":"https:\/\/www.wallendorff.com\/belogue\/wp-json\/wp\/v2\/media\/23982"}],"wp:attachment":[{"href":"https:\/\/www.wallendorff.com\/belogue\/wp-json\/wp\/v2\/media?parent=45"}],"wp:term":[{"taxonomy":"category","embeddable":true,"href":"https:\/\/www.wallendorff.com\/belogue\/wp-json\/wp\/v2\/categories?post=45"},{"taxonomy":"post_tag","embeddable":true,"href":"https:\/\/www.wallendorff.com\/belogue\/wp-json\/wp\/v2\/tags?post=45"}],"curies":[{"name":"wp","href":"https:\/\/api.w.org\/{rel}","templated":true}]}}