{"id":44917,"date":"2020-02-03T12:01:37","date_gmt":"2020-02-03T10:01:37","guid":{"rendered":"http:\/\/www.wallendorff.com\/belogue\/?p=44917"},"modified":"2020-02-03T12:02:00","modified_gmt":"2020-02-03T10:02:00","slug":"the-inspector-cluzo-le-cafe-de-la-danse-paris-2-fevrier-2020","status":"publish","type":"post","link":"https:\/\/www.wallendorff.com\/belogue\/2020\/02\/03\/the-inspector-cluzo-le-cafe-de-la-danse-paris-2-fevrier-2020\/","title":{"rendered":"The Inspector Cluzo @ le Caf\u00e9 de la Danse, Paris, 2 f\u00e9vrier 2020."},"content":{"rendered":"<div id=\"photo\">\n<p><img decoding=\"async\" src=\"https:\/\/www.wallendorff.com\/belogue\/wp-content\/uploads\/2020\/02\/20200203-15.jpg\"><\/p>\n<\/div>\n<div id='gallery-1' class='gallery galleryid-44917 gallery-columns-1 gallery-size-large'><figure class='gallery-item'>\n\t\t\t<div class='gallery-icon landscape'>\n\t\t\t\t<a href='https:\/\/www.wallendorff.com\/belogue\/2020\/02\/03\/the-inspector-cluzo-le-cafe-de-la-danse-paris-2-fevrier-2020\/the-inspector-cluzo-le-cafe-de-la-danse-paris-02-02-2020\/'><img fetchpriority=\"high\" decoding=\"async\" width=\"1170\" height=\"780\" src=\"https:\/\/www.wallendorff.com\/belogue\/wp-content\/uploads\/2020\/02\/20200203-01.jpg\" class=\"attachment-large size-large\" alt=\"\" aria-describedby=\"gallery-1-44918\" srcset=\"https:\/\/www.wallendorff.com\/belogue\/wp-content\/uploads\/2020\/02\/20200203-01.jpg 1170w, https:\/\/www.wallendorff.com\/belogue\/wp-content\/uploads\/2020\/02\/20200203-01-820x547.jpg 820w, https:\/\/www.wallendorff.com\/belogue\/wp-content\/uploads\/2020\/02\/20200203-01-1116x744.jpg 1116w, https:\/\/www.wallendorff.com\/belogue\/wp-content\/uploads\/2020\/02\/20200203-01-806x537.jpg 806w, https:\/\/www.wallendorff.com\/belogue\/wp-content\/uploads\/2020\/02\/20200203-01-558x372.jpg 558w, https:\/\/www.wallendorff.com\/belogue\/wp-content\/uploads\/2020\/02\/20200203-01-655x437.jpg 655w, https:\/\/www.wallendorff.com\/belogue\/wp-content\/uploads\/2020\/02\/20200203-01-600x400.jpg 600w\" sizes=\"(max-width: 1170px) 100vw, 1170px\" \/><\/a>\n\t\t\t<\/div>\n\t\t\t\t<figcaption class='wp-caption-text gallery-caption' id='gallery-1-44918'>\n\t\t\t\tThe Inspector Cluzo @ le Caf\u00e9 de la Danse, Paris, 02\/02\/2020\n\t\t\t\t<\/figcaption><\/figure><figure class='gallery-item'>\n\t\t\t<div class='gallery-icon landscape'>\n\t\t\t\t<a href='https:\/\/www.wallendorff.com\/belogue\/2020\/02\/03\/the-inspector-cluzo-le-cafe-de-la-danse-paris-2-fevrier-2020\/the-inspector-cluzo-le-cafe-de-la-danse-paris-02-02-2020-2\/'><img decoding=\"async\" width=\"1170\" height=\"780\" src=\"https:\/\/www.wallendorff.com\/belogue\/wp-content\/uploads\/2020\/02\/20200203-02.jpg\" class=\"attachment-large size-large\" alt=\"\" aria-describedby=\"gallery-1-44919\" srcset=\"https:\/\/www.wallendorff.com\/belogue\/wp-content\/uploads\/2020\/02\/20200203-02.jpg 1170w, https:\/\/www.wallendorff.com\/belogue\/wp-content\/uploads\/2020\/02\/20200203-02-820x547.jpg 820w, https:\/\/www.wallendorff.com\/belogue\/wp-content\/uploads\/2020\/02\/20200203-02-1116x744.jpg 1116w, https:\/\/www.wallendorff.com\/belogue\/wp-content\/uploads\/2020\/02\/20200203-02-806x537.jpg 806w, https:\/\/www.wallendorff.com\/belogue\/wp-content\/uploads\/2020\/02\/20200203-02-558x372.jpg 558w, https:\/\/www.wallendorff.com\/belogue\/wp-content\/uploads\/2020\/02\/20200203-02-655x437.jpg 655w, https:\/\/www.wallendorff.com\/belogue\/wp-content\/uploads\/2020\/02\/20200203-02-600x400.jpg 600w\" sizes=\"(max-width: 1170px) 100vw, 1170px\" \/><\/a>\n\t\t\t<\/div>\n\t\t\t\t<figcaption class='wp-caption-text gallery-caption' id='gallery-1-44919'>\n\t\t\t\tThe Inspector Cluzo @ le Caf\u00e9 de la Danse, Paris, 02\/02\/2020\n\t\t\t\t<\/figcaption><\/figure><figure class='gallery-item'>\n\t\t\t<div class='gallery-icon landscape'>\n\t\t\t\t<a href='https:\/\/www.wallendorff.com\/belogue\/2020\/02\/03\/the-inspector-cluzo-le-cafe-de-la-danse-paris-2-fevrier-2020\/the-inspector-cluzo-le-cafe-de-la-danse-paris-02-02-2020-3\/'><img decoding=\"async\" width=\"1170\" height=\"780\" src=\"https:\/\/www.wallendorff.com\/belogue\/wp-content\/uploads\/2020\/02\/20200203-03.jpg\" class=\"attachment-large size-large\" alt=\"\" aria-describedby=\"gallery-1-44920\" srcset=\"https:\/\/www.wallendorff.com\/belogue\/wp-content\/uploads\/2020\/02\/20200203-03.jpg 1170w, https:\/\/www.wallendorff.com\/belogue\/wp-content\/uploads\/2020\/02\/20200203-03-820x547.jpg 820w, https:\/\/www.wallendorff.com\/belogue\/wp-content\/uploads\/2020\/02\/20200203-03-1116x744.jpg 1116w, https:\/\/www.wallendorff.com\/belogue\/wp-content\/uploads\/2020\/02\/20200203-03-806x537.jpg 806w, https:\/\/www.wallendorff.com\/belogue\/wp-content\/uploads\/2020\/02\/20200203-03-558x372.jpg 558w, https:\/\/www.wallendorff.com\/belogue\/wp-content\/uploads\/2020\/02\/20200203-03-655x437.jpg 655w, https:\/\/www.wallendorff.com\/belogue\/wp-content\/uploads\/2020\/02\/20200203-03-600x400.jpg 600w\" sizes=\"(max-width: 1170px) 100vw, 1170px\" \/><\/a>\n\t\t\t<\/div>\n\t\t\t\t<figcaption class='wp-caption-text gallery-caption' id='gallery-1-44920'>\n\t\t\t\tThe Inspector Cluzo @ le Caf\u00e9 de la Danse, Paris, 02\/02\/2020\n\t\t\t\t<\/figcaption><\/figure><figure class='gallery-item'>\n\t\t\t<div class='gallery-icon portrait'>\n\t\t\t\t<a href='https:\/\/www.wallendorff.com\/belogue\/2020\/02\/03\/the-inspector-cluzo-le-cafe-de-la-danse-paris-2-fevrier-2020\/the-inspector-cluzo-le-cafe-de-la-danse-paris-02-02-2020-4\/'><img loading=\"lazy\" decoding=\"async\" width=\"780\" height=\"1170\" src=\"https:\/\/www.wallendorff.com\/belogue\/wp-content\/uploads\/2020\/02\/20200203-04.jpg\" class=\"attachment-large size-large\" alt=\"\" aria-describedby=\"gallery-1-44921\" srcset=\"https:\/\/www.wallendorff.com\/belogue\/wp-content\/uploads\/2020\/02\/20200203-04.jpg 780w, https:\/\/www.wallendorff.com\/belogue\/wp-content\/uploads\/2020\/02\/20200203-04-558x837.jpg 558w, https:\/\/www.wallendorff.com\/belogue\/wp-content\/uploads\/2020\/02\/20200203-04-655x983.jpg 655w, https:\/\/www.wallendorff.com\/belogue\/wp-content\/uploads\/2020\/02\/20200203-04-600x900.jpg 600w\" sizes=\"(max-width: 780px) 100vw, 780px\" \/><\/a>\n\t\t\t<\/div>\n\t\t\t\t<figcaption class='wp-caption-text gallery-caption' id='gallery-1-44921'>\n\t\t\t\tThe Inspector Cluzo @ le Caf\u00e9 de la Danse, Paris, 02\/02\/2020\n\t\t\t\t<\/figcaption><\/figure><figure class='gallery-item'>\n\t\t\t<div class='gallery-icon landscape'>\n\t\t\t\t<a href='https:\/\/www.wallendorff.com\/belogue\/2020\/02\/03\/the-inspector-cluzo-le-cafe-de-la-danse-paris-2-fevrier-2020\/the-inspector-cluzo-le-cafe-de-la-danse-paris-02-02-2020-5\/'><img loading=\"lazy\" decoding=\"async\" width=\"1170\" height=\"780\" src=\"https:\/\/www.wallendorff.com\/belogue\/wp-content\/uploads\/2020\/02\/20200203-05.jpg\" class=\"attachment-large size-large\" alt=\"\" aria-describedby=\"gallery-1-44922\" srcset=\"https:\/\/www.wallendorff.com\/belogue\/wp-content\/uploads\/2020\/02\/20200203-05.jpg 1170w, https:\/\/www.wallendorff.com\/belogue\/wp-content\/uploads\/2020\/02\/20200203-05-820x547.jpg 820w, https:\/\/www.wallendorff.com\/belogue\/wp-content\/uploads\/2020\/02\/20200203-05-1116x744.jpg 1116w, https:\/\/www.wallendorff.com\/belogue\/wp-content\/uploads\/2020\/02\/20200203-05-806x537.jpg 806w, https:\/\/www.wallendorff.com\/belogue\/wp-content\/uploads\/2020\/02\/20200203-05-558x372.jpg 558w, https:\/\/www.wallendorff.com\/belogue\/wp-content\/uploads\/2020\/02\/20200203-05-655x437.jpg 655w, https:\/\/www.wallendorff.com\/belogue\/wp-content\/uploads\/2020\/02\/20200203-05-600x400.jpg 600w\" sizes=\"(max-width: 1170px) 100vw, 1170px\" \/><\/a>\n\t\t\t<\/div>\n\t\t\t\t<figcaption class='wp-caption-text gallery-caption' id='gallery-1-44922'>\n\t\t\t\tThe Inspector Cluzo @ le Caf\u00e9 de la Danse, Paris, 02\/02\/2020\n\t\t\t\t<\/figcaption><\/figure><figure class='gallery-item'>\n\t\t\t<div class='gallery-icon landscape'>\n\t\t\t\t<a href='https:\/\/www.wallendorff.com\/belogue\/2020\/02\/03\/the-inspector-cluzo-le-cafe-de-la-danse-paris-2-fevrier-2020\/the-inspector-cluzo-le-cafe-de-la-danse-paris-02-02-2020-6\/'><img loading=\"lazy\" decoding=\"async\" width=\"1170\" height=\"780\" src=\"https:\/\/www.wallendorff.com\/belogue\/wp-content\/uploads\/2020\/02\/20200203-06.jpg\" class=\"attachment-large size-large\" alt=\"\" aria-describedby=\"gallery-1-44923\" srcset=\"https:\/\/www.wallendorff.com\/belogue\/wp-content\/uploads\/2020\/02\/20200203-06.jpg 1170w, https:\/\/www.wallendorff.com\/belogue\/wp-content\/uploads\/2020\/02\/20200203-06-820x547.jpg 820w, https:\/\/www.wallendorff.com\/belogue\/wp-content\/uploads\/2020\/02\/20200203-06-1116x744.jpg 1116w, https:\/\/www.wallendorff.com\/belogue\/wp-content\/uploads\/2020\/02\/20200203-06-806x537.jpg 806w, https:\/\/www.wallendorff.com\/belogue\/wp-content\/uploads\/2020\/02\/20200203-06-558x372.jpg 558w, https:\/\/www.wallendorff.com\/belogue\/wp-content\/uploads\/2020\/02\/20200203-06-655x437.jpg 655w, https:\/\/www.wallendorff.com\/belogue\/wp-content\/uploads\/2020\/02\/20200203-06-600x400.jpg 600w\" sizes=\"(max-width: 1170px) 100vw, 1170px\" \/><\/a>\n\t\t\t<\/div>\n\t\t\t\t<figcaption class='wp-caption-text gallery-caption' id='gallery-1-44923'>\n\t\t\t\tThe Inspector Cluzo @ le Caf\u00e9 de la Danse, Paris, 02\/02\/2020\n\t\t\t\t<\/figcaption><\/figure><figure class='gallery-item'>\n\t\t\t<div class='gallery-icon landscape'>\n\t\t\t\t<a href='https:\/\/www.wallendorff.com\/belogue\/2020\/02\/03\/the-inspector-cluzo-le-cafe-de-la-danse-paris-2-fevrier-2020\/the-inspector-cluzo-le-cafe-de-la-danse-paris-02-02-2020-7\/'><img loading=\"lazy\" decoding=\"async\" width=\"1170\" height=\"780\" src=\"https:\/\/www.wallendorff.com\/belogue\/wp-content\/uploads\/2020\/02\/20200203-07.jpg\" class=\"attachment-large size-large\" alt=\"\" aria-describedby=\"gallery-1-44924\" srcset=\"https:\/\/www.wallendorff.com\/belogue\/wp-content\/uploads\/2020\/02\/20200203-07.jpg 1170w, https:\/\/www.wallendorff.com\/belogue\/wp-content\/uploads\/2020\/02\/20200203-07-820x547.jpg 820w, https:\/\/www.wallendorff.com\/belogue\/wp-content\/uploads\/2020\/02\/20200203-07-1116x744.jpg 1116w, https:\/\/www.wallendorff.com\/belogue\/wp-content\/uploads\/2020\/02\/20200203-07-806x537.jpg 806w, https:\/\/www.wallendorff.com\/belogue\/wp-content\/uploads\/2020\/02\/20200203-07-558x372.jpg 558w, https:\/\/www.wallendorff.com\/belogue\/wp-content\/uploads\/2020\/02\/20200203-07-655x437.jpg 655w, https:\/\/www.wallendorff.com\/belogue\/wp-content\/uploads\/2020\/02\/20200203-07-600x400.jpg 600w\" sizes=\"(max-width: 1170px) 100vw, 1170px\" \/><\/a>\n\t\t\t<\/div>\n\t\t\t\t<figcaption class='wp-caption-text gallery-caption' id='gallery-1-44924'>\n\t\t\t\tThe Inspector Cluzo @ le Caf\u00e9 de la Danse, Paris, 02\/02\/2020\n\t\t\t\t<\/figcaption><\/figure><figure class='gallery-item'>\n\t\t\t<div class='gallery-icon portrait'>\n\t\t\t\t<a href='https:\/\/www.wallendorff.com\/belogue\/2020\/02\/03\/the-inspector-cluzo-le-cafe-de-la-danse-paris-2-fevrier-2020\/the-inspector-cluzo-le-cafe-de-la-danse-paris-02-02-2020-8\/'><img loading=\"lazy\" decoding=\"async\" width=\"780\" height=\"1170\" src=\"https:\/\/www.wallendorff.com\/belogue\/wp-content\/uploads\/2020\/02\/20200203-08.jpg\" class=\"attachment-large size-large\" alt=\"\" aria-describedby=\"gallery-1-44925\" srcset=\"https:\/\/www.wallendorff.com\/belogue\/wp-content\/uploads\/2020\/02\/20200203-08.jpg 780w, https:\/\/www.wallendorff.com\/belogue\/wp-content\/uploads\/2020\/02\/20200203-08-558x837.jpg 558w, https:\/\/www.wallendorff.com\/belogue\/wp-content\/uploads\/2020\/02\/20200203-08-655x983.jpg 655w, https:\/\/www.wallendorff.com\/belogue\/wp-content\/uploads\/2020\/02\/20200203-08-600x900.jpg 600w\" sizes=\"(max-width: 780px) 100vw, 780px\" \/><\/a>\n\t\t\t<\/div>\n\t\t\t\t<figcaption class='wp-caption-text gallery-caption' id='gallery-1-44925'>\n\t\t\t\tThe Inspector Cluzo @ le Caf\u00e9 de la Danse, Paris, 02\/02\/2020\n\t\t\t\t<\/figcaption><\/figure><figure class='gallery-item'>\n\t\t\t<div class='gallery-icon landscape'>\n\t\t\t\t<a href='https:\/\/www.wallendorff.com\/belogue\/2020\/02\/03\/the-inspector-cluzo-le-cafe-de-la-danse-paris-2-fevrier-2020\/the-inspector-cluzo-le-cafe-de-la-danse-paris-02-02-2020-9\/'><img loading=\"lazy\" decoding=\"async\" width=\"1170\" height=\"780\" src=\"https:\/\/www.wallendorff.com\/belogue\/wp-content\/uploads\/2020\/02\/20200203-09.jpg\" class=\"attachment-large size-large\" alt=\"\" aria-describedby=\"gallery-1-44926\" srcset=\"https:\/\/www.wallendorff.com\/belogue\/wp-content\/uploads\/2020\/02\/20200203-09.jpg 1170w, https:\/\/www.wallendorff.com\/belogue\/wp-content\/uploads\/2020\/02\/20200203-09-820x547.jpg 820w, https:\/\/www.wallendorff.com\/belogue\/wp-content\/uploads\/2020\/02\/20200203-09-1116x744.jpg 1116w, https:\/\/www.wallendorff.com\/belogue\/wp-content\/uploads\/2020\/02\/20200203-09-806x537.jpg 806w, https:\/\/www.wallendorff.com\/belogue\/wp-content\/uploads\/2020\/02\/20200203-09-558x372.jpg 558w, https:\/\/www.wallendorff.com\/belogue\/wp-content\/uploads\/2020\/02\/20200203-09-655x437.jpg 655w, https:\/\/www.wallendorff.com\/belogue\/wp-content\/uploads\/2020\/02\/20200203-09-600x400.jpg 600w\" sizes=\"(max-width: 1170px) 100vw, 1170px\" \/><\/a>\n\t\t\t<\/div>\n\t\t\t\t<figcaption class='wp-caption-text gallery-caption' id='gallery-1-44926'>\n\t\t\t\tThe Inspector Cluzo @ le Caf\u00e9 de la Danse, Paris, 02\/02\/2020\n\t\t\t\t<\/figcaption><\/figure><figure class='gallery-item'>\n\t\t\t<div class='gallery-icon landscape'>\n\t\t\t\t<a href='https:\/\/www.wallendorff.com\/belogue\/2020\/02\/03\/the-inspector-cluzo-le-cafe-de-la-danse-paris-2-fevrier-2020\/the-inspector-cluzo-le-cafe-de-la-danse-paris-02-02-2020-10\/'><img loading=\"lazy\" decoding=\"async\" width=\"1170\" height=\"780\" src=\"https:\/\/www.wallendorff.com\/belogue\/wp-content\/uploads\/2020\/02\/20200203-10.jpg\" class=\"attachment-large size-large\" alt=\"\" aria-describedby=\"gallery-1-44927\" srcset=\"https:\/\/www.wallendorff.com\/belogue\/wp-content\/uploads\/2020\/02\/20200203-10.jpg 1170w, https:\/\/www.wallendorff.com\/belogue\/wp-content\/uploads\/2020\/02\/20200203-10-820x547.jpg 820w, https:\/\/www.wallendorff.com\/belogue\/wp-content\/uploads\/2020\/02\/20200203-10-1116x744.jpg 1116w, https:\/\/www.wallendorff.com\/belogue\/wp-content\/uploads\/2020\/02\/20200203-10-806x537.jpg 806w, https:\/\/www.wallendorff.com\/belogue\/wp-content\/uploads\/2020\/02\/20200203-10-558x372.jpg 558w, https:\/\/www.wallendorff.com\/belogue\/wp-content\/uploads\/2020\/02\/20200203-10-655x437.jpg 655w, https:\/\/www.wallendorff.com\/belogue\/wp-content\/uploads\/2020\/02\/20200203-10-600x400.jpg 600w\" sizes=\"(max-width: 1170px) 100vw, 1170px\" \/><\/a>\n\t\t\t<\/div>\n\t\t\t\t<figcaption class='wp-caption-text gallery-caption' id='gallery-1-44927'>\n\t\t\t\tThe Inspector Cluzo @ le Caf\u00e9 de la Danse, Paris, 02\/02\/2020\n\t\t\t\t<\/figcaption><\/figure><figure class='gallery-item'>\n\t\t\t<div class='gallery-icon landscape'>\n\t\t\t\t<a href='https:\/\/www.wallendorff.com\/belogue\/2020\/02\/03\/the-inspector-cluzo-le-cafe-de-la-danse-paris-2-fevrier-2020\/the-inspector-cluzo-le-cafe-de-la-danse-paris-02-02-2020-11\/'><img loading=\"lazy\" decoding=\"async\" width=\"1170\" height=\"780\" src=\"https:\/\/www.wallendorff.com\/belogue\/wp-content\/uploads\/2020\/02\/20200203-11.jpg\" class=\"attachment-large size-large\" alt=\"\" aria-describedby=\"gallery-1-44928\" srcset=\"https:\/\/www.wallendorff.com\/belogue\/wp-content\/uploads\/2020\/02\/20200203-11.jpg 1170w, https:\/\/www.wallendorff.com\/belogue\/wp-content\/uploads\/2020\/02\/20200203-11-820x547.jpg 820w, https:\/\/www.wallendorff.com\/belogue\/wp-content\/uploads\/2020\/02\/20200203-11-1116x744.jpg 1116w, https:\/\/www.wallendorff.com\/belogue\/wp-content\/uploads\/2020\/02\/20200203-11-806x537.jpg 806w, https:\/\/www.wallendorff.com\/belogue\/wp-content\/uploads\/2020\/02\/20200203-11-558x372.jpg 558w, https:\/\/www.wallendorff.com\/belogue\/wp-content\/uploads\/2020\/02\/20200203-11-655x437.jpg 655w, https:\/\/www.wallendorff.com\/belogue\/wp-content\/uploads\/2020\/02\/20200203-11-600x400.jpg 600w\" sizes=\"(max-width: 1170px) 100vw, 1170px\" \/><\/a>\n\t\t\t<\/div>\n\t\t\t\t<figcaption class='wp-caption-text gallery-caption' id='gallery-1-44928'>\n\t\t\t\tThe Inspector Cluzo @ le Caf\u00e9 de la Danse, Paris, 02\/02\/2020\n\t\t\t\t<\/figcaption><\/figure><figure class='gallery-item'>\n\t\t\t<div class='gallery-icon landscape'>\n\t\t\t\t<a href='https:\/\/www.wallendorff.com\/belogue\/2020\/02\/03\/the-inspector-cluzo-le-cafe-de-la-danse-paris-2-fevrier-2020\/the-inspector-cluzo-le-cafe-de-la-danse-paris-02-02-2020-12\/'><img loading=\"lazy\" decoding=\"async\" width=\"1170\" height=\"780\" src=\"https:\/\/www.wallendorff.com\/belogue\/wp-content\/uploads\/2020\/02\/20200203-12.jpg\" class=\"attachment-large size-large\" alt=\"\" aria-describedby=\"gallery-1-44929\" srcset=\"https:\/\/www.wallendorff.com\/belogue\/wp-content\/uploads\/2020\/02\/20200203-12.jpg 1170w, https:\/\/www.wallendorff.com\/belogue\/wp-content\/uploads\/2020\/02\/20200203-12-820x547.jpg 820w, https:\/\/www.wallendorff.com\/belogue\/wp-content\/uploads\/2020\/02\/20200203-12-1116x744.jpg 1116w, https:\/\/www.wallendorff.com\/belogue\/wp-content\/uploads\/2020\/02\/20200203-12-806x537.jpg 806w, https:\/\/www.wallendorff.com\/belogue\/wp-content\/uploads\/2020\/02\/20200203-12-558x372.jpg 558w, https:\/\/www.wallendorff.com\/belogue\/wp-content\/uploads\/2020\/02\/20200203-12-655x437.jpg 655w, https:\/\/www.wallendorff.com\/belogue\/wp-content\/uploads\/2020\/02\/20200203-12-600x400.jpg 600w\" sizes=\"(max-width: 1170px) 100vw, 1170px\" \/><\/a>\n\t\t\t<\/div>\n\t\t\t\t<figcaption class='wp-caption-text gallery-caption' id='gallery-1-44929'>\n\t\t\t\tThe Inspector Cluzo @ le Caf\u00e9 de la Danse, Paris, 02\/02\/2020\n\t\t\t\t<\/figcaption><\/figure><figure class='gallery-item'>\n\t\t\t<div class='gallery-icon landscape'>\n\t\t\t\t<a href='https:\/\/www.wallendorff.com\/belogue\/2020\/02\/03\/the-inspector-cluzo-le-cafe-de-la-danse-paris-2-fevrier-2020\/the-inspector-cluzo-le-cafe-de-la-danse-paris-02-02-2020-13\/'><img loading=\"lazy\" decoding=\"async\" width=\"1170\" height=\"780\" src=\"https:\/\/www.wallendorff.com\/belogue\/wp-content\/uploads\/2020\/02\/20200203-13.jpg\" class=\"attachment-large size-large\" alt=\"\" aria-describedby=\"gallery-1-44930\" srcset=\"https:\/\/www.wallendorff.com\/belogue\/wp-content\/uploads\/2020\/02\/20200203-13.jpg 1170w, https:\/\/www.wallendorff.com\/belogue\/wp-content\/uploads\/2020\/02\/20200203-13-820x547.jpg 820w, https:\/\/www.wallendorff.com\/belogue\/wp-content\/uploads\/2020\/02\/20200203-13-1116x744.jpg 1116w, https:\/\/www.wallendorff.com\/belogue\/wp-content\/uploads\/2020\/02\/20200203-13-806x537.jpg 806w, https:\/\/www.wallendorff.com\/belogue\/wp-content\/uploads\/2020\/02\/20200203-13-558x372.jpg 558w, https:\/\/www.wallendorff.com\/belogue\/wp-content\/uploads\/2020\/02\/20200203-13-655x437.jpg 655w, https:\/\/www.wallendorff.com\/belogue\/wp-content\/uploads\/2020\/02\/20200203-13-600x400.jpg 600w\" sizes=\"(max-width: 1170px) 100vw, 1170px\" \/><\/a>\n\t\t\t<\/div>\n\t\t\t\t<figcaption class='wp-caption-text gallery-caption' id='gallery-1-44930'>\n\t\t\t\tThe Inspector Cluzo @ le Caf\u00e9 de la Danse, Paris, 02\/02\/2020\n\t\t\t\t<\/figcaption><\/figure><figure class='gallery-item'>\n\t\t\t<div class='gallery-icon landscape'>\n\t\t\t\t<a href='https:\/\/www.wallendorff.com\/belogue\/2020\/02\/03\/the-inspector-cluzo-le-cafe-de-la-danse-paris-2-fevrier-2020\/the-inspector-cluzo-le-cafe-de-la-danse-paris-02-02-2020-14\/'><img loading=\"lazy\" decoding=\"async\" width=\"1170\" height=\"780\" src=\"https:\/\/www.wallendorff.com\/belogue\/wp-content\/uploads\/2020\/02\/20200203-14.jpg\" class=\"attachment-large size-large\" alt=\"\" aria-describedby=\"gallery-1-44931\" srcset=\"https:\/\/www.wallendorff.com\/belogue\/wp-content\/uploads\/2020\/02\/20200203-14.jpg 1170w, https:\/\/www.wallendorff.com\/belogue\/wp-content\/uploads\/2020\/02\/20200203-14-820x547.jpg 820w, https:\/\/www.wallendorff.com\/belogue\/wp-content\/uploads\/2020\/02\/20200203-14-1116x744.jpg 1116w, https:\/\/www.wallendorff.com\/belogue\/wp-content\/uploads\/2020\/02\/20200203-14-806x537.jpg 806w, https:\/\/www.wallendorff.com\/belogue\/wp-content\/uploads\/2020\/02\/20200203-14-558x372.jpg 558w, https:\/\/www.wallendorff.com\/belogue\/wp-content\/uploads\/2020\/02\/20200203-14-655x437.jpg 655w, https:\/\/www.wallendorff.com\/belogue\/wp-content\/uploads\/2020\/02\/20200203-14-600x400.jpg 600w\" sizes=\"(max-width: 1170px) 100vw, 1170px\" \/><\/a>\n\t\t\t<\/div>\n\t\t\t\t<figcaption class='wp-caption-text gallery-caption' id='gallery-1-44931'>\n\t\t\t\tThe Inspector Cluzo @ le Caf\u00e9 de la Danse, Paris, 02\/02\/2020\n\t\t\t\t<\/figcaption><\/figure><figure class='gallery-item'>\n\t\t\t<div class='gallery-icon landscape'>\n\t\t\t\t<a href='https:\/\/www.wallendorff.com\/belogue\/2020\/02\/03\/the-inspector-cluzo-le-cafe-de-la-danse-paris-2-fevrier-2020\/the-inspector-cluzo-le-cafe-de-la-danse-paris-02-02-2020-15\/'><img loading=\"lazy\" decoding=\"async\" width=\"1170\" height=\"780\" src=\"https:\/\/www.wallendorff.com\/belogue\/wp-content\/uploads\/2020\/02\/20200203-15.jpg\" class=\"attachment-large size-large\" alt=\"\" aria-describedby=\"gallery-1-44932\" srcset=\"https:\/\/www.wallendorff.com\/belogue\/wp-content\/uploads\/2020\/02\/20200203-15.jpg 1170w, https:\/\/www.wallendorff.com\/belogue\/wp-content\/uploads\/2020\/02\/20200203-15-820x547.jpg 820w, https:\/\/www.wallendorff.com\/belogue\/wp-content\/uploads\/2020\/02\/20200203-15-1116x744.jpg 1116w, https:\/\/www.wallendorff.com\/belogue\/wp-content\/uploads\/2020\/02\/20200203-15-806x537.jpg 806w, https:\/\/www.wallendorff.com\/belogue\/wp-content\/uploads\/2020\/02\/20200203-15-558x372.jpg 558w, https:\/\/www.wallendorff.com\/belogue\/wp-content\/uploads\/2020\/02\/20200203-15-655x437.jpg 655w, https:\/\/www.wallendorff.com\/belogue\/wp-content\/uploads\/2020\/02\/20200203-15-600x400.jpg 600w\" sizes=\"(max-width: 1170px) 100vw, 1170px\" \/><\/a>\n\t\t\t<\/div>\n\t\t\t\t<figcaption class='wp-caption-text gallery-caption' id='gallery-1-44932'>\n\t\t\t\tThe Inspector Cluzo @ le Caf\u00e9 de la Danse, Paris, 02\/02\/2020\n\t\t\t\t<\/figcaption><\/figure><figure class='gallery-item'>\n\t\t\t<div class='gallery-icon landscape'>\n\t\t\t\t<a href='https:\/\/www.wallendorff.com\/belogue\/2020\/02\/03\/the-inspector-cluzo-le-cafe-de-la-danse-paris-2-fevrier-2020\/the-inspector-cluzo-le-cafe-de-la-danse-paris-02-02-2020-16\/'><img loading=\"lazy\" decoding=\"async\" width=\"1170\" height=\"780\" src=\"https:\/\/www.wallendorff.com\/belogue\/wp-content\/uploads\/2020\/02\/20200203-16.jpg\" class=\"attachment-large size-large\" alt=\"\" aria-describedby=\"gallery-1-44933\" srcset=\"https:\/\/www.wallendorff.com\/belogue\/wp-content\/uploads\/2020\/02\/20200203-16.jpg 1170w, https:\/\/www.wallendorff.com\/belogue\/wp-content\/uploads\/2020\/02\/20200203-16-820x547.jpg 820w, https:\/\/www.wallendorff.com\/belogue\/wp-content\/uploads\/2020\/02\/20200203-16-1116x744.jpg 1116w, https:\/\/www.wallendorff.com\/belogue\/wp-content\/uploads\/2020\/02\/20200203-16-806x537.jpg 806w, https:\/\/www.wallendorff.com\/belogue\/wp-content\/uploads\/2020\/02\/20200203-16-558x372.jpg 558w, https:\/\/www.wallendorff.com\/belogue\/wp-content\/uploads\/2020\/02\/20200203-16-655x437.jpg 655w, https:\/\/www.wallendorff.com\/belogue\/wp-content\/uploads\/2020\/02\/20200203-16-600x400.jpg 600w\" sizes=\"(max-width: 1170px) 100vw, 1170px\" \/><\/a>\n\t\t\t<\/div>\n\t\t\t\t<figcaption class='wp-caption-text gallery-caption' id='gallery-1-44933'>\n\t\t\t\tThe Inspector Cluzo @ le Caf\u00e9 de la Danse, Paris, 02\/02\/2020\n\t\t\t\t<\/figcaption><\/figure>\n\t\t<\/div>\n\n","protected":false},"excerpt":{"rendered":"The Inspector Cluzo @ le Caf\u00e9 de la Danse, Paris, 02\/02\/2020 The Inspector Cluzo @ le Caf\u00e9 de la Danse, Paris, 02\/02\/2020 The Inspector Cluzo @ le Caf\u00e9 de la Danse, Paris, 02\/02\/2020 The Inspector Cluzo @ le Caf\u00e9 de la Danse, Paris, 02\/02\/2020 The Inspector Cluzo @ le Caf\u00e9 de la Danse, Paris, 02\/02\/2020&hellip;","protected":false},"author":1,"featured_media":44932,"comment_status":"open","ping_status":"open","sticky":false,"template":"","format":"standard","meta":{"_acf_changed":false,"ngg_post_thumbnail":0,"jetpack_post_was_ever_published":false,"_jetpack_newsletter_access":"","_jetpack_dont_email_post_to_subs":false,"_jetpack_newsletter_tier_id":0,"_jetpack_memberships_contains_paywalled_content":false,"_jetpack_memberships_contains_paid_content":false,"footnotes":"","jetpack_publicize_message":"","jetpack_publicize_feature_enabled":true,"jetpack_social_post_already_shared":true,"jetpack_social_options":{"image_generator_settings":{"template":"highway","default_image_id":0,"font":"","enabled":false},"version":2}},"categories":[7],"tags":[2035,10183,10084,181,10120,14271,15878,14890,15309,10121,10598,10098,11390,14274,14043],"class_list":["post-44917","post","type-post","status-publish","format-standard","has-post-thumbnail","hentry","category-alive","tag-2035","tag-10183","tag-alive","tag-ef-70-200-mm-f28l-usm","tag-france","tag-fujifilm-x-t2","tag-fujifilm-x-t3","tag-fujinon-xf-10-24-mm-f-4-r-ois","tag-fujinon-xf-16-55-mm-f-2-8-r-lm-wr","tag-ile-de-france","tag-le-cafe-de-la-danse","tag-paris","tag-passage-louis-philippe","tag-samyang-8-mm-f2-8-umc-fisheye-ii","tag-the-inspector-cluzo"],"acf":[],"geo":{"latitude":48.8540955,"longitude":2.3728526,"description":"3-13 Passage Louis Philippe, 75011 Paris, France"},"jetpack_publicize_connections":[],"jetpack_featured_media_url":"https:\/\/www.wallendorff.com\/belogue\/wp-content\/uploads\/2020\/02\/20200203-15.jpg","jetpack_shortlink":"https:\/\/wp.me\/p3b35P-bGt","jetpack_sharing_enabled":true,"jetpack-related-posts":[{"id":48837,"url":"https:\/\/www.wallendorff.com\/belogue\/2021\/07\/21\/les-eurockeennes-en-residence-secondaire-belfort-20-juillet-2021\/","url_meta":{"origin":44917,"position":0},"title":"Les Eurock\u00e9ennes en r\u00e9sidence secondaire, Belfort, 20 juillet 2021.","author":"dpc","date":"21 juillet 2021","format":false,"excerpt":"Avec Fulu Miziki, Asher Selector, The Inspector Cluzo wsg Philippe Etchebest et Acid Arab. Les Eurock\u00e9ennes, Belfort, 20\/07\/2021 Les Eurock\u00e9ennes, Belfort, 20\/07\/2021 Les Eurock\u00e9ennes, Belfort, 20\/07\/2021 Les Eurock\u00e9ennes, Belfort, 20\/07\/2021 Les Eurock\u00e9ennes, Belfort, 20\/07\/2021 Les Eurock\u00e9ennes, Belfort, 20\/07\/2021 Fulu Miziki @ les Eurock\u00e9ennes, Belfort, 21\/07\/2021 The Smashing Pumpkins @ les\u2026","rel":"","context":"Dans &quot;Alive&quot;","block_context":{"text":"Alive","link":"https:\/\/www.wallendorff.com\/belogue\/category\/alive\/"},"img":{"alt_text":"","src":"https:\/\/i0.wp.com\/www.wallendorff.com\/belogue\/wp-content\/uploads\/2021\/07\/20210721-36.jpg?resize=350%2C200&ssl=1","width":350,"height":200,"srcset":"https:\/\/i0.wp.com\/www.wallendorff.com\/belogue\/wp-content\/uploads\/2021\/07\/20210721-36.jpg?resize=350%2C200&ssl=1 1x, https:\/\/i0.wp.com\/www.wallendorff.com\/belogue\/wp-content\/uploads\/2021\/07\/20210721-36.jpg?resize=525%2C300&ssl=1 1.5x, https:\/\/i0.wp.com\/www.wallendorff.com\/belogue\/wp-content\/uploads\/2021\/07\/20210721-36.jpg?resize=700%2C400&ssl=1 2x, https:\/\/i0.wp.com\/www.wallendorff.com\/belogue\/wp-content\/uploads\/2021\/07\/20210721-36.jpg?resize=1050%2C600&ssl=1 3x"},"classes":[]},{"id":40017,"url":"https:\/\/www.wallendorff.com\/belogue\/2018\/09\/25\/mien-eldorado-music-festival-le-cafe-de-la-danse-paris-24-septembre-2018\/","url_meta":{"origin":44917,"position":1},"title":"MIEN @ Eldorado Music Festival, le Caf\u00e9 de la Danse, Paris, 24 septembre 2018.","author":"dpc","date":"25 septembre 2018","format":false,"excerpt":"","rel":"","context":"Dans &quot;Alive&quot;","block_context":{"text":"Alive","link":"https:\/\/www.wallendorff.com\/belogue\/category\/alive\/"},"img":{"alt_text":"","src":"https:\/\/i0.wp.com\/www.wallendorff.com\/belogue\/wp-content\/uploads\/2018\/09\/20180925-02.jpg?resize=350%2C200&ssl=1","width":350,"height":200,"srcset":"https:\/\/i0.wp.com\/www.wallendorff.com\/belogue\/wp-content\/uploads\/2018\/09\/20180925-02.jpg?resize=350%2C200&ssl=1 1x, https:\/\/i0.wp.com\/www.wallendorff.com\/belogue\/wp-content\/uploads\/2018\/09\/20180925-02.jpg?resize=525%2C300&ssl=1 1.5x, https:\/\/i0.wp.com\/www.wallendorff.com\/belogue\/wp-content\/uploads\/2018\/09\/20180925-02.jpg?resize=700%2C400&ssl=1 2x, https:\/\/i0.wp.com\/www.wallendorff.com\/belogue\/wp-content\/uploads\/2018\/09\/20180925-02.jpg?resize=1050%2C600&ssl=1 3x"},"classes":[]},{"id":50049,"url":"https:\/\/www.wallendorff.com\/belogue\/2021\/11\/25\/le-mediatique-emballement-ii-matage\/","url_meta":{"origin":44917,"position":2},"title":"Le m\u00e9diatique emballement II : matage.","author":"dpc","date":"25 novembre 2021","format":false,"excerpt":"","rel":"","context":"Dans &quot;DPC&quot;","block_context":{"text":"DPC","link":"https:\/\/www.wallendorff.com\/belogue\/category\/dpc\/"},"img":{"alt_text":"","src":"https:\/\/i0.wp.com\/www.wallendorff.com\/belogue\/wp-content\/uploads\/2021\/11\/20211122-32.jpg?resize=350%2C200&ssl=1","width":350,"height":200,"srcset":"https:\/\/i0.wp.com\/www.wallendorff.com\/belogue\/wp-content\/uploads\/2021\/11\/20211122-32.jpg?resize=350%2C200&ssl=1 1x, https:\/\/i0.wp.com\/www.wallendorff.com\/belogue\/wp-content\/uploads\/2021\/11\/20211122-32.jpg?resize=525%2C300&ssl=1 1.5x, https:\/\/i0.wp.com\/www.wallendorff.com\/belogue\/wp-content\/uploads\/2021\/11\/20211122-32.jpg?resize=700%2C400&ssl=1 2x, https:\/\/i0.wp.com\/www.wallendorff.com\/belogue\/wp-content\/uploads\/2021\/11\/20211122-32.jpg?resize=1050%2C600&ssl=1 3x"},"classes":[]},{"id":127758,"url":"https:\/\/www.wallendorff.com\/belogue\/2024\/04\/16\/suivre-la-fleche-3-3-renaissance\/","url_meta":{"origin":44917,"position":3},"title":"Suivre la fl\u00e8che [3\/3] : Renaissance.","author":"dpc","date":"16 avril 2024","format":false,"excerpt":"Il s\u2019agissait de la reconstruire \u00e0 l\u2019identique.Mais quel identique\u00a0?Quand on a reb\u00e2ti la cath\u00e9drale de Varsovie apr\u00e8s le guerre, on l\u2019a reb\u00e2tie \u00e0 l\u2019identique\u2026 du XIVe si\u00e8cle. Pas dans son \u00e9tat de 1944. L\u2019identique est relatif, la fa\u00e7on dont on l\u2019interpr\u00e8te, un choix.Au Moyen-\u00c2ge, on b\u00e2tissait les cath\u00e9drales en mettant\u2026","rel":"","context":"Dans &quot;DPC&quot;","block_context":{"text":"DPC","link":"https:\/\/www.wallendorff.com\/belogue\/category\/dpc\/"},"img":{"alt_text":"","src":"https:\/\/i0.wp.com\/www.wallendorff.com\/belogue\/wp-content\/uploads\/2024\/04\/20240416-14.jpg?resize=350%2C200&ssl=1","width":350,"height":200,"srcset":"https:\/\/i0.wp.com\/www.wallendorff.com\/belogue\/wp-content\/uploads\/2024\/04\/20240416-14.jpg?resize=350%2C200&ssl=1 1x, https:\/\/i0.wp.com\/www.wallendorff.com\/belogue\/wp-content\/uploads\/2024\/04\/20240416-14.jpg?resize=525%2C300&ssl=1 1.5x, https:\/\/i0.wp.com\/www.wallendorff.com\/belogue\/wp-content\/uploads\/2024\/04\/20240416-14.jpg?resize=700%2C400&ssl=1 2x, https:\/\/i0.wp.com\/www.wallendorff.com\/belogue\/wp-content\/uploads\/2024\/04\/20240416-14.jpg?resize=1050%2C600&ssl=1 3x"},"classes":[]},{"id":130562,"url":"https:\/\/www.wallendorff.com\/belogue\/2024\/09\/09\/trois-petits-jours-et-puis-sen-vasque\/","url_meta":{"origin":44917,"position":4},"title":"Trois petits jours et puis s&rsquo;en vasque.","author":"dpc","date":"9 septembre 2024","format":false,"excerpt":"[Bon techniquement ces photos s'\u00e9talent sur 6 jours plut\u00f4t que 3 mais \u00e7'e\u00fbt rendu le jeu de mot encore plus foireux.]Adieu ma montgolfi\u00e8re pr\u00e9f\u00e9r\u00e9e. On se sera bien amus\u00e9.","rel":"","context":"Dans &quot;DPC&quot;","block_context":{"text":"DPC","link":"https:\/\/www.wallendorff.com\/belogue\/category\/dpc\/"},"img":{"alt_text":"","src":"https:\/\/i0.wp.com\/www.wallendorff.com\/belogue\/wp-content\/uploads\/2024\/09\/20240909-04.jpg?resize=350%2C200&ssl=1","width":350,"height":200,"srcset":"https:\/\/i0.wp.com\/www.wallendorff.com\/belogue\/wp-content\/uploads\/2024\/09\/20240909-04.jpg?resize=350%2C200&ssl=1 1x, https:\/\/i0.wp.com\/www.wallendorff.com\/belogue\/wp-content\/uploads\/2024\/09\/20240909-04.jpg?resize=525%2C300&ssl=1 1.5x, https:\/\/i0.wp.com\/www.wallendorff.com\/belogue\/wp-content\/uploads\/2024\/09\/20240909-04.jpg?resize=700%2C400&ssl=1 2x, https:\/\/i0.wp.com\/www.wallendorff.com\/belogue\/wp-content\/uploads\/2024\/09\/20240909-04.jpg?resize=1050%2C600&ssl=1 3x"},"classes":[]},{"id":50020,"url":"https:\/\/www.wallendorff.com\/belogue\/2021\/11\/23\/le-mediatique-emballement-i-montage\/","url_meta":{"origin":44917,"position":5},"title":"Le m\u00e9diatique emballement I : montage.","author":"dpc","date":"23 novembre 2021","format":false,"excerpt":"","rel":"","context":"Dans &quot;DPC&quot;","block_context":{"text":"DPC","link":"https:\/\/www.wallendorff.com\/belogue\/category\/dpc\/"},"img":{"alt_text":"","src":"https:\/\/i0.wp.com\/www.wallendorff.com\/belogue\/wp-content\/uploads\/2021\/11\/20211122-04.jpg?resize=350%2C200&ssl=1","width":350,"height":200,"srcset":"https:\/\/i0.wp.com\/www.wallendorff.com\/belogue\/wp-content\/uploads\/2021\/11\/20211122-04.jpg?resize=350%2C200&ssl=1 1x, https:\/\/i0.wp.com\/www.wallendorff.com\/belogue\/wp-content\/uploads\/2021\/11\/20211122-04.jpg?resize=525%2C300&ssl=1 1.5x, https:\/\/i0.wp.com\/www.wallendorff.com\/belogue\/wp-content\/uploads\/2021\/11\/20211122-04.jpg?resize=700%2C400&ssl=1 2x, https:\/\/i0.wp.com\/www.wallendorff.com\/belogue\/wp-content\/uploads\/2021\/11\/20211122-04.jpg?resize=1050%2C600&ssl=1 3x"},"classes":[]}],"_links":{"self":[{"href":"https:\/\/www.wallendorff.com\/belogue\/wp-json\/wp\/v2\/posts\/44917","targetHints":{"allow":["GET"]}}],"collection":[{"href":"https:\/\/www.wallendorff.com\/belogue\/wp-json\/wp\/v2\/posts"}],"about":[{"href":"https:\/\/www.wallendorff.com\/belogue\/wp-json\/wp\/v2\/types\/post"}],"author":[{"embeddable":true,"href":"https:\/\/www.wallendorff.com\/belogue\/wp-json\/wp\/v2\/users\/1"}],"replies":[{"embeddable":true,"href":"https:\/\/www.wallendorff.com\/belogue\/wp-json\/wp\/v2\/comments?post=44917"}],"version-history":[{"count":1,"href":"https:\/\/www.wallendorff.com\/belogue\/wp-json\/wp\/v2\/posts\/44917\/revisions"}],"predecessor-version":[{"id":44934,"href":"https:\/\/www.wallendorff.com\/belogue\/wp-json\/wp\/v2\/posts\/44917\/revisions\/44934"}],"wp:featuredmedia":[{"embeddable":true,"href":"https:\/\/www.wallendorff.com\/belogue\/wp-json\/wp\/v2\/media\/44932"}],"wp:attachment":[{"href":"https:\/\/www.wallendorff.com\/belogue\/wp-json\/wp\/v2\/media?parent=44917"}],"wp:term":[{"taxonomy":"category","embeddable":true,"href":"https:\/\/www.wallendorff.com\/belogue\/wp-json\/wp\/v2\/categories?post=44917"},{"taxonomy":"post_tag","embeddable":true,"href":"https:\/\/www.wallendorff.com\/belogue\/wp-json\/wp\/v2\/tags?post=44917"}],"curies":[{"name":"wp","href":"https:\/\/api.w.org\/{rel}","templated":true}]}}