{"id":448,"date":"2005-03-06T20:02:06","date_gmt":"2005-03-06T20:02:06","guid":{"rendered":"http:\/\/www.po-l.com\/wordpress\/?p=448"},"modified":"2012-02-14T11:03:23","modified_gmt":"2012-02-14T09:03:23","slug":"grand-pere-haut-rit-d-eau","status":"publish","type":"post","link":"https:\/\/www.wallendorff.com\/belogue\/2005\/03\/06\/grand-pere-haut-rit-d-eau\/","title":{"rendered":"Grand-p&egrave;re haut rit d&rsquo;eau."},"content":{"rendered":"\n<div id=\"photo\">\n<p><img decoding=\"async\" src=\"http:\/\/www.po-L.com\/belogue\/photo\/2005\/03\/20050306-01.jpg\" \/><br \/>\n          &Eacute;glise St-S&eacute;verin, Paris, 24 f&eacute;vrier.<\/p>\n<\/p><\/div>\n<p style=\"text-align:right\"><em>&quot;It&rsquo;s another sunny afternoon<br \/>\n        Yeah I&rsquo;ve been walking to the sound of my favorite tune<br \/>\n        Tomorrow never knows what it doesn&rsquo;t know too soon&quot;<\/em><\/p>\n<div id=\"bandeson\">\n<p><img decoding=\"async\" src=\"https:\/\/www.wallendorff.com\/belogue\/photo\/pochettes\/o\/oasis-whats_the_story_morning_glory.jpg\" align=\"left\" \/>&nbsp;<a href=\"http:\/\/www.oasininet.com\/\">Oasis<\/a> &ndash; <em>Morning Glory<\/em><\/p>\n<\/div>\n","protected":false},"excerpt":{"rendered":"<p>&Eacute;glise St-S&eacute;verin, Paris, 24 f&eacute;vrier. &quot;It&rsquo;s another sunny afternoon Yeah I&rsquo;ve been walking to the sound of my favorite tune Tomorrow never knows what it doesn&rsquo;t know too soon&quot; &nbsp;Oasis &ndash; Morning Glory<\/p>\n","protected":false},"author":1,"featured_media":24388,"comment_status":"open","ping_status":"open","sticky":false,"template":"","format":"standard","meta":{"_acf_changed":false,"ngg_post_thumbnail":0,"jetpack_post_was_ever_published":false,"_jetpack_newsletter_access":"","_jetpack_dont_email_post_to_subs":false,"_jetpack_newsletter_tier_id":0,"_jetpack_memberships_contains_paywalled_content":false,"_jetpack_memberships_contains_paid_content":false,"footnotes":"","jetpack_publicize_message":"","jetpack_publicize_feature_enabled":true,"jetpack_social_post_already_shared":false,"jetpack_social_options":{"image_generator_settings":{"template":"highway","default_image_id":0,"font":"","enabled":false},"version":2}},"categories":[3],"tags":[10239,157,132,10500,10238,867,10120,3560,10121,869,408,10098,10227],"class_list":["post-448","post","type-post","status-publish","format-standard","has-post-thumbnail","hentry","category-dpc","tag-10239","tag-ef-50-mm-f18-ii","tag-eos-20d","tag-contre-plongee","tag-eglise","tag-eglise-saint-severin","tag-france","tag-gouttiere","tag-ile-de-france","tag-morning-glory","tag-oasis","tag-paris","tag-statue"],"acf":[],"geo":{"latitude":48.8521042,"longitude":2.3453288,"description":null},"jetpack_publicize_connections":[],"jetpack_featured_media_url":"https:\/\/www.wallendorff.com\/belogue\/wp-content\/uploads\/2015\/04\/20050306-011.jpg","jetpack_shortlink":"https:\/\/wp.me\/p3b35P-7e","jetpack_sharing_enabled":true,"jetpack-related-posts":[{"id":446,"url":"https:\/\/www.wallendorff.com\/belogue\/2005\/03\/08\/chaises-dans-le-jardin-d-une-eglise\/","url_meta":{"origin":448,"position":0},"title":"Chaises dans le jardin d&rsquo;une &eacute;glise1.","author":"dpc","date":"8 mars 2005","format":false,"excerpt":"\u00c9glise Saint-S\u00e9verin Saint-Nicolas, 24 f\u00e9vrier. Je suis retomb\u00e9 dessus en rangeant des CD ce soir. C'est vraiment une de mes chansons de nuit pr\u00e9f\u00e9r\u00e9es, celle-ci. _____ 1 Apr\u00e8s tout, ici, y a rien de plus anormal qu'un titre normal, non\u00a0? \u00a0Pearl Jam \u2013 Indifference","rel":"","context":"Dans &quot;DPC&quot;","block_context":{"text":"DPC","link":"https:\/\/www.wallendorff.com\/belogue\/category\/dpc\/"},"img":{"alt_text":"","src":"https:\/\/i0.wp.com\/www.wallendorff.com\/belogue\/wp-content\/uploads\/2015\/04\/20050308-011.jpg?resize=350%2C200&ssl=1","width":350,"height":200},"classes":[]},{"id":135723,"url":"https:\/\/www.wallendorff.com\/belogue\/2026\/04\/08\/perissent-ils\/","url_meta":{"origin":448,"position":1},"title":"P\u00e9rissent-ils.","author":"dpc","date":"8 avril 2026","format":false,"excerpt":"Place de la Madeleine, Paris, 26 janvier 2026.","rel":"","context":"Dans &quot;DPC&quot;","block_context":{"text":"DPC","link":"https:\/\/www.wallendorff.com\/belogue\/category\/dpc\/"},"img":{"alt_text":"","src":"https:\/\/i0.wp.com\/www.wallendorff.com\/belogue\/wp-content\/uploads\/2026\/04\/20260408.jpg?resize=350%2C200&ssl=1","width":350,"height":200,"srcset":"https:\/\/i0.wp.com\/www.wallendorff.com\/belogue\/wp-content\/uploads\/2026\/04\/20260408.jpg?resize=350%2C200&ssl=1 1x, https:\/\/i0.wp.com\/www.wallendorff.com\/belogue\/wp-content\/uploads\/2026\/04\/20260408.jpg?resize=525%2C300&ssl=1 1.5x, https:\/\/i0.wp.com\/www.wallendorff.com\/belogue\/wp-content\/uploads\/2026\/04\/20260408.jpg?resize=700%2C400&ssl=1 2x, https:\/\/i0.wp.com\/www.wallendorff.com\/belogue\/wp-content\/uploads\/2026\/04\/20260408.jpg?resize=1050%2C600&ssl=1 3x"},"classes":[]},{"id":21442,"url":"https:\/\/www.wallendorff.com\/belogue\/2013\/08\/17\/into-the-wide-15\/","url_meta":{"origin":448,"position":2},"title":"Into the wide #15.","author":"dpc","date":"17 ao\u00fbt 2013","format":false,"excerpt":"\u00c9glise Saint-Louis-des-Invalides, Paris, 8 juin. It's Alright Weekend","rel":"","context":"Dans &quot;Into the wide&quot;","block_context":{"text":"Into the wide","link":"https:\/\/www.wallendorff.com\/belogue\/category\/into-the-wide\/"},"img":{"alt_text":"","src":"https:\/\/i0.wp.com\/www.wallendorff.com\/belogue\/wp-content\/uploads\/2015\/04\/201308171.jpg?resize=350%2C200&ssl=1","width":350,"height":200,"srcset":"https:\/\/i0.wp.com\/www.wallendorff.com\/belogue\/wp-content\/uploads\/2015\/04\/201308171.jpg?resize=350%2C200&ssl=1 1x, https:\/\/i0.wp.com\/www.wallendorff.com\/belogue\/wp-content\/uploads\/2015\/04\/201308171.jpg?resize=525%2C300&ssl=1 1.5x, https:\/\/i0.wp.com\/www.wallendorff.com\/belogue\/wp-content\/uploads\/2015\/04\/201308171.jpg?resize=700%2C400&ssl=1 2x"},"classes":[]},{"id":19759,"url":"https:\/\/www.wallendorff.com\/belogue\/2012\/12\/13\/inserer-titre-ici\/","url_meta":{"origin":448,"position":3},"title":"[Ins\u00e9rer titre ici.]","author":"dpc","date":"13 d\u00e9cembre 2012","format":false,"excerpt":"\u00c9glise su\u00e9doise, Paris, 2 septembre. [Plus le temps pour rien, je vous dis.] Passion Pit \u2013 Take a Walk","rel":"","context":"Dans &quot;DPC&quot;","block_context":{"text":"DPC","link":"https:\/\/www.wallendorff.com\/belogue\/category\/dpc\/"},"img":{"alt_text":"","src":"https:\/\/i0.wp.com\/www.wallendorff.com\/belogue\/wp-content\/uploads\/2015\/04\/201212131.jpg?resize=350%2C200&ssl=1","width":350,"height":200},"classes":[]},{"id":1202,"url":"https:\/\/www.wallendorff.com\/belogue\/2008\/04\/10\/lustre-eut-crux\/","url_meta":{"origin":448,"position":4},"title":"Lustre eut cr\u00fb.","author":"dpc","date":"10 avril 2008","format":false,"excerpt":"\u00c9glise Sainte Clotilde, Paris, 21 f\u00e9vrier. Mouarf. \u00a0Air Traffic \u2013 No More Running Away","rel":"","context":"Dans &quot;DPC&quot;","block_context":{"text":"DPC","link":"https:\/\/www.wallendorff.com\/belogue\/category\/dpc\/"},"img":{"alt_text":"","src":"https:\/\/i0.wp.com\/www.wallendorff.com\/belogue\/wp-content\/uploads\/2015\/04\/200804101.jpg?resize=350%2C200&ssl=1","width":350,"height":200},"classes":[]},{"id":9678,"url":"https:\/\/www.wallendorff.com\/belogue\/2010\/10\/17\/due-nef-avec-du-vieux\/","url_meta":{"origin":448,"position":5},"title":"Due nef (avec du vieux).","author":"dpc","date":"17 octobre 2010","format":false,"excerpt":"\u00c9glise Saint-Sulpice, Paris, 21 ao\u00fbt. \u00a0The Flaming Lips \u2013 Thank You Jack White (for the Fiber-Optic Jesus That You Gave Me)","rel":"","context":"Dans &quot;DPC&quot;","block_context":{"text":"DPC","link":"https:\/\/www.wallendorff.com\/belogue\/category\/dpc\/"},"img":{"alt_text":"","src":"https:\/\/i0.wp.com\/www.wallendorff.com\/belogue\/wp-content\/uploads\/2015\/04\/201010171.jpg?resize=350%2C200&ssl=1","width":350,"height":200,"srcset":"https:\/\/i0.wp.com\/www.wallendorff.com\/belogue\/wp-content\/uploads\/2015\/04\/201010171.jpg?resize=350%2C200&ssl=1 1x, https:\/\/i0.wp.com\/www.wallendorff.com\/belogue\/wp-content\/uploads\/2015\/04\/201010171.jpg?resize=525%2C300&ssl=1 1.5x"},"classes":[]}],"_links":{"self":[{"href":"https:\/\/www.wallendorff.com\/belogue\/wp-json\/wp\/v2\/posts\/448","targetHints":{"allow":["GET"]}}],"collection":[{"href":"https:\/\/www.wallendorff.com\/belogue\/wp-json\/wp\/v2\/posts"}],"about":[{"href":"https:\/\/www.wallendorff.com\/belogue\/wp-json\/wp\/v2\/types\/post"}],"author":[{"embeddable":true,"href":"https:\/\/www.wallendorff.com\/belogue\/wp-json\/wp\/v2\/users\/1"}],"replies":[{"embeddable":true,"href":"https:\/\/www.wallendorff.com\/belogue\/wp-json\/wp\/v2\/comments?post=448"}],"version-history":[{"count":1,"href":"https:\/\/www.wallendorff.com\/belogue\/wp-json\/wp\/v2\/posts\/448\/revisions"}],"predecessor-version":[{"id":15861,"href":"https:\/\/www.wallendorff.com\/belogue\/wp-json\/wp\/v2\/posts\/448\/revisions\/15861"}],"wp:featuredmedia":[{"embeddable":true,"href":"https:\/\/www.wallendorff.com\/belogue\/wp-json\/wp\/v2\/media\/24388"}],"wp:attachment":[{"href":"https:\/\/www.wallendorff.com\/belogue\/wp-json\/wp\/v2\/media?parent=448"}],"wp:term":[{"taxonomy":"category","embeddable":true,"href":"https:\/\/www.wallendorff.com\/belogue\/wp-json\/wp\/v2\/categories?post=448"},{"taxonomy":"post_tag","embeddable":true,"href":"https:\/\/www.wallendorff.com\/belogue\/wp-json\/wp\/v2\/tags?post=448"}],"curies":[{"name":"wp","href":"https:\/\/api.w.org\/{rel}","templated":true}]}}