{"id":4470,"date":"2009-08-13T10:26:18","date_gmt":"2009-08-13T08:26:18","guid":{"rendered":"http:\/\/www.po-l.com\/belogue\/?p=4470"},"modified":"2012-06-02T21:22:49","modified_gmt":"2012-06-02T19:22:49","slug":"certains-faux-regents-quon-devie-un-fort-gereront","status":"publish","type":"post","link":"https:\/\/www.wallendorff.com\/belogue\/2009\/08\/13\/certains-faux-regents-quon-devie-un-fort-gereront\/","title":{"rendered":"Certains faux r\u00e9gents qu&rsquo;on d\u00e9vie, un fort g\u00e8reront."},"content":{"rendered":"<div id=\"photo\">\n<p><img decoding=\"async\" src=\"https:\/\/www.wallendorff.com\/belogue\/photo\/2009\/08\/20090813.jpg\" \/><br \/>\nFisher Building, D&eacute;troit, 5 mai.<\/p>\n<\/div>\n<p style=\"text-align:right\">Puis errer entre l&rsquo;impossible et l&rsquo;improbable.<\/p>\n<div id=\"bandeson\">\n<p><img decoding=\"async\" src=\"https:\/\/www.wallendorff.com\/belogue\/photo\/pochettes\/g\/gonzalez_jose-veneer.jpg\" align=\"left\" \/> <a href=\"http:\/\/www.jose-gonzalez.com\/\">Jos&eacute; Gonz&aacute;lez<\/a> &ndash; <em>Remain<\/em><\/p>\n<\/div>\n","protected":false},"excerpt":{"rendered":"<p>Fisher Building, D&eacute;troit, 5 mai. Puis errer entre l&rsquo;impossible et l&rsquo;improbable. Jos&eacute; Gonz&aacute;lez &ndash; Remain<\/p>\n","protected":false},"author":1,"featured_media":25509,"comment_status":"open","ping_status":"open","sticky":false,"template":"","format":"standard","meta":{"_acf_changed":false,"ngg_post_thumbnail":0,"jetpack_post_was_ever_published":false,"_jetpack_newsletter_access":"","_jetpack_dont_email_post_to_subs":false,"_jetpack_newsletter_tier_id":0,"_jetpack_memberships_contains_paywalled_content":false,"_jetpack_memberships_contains_paid_content":false,"footnotes":"","jetpack_publicize_message":"","jetpack_publicize_feature_enabled":true,"jetpack_social_post_already_shared":false,"jetpack_social_options":{"image_generator_settings":{"template":"highway","default_image_id":0,"font":"","enabled":false},"version":2}},"categories":[3],"tags":[2615,10099,55,10314,2996,10448,54,257,2998,770,170],"class_list":["post-4470","post","type-post","status-publish","format-standard","has-post-thumbnail","hentry","category-dpc","tag-eos-5d-mark-ii","tag-detroit","tag-etats-unis","tag-etoile","tag-fisher-building","tag-jose-gonzalez","tag-michigan","tag-new-center","tag-remain","tag-rouge","tag-sigma-70-300-mm-f4-56-dg-apo-macro"],"acf":[],"geo":{"latitude":42.3696632,"longitude":-83.0772324,"description":null},"jetpack_publicize_connections":[],"jetpack_featured_media_url":"https:\/\/www.wallendorff.com\/belogue\/wp-content\/uploads\/2015\/04\/200908131.jpg","jetpack_shortlink":"https:\/\/wp.me\/p3b35P-1a6","jetpack_sharing_enabled":true,"jetpack-related-posts":[{"id":684,"url":"https:\/\/www.wallendorff.com\/belogue\/2004\/08\/25\/new-center-detroit\/","url_meta":{"origin":4470,"position":0},"title":"Fisher Building, D\u00e9troit.","author":"dpc","date":"25 ao\u00fbt 2004","format":false,"excerpt":"\u00a0Air \u2013 Cherry Blossom Girl","rel":"","context":"Dans &quot;DPC&quot;","block_context":{"text":"DPC","link":"https:\/\/www.wallendorff.com\/belogue\/category\/dpc\/"},"img":{"alt_text":"","src":"https:\/\/i0.wp.com\/www.wallendorff.com\/belogue\/wp-content\/uploads\/2015\/04\/701.jpg?resize=350%2C200&ssl=1","width":350,"height":200},"classes":[]},{"id":4464,"url":"https:\/\/www.wallendorff.com\/belogue\/2009\/08\/12\/coeur-dame-aigrie-se-ment\/","url_meta":{"origin":4470,"position":1},"title":"C\u0153ur d&rsquo;\u00e2me aigrie se ment.","author":"dpc","date":"12 ao\u00fbt 2009","format":false,"excerpt":"Fisher Building, D\u00e9troit, 5 mai. \u00a0Bloc Party \u2013 Trojan Horse","rel":"","context":"Dans &quot;DPC&quot;","block_context":{"text":"DPC","link":"https:\/\/www.wallendorff.com\/belogue\/category\/dpc\/"},"img":{"alt_text":"","src":"https:\/\/i0.wp.com\/www.wallendorff.com\/belogue\/wp-content\/uploads\/2015\/04\/200908121.jpg?resize=350%2C200&ssl=1","width":350,"height":200},"classes":[]},{"id":50623,"url":"https:\/\/www.wallendorff.com\/belogue\/2022\/01\/21\/siege-6a\/","url_meta":{"origin":4470,"position":2},"title":"Si\u00e8ge 6A.","author":"dpc","date":"21 janvier 2022","format":false,"excerpt":"Lilla G Jos\u00e9 Gonz\u00e1lez\u00a0\u00a0","rel":"","context":"Dans &quot;DPC&quot;","block_context":{"text":"DPC","link":"https:\/\/www.wallendorff.com\/belogue\/category\/dpc\/"},"img":{"alt_text":"","src":"https:\/\/i0.wp.com\/www.wallendorff.com\/belogue\/wp-content\/uploads\/2022\/01\/20220121-02.jpg?resize=350%2C200&ssl=1","width":350,"height":200,"srcset":"https:\/\/i0.wp.com\/www.wallendorff.com\/belogue\/wp-content\/uploads\/2022\/01\/20220121-02.jpg?resize=350%2C200&ssl=1 1x, https:\/\/i0.wp.com\/www.wallendorff.com\/belogue\/wp-content\/uploads\/2022\/01\/20220121-02.jpg?resize=525%2C300&ssl=1 1.5x, https:\/\/i0.wp.com\/www.wallendorff.com\/belogue\/wp-content\/uploads\/2022\/01\/20220121-02.jpg?resize=700%2C400&ssl=1 2x, https:\/\/i0.wp.com\/www.wallendorff.com\/belogue\/wp-content\/uploads\/2022\/01\/20220121-02.jpg?resize=1050%2C600&ssl=1 3x"},"classes":[]},{"id":1170,"url":"https:\/\/www.wallendorff.com\/belogue\/2008\/02\/25\/jos-gonzlez-la-cigale-paris\/","url_meta":{"origin":4470,"position":3},"title":"Jos\u00e9 Gonz\u00e1lez @ la Cigale, Paris.","author":"dpc","date":"25 f\u00e9vrier 2008","format":false,"excerpt":"Derri\u00e8re la premi\u00e8re partie prometteuse \u2013\u00a0mais g\u00e2ch\u00e9e par un son de basse pourri\u00a0\u2013 de Caribou, Jos\u00e9 Gonz\u00e1lez s\u2019approprie la Cigale enti\u00e8re d\u00e8s que le rideau rouge du th\u00e9\u00e2tre s\u2019ouvre sur lui. Assis au milieu de la sc\u00e8ne comme Ben Harper l\u2019aurait fait, le songwriter d\u00e9roule devant une toile de fond\u2026","rel":"","context":"Dans &quot;Alive&quot;","block_context":{"text":"Alive","link":"https:\/\/www.wallendorff.com\/belogue\/category\/alive\/"},"img":{"alt_text":"","src":"https:\/\/i0.wp.com\/www.wallendorff.com\/belogue\/wp-content\/uploads\/2015\/04\/200802251.jpg?resize=350%2C200&ssl=1","width":350,"height":200},"classes":[]},{"id":28904,"url":"https:\/\/www.wallendorff.com\/belogue\/2015\/08\/24\/into-the-wide-51\/","url_meta":{"origin":4470,"position":4},"title":"Into the wide #51.","author":"dpc","date":"24 ao\u00fbt 2015","format":false,"excerpt":"Place du March\u00e9-Principal, Cracovie, 10 mai. Leaf Off \/ The Cave Jos\u00e9 Gonz\u00e1lez","rel":"","context":"Dans &quot;Into the wide&quot;","block_context":{"text":"Into the wide","link":"https:\/\/www.wallendorff.com\/belogue\/category\/into-the-wide\/"},"img":{"alt_text":"","src":"https:\/\/i0.wp.com\/www.wallendorff.com\/belogue\/wp-content\/uploads\/2015\/08\/20150824.jpg?resize=350%2C200&ssl=1","width":350,"height":200,"srcset":"https:\/\/i0.wp.com\/www.wallendorff.com\/belogue\/wp-content\/uploads\/2015\/08\/20150824.jpg?resize=350%2C200&ssl=1 1x, https:\/\/i0.wp.com\/www.wallendorff.com\/belogue\/wp-content\/uploads\/2015\/08\/20150824.jpg?resize=525%2C300&ssl=1 1.5x, https:\/\/i0.wp.com\/www.wallendorff.com\/belogue\/wp-content\/uploads\/2015\/08\/20150824.jpg?resize=700%2C400&ssl=1 2x"},"classes":[]},{"id":29920,"url":"https:\/\/www.wallendorff.com\/belogue\/2016\/01\/05\/ruelle-no-1208\/","url_meta":{"origin":4470,"position":5},"title":"Ruelle no 1&nbsp;208.","author":"dpc","date":"5 janvier 2016","format":false,"excerpt":"Palais du Louvre, Paris, 7 septembre 2015. Small Town Boy (Bronski Beat cover) Jos\u00e9 Gonz\u00e1lez","rel":"","context":"Dans &quot;DPC&quot;","block_context":{"text":"DPC","link":"https:\/\/www.wallendorff.com\/belogue\/category\/dpc\/"},"img":{"alt_text":"","src":"https:\/\/i0.wp.com\/www.wallendorff.com\/belogue\/wp-content\/uploads\/2016\/01\/20160105.jpg?resize=350%2C200&ssl=1","width":350,"height":200,"srcset":"https:\/\/i0.wp.com\/www.wallendorff.com\/belogue\/wp-content\/uploads\/2016\/01\/20160105.jpg?resize=350%2C200&ssl=1 1x, https:\/\/i0.wp.com\/www.wallendorff.com\/belogue\/wp-content\/uploads\/2016\/01\/20160105.jpg?resize=525%2C300&ssl=1 1.5x"},"classes":[]}],"_links":{"self":[{"href":"https:\/\/www.wallendorff.com\/belogue\/wp-json\/wp\/v2\/posts\/4470","targetHints":{"allow":["GET"]}}],"collection":[{"href":"https:\/\/www.wallendorff.com\/belogue\/wp-json\/wp\/v2\/posts"}],"about":[{"href":"https:\/\/www.wallendorff.com\/belogue\/wp-json\/wp\/v2\/types\/post"}],"author":[{"embeddable":true,"href":"https:\/\/www.wallendorff.com\/belogue\/wp-json\/wp\/v2\/users\/1"}],"replies":[{"embeddable":true,"href":"https:\/\/www.wallendorff.com\/belogue\/wp-json\/wp\/v2\/comments?post=4470"}],"version-history":[{"count":1,"href":"https:\/\/www.wallendorff.com\/belogue\/wp-json\/wp\/v2\/posts\/4470\/revisions"}],"predecessor-version":[{"id":17557,"href":"https:\/\/www.wallendorff.com\/belogue\/wp-json\/wp\/v2\/posts\/4470\/revisions\/17557"}],"wp:featuredmedia":[{"embeddable":true,"href":"https:\/\/www.wallendorff.com\/belogue\/wp-json\/wp\/v2\/media\/25509"}],"wp:attachment":[{"href":"https:\/\/www.wallendorff.com\/belogue\/wp-json\/wp\/v2\/media?parent=4470"}],"wp:term":[{"taxonomy":"category","embeddable":true,"href":"https:\/\/www.wallendorff.com\/belogue\/wp-json\/wp\/v2\/categories?post=4470"},{"taxonomy":"post_tag","embeddable":true,"href":"https:\/\/www.wallendorff.com\/belogue\/wp-json\/wp\/v2\/tags?post=4470"}],"curies":[{"name":"wp","href":"https:\/\/api.w.org\/{rel}","templated":true}]}}