{"id":446,"date":"2005-03-08T00:33:38","date_gmt":"2005-03-08T00:33:38","guid":{"rendered":"http:\/\/www.po-l.com\/wordpress\/?p=446"},"modified":"2012-02-15T10:47:23","modified_gmt":"2012-02-15T08:47:23","slug":"chaises-dans-le-jardin-d-une-eglise","status":"publish","type":"post","link":"https:\/\/www.wallendorff.com\/belogue\/2005\/03\/08\/chaises-dans-le-jardin-d-une-eglise\/","title":{"rendered":"Chaises dans le jardin d&rsquo;une &eacute;glise<sup>1<\/sup>."},"content":{"rendered":"\n<div id=\"photo\">\n<p><img decoding=\"async\" src=\"http:\/\/www.po-L.com\/belogue\/photo\/2005\/03\/20050308-01.jpg\" \/><br \/>\n          &Eacute;glise Saint-S&eacute;verin Saint-Nicolas, 24 f&eacute;vrier.<\/p>\n<\/p><\/div>\n<p style=\"text-align:right\">Je suis retomb&eacute; dessus en rangeant des CD ce soir. C&rsquo;est vraiment une de mes chansons de nuit pr&eacute;f&eacute;r&eacute;es, celle-ci.<\/p>\n<p>_____<\/p>\n<div id=\"bas_note\">\n<p><sup>1<\/sup> Apr&egrave;s tout, ici, y a rien de plus anormal qu&rsquo;un titre normal, non&nbsp;?<\/p>\n<\/p><\/div>\n<div id=\"bandeson\">\n<p><img decoding=\"async\" src=\"https:\/\/www.wallendorff.com\/belogue\/photo\/pochettes\/p\/pearl_jam-vs.jpg\" align=\"left\" \/>&nbsp;<a href=\"http:\/\/www.tenclub.net\/\">Pearl Jam<\/a> &ndash; <em>Indifference<\/em><\/p>\n<\/p><\/div>\n","protected":false},"excerpt":{"rendered":"<p>&Eacute;glise Saint-S&eacute;verin Saint-Nicolas, 24 f&eacute;vrier. Je suis retomb&eacute; dessus en rangeant des CD ce soir. C&rsquo;est vraiment une de mes chansons de nuit pr&eacute;f&eacute;r&eacute;es, celle-ci. _____ 1 Apr&egrave;s tout, ici, y a rien de plus anormal qu&rsquo;un titre normal, non&nbsp;? &nbsp;Pearl Jam &ndash; Indifference<\/p>\n","protected":false},"author":1,"featured_media":24386,"comment_status":"open","ping_status":"open","sticky":false,"template":"","format":"standard","meta":{"_acf_changed":false,"ngg_post_thumbnail":0,"jetpack_post_was_ever_published":false,"_jetpack_newsletter_access":"","_jetpack_dont_email_post_to_subs":false,"_jetpack_newsletter_tier_id":0,"_jetpack_memberships_contains_paywalled_content":false,"_jetpack_memberships_contains_paid_content":false,"footnotes":"","jetpack_publicize_message":"","jetpack_publicize_feature_enabled":true,"jetpack_social_post_already_shared":false,"jetpack_social_options":{"image_generator_settings":{"template":"highway","default_image_id":0,"font":"","enabled":false},"version":2}},"categories":[3],"tags":[10239,774,157,10240,10238,867,10120,10121,872,10098,10165],"class_list":["post-446","post","type-post","status-publish","format-standard","has-post-thumbnail","hentry","category-dpc","tag-10239","tag-brun","tag-ef-50-mm-f18-ii","tag-chaises","tag-eglise","tag-eglise-saint-severin","tag-france","tag-ile-de-france","tag-indifference","tag-paris","tag-pearl-jam"],"acf":[],"geo":{"latitude":48.8516655,"longitude":2.3456292,"description":null},"jetpack_publicize_connections":[],"jetpack_featured_media_url":"https:\/\/www.wallendorff.com\/belogue\/wp-content\/uploads\/2015\/04\/20050308-011.jpg","jetpack_shortlink":"https:\/\/wp.me\/p3b35P-7c","jetpack_sharing_enabled":true,"jetpack-related-posts":[{"id":9637,"url":"https:\/\/www.wallendorff.com\/belogue\/2010\/10\/11\/peu-noie-chaises\/","url_meta":{"origin":446,"position":0},"title":"Peu noie chaises.","author":"dpc","date":"11 octobre 2010","format":false,"excerpt":"\u00c9glise Saint-Sulpice, Paris, 21 ao\u00fbt. Ah et sans vouloir pol\u00e9miquer, Je tiens \u00e0 dire qu'il est quand m\u00eame curieux d'interdire l'expo de Larry Clark aux mineurs chiliens alors qu'on sait tr\u00e8s bien que le jour o\u00f9 ils sortiront, les mineurs chiliens, ils pr\u00e9f\u00e8reront aller boire des bi\u00e8res au bar de\u2026","rel":"","context":"Dans &quot;DPC&quot;","block_context":{"text":"DPC","link":"https:\/\/www.wallendorff.com\/belogue\/category\/dpc\/"},"img":{"alt_text":"","src":"https:\/\/i0.wp.com\/www.wallendorff.com\/belogue\/wp-content\/uploads\/2015\/04\/201010111.jpg?resize=350%2C200&ssl=1","width":350,"height":200},"classes":[]},{"id":448,"url":"https:\/\/www.wallendorff.com\/belogue\/2005\/03\/06\/grand-pere-haut-rit-d-eau\/","url_meta":{"origin":446,"position":1},"title":"Grand-p&egrave;re haut rit d&rsquo;eau.","author":"dpc","date":"6 mars 2005","format":false,"excerpt":"\u00c9glise St-S\u00e9verin, Paris, 24 f\u00e9vrier. \"It's another sunny afternoon Yeah I've been walking to the sound of my favorite tune Tomorrow never knows what it doesn't know too soon\" \u00a0Oasis \u2013 Morning Glory","rel":"","context":"Dans &quot;DPC&quot;","block_context":{"text":"DPC","link":"https:\/\/www.wallendorff.com\/belogue\/category\/dpc\/"},"img":{"alt_text":"","src":"https:\/\/i0.wp.com\/www.wallendorff.com\/belogue\/wp-content\/uploads\/2015\/04\/20050306-011.jpg?resize=350%2C200&ssl=1","width":350,"height":200},"classes":[]},{"id":139,"url":"https:\/\/www.wallendorff.com\/belogue\/2006\/05\/01\/i-m-never-going-back-again\/","url_meta":{"origin":446,"position":2},"title":"I&rsquo;m never going back again.","author":"dpc","date":"1 mai 2006","format":false,"excerpt":"\u00c9glise St-Laurent, Paris, 15 avril. Il y a des jours o\u00f9 tomber sur la trois, C'est en avoir \u00e0 nouveau six. \u00a0Pearl Jam \u2013 Wasted Reprise","rel":"","context":"Dans &quot;DPC&quot;","block_context":{"text":"DPC","link":"https:\/\/www.wallendorff.com\/belogue\/category\/dpc\/"},"img":{"alt_text":"","src":"https:\/\/i0.wp.com\/www.wallendorff.com\/belogue\/wp-content\/uploads\/2015\/04\/200605011.jpg?resize=350%2C200&ssl=1","width":350,"height":200},"classes":[]},{"id":51613,"url":"https:\/\/www.wallendorff.com\/belogue\/2022\/06\/10\/servus-wien-5\/","url_meta":{"origin":446,"position":3},"title":"Servus Wien","author":"dpc","date":"10 juin 2022","format":false,"excerpt":"","rel":"","context":"Dans &quot;DPC&quot;","block_context":{"text":"DPC","link":"https:\/\/www.wallendorff.com\/belogue\/category\/dpc\/"},"img":{"alt_text":"","src":"https:\/\/i0.wp.com\/www.wallendorff.com\/belogue\/wp-content\/uploads\/2022\/06\/20220610-22.jpg?resize=350%2C200&ssl=1","width":350,"height":200,"srcset":"https:\/\/i0.wp.com\/www.wallendorff.com\/belogue\/wp-content\/uploads\/2022\/06\/20220610-22.jpg?resize=350%2C200&ssl=1 1x, https:\/\/i0.wp.com\/www.wallendorff.com\/belogue\/wp-content\/uploads\/2022\/06\/20220610-22.jpg?resize=525%2C300&ssl=1 1.5x, https:\/\/i0.wp.com\/www.wallendorff.com\/belogue\/wp-content\/uploads\/2022\/06\/20220610-22.jpg?resize=700%2C400&ssl=1 2x, https:\/\/i0.wp.com\/www.wallendorff.com\/belogue\/wp-content\/uploads\/2022\/06\/20220610-22.jpg?resize=1050%2C600&ssl=1 3x"},"classes":[]},{"id":524,"url":"https:\/\/www.wallendorff.com\/belogue\/2004\/12\/23\/les-rangs-errance\/","url_meta":{"origin":446,"position":4},"title":"Les rangs errance.","author":"dpc","date":"23 d\u00e9cembre 2004","format":false,"excerpt":"Cath\u00e9drale Saint-\u00c9tienne, 21 d\u00e9cembre. [Je sais pas, vous, mais perso je m'ennuie] \u00a0Serafin \u2014 Things Fall Apart","rel":"","context":"Dans &quot;DPC&quot;","block_context":{"text":"DPC","link":"https:\/\/www.wallendorff.com\/belogue\/category\/dpc\/"},"img":{"alt_text":"","src":"https:\/\/i0.wp.com\/www.wallendorff.com\/belogue\/wp-content\/uploads\/2015\/04\/504.jpg?resize=350%2C200&ssl=1","width":350,"height":200,"srcset":"https:\/\/i0.wp.com\/www.wallendorff.com\/belogue\/wp-content\/uploads\/2015\/04\/504.jpg?resize=350%2C200&ssl=1 1x, https:\/\/i0.wp.com\/www.wallendorff.com\/belogue\/wp-content\/uploads\/2015\/04\/504.jpg?resize=525%2C300&ssl=1 1.5x, https:\/\/i0.wp.com\/www.wallendorff.com\/belogue\/wp-content\/uploads\/2015\/04\/504.jpg?resize=700%2C400&ssl=1 2x"},"classes":[]},{"id":439,"url":"https:\/\/www.wallendorff.com\/belogue\/2005\/03\/15\/ca-m-isole-de-force\/","url_meta":{"origin":446,"position":5},"title":"&Ccedil;a m&rsquo;isole de force.","author":"dpc","date":"15 mars 2005","format":false,"excerpt":"Cath\u00e9drale Saint-\u00c9tienne, Metz, 10 mars. La bande-son sort de l\u00e0, y en a tout un album, je vous le conseille fortement. \u00a0Depeche Mode \u2013 Death's Door (Raph piano mix)","rel":"","context":"Dans &quot;DPC&quot;","block_context":{"text":"DPC","link":"https:\/\/www.wallendorff.com\/belogue\/category\/dpc\/"},"img":{"alt_text":"","src":"https:\/\/i0.wp.com\/www.wallendorff.com\/belogue\/wp-content\/uploads\/2015\/04\/20050315-011.jpg?resize=350%2C200&ssl=1","width":350,"height":200},"classes":[]}],"_links":{"self":[{"href":"https:\/\/www.wallendorff.com\/belogue\/wp-json\/wp\/v2\/posts\/446","targetHints":{"allow":["GET"]}}],"collection":[{"href":"https:\/\/www.wallendorff.com\/belogue\/wp-json\/wp\/v2\/posts"}],"about":[{"href":"https:\/\/www.wallendorff.com\/belogue\/wp-json\/wp\/v2\/types\/post"}],"author":[{"embeddable":true,"href":"https:\/\/www.wallendorff.com\/belogue\/wp-json\/wp\/v2\/users\/1"}],"replies":[{"embeddable":true,"href":"https:\/\/www.wallendorff.com\/belogue\/wp-json\/wp\/v2\/comments?post=446"}],"version-history":[{"count":1,"href":"https:\/\/www.wallendorff.com\/belogue\/wp-json\/wp\/v2\/posts\/446\/revisions"}],"predecessor-version":[{"id":15882,"href":"https:\/\/www.wallendorff.com\/belogue\/wp-json\/wp\/v2\/posts\/446\/revisions\/15882"}],"wp:featuredmedia":[{"embeddable":true,"href":"https:\/\/www.wallendorff.com\/belogue\/wp-json\/wp\/v2\/media\/24386"}],"wp:attachment":[{"href":"https:\/\/www.wallendorff.com\/belogue\/wp-json\/wp\/v2\/media?parent=446"}],"wp:term":[{"taxonomy":"category","embeddable":true,"href":"https:\/\/www.wallendorff.com\/belogue\/wp-json\/wp\/v2\/categories?post=446"},{"taxonomy":"post_tag","embeddable":true,"href":"https:\/\/www.wallendorff.com\/belogue\/wp-json\/wp\/v2\/tags?post=446"}],"curies":[{"name":"wp","href":"https:\/\/api.w.org\/{rel}","templated":true}]}}