{"id":44460,"date":"2019-12-16T12:39:47","date_gmt":"2019-12-16T10:39:47","guid":{"rendered":"http:\/\/www.wallendorff.com\/belogue\/?p=44460"},"modified":"2019-12-16T12:39:47","modified_gmt":"2019-12-16T10:39:47","slug":"sans-maitre-nuages-libres-2","status":"publish","type":"post","link":"https:\/\/www.wallendorff.com\/belogue\/2019\/12\/16\/sans-maitre-nuages-libres-2\/","title":{"rendered":"Sans ma\u00eetre, nuages libres."},"content":{"rendered":"<div id=\"photo\">\n<p><img decoding=\"async\" src=\"https:\/\/www.wallendorff.com\/belogue\/wp-content\/uploads\/2019\/12\/20191216.jpg\"><br \/>\n    Quelque part au-dessus du Valais, 8 septembre 2019.<\/p>\n<\/div>\n<p style=\"text-align: right\"\u00b7>Un A321 de la Lufthansa assurant un Barcelone &ndash; Francfort, crois&eacute; au-dessus de Vercorin.<\/p>\n<p style=\"text-align: right\"\u00b7>[J&rsquo;aurais aim&eacute; pouvoir vous en dire plus, mais m&ecirc;me en zoumant tr&egrave;s fort je n&rsquo;arrive pas &agrave; voir la couleur du slip du commandant de bord.]<\/p>\n<div id=\"bandeson\">\n<p><img decoding=\"async\" src=\"https:\/\/www.wallendorff.com\/belogue\/photo\/pochettes\/s\/seabear-waterphone.jpg\" align=\"left\" \/><a style=\"font-weight:normal\" id=\"lienmp3\" href=\"https:\/\/www.youtube.com\/watch?v=L7lkINWiPEA\"><em>Waterphone<\/em><\/a><br \/>\n    <a href=\"http:\/\/seabear.bandcamp.com\/\">Seabear<\/a><\/p>\n<\/p><\/div>\n","protected":false},"excerpt":{"rendered":"<p>Quelque part au-dessus du Valais, 8 septembre 2019. Un A321 de la Lufthansa assurant un Barcelone &ndash; Francfort, crois&eacute; au-dessus de Vercorin. [J&rsquo;aurais aim&eacute; pouvoir vous en dire plus, mais m&ecirc;me en zoumant tr&egrave;s fort je n&rsquo;arrive pas &agrave; voir la couleur du slip du commandant de bord.] Waterphone Seabear<\/p>\n","protected":false},"author":1,"featured_media":44462,"comment_status":"open","ping_status":"open","sticky":false,"template":"","format":"standard","meta":{"_acf_changed":false,"ngg_post_thumbnail":0,"jetpack_post_was_ever_published":false,"_jetpack_newsletter_access":"","_jetpack_dont_email_post_to_subs":false,"_jetpack_newsletter_tier_id":0,"_jetpack_memberships_contains_paywalled_content":false,"_jetpack_memberships_contains_paid_content":false,"footnotes":"","jetpack_publicize_message":"","jetpack_publicize_feature_enabled":true,"jetpack_social_post_already_shared":true,"jetpack_social_options":{"image_generator_settings":{"template":"highway","default_image_id":0,"font":"","enabled":false},"version":2}},"categories":[3],"tags":[10176,16111,10144,15878,15309,10599,16113,10886,16112,16114],"class_list":["post-44460","post","type-post","status-publish","format-standard","has-post-thumbnail","hentry","category-dpc","tag-avion","tag-canton-du-valais","tag-ciel","tag-fujifilm-x-t3","tag-fujinon-xf-16-55-mm-f-2-8-r-lm-wr","tag-nuage","tag-seabear","tag-suisse","tag-vercorin","tag-waterphone"],"acf":[],"geo":{"latitude":46.2519798,"longitude":7.5304413,"description":"Vercorin, Canton du Valais, 3967, CH"},"jetpack_publicize_connections":[],"jetpack_featured_media_url":"https:\/\/www.wallendorff.com\/belogue\/wp-content\/uploads\/2019\/12\/20191216.jpg","jetpack_shortlink":"https:\/\/wp.me\/p3b35P-bz6","jetpack_sharing_enabled":true,"jetpack-related-posts":[{"id":44469,"url":"https:\/\/www.wallendorff.com\/belogue\/2019\/11\/30\/novembre-2019\/","url_meta":{"origin":44460,"position":0},"title":"Novembre 2019.","author":"dpc","date":"30 novembre 2019","format":false,"excerpt":"Des fromages, une abbaye, un fort, des \u00e9tiquettes, une frite, un mariage, un a\u00e9roport, un avion, une chambre, un pont, une ruelle, une citrouille, une statue, une fresque, un gratte-ciel, une citrouille, une statue, une statue, un gratte-ciel, un m\u00e9tro, une avenue, une patinoire, un di\u0161quaire, un match, une citrouille,\u2026","rel":"","context":"Dans &quot;Blog-note&quot;","block_context":{"text":"Blog-note","link":"https:\/\/www.wallendorff.com\/belogue\/category\/blog-note\/"},"img":{"alt_text":"","src":"https:\/\/i0.wp.com\/www.wallendorff.com\/belogue\/wp-content\/uploads\/2019\/12\/20191220-11.jpg?resize=350%2C200&ssl=1","width":350,"height":200,"srcset":"https:\/\/i0.wp.com\/www.wallendorff.com\/belogue\/wp-content\/uploads\/2019\/12\/20191220-11.jpg?resize=350%2C200&ssl=1 1x, https:\/\/i0.wp.com\/www.wallendorff.com\/belogue\/wp-content\/uploads\/2019\/12\/20191220-11.jpg?resize=525%2C300&ssl=1 1.5x, https:\/\/i0.wp.com\/www.wallendorff.com\/belogue\/wp-content\/uploads\/2019\/12\/20191220-11.jpg?resize=700%2C400&ssl=1 2x, https:\/\/i0.wp.com\/www.wallendorff.com\/belogue\/wp-content\/uploads\/2019\/12\/20191220-11.jpg?resize=1050%2C600&ssl=1 3x"},"classes":[]},{"id":134210,"url":"https:\/\/www.wallendorff.com\/belogue\/2025\/10\/29\/brasil-brasil-ix-un-christ-dans-la-nuit\/","url_meta":{"origin":44460,"position":1},"title":"[Brasil Brasil IX] Un c[h]ri[st] dans la nuit.","author":"dpc","date":"29 octobre 2025","format":false,"excerpt":"Rio de Janeiro, 25 et 26 mai 2025.Une fois n'est pas coutume, nous allons causer technique.Elle n'a pas \u00e9t\u00e9 simple \u00e0 faire, cette photo de nuit. Il a fallu surmonter des contraintes assez classiques (pollution lumineuse et couverture nuageuse, la routine), mais aussi des probl\u00e8mes plus sp\u00e9cifiques. Une statue tr\u00e8s\u2026","rel":"","context":"Dans &quot;DPC&quot;","block_context":{"text":"DPC","link":"https:\/\/www.wallendorff.com\/belogue\/category\/dpc\/"},"img":{"alt_text":"","src":"https:\/\/i0.wp.com\/www.wallendorff.com\/belogue\/wp-content\/uploads\/2025\/10\/20251029-06.jpg?resize=350%2C200&ssl=1","width":350,"height":200,"srcset":"https:\/\/i0.wp.com\/www.wallendorff.com\/belogue\/wp-content\/uploads\/2025\/10\/20251029-06.jpg?resize=350%2C200&ssl=1 1x, https:\/\/i0.wp.com\/www.wallendorff.com\/belogue\/wp-content\/uploads\/2025\/10\/20251029-06.jpg?resize=525%2C300&ssl=1 1.5x, https:\/\/i0.wp.com\/www.wallendorff.com\/belogue\/wp-content\/uploads\/2025\/10\/20251029-06.jpg?resize=700%2C400&ssl=1 2x, https:\/\/i0.wp.com\/www.wallendorff.com\/belogue\/wp-content\/uploads\/2025\/10\/20251029-06.jpg?resize=1050%2C600&ssl=1 3x"},"classes":[]},{"id":1375,"url":"https:\/\/www.wallendorff.com\/belogue\/2004\/12\/25\/2004en-2\/","url_meta":{"origin":44460,"position":2},"title":"2004 en&#8230;","author":"dpc","date":"25 d\u00e9cembre 2004","format":false,"excerpt":"Cimeti\u00e8re du P\u00e8re-Lachaise, Paris, 1er f\u00e9vrier1. 2004 en 5 concerts\u00a0: The White Stripes + Blanche \u2013 le Z\u00e9nith \u2013 Paris \u2013 1er f\u00e9vrier Interpol + Secret Machines \u2013 State Theater \u2013 D\u00e9troit \u2013 15 octobre Flogging Molly \u2013 State Theater \u2013 D\u00e9troit \u2013 07 octobre Radiohead \u2013 Coachella Festival \u2013\u2026","rel":"","context":"Dans &quot;DPC&quot;","block_context":{"text":"DPC","link":"https:\/\/www.wallendorff.com\/belogue\/category\/dpc\/"},"img":{"alt_text":"","src":"https:\/\/i0.wp.com\/www.wallendorff.com\/belogue\/wp-content\/uploads\/2015\/04\/527.jpg?resize=350%2C200&ssl=1","width":350,"height":200,"srcset":"https:\/\/i0.wp.com\/www.wallendorff.com\/belogue\/wp-content\/uploads\/2015\/04\/527.jpg?resize=350%2C200&ssl=1 1x, https:\/\/i0.wp.com\/www.wallendorff.com\/belogue\/wp-content\/uploads\/2015\/04\/527.jpg?resize=525%2C300&ssl=1 1.5x, https:\/\/i0.wp.com\/www.wallendorff.com\/belogue\/wp-content\/uploads\/2015\/04\/527.jpg?resize=700%2C400&ssl=1 2x"},"classes":[]},{"id":130417,"url":"https:\/\/www.wallendorff.com\/belogue\/2024\/08\/29\/there-we-were-now-here-we-are\/","url_meta":{"origin":44460,"position":3},"title":"There we were, now here we are.","author":"dpc","date":"29 ao\u00fbt 2024","format":false,"excerpt":"Rock en Seine, Domaine national de Saint-Cloud, 28 ao\u00fbt 2009.J\u2019ai photographi\u00e9 ces trois jeunes filles du premier rang du public de Rock en Seine le 28 ao\u00fbt 2009 \u00e0 21 h 59 min 41 s, juste avant le concert d\u2019Oasis, juste avant l\u2019annonce de la plus fameuse baston-\u00e0-coups-de-guitares-en- loges\u00b9 de\u2026","rel":"","context":"Dans &quot;Alive&quot;","block_context":{"text":"Alive","link":"https:\/\/www.wallendorff.com\/belogue\/category\/alive\/"},"img":{"alt_text":"","src":"https:\/\/i0.wp.com\/www.wallendorff.com\/belogue\/wp-content\/uploads\/2024\/08\/20240829-01.jpg?resize=350%2C200&ssl=1","width":350,"height":200,"srcset":"https:\/\/i0.wp.com\/www.wallendorff.com\/belogue\/wp-content\/uploads\/2024\/08\/20240829-01.jpg?resize=350%2C200&ssl=1 1x, https:\/\/i0.wp.com\/www.wallendorff.com\/belogue\/wp-content\/uploads\/2024\/08\/20240829-01.jpg?resize=525%2C300&ssl=1 1.5x, https:\/\/i0.wp.com\/www.wallendorff.com\/belogue\/wp-content\/uploads\/2024\/08\/20240829-01.jpg?resize=700%2C400&ssl=1 2x, https:\/\/i0.wp.com\/www.wallendorff.com\/belogue\/wp-content\/uploads\/2024\/08\/20240829-01.jpg?resize=1050%2C600&ssl=1 3x"},"classes":[]},{"id":18959,"url":"https:\/\/www.wallendorff.com\/belogue\/2012\/09\/13\/du-monde-aux-balkans\/","url_meta":{"origin":44460,"position":4},"title":"Du monde aux Balkans.","author":"dpc","date":"13 septembre 2012","format":false,"excerpt":"Quelque part au-dessus d'Omi\u0161, 28 juillet. Redd Kross \u2013 Researching the Blues","rel":"","context":"Dans &quot;DPC&quot;","block_context":{"text":"DPC","link":"https:\/\/www.wallendorff.com\/belogue\/category\/dpc\/"},"img":{"alt_text":"","src":"https:\/\/i0.wp.com\/www.wallendorff.com\/belogue\/wp-content\/uploads\/2015\/04\/201209131.jpg?resize=350%2C200&ssl=1","width":350,"height":200,"srcset":"https:\/\/i0.wp.com\/www.wallendorff.com\/belogue\/wp-content\/uploads\/2015\/04\/201209131.jpg?resize=350%2C200&ssl=1 1x, https:\/\/i0.wp.com\/www.wallendorff.com\/belogue\/wp-content\/uploads\/2015\/04\/201209131.jpg?resize=525%2C300&ssl=1 1.5x, https:\/\/i0.wp.com\/www.wallendorff.com\/belogue\/wp-content\/uploads\/2015\/04\/201209131.jpg?resize=700%2C400&ssl=1 2x"},"classes":[]},{"id":18599,"url":"https:\/\/www.wallendorff.com\/belogue\/2012\/08\/10\/pas-dessus-mes-cent-feuilles\/","url_meta":{"origin":44460,"position":5},"title":"Pas dessus mes cent feuilles.","author":"dpc","date":"10 ao\u00fbt 2012","format":false,"excerpt":"Shakespeare & Co., Paris, 7 juin. Isobel Campbell \u2013 Walk Away (Franz Ferdinand cover)","rel":"","context":"Dans &quot;DPC&quot;","block_context":{"text":"DPC","link":"https:\/\/www.wallendorff.com\/belogue\/category\/dpc\/"},"img":{"alt_text":"","src":"https:\/\/i0.wp.com\/www.wallendorff.com\/belogue\/wp-content\/uploads\/2015\/04\/201208101.jpg?resize=350%2C200&ssl=1","width":350,"height":200,"srcset":"https:\/\/i0.wp.com\/www.wallendorff.com\/belogue\/wp-content\/uploads\/2015\/04\/201208101.jpg?resize=350%2C200&ssl=1 1x, https:\/\/i0.wp.com\/www.wallendorff.com\/belogue\/wp-content\/uploads\/2015\/04\/201208101.jpg?resize=525%2C300&ssl=1 1.5x, https:\/\/i0.wp.com\/www.wallendorff.com\/belogue\/wp-content\/uploads\/2015\/04\/201208101.jpg?resize=700%2C400&ssl=1 2x"},"classes":[]}],"_links":{"self":[{"href":"https:\/\/www.wallendorff.com\/belogue\/wp-json\/wp\/v2\/posts\/44460","targetHints":{"allow":["GET"]}}],"collection":[{"href":"https:\/\/www.wallendorff.com\/belogue\/wp-json\/wp\/v2\/posts"}],"about":[{"href":"https:\/\/www.wallendorff.com\/belogue\/wp-json\/wp\/v2\/types\/post"}],"author":[{"embeddable":true,"href":"https:\/\/www.wallendorff.com\/belogue\/wp-json\/wp\/v2\/users\/1"}],"replies":[{"embeddable":true,"href":"https:\/\/www.wallendorff.com\/belogue\/wp-json\/wp\/v2\/comments?post=44460"}],"version-history":[{"count":2,"href":"https:\/\/www.wallendorff.com\/belogue\/wp-json\/wp\/v2\/posts\/44460\/revisions"}],"predecessor-version":[{"id":44463,"href":"https:\/\/www.wallendorff.com\/belogue\/wp-json\/wp\/v2\/posts\/44460\/revisions\/44463"}],"wp:featuredmedia":[{"embeddable":true,"href":"https:\/\/www.wallendorff.com\/belogue\/wp-json\/wp\/v2\/media\/44462"}],"wp:attachment":[{"href":"https:\/\/www.wallendorff.com\/belogue\/wp-json\/wp\/v2\/media?parent=44460"}],"wp:term":[{"taxonomy":"category","embeddable":true,"href":"https:\/\/www.wallendorff.com\/belogue\/wp-json\/wp\/v2\/categories?post=44460"},{"taxonomy":"post_tag","embeddable":true,"href":"https:\/\/www.wallendorff.com\/belogue\/wp-json\/wp\/v2\/tags?post=44460"}],"curies":[{"name":"wp","href":"https:\/\/api.w.org\/{rel}","templated":true}]}}