{"id":44429,"date":"2019-12-10T17:02:30","date_gmt":"2019-12-10T15:02:30","guid":{"rendered":"http:\/\/www.wallendorff.com\/belogue\/?p=44429"},"modified":"2019-12-10T17:02:30","modified_gmt":"2019-12-10T15:02:30","slug":"into-the-wide-189-190","status":"publish","type":"post","link":"https:\/\/www.wallendorff.com\/belogue\/2019\/12\/10\/into-the-wide-189-190\/","title":{"rendered":"Into the wide #189, 190."},"content":{"rendered":"<div id=\"photo\">\n<p><img decoding=\"async\" src=\"https:\/\/www.wallendorff.com\/belogue\/wp-content\/uploads\/2019\/12\/20191210.jpg\"><br \/>\nPlace de l&rsquo;Ind\u00e9pendance, Sofia, 7 septembre 2019.<\/p>\n<\/div>\n<div id=\"photo2\">\n<p><img decoding=\"async\" src=\"https:\/\/www.wallendorff.com\/belogue\/wp-content\/uploads\/2019\/12\/20191210-02.jpg\"><\/p>\n<\/div>\n<div id=\"bandeson\">\n<p><img decoding=\"async\" src=\"https:\/\/www.wallendorff.com\/belogue\/photo\/pochettes\/s\/slp_the-the_slp.jpg\" align=\"left\"><a id=\"lienmp3\" style=\"font-weight: normal;\" href=\"http:\/\/www.youtube.com\/watch?v=xSuDTcJy__c\"><em>((trance))<\/em><\/a><br \/>\n<a href=\"https:\/\/www.the-slp.com\/\">The S.L.P.<\/a><\/p>\n<\/div>\n","protected":false},"excerpt":{"rendered":"<p>Place de l&rsquo;Ind\u00e9pendance, Sofia, 7 septembre 2019. ((trance)) The S.L.P.<\/p>\n","protected":false},"author":1,"featured_media":44430,"comment_status":"open","ping_status":"open","sticky":false,"template":"","format":"standard","meta":{"_acf_changed":false,"ngg_post_thumbnail":0,"jetpack_post_was_ever_published":false,"_jetpack_newsletter_access":"","_jetpack_dont_email_post_to_subs":false,"_jetpack_newsletter_tier_id":0,"_jetpack_memberships_contains_paywalled_content":false,"_jetpack_memberships_contains_paid_content":false,"footnotes":"","jetpack_publicize_message":"","jetpack_publicize_feature_enabled":true,"jetpack_social_post_already_shared":true,"jetpack_social_options":{"image_generator_settings":{"template":"highway","default_image_id":0,"font":"","enabled":false},"version":2}},"categories":[7356],"tags":[16102,15928,10326,15878,15309,15942,11323,15963,10592,15912,15913,16101],"class_list":["post-44429","post","type-post","status-publish","format-standard","has-post-thumbnail","hentry","category-into-the-wide","tag-trance","tag-bulgarie","tag-crepuscule","tag-fujifilm-x-t3","tag-fujinon-xf-16-55-mm-f-2-8-r-lm-wr","tag-largo","tag-panoramique","tag-place-de-lindependance","tag-pose-longue","tag-sofia","tag-sofia-ville","tag-the-s-l-p"],"acf":[],"geo":{"latitude":42.6976204,"longitude":23.3231812,"description":null},"jetpack_publicize_connections":[],"jetpack_featured_media_url":"https:\/\/www.wallendorff.com\/belogue\/wp-content\/uploads\/2019\/12\/20191210.jpg","jetpack_shortlink":"https:\/\/wp.me\/p3b35P-byB","jetpack_sharing_enabled":true,"jetpack-related-posts":[{"id":44434,"url":"https:\/\/www.wallendorff.com\/belogue\/2019\/12\/13\/%d0%b7%d0%b4%d1%80%d0%b0%d0%b2%d0%b5%d0%b9-%d0%b1%d1%8a%d0%bb%d0%b3%d0%b0%d1%80%d0%b8%d1%8f-tcho-la-bulgarie-sofia-iii\/","url_meta":{"origin":44429,"position":0},"title":"\u0417\u0434\u0440\u0430\u0432\u0435\u0439 \u0411\u044a\u043b\u0433\u0430\u0440\u0438\u044f [tch\u00f4 la Bulgarie] \u2013 Sofia [III]","author":"dpc","date":"13 d\u00e9cembre 2019","format":false,"excerpt":"7 et 8 septembre 2019.","rel":"","context":"Dans &quot;DPC&quot;","block_context":{"text":"DPC","link":"https:\/\/www.wallendorff.com\/belogue\/category\/dpc\/"},"img":{"alt_text":"","src":"https:\/\/i0.wp.com\/www.wallendorff.com\/belogue\/wp-content\/uploads\/2019\/12\/20191213-08.jpg?resize=350%2C200&ssl=1","width":350,"height":200,"srcset":"https:\/\/i0.wp.com\/www.wallendorff.com\/belogue\/wp-content\/uploads\/2019\/12\/20191213-08.jpg?resize=350%2C200&ssl=1 1x, https:\/\/i0.wp.com\/www.wallendorff.com\/belogue\/wp-content\/uploads\/2019\/12\/20191213-08.jpg?resize=525%2C300&ssl=1 1.5x, https:\/\/i0.wp.com\/www.wallendorff.com\/belogue\/wp-content\/uploads\/2019\/12\/20191213-08.jpg?resize=700%2C400&ssl=1 2x, https:\/\/i0.wp.com\/www.wallendorff.com\/belogue\/wp-content\/uploads\/2019\/12\/20191213-08.jpg?resize=1050%2C600&ssl=1 3x"},"classes":[]},{"id":43980,"url":"https:\/\/www.wallendorff.com\/belogue\/2019\/10\/21\/%d0%b7%d0%b4%d1%80%d0%b0%d0%b2%d0%b5%d0%b9-%d0%b1%d1%8a%d0%bb%d0%b3%d0%b0%d1%80%d0%b8%d1%8f-tcho-la-bulgarie-sofia-i\/","url_meta":{"origin":44429,"position":1},"title":"\u0417\u0434\u0440\u0430\u0432\u0435\u0439 \u0411\u044a\u043b\u0433\u0430\u0440\u0438\u044f [tch\u00f4 la Bulgarie] \u2013 Sofia [I]","author":"dpc","date":"21 octobre 2019","format":false,"excerpt":"","rel":"","context":"Dans &quot;DPC&quot;","block_context":{"text":"DPC","link":"https:\/\/www.wallendorff.com\/belogue\/category\/dpc\/"},"img":{"alt_text":"","src":"https:\/\/i0.wp.com\/www.wallendorff.com\/belogue\/wp-content\/uploads\/2019\/10\/20191017-03.jpg?resize=350%2C200&ssl=1","width":350,"height":200,"srcset":"https:\/\/i0.wp.com\/www.wallendorff.com\/belogue\/wp-content\/uploads\/2019\/10\/20191017-03.jpg?resize=350%2C200&ssl=1 1x, https:\/\/i0.wp.com\/www.wallendorff.com\/belogue\/wp-content\/uploads\/2019\/10\/20191017-03.jpg?resize=525%2C300&ssl=1 1.5x, https:\/\/i0.wp.com\/www.wallendorff.com\/belogue\/wp-content\/uploads\/2019\/10\/20191017-03.jpg?resize=700%2C400&ssl=1 2x, https:\/\/i0.wp.com\/www.wallendorff.com\/belogue\/wp-content\/uploads\/2019\/10\/20191017-03.jpg?resize=1050%2C600&ssl=1 3x"},"classes":[]},{"id":43880,"url":"https:\/\/www.wallendorff.com\/belogue\/2019\/09\/30\/septembre-2019\/","url_meta":{"origin":44429,"position":2},"title":"Septembre 2019.","author":"dpc","date":"30 septembre 2019","format":false,"excerpt":"Un trottoir, une cath\u00e9drale, un restaurant, un ap\u00e9ro, un b\u00e2timent colossal, un quai de m\u00e9tropolitain, un coucher de soleil, une colline, des pyramides, une autoroute, un cr\u00e9puscule, une grotte, un lever de soleil, une jet\u00e9e, un pont, une plage, une route, une vieille ville, un ap\u00e9ro, un trottoir, un quai\u2026","rel":"","context":"Dans &quot;Blog-note&quot;","block_context":{"text":"Blog-note","link":"https:\/\/www.wallendorff.com\/belogue\/category\/blog-note\/"},"img":{"alt_text":"","src":"https:\/\/i0.wp.com\/www.wallendorff.com\/belogue\/wp-content\/uploads\/2019\/10\/20191015-15.jpg?resize=350%2C200&ssl=1","width":350,"height":200,"srcset":"https:\/\/i0.wp.com\/www.wallendorff.com\/belogue\/wp-content\/uploads\/2019\/10\/20191015-15.jpg?resize=350%2C200&ssl=1 1x, https:\/\/i0.wp.com\/www.wallendorff.com\/belogue\/wp-content\/uploads\/2019\/10\/20191015-15.jpg?resize=525%2C300&ssl=1 1.5x, https:\/\/i0.wp.com\/www.wallendorff.com\/belogue\/wp-content\/uploads\/2019\/10\/20191015-15.jpg?resize=700%2C400&ssl=1 2x, https:\/\/i0.wp.com\/www.wallendorff.com\/belogue\/wp-content\/uploads\/2019\/10\/20191015-15.jpg?resize=1050%2C600&ssl=1 3x"},"classes":[]},{"id":44026,"url":"https:\/\/www.wallendorff.com\/belogue\/2019\/10\/23\/%d0%b7%d0%b4%d1%80%d0%b0%d0%b2%d0%b5%d0%b9-%d0%b1%d1%8a%d0%bb%d0%b3%d0%b0%d1%80%d0%b8%d1%8f-tcho-la-bulgarie-sofia-ii\/","url_meta":{"origin":44429,"position":3},"title":"\u0417\u0434\u0440\u0430\u0432\u0435\u0439 \u0411\u044a\u043b\u0433\u0430\u0440\u0438\u044f [tch\u00f4 la Bulgarie] \u2013 Sofia [II]","author":"dpc","date":"23 octobre 2019","format":false,"excerpt":"","rel":"","context":"Dans &quot;DPC&quot;","block_context":{"text":"DPC","link":"https:\/\/www.wallendorff.com\/belogue\/category\/dpc\/"},"img":{"alt_text":"","src":"https:\/\/i0.wp.com\/www.wallendorff.com\/belogue\/wp-content\/uploads\/2019\/10\/20191023-32.jpg?resize=350%2C200&ssl=1","width":350,"height":200,"srcset":"https:\/\/i0.wp.com\/www.wallendorff.com\/belogue\/wp-content\/uploads\/2019\/10\/20191023-32.jpg?resize=350%2C200&ssl=1 1x, https:\/\/i0.wp.com\/www.wallendorff.com\/belogue\/wp-content\/uploads\/2019\/10\/20191023-32.jpg?resize=525%2C300&ssl=1 1.5x, https:\/\/i0.wp.com\/www.wallendorff.com\/belogue\/wp-content\/uploads\/2019\/10\/20191023-32.jpg?resize=700%2C400&ssl=1 2x, https:\/\/i0.wp.com\/www.wallendorff.com\/belogue\/wp-content\/uploads\/2019\/10\/20191023-32.jpg?resize=1050%2C600&ssl=1 3x"},"classes":[]},{"id":43739,"url":"https:\/\/www.wallendorff.com\/belogue\/2019\/08\/31\/aout-2019\/","url_meta":{"origin":44429,"position":4},"title":"Ao\u00fbt 2019.","author":"dpc","date":"31 ao\u00fbt 2019","format":false,"excerpt":"Une colonie de chats, un chien, un vide-grenier, un barbecue, une autoroute, un ap\u00e9ro, un arc de triomphe, un bateau, une tour, un bateau, un boulevard, un h\u00f4pital, une affichette, un escalier, un reflet, un ap\u00e9ro, un chat pr\u00e9nomm\u00e9 Mouch\u00e0m', une vache, des sangliers, un parc, un daim, des vautours,\u2026","rel":"","context":"Dans &quot;Blog-note&quot;","block_context":{"text":"Blog-note","link":"https:\/\/www.wallendorff.com\/belogue\/category\/blog-note\/"},"img":{"alt_text":"","src":"https:\/\/i0.wp.com\/www.wallendorff.com\/belogue\/wp-content\/uploads\/2019\/09\/20190927-07.jpg?resize=350%2C200&ssl=1","width":350,"height":200,"srcset":"https:\/\/i0.wp.com\/www.wallendorff.com\/belogue\/wp-content\/uploads\/2019\/09\/20190927-07.jpg?resize=350%2C200&ssl=1 1x, https:\/\/i0.wp.com\/www.wallendorff.com\/belogue\/wp-content\/uploads\/2019\/09\/20190927-07.jpg?resize=525%2C300&ssl=1 1.5x, https:\/\/i0.wp.com\/www.wallendorff.com\/belogue\/wp-content\/uploads\/2019\/09\/20190927-07.jpg?resize=700%2C400&ssl=1 2x, https:\/\/i0.wp.com\/www.wallendorff.com\/belogue\/wp-content\/uploads\/2019\/09\/20190927-07.jpg?resize=1050%2C600&ssl=1 3x"},"classes":[]},{"id":128726,"url":"https:\/\/www.wallendorff.com\/belogue\/2024\/06\/27\/cetait-2019\/","url_meta":{"origin":44429,"position":5},"title":"C&rsquo;\u00e9tait 2019.","author":"dpc","date":"27 juin 2024","format":false,"excerpt":"2019, longitudes. Oudezijds Voorburgwal, Amsterdam, 1er f\u00e9vrier 2019 Amsterdam, 2 f\u00e9vrier 2019. Paris, 11 f\u00e9vrier 2019. Varsovie, 23 f\u00e9vrier 2019. Lofoten, 2 mars 2019. Powerdisc, Paris, 20 mars 2019 Prague, 9 mai 2019. Paris, 15 mai 2019. Black Rebel Motorcycle Club @ l\u2019Olympia, Paris, 28 mai 2019 Les Eurock\u00e9ennes, Belfort,\u2026","rel":"","context":"Dans &quot;DPC&quot;","block_context":{"text":"DPC","link":"https:\/\/www.wallendorff.com\/belogue\/category\/dpc\/"},"img":{"alt_text":"","src":"https:\/\/i0.wp.com\/www.wallendorff.com\/belogue\/wp-content\/uploads\/2024\/06\/20240627-20.jpg?resize=350%2C200&ssl=1","width":350,"height":200,"srcset":"https:\/\/i0.wp.com\/www.wallendorff.com\/belogue\/wp-content\/uploads\/2024\/06\/20240627-20.jpg?resize=350%2C200&ssl=1 1x, https:\/\/i0.wp.com\/www.wallendorff.com\/belogue\/wp-content\/uploads\/2024\/06\/20240627-20.jpg?resize=525%2C300&ssl=1 1.5x, https:\/\/i0.wp.com\/www.wallendorff.com\/belogue\/wp-content\/uploads\/2024\/06\/20240627-20.jpg?resize=700%2C400&ssl=1 2x, https:\/\/i0.wp.com\/www.wallendorff.com\/belogue\/wp-content\/uploads\/2024\/06\/20240627-20.jpg?resize=1050%2C600&ssl=1 3x"},"classes":[]}],"_links":{"self":[{"href":"https:\/\/www.wallendorff.com\/belogue\/wp-json\/wp\/v2\/posts\/44429","targetHints":{"allow":["GET"]}}],"collection":[{"href":"https:\/\/www.wallendorff.com\/belogue\/wp-json\/wp\/v2\/posts"}],"about":[{"href":"https:\/\/www.wallendorff.com\/belogue\/wp-json\/wp\/v2\/types\/post"}],"author":[{"embeddable":true,"href":"https:\/\/www.wallendorff.com\/belogue\/wp-json\/wp\/v2\/users\/1"}],"replies":[{"embeddable":true,"href":"https:\/\/www.wallendorff.com\/belogue\/wp-json\/wp\/v2\/comments?post=44429"}],"version-history":[{"count":2,"href":"https:\/\/www.wallendorff.com\/belogue\/wp-json\/wp\/v2\/posts\/44429\/revisions"}],"predecessor-version":[{"id":44433,"href":"https:\/\/www.wallendorff.com\/belogue\/wp-json\/wp\/v2\/posts\/44429\/revisions\/44433"}],"wp:featuredmedia":[{"embeddable":true,"href":"https:\/\/www.wallendorff.com\/belogue\/wp-json\/wp\/v2\/media\/44430"}],"wp:attachment":[{"href":"https:\/\/www.wallendorff.com\/belogue\/wp-json\/wp\/v2\/media?parent=44429"}],"wp:term":[{"taxonomy":"category","embeddable":true,"href":"https:\/\/www.wallendorff.com\/belogue\/wp-json\/wp\/v2\/categories?post=44429"},{"taxonomy":"post_tag","embeddable":true,"href":"https:\/\/www.wallendorff.com\/belogue\/wp-json\/wp\/v2\/tags?post=44429"}],"curies":[{"name":"wp","href":"https:\/\/api.w.org\/{rel}","templated":true}]}}