{"id":443,"date":"2005-03-11T21:07:36","date_gmt":"2005-03-11T21:07:36","guid":{"rendered":"http:\/\/www.po-l.com\/wordpress\/?p=443"},"modified":"2011-11-23T12:16:26","modified_gmt":"2011-11-23T10:16:26","slug":"fringues-en-destrie","status":"publish","type":"post","link":"https:\/\/www.wallendorff.com\/belogue\/2005\/03\/11\/fringues-en-destrie\/","title":{"rendered":"Fringues en destri&eacute;."},"content":{"rendered":"\n<div id=\"photo\">\n<p><img decoding=\"async\" src=\"http:\/\/www.po-L.com\/belogue\/photo\/2005\/03\/20050311-01.jpg\" \/><br \/>\n          Salon de la Meuh-Meuh, Paris, 5 mars.<\/p>\n<\/p><\/div>\n<p align=\"right\">[Je sais, au salon de la Meuh-Meuh, on est cens&eacute; photographier des Meuh-Meuhs, voire des coins-coins, mais pas des gens sur un escalier vide.]<\/p>\n<p align=\"right\">[Mais &ccedil;a lui faisait plaisir, aussi, &agrave; l&rsquo;escalier, de voir que tout le monde ne l&rsquo;avait pas oubli&eacute;, hein. On n&rsquo;y pense jamais assez, &agrave; l&rsquo;&eacute;go des escaliers, nous autres les gens.]<\/p>\n<div id=\"bandeson\">\n<p><img decoding=\"async\" src=\"https:\/\/www.wallendorff.com\/belogue\/photo\/pochettes\/j\/jeronimo-un_monde_sans_moi.jpg\" align=\"left\" \/>&nbsp;<a href=\"http:\/\/www.myspace.com\/jeronimojerome\">J&eacute;ronimo<\/a> &mdash; <em>Ma femme me trompe<\/em>       <\/p>\n<\/p><\/div>\n","protected":false},"excerpt":{"rendered":"<p>Salon de la Meuh-Meuh, Paris, 5 mars. [Je sais, au salon de la Meuh-Meuh, on est cens&eacute; photographier des Meuh-Meuhs, voire des coins-coins, mais pas des gens sur un escalier vide.] [Mais &ccedil;a lui faisait plaisir, aussi, &agrave; l&rsquo;escalier, de voir que tout le monde ne l&rsquo;avait pas oubli&eacute;, hein. On n&rsquo;y pense jamais assez,&hellip;<\/p>\n","protected":false},"author":1,"featured_media":24382,"comment_status":"open","ping_status":"open","sticky":false,"template":"","format":"standard","meta":{"_acf_changed":false,"ngg_post_thumbnail":0,"jetpack_post_was_ever_published":false,"_jetpack_newsletter_access":"","_jetpack_dont_email_post_to_subs":false,"_jetpack_newsletter_tier_id":0,"_jetpack_memberships_contains_paywalled_content":false,"_jetpack_memberships_contains_paid_content":false,"footnotes":"","jetpack_publicize_message":"","jetpack_publicize_feature_enabled":true,"jetpack_social_post_already_shared":false,"jetpack_social_options":{"image_generator_settings":{"template":"highway","default_image_id":0,"font":"","enabled":false},"version":2}},"categories":[3],"tags":[10243,155,132,10210,10120,10121,4278,881,143,10098,10244,10242,878],"class_list":["post-443","post","type-post","status-publish","format-standard","has-post-thumbnail","hentry","category-dpc","tag-10243","tag-ef-s-18-55-mm-f35-56-ii","tag-eos-20d","tag-escalier","tag-france","tag-ile-de-france","tag-jeronimo","tag-ma-femme-me-trompe","tag-noir-et-blanc","tag-paris","tag-paris-expo","tag-porte-de-versailles","tag-salon-de-lagriculture"],"acf":[],"geo":{"latitude":48.8319359,"longitude":2.2854459,"description":"Rue des Sciences, 75015 Paris, France"},"jetpack_publicize_connections":[],"jetpack_featured_media_url":"https:\/\/www.wallendorff.com\/belogue\/wp-content\/uploads\/2015\/04\/20050311-011.jpg","jetpack_shortlink":"https:\/\/wp.me\/p3b35P-79","jetpack_sharing_enabled":true,"jetpack-related-posts":[{"id":1175,"url":"https:\/\/www.wallendorff.com\/belogue\/2008\/03\/01\/l-ennui-toutes-les-chasses-aigries\/","url_meta":{"origin":443,"position":0},"title":"L&rsquo;ennui, toutes les chasses aigries.","author":"dpc","date":"1 mars 2008","format":false,"excerpt":"Salon de la meuh-meuh, Paris, 29 f\u00e9vrier. \u00a0The Blakes \u2013 Streets","rel":"","context":"Dans &quot;DPC&quot;","block_context":{"text":"DPC","link":"https:\/\/www.wallendorff.com\/belogue\/category\/dpc\/"},"img":{"alt_text":"","src":"https:\/\/i0.wp.com\/www.wallendorff.com\/belogue\/wp-content\/uploads\/2015\/04\/200803011.jpg?resize=350%2C200&ssl=1","width":350,"height":200},"classes":[]},{"id":12465,"url":"https:\/\/www.wallendorff.com\/belogue\/2011\/03\/22\/shooting-meuhmeuhz-2\/","url_meta":{"origin":443,"position":1},"title":"Shooting meuhmeuhz #2.","author":"dpc","date":"22 mars 2011","format":false,"excerpt":"Salon de la meuh-meuh, Paris, 23 f\u00e9vrier. Comme Rustine me fait une t\u00eate de cochon depuis deux semaines parce que j'ai oubli\u00e9 de publier sa photo dans ma s\u00e9rie de l'autre jour, aujourd'hui ce sera photo de Rustine. Voil\u00e0. Bonjour, Rustine. I'm from Barcelona \u2013 But Hey Even Though Your\u2026","rel":"","context":"Dans &quot;Shooting meuhmeuhz&quot;","block_context":{"text":"Shooting meuhmeuhz","link":"https:\/\/www.wallendorff.com\/belogue\/category\/shooting-meuhmeuhz\/"},"img":{"alt_text":"","src":"https:\/\/i0.wp.com\/www.wallendorff.com\/belogue\/wp-content\/uploads\/2015\/04\/201103221.jpg?resize=350%2C200&ssl=1","width":350,"height":200},"classes":[]},{"id":22886,"url":"https:\/\/www.wallendorff.com\/belogue\/2014\/06\/04\/10-ans-a-la-ferme\/","url_meta":{"origin":443,"position":2},"title":"10 ans [\u00e0 la] ferme.","author":"dpc","date":"4 juin 2014","format":false,"excerpt":"10 ans de jappement, de meuglements, de caquettements, de b\u00ealements et de piaillement. D'abord avec des toutous, puis des chats, puis tout le reste de la ferme quand na\u00eet en 2011 notre tradition de la visite annuelle au salon de la meuh-meuh (et \u00e0 l'ap\u00e9ro des producteurs de brebis). 10\u2026","rel":"","context":"Dans &quot;DPC&quot;","block_context":{"text":"DPC","link":"https:\/\/www.wallendorff.com\/belogue\/category\/dpc\/"},"img":{"alt_text":"","src":"https:\/\/i0.wp.com\/www.wallendorff.com\/belogue\/wp-content\/uploads\/2015\/04\/201204262.jpg?resize=350%2C200&ssl=1","width":350,"height":200,"srcset":"https:\/\/i0.wp.com\/www.wallendorff.com\/belogue\/wp-content\/uploads\/2015\/04\/201204262.jpg?resize=350%2C200&ssl=1 1x, https:\/\/i0.wp.com\/www.wallendorff.com\/belogue\/wp-content\/uploads\/2015\/04\/201204262.jpg?resize=525%2C300&ssl=1 1.5x, https:\/\/i0.wp.com\/www.wallendorff.com\/belogue\/wp-content\/uploads\/2015\/04\/201204262.jpg?resize=700%2C400&ssl=1 2x"},"classes":[]},{"id":131,"url":"https:\/\/www.wallendorff.com\/belogue\/2006\/04\/22\/train-train-hele-pis-carosse\/","url_meta":{"origin":443,"position":3},"title":"Train, train h&eacute;l&eacute;, pis carosse&sup1;.","author":"dpc","date":"22 avril 2006","format":false,"excerpt":"Gare de l'Est, Paris, 15 avril. Et l\u00e0, tu vois, t'as envie d'enfiler un turban, de partir au Pakistan \u00e0 pied et d'aller \u00e9lever des meuh-meuhs sacr\u00e9es. Et puis finalement, non. \u00a0Eddie Vedder \/ Nusrat Fateh Ali Khan \u2013 The Long Road _____ 1 Avec 24 albums dans la s\u00e9rie,\u2026","rel":"","context":"Dans &quot;DPC&quot;","block_context":{"text":"DPC","link":"https:\/\/www.wallendorff.com\/belogue\/category\/dpc\/"},"img":{"alt_text":"","src":"https:\/\/i0.wp.com\/www.wallendorff.com\/belogue\/wp-content\/uploads\/2015\/04\/200604221.jpg?resize=350%2C200&ssl=1","width":350,"height":200},"classes":[]},{"id":22854,"url":"https:\/\/www.wallendorff.com\/belogue\/2014\/05\/30\/10-ans-plus-star\/","url_meta":{"origin":443,"position":4},"title":"10 ans plus star.","author":"dpc","date":"30 mai 2014","format":false,"excerpt":"[English version below.] Le photobel\u00f6gue f\u00eatera ses 10 ans le 12 juin. 10 ans de photos partant dans tous les sens, des concerts aux ruelles nocturnes, de la tour Eiffel aux animals du salon de la Meuh-meuh, des levers de rideaux aux couchers de soleil, publi\u00e9es jour apr\u00e8s jour et\u2026","rel":"","context":"Dans &quot;DPC&quot;","block_context":{"text":"DPC","link":"https:\/\/www.wallendorff.com\/belogue\/category\/dpc\/"},"img":{"alt_text":"","src":"https:\/\/i0.wp.com\/www.wallendorff.com\/belogue\/wp-content\/uploads\/2015\/04\/201405301.jpg?resize=350%2C200&ssl=1","width":350,"height":200,"srcset":"https:\/\/i0.wp.com\/www.wallendorff.com\/belogue\/wp-content\/uploads\/2015\/04\/201405301.jpg?resize=350%2C200&ssl=1 1x, https:\/\/i0.wp.com\/www.wallendorff.com\/belogue\/wp-content\/uploads\/2015\/04\/201405301.jpg?resize=525%2C300&ssl=1 1.5x, https:\/\/i0.wp.com\/www.wallendorff.com\/belogue\/wp-content\/uploads\/2015\/04\/201405301.jpg?resize=700%2C400&ssl=1 2x"},"classes":[]},{"id":47097,"url":"https:\/\/www.wallendorff.com\/belogue\/2020\/10\/31\/octobre-2020\/","url_meta":{"origin":443,"position":5},"title":"Octobre 2020.","author":"dpc","date":"31 octobre 2020","format":false,"excerpt":"Un chat pr\u00e9nomm\u00e9 Boustroph\u00e9don, un cr\u00e9puscule, une autoroute, une fen\u00eatre, un chat pr\u00e9nomm\u00e9 Gretzky, un ciel, une autoroute, un anniversaire, un m\u00e9tro, un ap\u00e9ro, un chat pr\u00e9nomm\u00e9 Casse-toi-de-mon-jardin, du silence, un m\u00e9tro, un chat intitul\u00e9 Boustroph\u00e9don, un porteur de matelas, un bar ferm\u00e9, un caf\u00e9 ferm\u00e9, un couple assorti, un\u2026","rel":"","context":"Dans &quot;Blog-note&quot;","block_context":{"text":"Blog-note","link":"https:\/\/www.wallendorff.com\/belogue\/category\/blog-note\/"},"img":{"alt_text":"","src":"https:\/\/i0.wp.com\/www.wallendorff.com\/belogue\/wp-content\/uploads\/2020\/11\/20201116-20.jpg?resize=350%2C200&ssl=1","width":350,"height":200,"srcset":"https:\/\/i0.wp.com\/www.wallendorff.com\/belogue\/wp-content\/uploads\/2020\/11\/20201116-20.jpg?resize=350%2C200&ssl=1 1x, https:\/\/i0.wp.com\/www.wallendorff.com\/belogue\/wp-content\/uploads\/2020\/11\/20201116-20.jpg?resize=525%2C300&ssl=1 1.5x, https:\/\/i0.wp.com\/www.wallendorff.com\/belogue\/wp-content\/uploads\/2020\/11\/20201116-20.jpg?resize=700%2C400&ssl=1 2x, https:\/\/i0.wp.com\/www.wallendorff.com\/belogue\/wp-content\/uploads\/2020\/11\/20201116-20.jpg?resize=1050%2C600&ssl=1 3x"},"classes":[]}],"_links":{"self":[{"href":"https:\/\/www.wallendorff.com\/belogue\/wp-json\/wp\/v2\/posts\/443","targetHints":{"allow":["GET"]}}],"collection":[{"href":"https:\/\/www.wallendorff.com\/belogue\/wp-json\/wp\/v2\/posts"}],"about":[{"href":"https:\/\/www.wallendorff.com\/belogue\/wp-json\/wp\/v2\/types\/post"}],"author":[{"embeddable":true,"href":"https:\/\/www.wallendorff.com\/belogue\/wp-json\/wp\/v2\/users\/1"}],"replies":[{"embeddable":true,"href":"https:\/\/www.wallendorff.com\/belogue\/wp-json\/wp\/v2\/comments?post=443"}],"version-history":[{"count":1,"href":"https:\/\/www.wallendorff.com\/belogue\/wp-json\/wp\/v2\/posts\/443\/revisions"}],"predecessor-version":[{"id":14544,"href":"https:\/\/www.wallendorff.com\/belogue\/wp-json\/wp\/v2\/posts\/443\/revisions\/14544"}],"wp:featuredmedia":[{"embeddable":true,"href":"https:\/\/www.wallendorff.com\/belogue\/wp-json\/wp\/v2\/media\/24382"}],"wp:attachment":[{"href":"https:\/\/www.wallendorff.com\/belogue\/wp-json\/wp\/v2\/media?parent=443"}],"wp:term":[{"taxonomy":"category","embeddable":true,"href":"https:\/\/www.wallendorff.com\/belogue\/wp-json\/wp\/v2\/categories?post=443"},{"taxonomy":"post_tag","embeddable":true,"href":"https:\/\/www.wallendorff.com\/belogue\/wp-json\/wp\/v2\/tags?post=443"}],"curies":[{"name":"wp","href":"https:\/\/api.w.org\/{rel}","templated":true}]}}