{"id":44162,"date":"2019-11-17T16:52:13","date_gmt":"2019-11-17T14:52:13","guid":{"rendered":"http:\/\/www.wallendorff.com\/belogue\/?p=44162"},"modified":"2019-11-17T16:52:13","modified_gmt":"2019-11-17T14:52:13","slug":"ben-kweller-bowery-ballroom-new-york-8-novembre-2019","status":"publish","type":"post","link":"https:\/\/www.wallendorff.com\/belogue\/2019\/11\/17\/ben-kweller-bowery-ballroom-new-york-8-novembre-2019\/","title":{"rendered":"Ben Kweller @ Bowery Ballroom, New York, 8 novembre 2019."},"content":{"rendered":"<div id=\"photo\"><img decoding=\"async\" src=\"https:\/\/www.wallendorff.com\/belogue\/wp-content\/uploads\/2019\/11\/20191115-12.jpg\"><\/div>\n<p style=\"text-align: right\"\u00b7>Premier concert aux &Eacute;tats-Unis depuis <a href=\"https:\/\/www.wallendorff.com\/belogue\/2009\/06\/01\/toad-the-wet-sprocket-the-ark-ann-arbor-05052009\/\">10 ans<\/a>,<\/p>\n<p style=\"text-align: right\"\u00b7>Premier concert de Ben Kweller depuis <a href=\"https:\/\/www.wallendorff.com\/belogue\/2007\/08\/02\/previously-unreleased-62\/\">13 ans,<\/a><\/p>\n<p style=\"text-align: right\"\u00b7>Et premier concert de Ben Kweller aux &Eacute;tats-Unis depuis <a href=\"https:\/\/www.wallendorff.com\/belogue\/2004\/11\/01\/ben-kweller-st-andrew-s-hall-detroit\/\">15 ans<\/a>.<\/p>\n<p style=\"text-align: right\"\u00b7>>Autant dire qu&rsquo;autant de retours en arri&egrave;re la m&ecirc;me soir&eacute;e, &ccedil;a fait bizarre.<\/p>\n<div id='gallery-1' class='gallery galleryid-44162 gallery-columns-1 gallery-size-medium'><figure class='gallery-item'>\n\t\t\t<div class='gallery-icon landscape'>\n\t\t\t\t<a href='https:\/\/www.wallendorff.com\/belogue\/2019\/11\/17\/ben-kweller-bowery-ballroom-new-york-8-novembre-2019\/ben-kweller-bowery-ballroom-new-york-08-11-2019\/'><img fetchpriority=\"high\" decoding=\"async\" width=\"1170\" height=\"780\" src=\"https:\/\/www.wallendorff.com\/belogue\/wp-content\/uploads\/2019\/11\/20191115-01.jpg\" class=\"attachment-medium size-medium\" alt=\"\" aria-describedby=\"gallery-1-44163\" srcset=\"https:\/\/www.wallendorff.com\/belogue\/wp-content\/uploads\/2019\/11\/20191115-01.jpg 1170w, https:\/\/www.wallendorff.com\/belogue\/wp-content\/uploads\/2019\/11\/20191115-01-820x547.jpg 820w, https:\/\/www.wallendorff.com\/belogue\/wp-content\/uploads\/2019\/11\/20191115-01-1116x744.jpg 1116w, https:\/\/www.wallendorff.com\/belogue\/wp-content\/uploads\/2019\/11\/20191115-01-806x537.jpg 806w, https:\/\/www.wallendorff.com\/belogue\/wp-content\/uploads\/2019\/11\/20191115-01-558x372.jpg 558w, https:\/\/www.wallendorff.com\/belogue\/wp-content\/uploads\/2019\/11\/20191115-01-655x437.jpg 655w, https:\/\/www.wallendorff.com\/belogue\/wp-content\/uploads\/2019\/11\/20191115-01-600x400.jpg 600w\" sizes=\"(max-width: 1170px) 100vw, 1170px\" \/><\/a>\n\t\t\t<\/div>\n\t\t\t\t<figcaption class='wp-caption-text gallery-caption' id='gallery-1-44163'>\n\t\t\t\tBen Kweller @ Bowery Ballroom, New York, 08\/11\/2019\n\t\t\t\t<\/figcaption><\/figure><figure class='gallery-item'>\n\t\t\t<div class='gallery-icon landscape'>\n\t\t\t\t<a href='https:\/\/www.wallendorff.com\/belogue\/2019\/11\/17\/ben-kweller-bowery-ballroom-new-york-8-novembre-2019\/ben-kweller-bowery-ballroom-new-york-08-11-2019-2\/'><img decoding=\"async\" width=\"1170\" height=\"780\" src=\"https:\/\/www.wallendorff.com\/belogue\/wp-content\/uploads\/2019\/11\/20191115-02.jpg\" class=\"attachment-medium size-medium\" alt=\"\" aria-describedby=\"gallery-1-44164\" srcset=\"https:\/\/www.wallendorff.com\/belogue\/wp-content\/uploads\/2019\/11\/20191115-02.jpg 1170w, https:\/\/www.wallendorff.com\/belogue\/wp-content\/uploads\/2019\/11\/20191115-02-820x547.jpg 820w, https:\/\/www.wallendorff.com\/belogue\/wp-content\/uploads\/2019\/11\/20191115-02-1116x744.jpg 1116w, https:\/\/www.wallendorff.com\/belogue\/wp-content\/uploads\/2019\/11\/20191115-02-806x537.jpg 806w, https:\/\/www.wallendorff.com\/belogue\/wp-content\/uploads\/2019\/11\/20191115-02-558x372.jpg 558w, https:\/\/www.wallendorff.com\/belogue\/wp-content\/uploads\/2019\/11\/20191115-02-655x437.jpg 655w, https:\/\/www.wallendorff.com\/belogue\/wp-content\/uploads\/2019\/11\/20191115-02-600x400.jpg 600w\" sizes=\"(max-width: 1170px) 100vw, 1170px\" \/><\/a>\n\t\t\t<\/div>\n\t\t\t\t<figcaption class='wp-caption-text gallery-caption' id='gallery-1-44164'>\n\t\t\t\tBen Kweller @ Bowery Ballroom, New York, 08\/11\/2019\n\t\t\t\t<\/figcaption><\/figure><figure class='gallery-item'>\n\t\t\t<div class='gallery-icon landscape'>\n\t\t\t\t<a href='https:\/\/www.wallendorff.com\/belogue\/2019\/11\/17\/ben-kweller-bowery-ballroom-new-york-8-novembre-2019\/ben-kweller-bowery-ballroom-new-york-08-11-2019-3\/'><img decoding=\"async\" width=\"1170\" height=\"780\" src=\"https:\/\/www.wallendorff.com\/belogue\/wp-content\/uploads\/2019\/11\/20191115-03.jpg\" class=\"attachment-medium size-medium\" alt=\"\" aria-describedby=\"gallery-1-44165\" srcset=\"https:\/\/www.wallendorff.com\/belogue\/wp-content\/uploads\/2019\/11\/20191115-03.jpg 1170w, https:\/\/www.wallendorff.com\/belogue\/wp-content\/uploads\/2019\/11\/20191115-03-820x547.jpg 820w, https:\/\/www.wallendorff.com\/belogue\/wp-content\/uploads\/2019\/11\/20191115-03-1116x744.jpg 1116w, https:\/\/www.wallendorff.com\/belogue\/wp-content\/uploads\/2019\/11\/20191115-03-806x537.jpg 806w, https:\/\/www.wallendorff.com\/belogue\/wp-content\/uploads\/2019\/11\/20191115-03-558x372.jpg 558w, https:\/\/www.wallendorff.com\/belogue\/wp-content\/uploads\/2019\/11\/20191115-03-655x437.jpg 655w, https:\/\/www.wallendorff.com\/belogue\/wp-content\/uploads\/2019\/11\/20191115-03-600x400.jpg 600w\" sizes=\"(max-width: 1170px) 100vw, 1170px\" \/><\/a>\n\t\t\t<\/div>\n\t\t\t\t<figcaption class='wp-caption-text gallery-caption' id='gallery-1-44165'>\n\t\t\t\tBen Kweller @ Bowery Ballroom, New York, 08\/11\/2019\n\t\t\t\t<\/figcaption><\/figure><figure class='gallery-item'>\n\t\t\t<div class='gallery-icon landscape'>\n\t\t\t\t<a href='https:\/\/www.wallendorff.com\/belogue\/2019\/11\/17\/ben-kweller-bowery-ballroom-new-york-8-novembre-2019\/ben-kweller-bowery-ballroom-new-york-08-11-2019-4\/'><img loading=\"lazy\" decoding=\"async\" width=\"1170\" height=\"780\" src=\"https:\/\/www.wallendorff.com\/belogue\/wp-content\/uploads\/2019\/11\/20191115-04.jpg\" class=\"attachment-medium size-medium\" alt=\"\" aria-describedby=\"gallery-1-44166\" srcset=\"https:\/\/www.wallendorff.com\/belogue\/wp-content\/uploads\/2019\/11\/20191115-04.jpg 1170w, https:\/\/www.wallendorff.com\/belogue\/wp-content\/uploads\/2019\/11\/20191115-04-820x547.jpg 820w, https:\/\/www.wallendorff.com\/belogue\/wp-content\/uploads\/2019\/11\/20191115-04-1116x744.jpg 1116w, https:\/\/www.wallendorff.com\/belogue\/wp-content\/uploads\/2019\/11\/20191115-04-806x537.jpg 806w, https:\/\/www.wallendorff.com\/belogue\/wp-content\/uploads\/2019\/11\/20191115-04-558x372.jpg 558w, https:\/\/www.wallendorff.com\/belogue\/wp-content\/uploads\/2019\/11\/20191115-04-655x437.jpg 655w, https:\/\/www.wallendorff.com\/belogue\/wp-content\/uploads\/2019\/11\/20191115-04-600x400.jpg 600w\" sizes=\"(max-width: 1170px) 100vw, 1170px\" \/><\/a>\n\t\t\t<\/div>\n\t\t\t\t<figcaption class='wp-caption-text gallery-caption' id='gallery-1-44166'>\n\t\t\t\tBen Kweller @ Bowery Ballroom, New York, 08\/11\/2019\n\t\t\t\t<\/figcaption><\/figure><figure class='gallery-item'>\n\t\t\t<div class='gallery-icon portrait'>\n\t\t\t\t<a href='https:\/\/www.wallendorff.com\/belogue\/2019\/11\/17\/ben-kweller-bowery-ballroom-new-york-8-novembre-2019\/ben-kweller-bowery-ballroom-new-york-08-11-2019-5\/'><img loading=\"lazy\" decoding=\"async\" width=\"780\" height=\"1170\" src=\"https:\/\/www.wallendorff.com\/belogue\/wp-content\/uploads\/2019\/11\/20191115-05.jpg\" class=\"attachment-medium size-medium\" alt=\"\" aria-describedby=\"gallery-1-44167\" srcset=\"https:\/\/www.wallendorff.com\/belogue\/wp-content\/uploads\/2019\/11\/20191115-05.jpg 780w, https:\/\/www.wallendorff.com\/belogue\/wp-content\/uploads\/2019\/11\/20191115-05-558x837.jpg 558w, https:\/\/www.wallendorff.com\/belogue\/wp-content\/uploads\/2019\/11\/20191115-05-655x983.jpg 655w, https:\/\/www.wallendorff.com\/belogue\/wp-content\/uploads\/2019\/11\/20191115-05-600x900.jpg 600w\" sizes=\"(max-width: 780px) 100vw, 780px\" \/><\/a>\n\t\t\t<\/div>\n\t\t\t\t<figcaption class='wp-caption-text gallery-caption' id='gallery-1-44167'>\n\t\t\t\tBen Kweller @ Bowery Ballroom, New York, 08\/11\/2019\n\t\t\t\t<\/figcaption><\/figure><figure class='gallery-item'>\n\t\t\t<div class='gallery-icon landscape'>\n\t\t\t\t<a href='https:\/\/www.wallendorff.com\/belogue\/2019\/11\/17\/ben-kweller-bowery-ballroom-new-york-8-novembre-2019\/ben-kweller-bowery-ballroom-new-york-08-11-2019-6\/'><img loading=\"lazy\" decoding=\"async\" width=\"1170\" height=\"780\" src=\"https:\/\/www.wallendorff.com\/belogue\/wp-content\/uploads\/2019\/11\/20191115-06.jpg\" class=\"attachment-medium size-medium\" alt=\"\" aria-describedby=\"gallery-1-44168\" srcset=\"https:\/\/www.wallendorff.com\/belogue\/wp-content\/uploads\/2019\/11\/20191115-06.jpg 1170w, https:\/\/www.wallendorff.com\/belogue\/wp-content\/uploads\/2019\/11\/20191115-06-820x547.jpg 820w, https:\/\/www.wallendorff.com\/belogue\/wp-content\/uploads\/2019\/11\/20191115-06-1116x744.jpg 1116w, https:\/\/www.wallendorff.com\/belogue\/wp-content\/uploads\/2019\/11\/20191115-06-806x537.jpg 806w, https:\/\/www.wallendorff.com\/belogue\/wp-content\/uploads\/2019\/11\/20191115-06-558x372.jpg 558w, https:\/\/www.wallendorff.com\/belogue\/wp-content\/uploads\/2019\/11\/20191115-06-655x437.jpg 655w, https:\/\/www.wallendorff.com\/belogue\/wp-content\/uploads\/2019\/11\/20191115-06-600x400.jpg 600w\" sizes=\"(max-width: 1170px) 100vw, 1170px\" \/><\/a>\n\t\t\t<\/div>\n\t\t\t\t<figcaption class='wp-caption-text gallery-caption' id='gallery-1-44168'>\n\t\t\t\tBen Kweller @ Bowery Ballroom, New York, 08\/11\/2019\n\t\t\t\t<\/figcaption><\/figure><figure class='gallery-item'>\n\t\t\t<div class='gallery-icon landscape'>\n\t\t\t\t<a href='https:\/\/www.wallendorff.com\/belogue\/2019\/11\/17\/ben-kweller-bowery-ballroom-new-york-8-novembre-2019\/ben-kweller-bowery-ballroom-new-york-08-11-2019-7\/'><img loading=\"lazy\" decoding=\"async\" width=\"1170\" height=\"780\" src=\"https:\/\/www.wallendorff.com\/belogue\/wp-content\/uploads\/2019\/11\/20191115-07.jpg\" class=\"attachment-medium size-medium\" alt=\"\" aria-describedby=\"gallery-1-44169\" srcset=\"https:\/\/www.wallendorff.com\/belogue\/wp-content\/uploads\/2019\/11\/20191115-07.jpg 1170w, https:\/\/www.wallendorff.com\/belogue\/wp-content\/uploads\/2019\/11\/20191115-07-820x547.jpg 820w, https:\/\/www.wallendorff.com\/belogue\/wp-content\/uploads\/2019\/11\/20191115-07-1116x744.jpg 1116w, https:\/\/www.wallendorff.com\/belogue\/wp-content\/uploads\/2019\/11\/20191115-07-806x537.jpg 806w, https:\/\/www.wallendorff.com\/belogue\/wp-content\/uploads\/2019\/11\/20191115-07-558x372.jpg 558w, https:\/\/www.wallendorff.com\/belogue\/wp-content\/uploads\/2019\/11\/20191115-07-655x437.jpg 655w, https:\/\/www.wallendorff.com\/belogue\/wp-content\/uploads\/2019\/11\/20191115-07-600x400.jpg 600w\" sizes=\"(max-width: 1170px) 100vw, 1170px\" \/><\/a>\n\t\t\t<\/div>\n\t\t\t\t<figcaption class='wp-caption-text gallery-caption' id='gallery-1-44169'>\n\t\t\t\tBen Kweller @ Bowery Ballroom, New York, 08\/11\/2019\n\t\t\t\t<\/figcaption><\/figure><figure class='gallery-item'>\n\t\t\t<div class='gallery-icon landscape'>\n\t\t\t\t<a href='https:\/\/www.wallendorff.com\/belogue\/2019\/11\/17\/ben-kweller-bowery-ballroom-new-york-8-novembre-2019\/ben-kweller-bowery-ballroom-new-york-08-11-2019-8\/'><img loading=\"lazy\" decoding=\"async\" width=\"1170\" height=\"780\" src=\"https:\/\/www.wallendorff.com\/belogue\/wp-content\/uploads\/2019\/11\/20191115-08.jpg\" class=\"attachment-medium size-medium\" alt=\"\" aria-describedby=\"gallery-1-44170\" srcset=\"https:\/\/www.wallendorff.com\/belogue\/wp-content\/uploads\/2019\/11\/20191115-08.jpg 1170w, https:\/\/www.wallendorff.com\/belogue\/wp-content\/uploads\/2019\/11\/20191115-08-820x547.jpg 820w, https:\/\/www.wallendorff.com\/belogue\/wp-content\/uploads\/2019\/11\/20191115-08-1116x744.jpg 1116w, https:\/\/www.wallendorff.com\/belogue\/wp-content\/uploads\/2019\/11\/20191115-08-806x537.jpg 806w, https:\/\/www.wallendorff.com\/belogue\/wp-content\/uploads\/2019\/11\/20191115-08-558x372.jpg 558w, https:\/\/www.wallendorff.com\/belogue\/wp-content\/uploads\/2019\/11\/20191115-08-655x437.jpg 655w, https:\/\/www.wallendorff.com\/belogue\/wp-content\/uploads\/2019\/11\/20191115-08-600x400.jpg 600w\" sizes=\"(max-width: 1170px) 100vw, 1170px\" \/><\/a>\n\t\t\t<\/div>\n\t\t\t\t<figcaption class='wp-caption-text gallery-caption' id='gallery-1-44170'>\n\t\t\t\tBen Kweller @ Bowery Ballroom, New York, 08\/11\/2019\n\t\t\t\t<\/figcaption><\/figure><figure class='gallery-item'>\n\t\t\t<div class='gallery-icon landscape'>\n\t\t\t\t<a href='https:\/\/www.wallendorff.com\/belogue\/2019\/11\/17\/ben-kweller-bowery-ballroom-new-york-8-novembre-2019\/ben-kweller-bowery-ballroom-new-york-08-11-2019-9\/'><img loading=\"lazy\" decoding=\"async\" width=\"1170\" height=\"780\" src=\"https:\/\/www.wallendorff.com\/belogue\/wp-content\/uploads\/2019\/11\/20191115-09.jpg\" class=\"attachment-medium size-medium\" alt=\"\" aria-describedby=\"gallery-1-44171\" srcset=\"https:\/\/www.wallendorff.com\/belogue\/wp-content\/uploads\/2019\/11\/20191115-09.jpg 1170w, https:\/\/www.wallendorff.com\/belogue\/wp-content\/uploads\/2019\/11\/20191115-09-820x547.jpg 820w, https:\/\/www.wallendorff.com\/belogue\/wp-content\/uploads\/2019\/11\/20191115-09-1116x744.jpg 1116w, https:\/\/www.wallendorff.com\/belogue\/wp-content\/uploads\/2019\/11\/20191115-09-806x537.jpg 806w, https:\/\/www.wallendorff.com\/belogue\/wp-content\/uploads\/2019\/11\/20191115-09-558x372.jpg 558w, https:\/\/www.wallendorff.com\/belogue\/wp-content\/uploads\/2019\/11\/20191115-09-655x437.jpg 655w, https:\/\/www.wallendorff.com\/belogue\/wp-content\/uploads\/2019\/11\/20191115-09-600x400.jpg 600w\" sizes=\"(max-width: 1170px) 100vw, 1170px\" \/><\/a>\n\t\t\t<\/div>\n\t\t\t\t<figcaption class='wp-caption-text gallery-caption' id='gallery-1-44171'>\n\t\t\t\tBen Kweller @ Bowery Ballroom, New York, 08\/11\/2019\n\t\t\t\t<\/figcaption><\/figure><figure class='gallery-item'>\n\t\t\t<div class='gallery-icon landscape'>\n\t\t\t\t<a href='https:\/\/www.wallendorff.com\/belogue\/2019\/11\/17\/ben-kweller-bowery-ballroom-new-york-8-novembre-2019\/ben-kweller-bowery-ballroom-new-york-08-11-2019-10\/'><img loading=\"lazy\" decoding=\"async\" width=\"1170\" height=\"780\" src=\"https:\/\/www.wallendorff.com\/belogue\/wp-content\/uploads\/2019\/11\/20191115-10.jpg\" class=\"attachment-medium size-medium\" alt=\"\" aria-describedby=\"gallery-1-44172\" srcset=\"https:\/\/www.wallendorff.com\/belogue\/wp-content\/uploads\/2019\/11\/20191115-10.jpg 1170w, https:\/\/www.wallendorff.com\/belogue\/wp-content\/uploads\/2019\/11\/20191115-10-820x547.jpg 820w, https:\/\/www.wallendorff.com\/belogue\/wp-content\/uploads\/2019\/11\/20191115-10-1116x744.jpg 1116w, https:\/\/www.wallendorff.com\/belogue\/wp-content\/uploads\/2019\/11\/20191115-10-806x537.jpg 806w, https:\/\/www.wallendorff.com\/belogue\/wp-content\/uploads\/2019\/11\/20191115-10-558x372.jpg 558w, https:\/\/www.wallendorff.com\/belogue\/wp-content\/uploads\/2019\/11\/20191115-10-655x437.jpg 655w, https:\/\/www.wallendorff.com\/belogue\/wp-content\/uploads\/2019\/11\/20191115-10-600x400.jpg 600w\" sizes=\"(max-width: 1170px) 100vw, 1170px\" \/><\/a>\n\t\t\t<\/div>\n\t\t\t\t<figcaption class='wp-caption-text gallery-caption' id='gallery-1-44172'>\n\t\t\t\tBen Kweller @ Bowery Ballroom, New York, 08\/11\/2019\n\t\t\t\t<\/figcaption><\/figure><figure class='gallery-item'>\n\t\t\t<div class='gallery-icon landscape'>\n\t\t\t\t<a href='https:\/\/www.wallendorff.com\/belogue\/2019\/11\/17\/ben-kweller-bowery-ballroom-new-york-8-novembre-2019\/ben-kweller-bowery-ballroom-new-york-08-11-2019-11\/'><img loading=\"lazy\" decoding=\"async\" width=\"1170\" height=\"780\" src=\"https:\/\/www.wallendorff.com\/belogue\/wp-content\/uploads\/2019\/11\/20191115-11.jpg\" class=\"attachment-medium size-medium\" alt=\"\" aria-describedby=\"gallery-1-44173\" srcset=\"https:\/\/www.wallendorff.com\/belogue\/wp-content\/uploads\/2019\/11\/20191115-11.jpg 1170w, https:\/\/www.wallendorff.com\/belogue\/wp-content\/uploads\/2019\/11\/20191115-11-820x547.jpg 820w, https:\/\/www.wallendorff.com\/belogue\/wp-content\/uploads\/2019\/11\/20191115-11-1116x744.jpg 1116w, https:\/\/www.wallendorff.com\/belogue\/wp-content\/uploads\/2019\/11\/20191115-11-806x537.jpg 806w, https:\/\/www.wallendorff.com\/belogue\/wp-content\/uploads\/2019\/11\/20191115-11-558x372.jpg 558w, https:\/\/www.wallendorff.com\/belogue\/wp-content\/uploads\/2019\/11\/20191115-11-655x437.jpg 655w, https:\/\/www.wallendorff.com\/belogue\/wp-content\/uploads\/2019\/11\/20191115-11-600x400.jpg 600w\" sizes=\"(max-width: 1170px) 100vw, 1170px\" \/><\/a>\n\t\t\t<\/div>\n\t\t\t\t<figcaption class='wp-caption-text gallery-caption' id='gallery-1-44173'>\n\t\t\t\tBen Kweller @ Bowery Ballroom, New York, 08\/11\/2019\n\t\t\t\t<\/figcaption><\/figure><figure class='gallery-item'>\n\t\t\t<div class='gallery-icon landscape'>\n\t\t\t\t<a href='https:\/\/www.wallendorff.com\/belogue\/2019\/11\/17\/ben-kweller-bowery-ballroom-new-york-8-novembre-2019\/ben-kweller-bowery-ballroom-new-york-08-11-2019-12\/'><img loading=\"lazy\" decoding=\"async\" width=\"1170\" height=\"780\" src=\"https:\/\/www.wallendorff.com\/belogue\/wp-content\/uploads\/2019\/11\/20191115-12.jpg\" class=\"attachment-medium size-medium\" alt=\"\" aria-describedby=\"gallery-1-44174\" srcset=\"https:\/\/www.wallendorff.com\/belogue\/wp-content\/uploads\/2019\/11\/20191115-12.jpg 1170w, https:\/\/www.wallendorff.com\/belogue\/wp-content\/uploads\/2019\/11\/20191115-12-820x547.jpg 820w, https:\/\/www.wallendorff.com\/belogue\/wp-content\/uploads\/2019\/11\/20191115-12-1116x744.jpg 1116w, https:\/\/www.wallendorff.com\/belogue\/wp-content\/uploads\/2019\/11\/20191115-12-806x537.jpg 806w, https:\/\/www.wallendorff.com\/belogue\/wp-content\/uploads\/2019\/11\/20191115-12-558x372.jpg 558w, https:\/\/www.wallendorff.com\/belogue\/wp-content\/uploads\/2019\/11\/20191115-12-655x437.jpg 655w, https:\/\/www.wallendorff.com\/belogue\/wp-content\/uploads\/2019\/11\/20191115-12-600x400.jpg 600w\" sizes=\"(max-width: 1170px) 100vw, 1170px\" \/><\/a>\n\t\t\t<\/div>\n\t\t\t\t<figcaption class='wp-caption-text gallery-caption' id='gallery-1-44174'>\n\t\t\t\tBen Kweller @ Bowery Ballroom, New York, 08\/11\/2019\n\t\t\t\t<\/figcaption><\/figure>\n\t\t<\/div>\n\n","protected":false},"excerpt":{"rendered":"<p>Premier concert aux &Eacute;tats-Unis depuis 10 ans, Premier concert de Ben Kweller depuis 13 ans, Et premier concert de Ben Kweller aux &Eacute;tats-Unis depuis 15 ans. >Autant dire qu&rsquo;autant de retours en arri&egrave;re la m&ecirc;me soir&eacute;e, &ccedil;a fait bizarre.<\/p>\n","protected":false},"author":1,"featured_media":44174,"comment_status":"open","ping_status":"open","sticky":false,"template":"","format":"standard","meta":{"_acf_changed":false,"ngg_post_thumbnail":0,"jetpack_post_was_ever_published":false,"_jetpack_newsletter_access":"","_jetpack_dont_email_post_to_subs":false,"_jetpack_newsletter_tier_id":0,"_jetpack_memberships_contains_paywalled_content":false,"_jetpack_memberships_contains_paid_content":false,"footnotes":"","jetpack_publicize_message":"","jetpack_publicize_feature_enabled":true,"jetpack_social_post_already_shared":true,"jetpack_social_options":{"image_generator_settings":{"template":"highway","default_image_id":0,"font":"","enabled":false},"version":2}},"categories":[7],"tags":[15366,10084,544,16034,16035,3066,55,14271,15878,14890,15309,592],"class_list":["post-44162","post","type-post","status-publish","format-standard","has-post-thumbnail","hentry","category-alive","tag-15366","tag-alive","tag-ben-kweller","tag-bowery-ballroom","tag-delancey-street","tag-etat-de-new-york","tag-etats-unis","tag-fujifilm-x-t2","tag-fujifilm-x-t3","tag-fujinon-xf-10-24-mm-f-4-r-ois","tag-fujinon-xf-16-55-mm-f-2-8-r-lm-wr","tag-new-york"],"acf":[],"geo":{"latitude":40.7189331,"longitude":-73.9883118,"description":"New York, New York, 10002, US"},"jetpack_publicize_connections":[],"jetpack_featured_media_url":"https:\/\/www.wallendorff.com\/belogue\/wp-content\/uploads\/2019\/11\/20191115-12.jpg","jetpack_shortlink":"https:\/\/wp.me\/p3b35P-bui","jetpack_sharing_enabled":true,"jetpack-related-posts":[{"id":47958,"url":"https:\/\/www.wallendorff.com\/belogue\/2021\/03\/03\/canards-halo-orange\/","url_meta":{"origin":44162,"position":0},"title":"Canards, halo orange.","author":"dpc","date":"3 mars 2021","format":false,"excerpt":"Port de l'Arsenal, Paris, 21 novembre 2020. American Cigarettes Ben Kweller","rel":"","context":"Dans &quot;DPC&quot;","block_context":{"text":"DPC","link":"https:\/\/www.wallendorff.com\/belogue\/category\/dpc\/"},"img":{"alt_text":"","src":"https:\/\/i0.wp.com\/www.wallendorff.com\/belogue\/wp-content\/uploads\/2021\/03\/20210303.jpg?resize=350%2C200&ssl=1","width":350,"height":200,"srcset":"https:\/\/i0.wp.com\/www.wallendorff.com\/belogue\/wp-content\/uploads\/2021\/03\/20210303.jpg?resize=350%2C200&ssl=1 1x, https:\/\/i0.wp.com\/www.wallendorff.com\/belogue\/wp-content\/uploads\/2021\/03\/20210303.jpg?resize=525%2C300&ssl=1 1.5x, https:\/\/i0.wp.com\/www.wallendorff.com\/belogue\/wp-content\/uploads\/2021\/03\/20210303.jpg?resize=700%2C400&ssl=1 2x, https:\/\/i0.wp.com\/www.wallendorff.com\/belogue\/wp-content\/uploads\/2021\/03\/20210303.jpg?resize=1050%2C600&ssl=1 3x"},"classes":[]},{"id":593,"url":"https:\/\/www.wallendorff.com\/belogue\/2004\/11\/01\/ben-kweller-st-andrew-s-hall-detroit\/","url_meta":{"origin":44162,"position":1},"title":"Ben Kweller @ St. Andrew&rsquo;s Hall, D\u00e9troit.","author":"dpc","date":"1 novembre 2004","format":false,"excerpt":"Ice | Problems | On My Way | Ann Disaster | Commerce, TX | I Need You Back | My Apartment | How It Sould Be (Sha Sha) | The Rules | Hospital | Wasted & Ready || In Other Words | No Reason Un concert le soir d'Halloween, \u00e7a\u2026","rel":"","context":"Dans &quot;Alive&quot;","block_context":{"text":"Alive","link":"https:\/\/www.wallendorff.com\/belogue\/category\/alive\/"},"img":{"alt_text":"","src":"https:\/\/i0.wp.com\/www.wallendorff.com\/belogue\/wp-content\/uploads\/2015\/04\/200411011.jpg?resize=350%2C200&ssl=1","width":350,"height":200,"srcset":"https:\/\/i0.wp.com\/www.wallendorff.com\/belogue\/wp-content\/uploads\/2015\/04\/200411011.jpg?resize=350%2C200&ssl=1 1x, https:\/\/i0.wp.com\/www.wallendorff.com\/belogue\/wp-content\/uploads\/2015\/04\/200411011.jpg?resize=525%2C300&ssl=1 1.5x, https:\/\/i0.wp.com\/www.wallendorff.com\/belogue\/wp-content\/uploads\/2015\/04\/200411011.jpg?resize=700%2C400&ssl=1 2x"},"classes":[]},{"id":428,"url":"https:\/\/www.wallendorff.com\/belogue\/2005\/03\/27\/previously-unreleased-10\/","url_meta":{"origin":44162,"position":2},"title":"Previously unreleased #10&sup1;.","author":"dpc","date":"27 mars 2005","format":false,"excerpt":"Ben Kweller, St. Andrew's Hall, D\u00e9troit, 31 octobre 2004. [Rien de tel qu'un samedi soir au coin du feu.] [Si vous \u00eates gentils, demain je vous mets les citrouilles qui allaient avec Ben ce soir-l\u00e0.] \u00a0Ben Kweller \u2013 On My Way _____ 1 Concept tout sauf idiot repomp\u00e9 sans vergogne\u2026","rel":"","context":"Dans &quot;Previously unreleased&quot;","block_context":{"text":"Previously unreleased","link":"https:\/\/www.wallendorff.com\/belogue\/category\/previously-unreleased\/"},"img":{"alt_text":"","src":"https:\/\/i0.wp.com\/www.wallendorff.com\/belogue\/wp-content\/uploads\/2015\/04\/20050327-011.jpg?resize=350%2C200&ssl=1","width":350,"height":200},"classes":[]},{"id":611,"url":"https:\/\/www.wallendorff.com\/belogue\/2004\/10\/18\/pieds-beaux\/","url_meta":{"origin":44162,"position":3},"title":"Pieds beaux.","author":"dpc","date":"18 octobre 2004","format":false,"excerpt":"PJ Harvey, State Theater, 14 octobre 2004. \u00a0Ben Kweller \u2013 On My Way","rel":"","context":"Dans &quot;DPC&quot;","block_context":{"text":"DPC","link":"https:\/\/www.wallendorff.com\/belogue\/category\/dpc\/"},"img":{"alt_text":"","src":"https:\/\/i0.wp.com\/www.wallendorff.com\/belogue\/wp-content\/uploads\/2015\/04\/200410181.jpg?resize=350%2C200&ssl=1","width":350,"height":200},"classes":[]},{"id":44693,"url":"https:\/\/www.wallendorff.com\/belogue\/2020\/01\/22\/hey-new-york-4-novembre-2019\/","url_meta":{"origin":44162,"position":4},"title":"Hey New York \u2013 4 novembre 2019.","author":"dpc","date":"22 janvier 2020","format":false,"excerpt":"New York, 4 novembre 2019.","rel":"","context":"Dans &quot;DPC&quot;","block_context":{"text":"DPC","link":"https:\/\/www.wallendorff.com\/belogue\/category\/dpc\/"},"img":{"alt_text":"","src":"https:\/\/i0.wp.com\/www.wallendorff.com\/belogue\/wp-content\/uploads\/2020\/01\/20200122-13.jpg?resize=350%2C200&ssl=1","width":350,"height":200,"srcset":"https:\/\/i0.wp.com\/www.wallendorff.com\/belogue\/wp-content\/uploads\/2020\/01\/20200122-13.jpg?resize=350%2C200&ssl=1 1x, https:\/\/i0.wp.com\/www.wallendorff.com\/belogue\/wp-content\/uploads\/2020\/01\/20200122-13.jpg?resize=525%2C300&ssl=1 1.5x, https:\/\/i0.wp.com\/www.wallendorff.com\/belogue\/wp-content\/uploads\/2020\/01\/20200122-13.jpg?resize=700%2C400&ssl=1 2x, https:\/\/i0.wp.com\/www.wallendorff.com\/belogue\/wp-content\/uploads\/2020\/01\/20200122-13.jpg?resize=1050%2C600&ssl=1 3x"},"classes":[]},{"id":45173,"url":"https:\/\/www.wallendorff.com\/belogue\/2020\/03\/04\/hey-new-york-9-novembre-2019\/","url_meta":{"origin":44162,"position":5},"title":"Hey New York \u2013 9 novembre 2019.","author":"dpc","date":"4 mars 2020","format":false,"excerpt":"New York, 9 novembre 2019.","rel":"","context":"Dans &quot;DPC&quot;","block_context":{"text":"DPC","link":"https:\/\/www.wallendorff.com\/belogue\/category\/dpc\/"},"img":{"alt_text":"","src":"https:\/\/i0.wp.com\/www.wallendorff.com\/belogue\/wp-content\/uploads\/2020\/03\/20200304-10.jpg?resize=350%2C200&ssl=1","width":350,"height":200,"srcset":"https:\/\/i0.wp.com\/www.wallendorff.com\/belogue\/wp-content\/uploads\/2020\/03\/20200304-10.jpg?resize=350%2C200&ssl=1 1x, https:\/\/i0.wp.com\/www.wallendorff.com\/belogue\/wp-content\/uploads\/2020\/03\/20200304-10.jpg?resize=525%2C300&ssl=1 1.5x, https:\/\/i0.wp.com\/www.wallendorff.com\/belogue\/wp-content\/uploads\/2020\/03\/20200304-10.jpg?resize=700%2C400&ssl=1 2x, https:\/\/i0.wp.com\/www.wallendorff.com\/belogue\/wp-content\/uploads\/2020\/03\/20200304-10.jpg?resize=1050%2C600&ssl=1 3x"},"classes":[]}],"_links":{"self":[{"href":"https:\/\/www.wallendorff.com\/belogue\/wp-json\/wp\/v2\/posts\/44162","targetHints":{"allow":["GET"]}}],"collection":[{"href":"https:\/\/www.wallendorff.com\/belogue\/wp-json\/wp\/v2\/posts"}],"about":[{"href":"https:\/\/www.wallendorff.com\/belogue\/wp-json\/wp\/v2\/types\/post"}],"author":[{"embeddable":true,"href":"https:\/\/www.wallendorff.com\/belogue\/wp-json\/wp\/v2\/users\/1"}],"replies":[{"embeddable":true,"href":"https:\/\/www.wallendorff.com\/belogue\/wp-json\/wp\/v2\/comments?post=44162"}],"version-history":[{"count":4,"href":"https:\/\/www.wallendorff.com\/belogue\/wp-json\/wp\/v2\/posts\/44162\/revisions"}],"predecessor-version":[{"id":44178,"href":"https:\/\/www.wallendorff.com\/belogue\/wp-json\/wp\/v2\/posts\/44162\/revisions\/44178"}],"wp:featuredmedia":[{"embeddable":true,"href":"https:\/\/www.wallendorff.com\/belogue\/wp-json\/wp\/v2\/media\/44174"}],"wp:attachment":[{"href":"https:\/\/www.wallendorff.com\/belogue\/wp-json\/wp\/v2\/media?parent=44162"}],"wp:term":[{"taxonomy":"category","embeddable":true,"href":"https:\/\/www.wallendorff.com\/belogue\/wp-json\/wp\/v2\/categories?post=44162"},{"taxonomy":"post_tag","embeddable":true,"href":"https:\/\/www.wallendorff.com\/belogue\/wp-json\/wp\/v2\/tags?post=44162"}],"curies":[{"name":"wp","href":"https:\/\/api.w.org\/{rel}","templated":true}]}}