{"id":44120,"date":"2019-10-31T11:56:25","date_gmt":"2019-10-31T09:56:25","guid":{"rendered":"http:\/\/www.wallendorff.com\/belogue\/?p=44120"},"modified":"2019-10-31T11:56:25","modified_gmt":"2019-10-31T09:56:25","slug":"%d0%b7%d0%b4%d1%80%d0%b0%d0%b2%d0%b5%d0%b9-%d0%b1%d1%8a%d0%bb%d0%b3%d0%b0%d1%80%d0%b8%d1%8f-tcho-la-bulgarie-bouzloudja-orizari-bourgas","status":"publish","type":"post","link":"https:\/\/www.wallendorff.com\/belogue\/2019\/10\/31\/%d0%b7%d0%b4%d1%80%d0%b0%d0%b2%d0%b5%d0%b9-%d0%b1%d1%8a%d0%bb%d0%b3%d0%b0%d1%80%d0%b8%d1%8f-tcho-la-bulgarie-bouzloudja-orizari-bourgas\/","title":{"rendered":"\u0417\u0434\u0440\u0430\u0432\u0435\u0439 \u0411\u044a\u043b\u0433\u0430\u0440\u0438\u044f [tch\u00f4 la Bulgarie] \u2013 Bouzloudja, Orizari, Bourgas"},"content":{"rendered":"<div id=\"photo\">\n<p><img decoding=\"async\" src=\"https:\/\/www.wallendorff.com\/belogue\/wp-content\/uploads\/2019\/10\/20191030-17.jpg\"><br \/>\n<em>Into the wide #185, 186, 187, 188<\/em><br \/>\n4 septembre 2019.<\/p>\n<\/div>\n<p>Se lever &agrave; 3&nbsp;h 30 pour arriver sur place avant la fin de la nuit. Rouler 1&nbsp;h 30 et finir sur un chemin perclus de nids-de-poules. Voir surgir l&rsquo;&eacute;norme b&acirc;timent silencieux dans le rayon des phares.<\/p>\n<p style=\"text-align: right\"\u00b7>Pour un peu, je me serais pris pour Robert Ballard d&eacute;couvrant l&rsquo;&eacute;trave du Titanic.<\/p>\n<p>Rouler vers le parking d&eacute;sert, fr&ocirc;ler l&rsquo;arr&ecirc;t cardiaque lorsqu&rsquo;une grosse masse noire nous coupe la route, reconna&icirc;tre un cheval en libert&eacute;. Sortir dans le froid et le vent, installer le tr&eacute;pied, et r&eacute;aliser que&#8230;<\/p>\n<p style=\"text-align: right\">quand la nuit est noire de noire&#8230; bah on peut pas vraiment cadrer.<br \/>(proverbe bulgare)<\/p>\n<p>Le temps de trouver un angle, tout en surveillant les chevaux du coin de l&rsquo;&oelig;il, il n&rsquo;y a plus d&rsquo;&eacute;toile. Tant pis. On fera sans, autrement&nbsp;;  pas mieux, mais diff&eacute;remment. Nous restons l&agrave; une grosse heure, frigorifi&eacute;s, &agrave; faire le tour du lieu sans pouvoir entrer dedans &ndash;&nbsp;de toute fa&ccedil;on, nous le constaterons en partant, l&rsquo;endroit est gard&eacute;&nbsp;&ndash; avant de finir par trouver l&rsquo;angle qu&rsquo;il fallait pile au moment o&ugrave; le soleil franchit les montagnes pour dorer cette grosse soucoupe dolente&nbsp;; l&rsquo;angle qui la place dans son contexte, l&rsquo;angle qu&rsquo;il faudra venir reprendre dans le noir, un autre jour&#8230;<\/p>\n<p  style=\"text-align: right\"\u00b7>&#8230;une autre nuit.<\/p>\n<p style=\"text-align: right\"\u00b7>[<a href=\"https:\/\/fr.wikipedia.org\/wiki\/Bouzloudja\">Plus d&rsquo;info<\/a>.]<\/p>\n<div id='gallery-1' class='gallery galleryid-44120 gallery-columns-1 gallery-size-medium'><figure class='gallery-item'>\n\t\t\t<div class='gallery-icon landscape'>\n\t\t\t\t<a href='https:\/\/www.wallendorff.com\/belogue\/2019\/10\/31\/%d0%b7%d0%b4%d1%80%d0%b0%d0%b2%d0%b5%d0%b9-%d0%b1%d1%8a%d0%bb%d0%b3%d0%b0%d1%80%d0%b8%d1%8f-tcho-la-bulgarie-bouzloudja-orizari-bourgas\/20191030-01\/'><img fetchpriority=\"high\" decoding=\"async\" width=\"1170\" height=\"780\" src=\"https:\/\/www.wallendorff.com\/belogue\/wp-content\/uploads\/2019\/10\/20191030-01.jpg\" class=\"attachment-medium size-medium\" alt=\"Bouzloudja, 4 septembre 2019.\" aria-describedby=\"gallery-1-44122\" srcset=\"https:\/\/www.wallendorff.com\/belogue\/wp-content\/uploads\/2019\/10\/20191030-01.jpg 1170w, https:\/\/www.wallendorff.com\/belogue\/wp-content\/uploads\/2019\/10\/20191030-01-820x547.jpg 820w, https:\/\/www.wallendorff.com\/belogue\/wp-content\/uploads\/2019\/10\/20191030-01-1116x744.jpg 1116w, https:\/\/www.wallendorff.com\/belogue\/wp-content\/uploads\/2019\/10\/20191030-01-806x537.jpg 806w, https:\/\/www.wallendorff.com\/belogue\/wp-content\/uploads\/2019\/10\/20191030-01-558x372.jpg 558w, https:\/\/www.wallendorff.com\/belogue\/wp-content\/uploads\/2019\/10\/20191030-01-655x437.jpg 655w, https:\/\/www.wallendorff.com\/belogue\/wp-content\/uploads\/2019\/10\/20191030-01-600x400.jpg 600w\" sizes=\"(max-width: 1170px) 100vw, 1170px\" \/><\/a>\n\t\t\t<\/div>\n\t\t\t\t<figcaption class='wp-caption-text gallery-caption' id='gallery-1-44122'>\n\t\t\t\tBouzloudja, 4 septembre 2019.\n\t\t\t\t<\/figcaption><\/figure><figure class='gallery-item'>\n\t\t\t<div class='gallery-icon landscape'>\n\t\t\t\t<a href='https:\/\/www.wallendorff.com\/belogue\/2019\/10\/31\/%d0%b7%d0%b4%d1%80%d0%b0%d0%b2%d0%b5%d0%b9-%d0%b1%d1%8a%d0%bb%d0%b3%d0%b0%d1%80%d0%b8%d1%8f-tcho-la-bulgarie-bouzloudja-orizari-bourgas\/20191030-02\/'><img decoding=\"async\" width=\"1170\" height=\"498\" src=\"https:\/\/www.wallendorff.com\/belogue\/wp-content\/uploads\/2019\/10\/20191030-02.jpg\" class=\"attachment-medium size-medium\" alt=\"Bouzloudja, 4 septembre 2019.\" aria-describedby=\"gallery-1-44123\" srcset=\"https:\/\/www.wallendorff.com\/belogue\/wp-content\/uploads\/2019\/10\/20191030-02.jpg 1170w, https:\/\/www.wallendorff.com\/belogue\/wp-content\/uploads\/2019\/10\/20191030-02-820x349.jpg 820w, https:\/\/www.wallendorff.com\/belogue\/wp-content\/uploads\/2019\/10\/20191030-02-1116x475.jpg 1116w, https:\/\/www.wallendorff.com\/belogue\/wp-content\/uploads\/2019\/10\/20191030-02-806x343.jpg 806w, https:\/\/www.wallendorff.com\/belogue\/wp-content\/uploads\/2019\/10\/20191030-02-558x238.jpg 558w, https:\/\/www.wallendorff.com\/belogue\/wp-content\/uploads\/2019\/10\/20191030-02-655x279.jpg 655w, https:\/\/www.wallendorff.com\/belogue\/wp-content\/uploads\/2019\/10\/20191030-02-600x255.jpg 600w\" sizes=\"(max-width: 1170px) 100vw, 1170px\" \/><\/a>\n\t\t\t<\/div>\n\t\t\t\t<figcaption class='wp-caption-text gallery-caption' id='gallery-1-44123'>\n\t\t\t\tBouzloudja, 4 septembre 2019.\n\t\t\t\t<\/figcaption><\/figure><figure class='gallery-item'>\n\t\t\t<div class='gallery-icon landscape'>\n\t\t\t\t<a href='https:\/\/www.wallendorff.com\/belogue\/2019\/10\/31\/%d0%b7%d0%b4%d1%80%d0%b0%d0%b2%d0%b5%d0%b9-%d0%b1%d1%8a%d0%bb%d0%b3%d0%b0%d1%80%d0%b8%d1%8f-tcho-la-bulgarie-bouzloudja-orizari-bourgas\/20191030-03\/'><img decoding=\"async\" width=\"1170\" height=\"780\" src=\"https:\/\/www.wallendorff.com\/belogue\/wp-content\/uploads\/2019\/10\/20191030-03.jpg\" class=\"attachment-medium size-medium\" alt=\"Bouzloudja, 4 septembre 2019.\" aria-describedby=\"gallery-1-44124\" srcset=\"https:\/\/www.wallendorff.com\/belogue\/wp-content\/uploads\/2019\/10\/20191030-03.jpg 1170w, https:\/\/www.wallendorff.com\/belogue\/wp-content\/uploads\/2019\/10\/20191030-03-820x547.jpg 820w, https:\/\/www.wallendorff.com\/belogue\/wp-content\/uploads\/2019\/10\/20191030-03-1116x744.jpg 1116w, https:\/\/www.wallendorff.com\/belogue\/wp-content\/uploads\/2019\/10\/20191030-03-806x537.jpg 806w, https:\/\/www.wallendorff.com\/belogue\/wp-content\/uploads\/2019\/10\/20191030-03-558x372.jpg 558w, https:\/\/www.wallendorff.com\/belogue\/wp-content\/uploads\/2019\/10\/20191030-03-655x437.jpg 655w, https:\/\/www.wallendorff.com\/belogue\/wp-content\/uploads\/2019\/10\/20191030-03-600x400.jpg 600w\" sizes=\"(max-width: 1170px) 100vw, 1170px\" \/><\/a>\n\t\t\t<\/div>\n\t\t\t\t<figcaption class='wp-caption-text gallery-caption' id='gallery-1-44124'>\n\t\t\t\tBouzloudja, 4 septembre 2019.\n\t\t\t\t<\/figcaption><\/figure><figure class='gallery-item'>\n\t\t\t<div class='gallery-icon landscape'>\n\t\t\t\t<a href='https:\/\/www.wallendorff.com\/belogue\/2019\/10\/31\/%d0%b7%d0%b4%d1%80%d0%b0%d0%b2%d0%b5%d0%b9-%d0%b1%d1%8a%d0%bb%d0%b3%d0%b0%d1%80%d0%b8%d1%8f-tcho-la-bulgarie-bouzloudja-orizari-bourgas\/20191030-04\/'><img loading=\"lazy\" decoding=\"async\" width=\"1156\" height=\"492\" src=\"https:\/\/www.wallendorff.com\/belogue\/wp-content\/uploads\/2019\/10\/20191030-04.jpg\" class=\"attachment-medium size-medium\" alt=\"Bouzloudja, 4 septembre 2019.\" aria-describedby=\"gallery-1-44125\" srcset=\"https:\/\/www.wallendorff.com\/belogue\/wp-content\/uploads\/2019\/10\/20191030-04.jpg 1156w, https:\/\/www.wallendorff.com\/belogue\/wp-content\/uploads\/2019\/10\/20191030-04-820x349.jpg 820w, https:\/\/www.wallendorff.com\/belogue\/wp-content\/uploads\/2019\/10\/20191030-04-1116x475.jpg 1116w, https:\/\/www.wallendorff.com\/belogue\/wp-content\/uploads\/2019\/10\/20191030-04-806x343.jpg 806w, https:\/\/www.wallendorff.com\/belogue\/wp-content\/uploads\/2019\/10\/20191030-04-558x237.jpg 558w, https:\/\/www.wallendorff.com\/belogue\/wp-content\/uploads\/2019\/10\/20191030-04-655x279.jpg 655w, https:\/\/www.wallendorff.com\/belogue\/wp-content\/uploads\/2019\/10\/20191030-04-600x255.jpg 600w\" sizes=\"(max-width: 1156px) 100vw, 1156px\" \/><\/a>\n\t\t\t<\/div>\n\t\t\t\t<figcaption class='wp-caption-text gallery-caption' id='gallery-1-44125'>\n\t\t\t\tBouzloudja, 4 septembre 2019.\n\t\t\t\t<\/figcaption><\/figure><figure class='gallery-item'>\n\t\t\t<div class='gallery-icon landscape'>\n\t\t\t\t<a href='https:\/\/www.wallendorff.com\/belogue\/2019\/10\/31\/%d0%b7%d0%b4%d1%80%d0%b0%d0%b2%d0%b5%d0%b9-%d0%b1%d1%8a%d0%bb%d0%b3%d0%b0%d1%80%d0%b8%d1%8f-tcho-la-bulgarie-bouzloudja-orizari-bourgas\/20191030-05\/'><img loading=\"lazy\" decoding=\"async\" width=\"1170\" height=\"780\" src=\"https:\/\/www.wallendorff.com\/belogue\/wp-content\/uploads\/2019\/10\/20191030-05.jpg\" class=\"attachment-medium size-medium\" alt=\"Bouzloudja, 4 septembre 2019.\" aria-describedby=\"gallery-1-44126\" srcset=\"https:\/\/www.wallendorff.com\/belogue\/wp-content\/uploads\/2019\/10\/20191030-05.jpg 1170w, https:\/\/www.wallendorff.com\/belogue\/wp-content\/uploads\/2019\/10\/20191030-05-820x547.jpg 820w, https:\/\/www.wallendorff.com\/belogue\/wp-content\/uploads\/2019\/10\/20191030-05-1116x744.jpg 1116w, https:\/\/www.wallendorff.com\/belogue\/wp-content\/uploads\/2019\/10\/20191030-05-806x537.jpg 806w, https:\/\/www.wallendorff.com\/belogue\/wp-content\/uploads\/2019\/10\/20191030-05-558x372.jpg 558w, https:\/\/www.wallendorff.com\/belogue\/wp-content\/uploads\/2019\/10\/20191030-05-655x437.jpg 655w, https:\/\/www.wallendorff.com\/belogue\/wp-content\/uploads\/2019\/10\/20191030-05-600x400.jpg 600w\" sizes=\"(max-width: 1170px) 100vw, 1170px\" \/><\/a>\n\t\t\t<\/div>\n\t\t\t\t<figcaption class='wp-caption-text gallery-caption' id='gallery-1-44126'>\n\t\t\t\tBouzloudja, 4 septembre 2019.\n\t\t\t\t<\/figcaption><\/figure><figure class='gallery-item'>\n\t\t\t<div class='gallery-icon landscape'>\n\t\t\t\t<a href='https:\/\/www.wallendorff.com\/belogue\/2019\/10\/31\/%d0%b7%d0%b4%d1%80%d0%b0%d0%b2%d0%b5%d0%b9-%d0%b1%d1%8a%d0%bb%d0%b3%d0%b0%d1%80%d0%b8%d1%8f-tcho-la-bulgarie-bouzloudja-orizari-bourgas\/20191030-06\/'><img loading=\"lazy\" decoding=\"async\" width=\"1170\" height=\"780\" src=\"https:\/\/www.wallendorff.com\/belogue\/wp-content\/uploads\/2019\/10\/20191030-06.jpg\" class=\"attachment-medium size-medium\" alt=\"Bouzloudja, 4 septembre 2019.\" aria-describedby=\"gallery-1-44127\" srcset=\"https:\/\/www.wallendorff.com\/belogue\/wp-content\/uploads\/2019\/10\/20191030-06.jpg 1170w, https:\/\/www.wallendorff.com\/belogue\/wp-content\/uploads\/2019\/10\/20191030-06-820x547.jpg 820w, https:\/\/www.wallendorff.com\/belogue\/wp-content\/uploads\/2019\/10\/20191030-06-1116x744.jpg 1116w, https:\/\/www.wallendorff.com\/belogue\/wp-content\/uploads\/2019\/10\/20191030-06-806x537.jpg 806w, https:\/\/www.wallendorff.com\/belogue\/wp-content\/uploads\/2019\/10\/20191030-06-558x372.jpg 558w, https:\/\/www.wallendorff.com\/belogue\/wp-content\/uploads\/2019\/10\/20191030-06-655x437.jpg 655w, https:\/\/www.wallendorff.com\/belogue\/wp-content\/uploads\/2019\/10\/20191030-06-600x400.jpg 600w\" sizes=\"(max-width: 1170px) 100vw, 1170px\" \/><\/a>\n\t\t\t<\/div>\n\t\t\t\t<figcaption class='wp-caption-text gallery-caption' id='gallery-1-44127'>\n\t\t\t\tBouzloudja, 4 septembre 2019.\n\t\t\t\t<\/figcaption><\/figure><figure class='gallery-item'>\n\t\t\t<div class='gallery-icon landscape'>\n\t\t\t\t<a href='https:\/\/www.wallendorff.com\/belogue\/2019\/10\/31\/%d0%b7%d0%b4%d1%80%d0%b0%d0%b2%d0%b5%d0%b9-%d0%b1%d1%8a%d0%bb%d0%b3%d0%b0%d1%80%d0%b8%d1%8f-tcho-la-bulgarie-bouzloudja-orizari-bourgas\/20191030-07\/'><img loading=\"lazy\" decoding=\"async\" width=\"1158\" height=\"492\" src=\"https:\/\/www.wallendorff.com\/belogue\/wp-content\/uploads\/2019\/10\/20191030-07.jpg\" class=\"attachment-medium size-medium\" alt=\"Bouzloudja, 4 septembre 2019.\" aria-describedby=\"gallery-1-44128\" srcset=\"https:\/\/www.wallendorff.com\/belogue\/wp-content\/uploads\/2019\/10\/20191030-07.jpg 1158w, https:\/\/www.wallendorff.com\/belogue\/wp-content\/uploads\/2019\/10\/20191030-07-820x348.jpg 820w, https:\/\/www.wallendorff.com\/belogue\/wp-content\/uploads\/2019\/10\/20191030-07-1116x474.jpg 1116w, https:\/\/www.wallendorff.com\/belogue\/wp-content\/uploads\/2019\/10\/20191030-07-806x342.jpg 806w, https:\/\/www.wallendorff.com\/belogue\/wp-content\/uploads\/2019\/10\/20191030-07-558x237.jpg 558w, https:\/\/www.wallendorff.com\/belogue\/wp-content\/uploads\/2019\/10\/20191030-07-655x278.jpg 655w, https:\/\/www.wallendorff.com\/belogue\/wp-content\/uploads\/2019\/10\/20191030-07-600x255.jpg 600w\" sizes=\"(max-width: 1158px) 100vw, 1158px\" \/><\/a>\n\t\t\t<\/div>\n\t\t\t\t<figcaption class='wp-caption-text gallery-caption' id='gallery-1-44128'>\n\t\t\t\tBouzloudja, 4 septembre 2019.\n\t\t\t\t<\/figcaption><\/figure><figure class='gallery-item'>\n\t\t\t<div class='gallery-icon landscape'>\n\t\t\t\t<a href='https:\/\/www.wallendorff.com\/belogue\/2019\/10\/31\/%d0%b7%d0%b4%d1%80%d0%b0%d0%b2%d0%b5%d0%b9-%d0%b1%d1%8a%d0%bb%d0%b3%d0%b0%d1%80%d0%b8%d1%8f-tcho-la-bulgarie-bouzloudja-orizari-bourgas\/20191030-08\/'><img loading=\"lazy\" decoding=\"async\" width=\"1170\" height=\"780\" src=\"https:\/\/www.wallendorff.com\/belogue\/wp-content\/uploads\/2019\/10\/20191030-08.jpg\" class=\"attachment-medium size-medium\" alt=\"Bouzloudja, 4 septembre 2019.\" aria-describedby=\"gallery-1-44129\" srcset=\"https:\/\/www.wallendorff.com\/belogue\/wp-content\/uploads\/2019\/10\/20191030-08.jpg 1170w, https:\/\/www.wallendorff.com\/belogue\/wp-content\/uploads\/2019\/10\/20191030-08-820x547.jpg 820w, https:\/\/www.wallendorff.com\/belogue\/wp-content\/uploads\/2019\/10\/20191030-08-1116x744.jpg 1116w, https:\/\/www.wallendorff.com\/belogue\/wp-content\/uploads\/2019\/10\/20191030-08-806x537.jpg 806w, https:\/\/www.wallendorff.com\/belogue\/wp-content\/uploads\/2019\/10\/20191030-08-558x372.jpg 558w, https:\/\/www.wallendorff.com\/belogue\/wp-content\/uploads\/2019\/10\/20191030-08-655x437.jpg 655w, https:\/\/www.wallendorff.com\/belogue\/wp-content\/uploads\/2019\/10\/20191030-08-600x400.jpg 600w\" sizes=\"(max-width: 1170px) 100vw, 1170px\" \/><\/a>\n\t\t\t<\/div>\n\t\t\t\t<figcaption class='wp-caption-text gallery-caption' id='gallery-1-44129'>\n\t\t\t\tBouzloudja, 4 septembre 2019.\n\t\t\t\t<\/figcaption><\/figure><figure class='gallery-item'>\n\t\t\t<div class='gallery-icon landscape'>\n\t\t\t\t<a href='https:\/\/www.wallendorff.com\/belogue\/2019\/10\/31\/%d0%b7%d0%b4%d1%80%d0%b0%d0%b2%d0%b5%d0%b9-%d0%b1%d1%8a%d0%bb%d0%b3%d0%b0%d1%80%d0%b8%d1%8f-tcho-la-bulgarie-bouzloudja-orizari-bourgas\/20191030-09\/'><img loading=\"lazy\" decoding=\"async\" width=\"1170\" height=\"780\" src=\"https:\/\/www.wallendorff.com\/belogue\/wp-content\/uploads\/2019\/10\/20191030-09.jpg\" class=\"attachment-medium size-medium\" alt=\"Bouzloudja, 4 septembre 2019.\" aria-describedby=\"gallery-1-44130\" srcset=\"https:\/\/www.wallendorff.com\/belogue\/wp-content\/uploads\/2019\/10\/20191030-09.jpg 1170w, https:\/\/www.wallendorff.com\/belogue\/wp-content\/uploads\/2019\/10\/20191030-09-820x547.jpg 820w, https:\/\/www.wallendorff.com\/belogue\/wp-content\/uploads\/2019\/10\/20191030-09-1116x744.jpg 1116w, https:\/\/www.wallendorff.com\/belogue\/wp-content\/uploads\/2019\/10\/20191030-09-806x537.jpg 806w, https:\/\/www.wallendorff.com\/belogue\/wp-content\/uploads\/2019\/10\/20191030-09-558x372.jpg 558w, https:\/\/www.wallendorff.com\/belogue\/wp-content\/uploads\/2019\/10\/20191030-09-655x437.jpg 655w, https:\/\/www.wallendorff.com\/belogue\/wp-content\/uploads\/2019\/10\/20191030-09-600x400.jpg 600w\" sizes=\"(max-width: 1170px) 100vw, 1170px\" \/><\/a>\n\t\t\t<\/div>\n\t\t\t\t<figcaption class='wp-caption-text gallery-caption' id='gallery-1-44130'>\n\t\t\t\tBouzloudja, 4 septembre 2019.\n\t\t\t\t<\/figcaption><\/figure><figure class='gallery-item'>\n\t\t\t<div class='gallery-icon landscape'>\n\t\t\t\t<a href='https:\/\/www.wallendorff.com\/belogue\/2019\/10\/31\/%d0%b7%d0%b4%d1%80%d0%b0%d0%b2%d0%b5%d0%b9-%d0%b1%d1%8a%d0%bb%d0%b3%d0%b0%d1%80%d0%b8%d1%8f-tcho-la-bulgarie-bouzloudja-orizari-bourgas\/20191030-10\/'><img loading=\"lazy\" decoding=\"async\" width=\"1170\" height=\"780\" src=\"https:\/\/www.wallendorff.com\/belogue\/wp-content\/uploads\/2019\/10\/20191030-10.jpg\" class=\"attachment-medium size-medium\" alt=\"Bouzloudja, 4 septembre 2019.\" aria-describedby=\"gallery-1-44131\" srcset=\"https:\/\/www.wallendorff.com\/belogue\/wp-content\/uploads\/2019\/10\/20191030-10.jpg 1170w, https:\/\/www.wallendorff.com\/belogue\/wp-content\/uploads\/2019\/10\/20191030-10-820x547.jpg 820w, https:\/\/www.wallendorff.com\/belogue\/wp-content\/uploads\/2019\/10\/20191030-10-1116x744.jpg 1116w, https:\/\/www.wallendorff.com\/belogue\/wp-content\/uploads\/2019\/10\/20191030-10-806x537.jpg 806w, https:\/\/www.wallendorff.com\/belogue\/wp-content\/uploads\/2019\/10\/20191030-10-558x372.jpg 558w, https:\/\/www.wallendorff.com\/belogue\/wp-content\/uploads\/2019\/10\/20191030-10-655x437.jpg 655w, https:\/\/www.wallendorff.com\/belogue\/wp-content\/uploads\/2019\/10\/20191030-10-600x400.jpg 600w\" sizes=\"(max-width: 1170px) 100vw, 1170px\" \/><\/a>\n\t\t\t<\/div>\n\t\t\t\t<figcaption class='wp-caption-text gallery-caption' id='gallery-1-44131'>\n\t\t\t\tBouzloudja, 4 septembre 2019.\n\t\t\t\t<\/figcaption><\/figure><figure class='gallery-item'>\n\t\t\t<div class='gallery-icon landscape'>\n\t\t\t\t<a href='https:\/\/www.wallendorff.com\/belogue\/2019\/10\/31\/%d0%b7%d0%b4%d1%80%d0%b0%d0%b2%d0%b5%d0%b9-%d0%b1%d1%8a%d0%bb%d0%b3%d0%b0%d1%80%d0%b8%d1%8f-tcho-la-bulgarie-bouzloudja-orizari-bourgas\/20191030-11\/'><img loading=\"lazy\" decoding=\"async\" width=\"1170\" height=\"780\" src=\"https:\/\/www.wallendorff.com\/belogue\/wp-content\/uploads\/2019\/10\/20191030-11.jpg\" class=\"attachment-medium size-medium\" alt=\"Bouzloudja, 4 septembre 2019.\" aria-describedby=\"gallery-1-44132\" srcset=\"https:\/\/www.wallendorff.com\/belogue\/wp-content\/uploads\/2019\/10\/20191030-11.jpg 1170w, https:\/\/www.wallendorff.com\/belogue\/wp-content\/uploads\/2019\/10\/20191030-11-820x547.jpg 820w, https:\/\/www.wallendorff.com\/belogue\/wp-content\/uploads\/2019\/10\/20191030-11-1116x744.jpg 1116w, https:\/\/www.wallendorff.com\/belogue\/wp-content\/uploads\/2019\/10\/20191030-11-806x537.jpg 806w, https:\/\/www.wallendorff.com\/belogue\/wp-content\/uploads\/2019\/10\/20191030-11-558x372.jpg 558w, https:\/\/www.wallendorff.com\/belogue\/wp-content\/uploads\/2019\/10\/20191030-11-655x437.jpg 655w, https:\/\/www.wallendorff.com\/belogue\/wp-content\/uploads\/2019\/10\/20191030-11-600x400.jpg 600w\" sizes=\"(max-width: 1170px) 100vw, 1170px\" \/><\/a>\n\t\t\t<\/div>\n\t\t\t\t<figcaption class='wp-caption-text gallery-caption' id='gallery-1-44132'>\n\t\t\t\tBouzloudja, 4 septembre 2019.\n\t\t\t\t<\/figcaption><\/figure><figure class='gallery-item'>\n\t\t\t<div class='gallery-icon portrait'>\n\t\t\t\t<a href='https:\/\/www.wallendorff.com\/belogue\/2019\/10\/31\/%d0%b7%d0%b4%d1%80%d0%b0%d0%b2%d0%b5%d0%b9-%d0%b1%d1%8a%d0%bb%d0%b3%d0%b0%d1%80%d0%b8%d1%8f-tcho-la-bulgarie-bouzloudja-orizari-bourgas\/20191030-12\/'><img loading=\"lazy\" decoding=\"async\" width=\"780\" height=\"1170\" src=\"https:\/\/www.wallendorff.com\/belogue\/wp-content\/uploads\/2019\/10\/20191030-12.jpg\" class=\"attachment-medium size-medium\" alt=\"Bouzloudja, 4 septembre 2019.\" aria-describedby=\"gallery-1-44133\" srcset=\"https:\/\/www.wallendorff.com\/belogue\/wp-content\/uploads\/2019\/10\/20191030-12.jpg 780w, https:\/\/www.wallendorff.com\/belogue\/wp-content\/uploads\/2019\/10\/20191030-12-558x837.jpg 558w, https:\/\/www.wallendorff.com\/belogue\/wp-content\/uploads\/2019\/10\/20191030-12-655x983.jpg 655w, https:\/\/www.wallendorff.com\/belogue\/wp-content\/uploads\/2019\/10\/20191030-12-600x900.jpg 600w\" sizes=\"(max-width: 780px) 100vw, 780px\" \/><\/a>\n\t\t\t<\/div>\n\t\t\t\t<figcaption class='wp-caption-text gallery-caption' id='gallery-1-44133'>\n\t\t\t\tBouzloudja, 4 septembre 2019.\n\t\t\t\t<\/figcaption><\/figure><figure class='gallery-item'>\n\t\t\t<div class='gallery-icon landscape'>\n\t\t\t\t<a href='https:\/\/www.wallendorff.com\/belogue\/2019\/10\/31\/%d0%b7%d0%b4%d1%80%d0%b0%d0%b2%d0%b5%d0%b9-%d0%b1%d1%8a%d0%bb%d0%b3%d0%b0%d1%80%d0%b8%d1%8f-tcho-la-bulgarie-bouzloudja-orizari-bourgas\/20191030-13\/'><img loading=\"lazy\" decoding=\"async\" width=\"1170\" height=\"780\" src=\"https:\/\/www.wallendorff.com\/belogue\/wp-content\/uploads\/2019\/10\/20191030-13.jpg\" class=\"attachment-medium size-medium\" alt=\"Bouzloudja, 4 septembre 2019.\" aria-describedby=\"gallery-1-44134\" srcset=\"https:\/\/www.wallendorff.com\/belogue\/wp-content\/uploads\/2019\/10\/20191030-13.jpg 1170w, https:\/\/www.wallendorff.com\/belogue\/wp-content\/uploads\/2019\/10\/20191030-13-820x547.jpg 820w, https:\/\/www.wallendorff.com\/belogue\/wp-content\/uploads\/2019\/10\/20191030-13-1116x744.jpg 1116w, https:\/\/www.wallendorff.com\/belogue\/wp-content\/uploads\/2019\/10\/20191030-13-806x537.jpg 806w, https:\/\/www.wallendorff.com\/belogue\/wp-content\/uploads\/2019\/10\/20191030-13-558x372.jpg 558w, https:\/\/www.wallendorff.com\/belogue\/wp-content\/uploads\/2019\/10\/20191030-13-655x437.jpg 655w, https:\/\/www.wallendorff.com\/belogue\/wp-content\/uploads\/2019\/10\/20191030-13-600x400.jpg 600w\" sizes=\"(max-width: 1170px) 100vw, 1170px\" \/><\/a>\n\t\t\t<\/div>\n\t\t\t\t<figcaption class='wp-caption-text gallery-caption' id='gallery-1-44134'>\n\t\t\t\tBouzloudja, 4 septembre 2019.\n\t\t\t\t<\/figcaption><\/figure><figure class='gallery-item'>\n\t\t\t<div class='gallery-icon landscape'>\n\t\t\t\t<a href='https:\/\/www.wallendorff.com\/belogue\/2019\/10\/31\/%d0%b7%d0%b4%d1%80%d0%b0%d0%b2%d0%b5%d0%b9-%d0%b1%d1%8a%d0%bb%d0%b3%d0%b0%d1%80%d0%b8%d1%8f-tcho-la-bulgarie-bouzloudja-orizari-bourgas\/20191030-14\/'><img loading=\"lazy\" decoding=\"async\" width=\"1170\" height=\"780\" src=\"https:\/\/www.wallendorff.com\/belogue\/wp-content\/uploads\/2019\/10\/20191030-14.jpg\" class=\"attachment-medium size-medium\" alt=\"Bouzloudja, 4 septembre 2019.\" aria-describedby=\"gallery-1-44135\" srcset=\"https:\/\/www.wallendorff.com\/belogue\/wp-content\/uploads\/2019\/10\/20191030-14.jpg 1170w, https:\/\/www.wallendorff.com\/belogue\/wp-content\/uploads\/2019\/10\/20191030-14-820x547.jpg 820w, https:\/\/www.wallendorff.com\/belogue\/wp-content\/uploads\/2019\/10\/20191030-14-1116x744.jpg 1116w, https:\/\/www.wallendorff.com\/belogue\/wp-content\/uploads\/2019\/10\/20191030-14-806x537.jpg 806w, https:\/\/www.wallendorff.com\/belogue\/wp-content\/uploads\/2019\/10\/20191030-14-558x372.jpg 558w, https:\/\/www.wallendorff.com\/belogue\/wp-content\/uploads\/2019\/10\/20191030-14-655x437.jpg 655w, https:\/\/www.wallendorff.com\/belogue\/wp-content\/uploads\/2019\/10\/20191030-14-600x400.jpg 600w\" sizes=\"(max-width: 1170px) 100vw, 1170px\" \/><\/a>\n\t\t\t<\/div>\n\t\t\t\t<figcaption class='wp-caption-text gallery-caption' id='gallery-1-44135'>\n\t\t\t\tBouzloudja, 4 septembre 2019.\n\t\t\t\t<\/figcaption><\/figure><figure class='gallery-item'>\n\t\t\t<div class='gallery-icon landscape'>\n\t\t\t\t<a href='https:\/\/www.wallendorff.com\/belogue\/2019\/10\/31\/%d0%b7%d0%b4%d1%80%d0%b0%d0%b2%d0%b5%d0%b9-%d0%b1%d1%8a%d0%bb%d0%b3%d0%b0%d1%80%d0%b8%d1%8f-tcho-la-bulgarie-bouzloudja-orizari-bourgas\/20191030-15\/'><img loading=\"lazy\" decoding=\"async\" width=\"1170\" height=\"780\" src=\"https:\/\/www.wallendorff.com\/belogue\/wp-content\/uploads\/2019\/10\/20191030-15.jpg\" class=\"attachment-medium size-medium\" alt=\"Bouzloudja, 4 septembre 2019.\" aria-describedby=\"gallery-1-44136\" srcset=\"https:\/\/www.wallendorff.com\/belogue\/wp-content\/uploads\/2019\/10\/20191030-15.jpg 1170w, https:\/\/www.wallendorff.com\/belogue\/wp-content\/uploads\/2019\/10\/20191030-15-820x547.jpg 820w, https:\/\/www.wallendorff.com\/belogue\/wp-content\/uploads\/2019\/10\/20191030-15-1116x744.jpg 1116w, https:\/\/www.wallendorff.com\/belogue\/wp-content\/uploads\/2019\/10\/20191030-15-806x537.jpg 806w, https:\/\/www.wallendorff.com\/belogue\/wp-content\/uploads\/2019\/10\/20191030-15-558x372.jpg 558w, https:\/\/www.wallendorff.com\/belogue\/wp-content\/uploads\/2019\/10\/20191030-15-655x437.jpg 655w, https:\/\/www.wallendorff.com\/belogue\/wp-content\/uploads\/2019\/10\/20191030-15-600x400.jpg 600w\" sizes=\"(max-width: 1170px) 100vw, 1170px\" \/><\/a>\n\t\t\t<\/div>\n\t\t\t\t<figcaption class='wp-caption-text gallery-caption' id='gallery-1-44136'>\n\t\t\t\tBouzloudja, 4 septembre 2019.\n\t\t\t\t<\/figcaption><\/figure><figure class='gallery-item'>\n\t\t\t<div class='gallery-icon landscape'>\n\t\t\t\t<a href='https:\/\/www.wallendorff.com\/belogue\/2019\/10\/31\/%d0%b7%d0%b4%d1%80%d0%b0%d0%b2%d0%b5%d0%b9-%d0%b1%d1%8a%d0%bb%d0%b3%d0%b0%d1%80%d0%b8%d1%8f-tcho-la-bulgarie-bouzloudja-orizari-bourgas\/20191030-16\/'><img loading=\"lazy\" decoding=\"async\" width=\"1170\" height=\"780\" src=\"https:\/\/www.wallendorff.com\/belogue\/wp-content\/uploads\/2019\/10\/20191030-16.jpg\" class=\"attachment-medium size-medium\" alt=\"Bouzloudja, 4 septembre 2019.\" aria-describedby=\"gallery-1-44137\" srcset=\"https:\/\/www.wallendorff.com\/belogue\/wp-content\/uploads\/2019\/10\/20191030-16.jpg 1170w, https:\/\/www.wallendorff.com\/belogue\/wp-content\/uploads\/2019\/10\/20191030-16-820x547.jpg 820w, https:\/\/www.wallendorff.com\/belogue\/wp-content\/uploads\/2019\/10\/20191030-16-1116x744.jpg 1116w, https:\/\/www.wallendorff.com\/belogue\/wp-content\/uploads\/2019\/10\/20191030-16-806x537.jpg 806w, https:\/\/www.wallendorff.com\/belogue\/wp-content\/uploads\/2019\/10\/20191030-16-558x372.jpg 558w, https:\/\/www.wallendorff.com\/belogue\/wp-content\/uploads\/2019\/10\/20191030-16-655x437.jpg 655w, https:\/\/www.wallendorff.com\/belogue\/wp-content\/uploads\/2019\/10\/20191030-16-600x400.jpg 600w\" sizes=\"(max-width: 1170px) 100vw, 1170px\" \/><\/a>\n\t\t\t<\/div>\n\t\t\t\t<figcaption class='wp-caption-text gallery-caption' id='gallery-1-44137'>\n\t\t\t\tBouzloudja, 4 septembre 2019.\n\t\t\t\t<\/figcaption><\/figure><figure class='gallery-item'>\n\t\t\t<div class='gallery-icon landscape'>\n\t\t\t\t<a href='https:\/\/www.wallendorff.com\/belogue\/2019\/10\/31\/%d0%b7%d0%b4%d1%80%d0%b0%d0%b2%d0%b5%d0%b9-%d0%b1%d1%8a%d0%bb%d0%b3%d0%b0%d1%80%d0%b8%d1%8f-tcho-la-bulgarie-bouzloudja-orizari-bourgas\/20191030-17\/'><img loading=\"lazy\" decoding=\"async\" width=\"1170\" height=\"498\" src=\"https:\/\/www.wallendorff.com\/belogue\/wp-content\/uploads\/2019\/10\/20191030-17.jpg\" class=\"attachment-medium size-medium\" alt=\"Bouzloudja, 4 septembre 2019.\" aria-describedby=\"gallery-1-44138\" srcset=\"https:\/\/www.wallendorff.com\/belogue\/wp-content\/uploads\/2019\/10\/20191030-17.jpg 1170w, https:\/\/www.wallendorff.com\/belogue\/wp-content\/uploads\/2019\/10\/20191030-17-820x349.jpg 820w, https:\/\/www.wallendorff.com\/belogue\/wp-content\/uploads\/2019\/10\/20191030-17-1116x475.jpg 1116w, https:\/\/www.wallendorff.com\/belogue\/wp-content\/uploads\/2019\/10\/20191030-17-806x343.jpg 806w, https:\/\/www.wallendorff.com\/belogue\/wp-content\/uploads\/2019\/10\/20191030-17-558x238.jpg 558w, https:\/\/www.wallendorff.com\/belogue\/wp-content\/uploads\/2019\/10\/20191030-17-655x279.jpg 655w, https:\/\/www.wallendorff.com\/belogue\/wp-content\/uploads\/2019\/10\/20191030-17-600x255.jpg 600w\" sizes=\"(max-width: 1170px) 100vw, 1170px\" \/><\/a>\n\t\t\t<\/div>\n\t\t\t\t<figcaption class='wp-caption-text gallery-caption' id='gallery-1-44138'>\n\t\t\t\tBouzloudja, 4 septembre 2019.\n\t\t\t\t<\/figcaption><\/figure><figure class='gallery-item'>\n\t\t\t<div class='gallery-icon portrait'>\n\t\t\t\t<a href='https:\/\/www.wallendorff.com\/belogue\/2019\/10\/31\/%d0%b7%d0%b4%d1%80%d0%b0%d0%b2%d0%b5%d0%b9-%d0%b1%d1%8a%d0%bb%d0%b3%d0%b0%d1%80%d0%b8%d1%8f-tcho-la-bulgarie-bouzloudja-orizari-bourgas\/20191030-18\/'><img loading=\"lazy\" decoding=\"async\" width=\"780\" height=\"1170\" src=\"https:\/\/www.wallendorff.com\/belogue\/wp-content\/uploads\/2019\/10\/20191030-18.jpg\" class=\"attachment-medium size-medium\" alt=\"Bouzloudja, 4 septembre 2019.\" aria-describedby=\"gallery-1-44139\" srcset=\"https:\/\/www.wallendorff.com\/belogue\/wp-content\/uploads\/2019\/10\/20191030-18.jpg 780w, https:\/\/www.wallendorff.com\/belogue\/wp-content\/uploads\/2019\/10\/20191030-18-558x837.jpg 558w, https:\/\/www.wallendorff.com\/belogue\/wp-content\/uploads\/2019\/10\/20191030-18-655x983.jpg 655w, https:\/\/www.wallendorff.com\/belogue\/wp-content\/uploads\/2019\/10\/20191030-18-600x900.jpg 600w\" sizes=\"(max-width: 780px) 100vw, 780px\" \/><\/a>\n\t\t\t<\/div>\n\t\t\t\t<figcaption class='wp-caption-text gallery-caption' id='gallery-1-44139'>\n\t\t\t\tBouzloudja, 4 septembre 2019.\n\t\t\t\t<\/figcaption><\/figure><figure class='gallery-item'>\n\t\t\t<div class='gallery-icon landscape'>\n\t\t\t\t<a href='https:\/\/www.wallendorff.com\/belogue\/2019\/10\/31\/%d0%b7%d0%b4%d1%80%d0%b0%d0%b2%d0%b5%d0%b9-%d0%b1%d1%8a%d0%bb%d0%b3%d0%b0%d1%80%d0%b8%d1%8f-tcho-la-bulgarie-bouzloudja-orizari-bourgas\/20191030-19\/'><img loading=\"lazy\" decoding=\"async\" width=\"1170\" height=\"780\" src=\"https:\/\/www.wallendorff.com\/belogue\/wp-content\/uploads\/2019\/10\/20191030-19.jpg\" class=\"attachment-medium size-medium\" alt=\"Orizari, 4 septembre 2019.\" aria-describedby=\"gallery-1-44140\" srcset=\"https:\/\/www.wallendorff.com\/belogue\/wp-content\/uploads\/2019\/10\/20191030-19.jpg 1170w, https:\/\/www.wallendorff.com\/belogue\/wp-content\/uploads\/2019\/10\/20191030-19-820x547.jpg 820w, https:\/\/www.wallendorff.com\/belogue\/wp-content\/uploads\/2019\/10\/20191030-19-1116x744.jpg 1116w, https:\/\/www.wallendorff.com\/belogue\/wp-content\/uploads\/2019\/10\/20191030-19-806x537.jpg 806w, https:\/\/www.wallendorff.com\/belogue\/wp-content\/uploads\/2019\/10\/20191030-19-558x372.jpg 558w, https:\/\/www.wallendorff.com\/belogue\/wp-content\/uploads\/2019\/10\/20191030-19-655x437.jpg 655w, https:\/\/www.wallendorff.com\/belogue\/wp-content\/uploads\/2019\/10\/20191030-19-600x400.jpg 600w\" sizes=\"(max-width: 1170px) 100vw, 1170px\" \/><\/a>\n\t\t\t<\/div>\n\t\t\t\t<figcaption class='wp-caption-text gallery-caption' id='gallery-1-44140'>\n\t\t\t\tOrizari, 4 septembre 2019.\n\t\t\t\t<\/figcaption><\/figure><figure class='gallery-item'>\n\t\t\t<div class='gallery-icon landscape'>\n\t\t\t\t<a href='https:\/\/www.wallendorff.com\/belogue\/2019\/10\/31\/%d0%b7%d0%b4%d1%80%d0%b0%d0%b2%d0%b5%d0%b9-%d0%b1%d1%8a%d0%bb%d0%b3%d0%b0%d1%80%d0%b8%d1%8f-tcho-la-bulgarie-bouzloudja-orizari-bourgas\/20191030-20\/'><img loading=\"lazy\" decoding=\"async\" width=\"1170\" height=\"780\" src=\"https:\/\/www.wallendorff.com\/belogue\/wp-content\/uploads\/2019\/10\/20191030-20.jpg\" class=\"attachment-medium size-medium\" alt=\"Orizari, 4 septembre 2019.\" aria-describedby=\"gallery-1-44141\" srcset=\"https:\/\/www.wallendorff.com\/belogue\/wp-content\/uploads\/2019\/10\/20191030-20.jpg 1170w, https:\/\/www.wallendorff.com\/belogue\/wp-content\/uploads\/2019\/10\/20191030-20-820x547.jpg 820w, https:\/\/www.wallendorff.com\/belogue\/wp-content\/uploads\/2019\/10\/20191030-20-1116x744.jpg 1116w, https:\/\/www.wallendorff.com\/belogue\/wp-content\/uploads\/2019\/10\/20191030-20-806x537.jpg 806w, https:\/\/www.wallendorff.com\/belogue\/wp-content\/uploads\/2019\/10\/20191030-20-558x372.jpg 558w, https:\/\/www.wallendorff.com\/belogue\/wp-content\/uploads\/2019\/10\/20191030-20-655x437.jpg 655w, https:\/\/www.wallendorff.com\/belogue\/wp-content\/uploads\/2019\/10\/20191030-20-600x400.jpg 600w\" sizes=\"(max-width: 1170px) 100vw, 1170px\" \/><\/a>\n\t\t\t<\/div>\n\t\t\t\t<figcaption class='wp-caption-text gallery-caption' id='gallery-1-44141'>\n\t\t\t\tOrizari, 4 septembre 2019.\n\t\t\t\t<\/figcaption><\/figure><figure class='gallery-item'>\n\t\t\t<div class='gallery-icon landscape'>\n\t\t\t\t<a href='https:\/\/www.wallendorff.com\/belogue\/2019\/10\/31\/%d0%b7%d0%b4%d1%80%d0%b0%d0%b2%d0%b5%d0%b9-%d0%b1%d1%8a%d0%bb%d0%b3%d0%b0%d1%80%d0%b8%d1%8f-tcho-la-bulgarie-bouzloudja-orizari-bourgas\/20191030-21\/'><img loading=\"lazy\" decoding=\"async\" width=\"1170\" height=\"780\" src=\"https:\/\/www.wallendorff.com\/belogue\/wp-content\/uploads\/2019\/10\/20191030-21.jpg\" class=\"attachment-medium size-medium\" alt=\"Orizari, 4 septembre 2019.\" aria-describedby=\"gallery-1-44142\" srcset=\"https:\/\/www.wallendorff.com\/belogue\/wp-content\/uploads\/2019\/10\/20191030-21.jpg 1170w, https:\/\/www.wallendorff.com\/belogue\/wp-content\/uploads\/2019\/10\/20191030-21-820x547.jpg 820w, https:\/\/www.wallendorff.com\/belogue\/wp-content\/uploads\/2019\/10\/20191030-21-1116x744.jpg 1116w, https:\/\/www.wallendorff.com\/belogue\/wp-content\/uploads\/2019\/10\/20191030-21-806x537.jpg 806w, https:\/\/www.wallendorff.com\/belogue\/wp-content\/uploads\/2019\/10\/20191030-21-558x372.jpg 558w, https:\/\/www.wallendorff.com\/belogue\/wp-content\/uploads\/2019\/10\/20191030-21-655x437.jpg 655w, https:\/\/www.wallendorff.com\/belogue\/wp-content\/uploads\/2019\/10\/20191030-21-600x400.jpg 600w\" sizes=\"(max-width: 1170px) 100vw, 1170px\" \/><\/a>\n\t\t\t<\/div>\n\t\t\t\t<figcaption class='wp-caption-text gallery-caption' id='gallery-1-44142'>\n\t\t\t\tOrizari, 4 septembre 2019.\n\t\t\t\t<\/figcaption><\/figure><figure class='gallery-item'>\n\t\t\t<div class='gallery-icon portrait'>\n\t\t\t\t<a href='https:\/\/www.wallendorff.com\/belogue\/2019\/10\/31\/%d0%b7%d0%b4%d1%80%d0%b0%d0%b2%d0%b5%d0%b9-%d0%b1%d1%8a%d0%bb%d0%b3%d0%b0%d1%80%d0%b8%d1%8f-tcho-la-bulgarie-bouzloudja-orizari-bourgas\/20191030-22\/'><img loading=\"lazy\" decoding=\"async\" width=\"780\" height=\"1170\" src=\"https:\/\/www.wallendorff.com\/belogue\/wp-content\/uploads\/2019\/10\/20191030-22.jpg\" class=\"attachment-medium size-medium\" alt=\"Orizari, 4 septembre 2019.\" aria-describedby=\"gallery-1-44143\" srcset=\"https:\/\/www.wallendorff.com\/belogue\/wp-content\/uploads\/2019\/10\/20191030-22.jpg 780w, https:\/\/www.wallendorff.com\/belogue\/wp-content\/uploads\/2019\/10\/20191030-22-558x837.jpg 558w, https:\/\/www.wallendorff.com\/belogue\/wp-content\/uploads\/2019\/10\/20191030-22-655x983.jpg 655w, https:\/\/www.wallendorff.com\/belogue\/wp-content\/uploads\/2019\/10\/20191030-22-600x900.jpg 600w\" sizes=\"(max-width: 780px) 100vw, 780px\" \/><\/a>\n\t\t\t<\/div>\n\t\t\t\t<figcaption class='wp-caption-text gallery-caption' id='gallery-1-44143'>\n\t\t\t\tOrizari, 4 septembre 2019.\n\t\t\t\t<\/figcaption><\/figure><figure class='gallery-item'>\n\t\t\t<div class='gallery-icon portrait'>\n\t\t\t\t<a href='https:\/\/www.wallendorff.com\/belogue\/2019\/10\/31\/%d0%b7%d0%b4%d1%80%d0%b0%d0%b2%d0%b5%d0%b9-%d0%b1%d1%8a%d0%bb%d0%b3%d0%b0%d1%80%d0%b8%d1%8f-tcho-la-bulgarie-bouzloudja-orizari-bourgas\/20191030-23\/'><img loading=\"lazy\" decoding=\"async\" width=\"780\" height=\"1170\" src=\"https:\/\/www.wallendorff.com\/belogue\/wp-content\/uploads\/2019\/10\/20191030-23.jpg\" class=\"attachment-medium size-medium\" alt=\"Orizari, 4 septembre 2019.\" aria-describedby=\"gallery-1-44144\" srcset=\"https:\/\/www.wallendorff.com\/belogue\/wp-content\/uploads\/2019\/10\/20191030-23.jpg 780w, https:\/\/www.wallendorff.com\/belogue\/wp-content\/uploads\/2019\/10\/20191030-23-558x837.jpg 558w, https:\/\/www.wallendorff.com\/belogue\/wp-content\/uploads\/2019\/10\/20191030-23-655x983.jpg 655w, https:\/\/www.wallendorff.com\/belogue\/wp-content\/uploads\/2019\/10\/20191030-23-600x900.jpg 600w\" sizes=\"(max-width: 780px) 100vw, 780px\" \/><\/a>\n\t\t\t<\/div>\n\t\t\t\t<figcaption class='wp-caption-text gallery-caption' id='gallery-1-44144'>\n\t\t\t\tOrizari, 4 septembre 2019.\n\t\t\t\t<\/figcaption><\/figure><figure class='gallery-item'>\n\t\t\t<div class='gallery-icon landscape'>\n\t\t\t\t<a href='https:\/\/www.wallendorff.com\/belogue\/2019\/10\/31\/%d0%b7%d0%b4%d1%80%d0%b0%d0%b2%d0%b5%d0%b9-%d0%b1%d1%8a%d0%bb%d0%b3%d0%b0%d1%80%d0%b8%d1%8f-tcho-la-bulgarie-bouzloudja-orizari-bourgas\/20191030-24\/'><img loading=\"lazy\" decoding=\"async\" width=\"1170\" height=\"780\" src=\"https:\/\/www.wallendorff.com\/belogue\/wp-content\/uploads\/2019\/10\/20191030-24.jpg\" class=\"attachment-medium size-medium\" alt=\"Orizari, 4 septembre 2019.\" aria-describedby=\"gallery-1-44145\" srcset=\"https:\/\/www.wallendorff.com\/belogue\/wp-content\/uploads\/2019\/10\/20191030-24.jpg 1170w, https:\/\/www.wallendorff.com\/belogue\/wp-content\/uploads\/2019\/10\/20191030-24-820x547.jpg 820w, https:\/\/www.wallendorff.com\/belogue\/wp-content\/uploads\/2019\/10\/20191030-24-1116x744.jpg 1116w, https:\/\/www.wallendorff.com\/belogue\/wp-content\/uploads\/2019\/10\/20191030-24-806x537.jpg 806w, https:\/\/www.wallendorff.com\/belogue\/wp-content\/uploads\/2019\/10\/20191030-24-558x372.jpg 558w, https:\/\/www.wallendorff.com\/belogue\/wp-content\/uploads\/2019\/10\/20191030-24-655x437.jpg 655w, https:\/\/www.wallendorff.com\/belogue\/wp-content\/uploads\/2019\/10\/20191030-24-600x400.jpg 600w\" sizes=\"(max-width: 1170px) 100vw, 1170px\" \/><\/a>\n\t\t\t<\/div>\n\t\t\t\t<figcaption class='wp-caption-text gallery-caption' id='gallery-1-44145'>\n\t\t\t\tOrizari, 4 septembre 2019.\n\t\t\t\t<\/figcaption><\/figure><figure class='gallery-item'>\n\t\t\t<div class='gallery-icon portrait'>\n\t\t\t\t<a href='https:\/\/www.wallendorff.com\/belogue\/2019\/10\/31\/%d0%b7%d0%b4%d1%80%d0%b0%d0%b2%d0%b5%d0%b9-%d0%b1%d1%8a%d0%bb%d0%b3%d0%b0%d1%80%d0%b8%d1%8f-tcho-la-bulgarie-bouzloudja-orizari-bourgas\/20191030-25\/'><img loading=\"lazy\" decoding=\"async\" width=\"780\" height=\"1170\" src=\"https:\/\/www.wallendorff.com\/belogue\/wp-content\/uploads\/2019\/10\/20191030-25.jpg\" class=\"attachment-medium size-medium\" alt=\"Bourgas, 4 septembre 2019.\" aria-describedby=\"gallery-1-44146\" srcset=\"https:\/\/www.wallendorff.com\/belogue\/wp-content\/uploads\/2019\/10\/20191030-25.jpg 780w, https:\/\/www.wallendorff.com\/belogue\/wp-content\/uploads\/2019\/10\/20191030-25-558x837.jpg 558w, https:\/\/www.wallendorff.com\/belogue\/wp-content\/uploads\/2019\/10\/20191030-25-655x983.jpg 655w, https:\/\/www.wallendorff.com\/belogue\/wp-content\/uploads\/2019\/10\/20191030-25-600x900.jpg 600w\" sizes=\"(max-width: 780px) 100vw, 780px\" \/><\/a>\n\t\t\t<\/div>\n\t\t\t\t<figcaption class='wp-caption-text gallery-caption' id='gallery-1-44146'>\n\t\t\t\tBourgas, 4 septembre 2019.\n\t\t\t\t<\/figcaption><\/figure><figure class='gallery-item'>\n\t\t\t<div class='gallery-icon landscape'>\n\t\t\t\t<a href='https:\/\/www.wallendorff.com\/belogue\/2019\/10\/31\/%d0%b7%d0%b4%d1%80%d0%b0%d0%b2%d0%b5%d0%b9-%d0%b1%d1%8a%d0%bb%d0%b3%d0%b0%d1%80%d0%b8%d1%8f-tcho-la-bulgarie-bouzloudja-orizari-bourgas\/20191030-26\/'><img loading=\"lazy\" decoding=\"async\" width=\"1170\" height=\"780\" src=\"https:\/\/www.wallendorff.com\/belogue\/wp-content\/uploads\/2019\/10\/20191030-26.jpg\" class=\"attachment-medium size-medium\" alt=\"Bourgas, 4 septembre 2019.\" aria-describedby=\"gallery-1-44147\" srcset=\"https:\/\/www.wallendorff.com\/belogue\/wp-content\/uploads\/2019\/10\/20191030-26.jpg 1170w, https:\/\/www.wallendorff.com\/belogue\/wp-content\/uploads\/2019\/10\/20191030-26-820x547.jpg 820w, https:\/\/www.wallendorff.com\/belogue\/wp-content\/uploads\/2019\/10\/20191030-26-1116x744.jpg 1116w, https:\/\/www.wallendorff.com\/belogue\/wp-content\/uploads\/2019\/10\/20191030-26-806x537.jpg 806w, https:\/\/www.wallendorff.com\/belogue\/wp-content\/uploads\/2019\/10\/20191030-26-558x372.jpg 558w, https:\/\/www.wallendorff.com\/belogue\/wp-content\/uploads\/2019\/10\/20191030-26-655x437.jpg 655w, https:\/\/www.wallendorff.com\/belogue\/wp-content\/uploads\/2019\/10\/20191030-26-600x400.jpg 600w\" sizes=\"(max-width: 1170px) 100vw, 1170px\" \/><\/a>\n\t\t\t<\/div>\n\t\t\t\t<figcaption class='wp-caption-text gallery-caption' id='gallery-1-44147'>\n\t\t\t\tBourgas, 4 septembre 2019.\n\t\t\t\t<\/figcaption><\/figure><figure class='gallery-item'>\n\t\t\t<div class='gallery-icon landscape'>\n\t\t\t\t<a href='https:\/\/www.wallendorff.com\/belogue\/2019\/10\/31\/%d0%b7%d0%b4%d1%80%d0%b0%d0%b2%d0%b5%d0%b9-%d0%b1%d1%8a%d0%bb%d0%b3%d0%b0%d1%80%d0%b8%d1%8f-tcho-la-bulgarie-bouzloudja-orizari-bourgas\/20191030-27\/'><img loading=\"lazy\" decoding=\"async\" width=\"1170\" height=\"780\" src=\"https:\/\/www.wallendorff.com\/belogue\/wp-content\/uploads\/2019\/10\/20191030-27.jpg\" class=\"attachment-medium size-medium\" alt=\"Bourgas, 4 septembre 2019.\" aria-describedby=\"gallery-1-44148\" srcset=\"https:\/\/www.wallendorff.com\/belogue\/wp-content\/uploads\/2019\/10\/20191030-27.jpg 1170w, https:\/\/www.wallendorff.com\/belogue\/wp-content\/uploads\/2019\/10\/20191030-27-820x547.jpg 820w, https:\/\/www.wallendorff.com\/belogue\/wp-content\/uploads\/2019\/10\/20191030-27-1116x744.jpg 1116w, https:\/\/www.wallendorff.com\/belogue\/wp-content\/uploads\/2019\/10\/20191030-27-806x537.jpg 806w, https:\/\/www.wallendorff.com\/belogue\/wp-content\/uploads\/2019\/10\/20191030-27-558x372.jpg 558w, https:\/\/www.wallendorff.com\/belogue\/wp-content\/uploads\/2019\/10\/20191030-27-655x437.jpg 655w, https:\/\/www.wallendorff.com\/belogue\/wp-content\/uploads\/2019\/10\/20191030-27-600x400.jpg 600w\" sizes=\"(max-width: 1170px) 100vw, 1170px\" \/><\/a>\n\t\t\t<\/div>\n\t\t\t\t<figcaption class='wp-caption-text gallery-caption' id='gallery-1-44148'>\n\t\t\t\tBourgas, 4 septembre 2019.\n\t\t\t\t<\/figcaption><\/figure><figure class='gallery-item'>\n\t\t\t<div class='gallery-icon landscape'>\n\t\t\t\t<a href='https:\/\/www.wallendorff.com\/belogue\/2019\/10\/31\/%d0%b7%d0%b4%d1%80%d0%b0%d0%b2%d0%b5%d0%b9-%d0%b1%d1%8a%d0%bb%d0%b3%d0%b0%d1%80%d0%b8%d1%8f-tcho-la-bulgarie-bouzloudja-orizari-bourgas\/20191030-28\/'><img loading=\"lazy\" decoding=\"async\" width=\"1170\" height=\"780\" src=\"https:\/\/www.wallendorff.com\/belogue\/wp-content\/uploads\/2019\/10\/20191030-28.jpg\" class=\"attachment-medium size-medium\" alt=\"Bourgas, 4 septembre 2019.\" aria-describedby=\"gallery-1-44149\" srcset=\"https:\/\/www.wallendorff.com\/belogue\/wp-content\/uploads\/2019\/10\/20191030-28.jpg 1170w, https:\/\/www.wallendorff.com\/belogue\/wp-content\/uploads\/2019\/10\/20191030-28-820x547.jpg 820w, https:\/\/www.wallendorff.com\/belogue\/wp-content\/uploads\/2019\/10\/20191030-28-1116x744.jpg 1116w, https:\/\/www.wallendorff.com\/belogue\/wp-content\/uploads\/2019\/10\/20191030-28-806x537.jpg 806w, https:\/\/www.wallendorff.com\/belogue\/wp-content\/uploads\/2019\/10\/20191030-28-558x372.jpg 558w, https:\/\/www.wallendorff.com\/belogue\/wp-content\/uploads\/2019\/10\/20191030-28-655x437.jpg 655w, https:\/\/www.wallendorff.com\/belogue\/wp-content\/uploads\/2019\/10\/20191030-28-600x400.jpg 600w\" sizes=\"(max-width: 1170px) 100vw, 1170px\" \/><\/a>\n\t\t\t<\/div>\n\t\t\t\t<figcaption class='wp-caption-text gallery-caption' id='gallery-1-44149'>\n\t\t\t\tBourgas, 4 septembre 2019.\n\t\t\t\t<\/figcaption><\/figure><figure class='gallery-item'>\n\t\t\t<div class='gallery-icon landscape'>\n\t\t\t\t<a href='https:\/\/www.wallendorff.com\/belogue\/2019\/10\/31\/%d0%b7%d0%b4%d1%80%d0%b0%d0%b2%d0%b5%d0%b9-%d0%b1%d1%8a%d0%bb%d0%b3%d0%b0%d1%80%d0%b8%d1%8f-tcho-la-bulgarie-bouzloudja-orizari-bourgas\/20191030-29\/'><img loading=\"lazy\" decoding=\"async\" width=\"1170\" height=\"780\" src=\"https:\/\/www.wallendorff.com\/belogue\/wp-content\/uploads\/2019\/10\/20191030-29.jpg\" class=\"attachment-medium size-medium\" alt=\"Bourgas, 4 septembre 2019.\" aria-describedby=\"gallery-1-44150\" srcset=\"https:\/\/www.wallendorff.com\/belogue\/wp-content\/uploads\/2019\/10\/20191030-29.jpg 1170w, https:\/\/www.wallendorff.com\/belogue\/wp-content\/uploads\/2019\/10\/20191030-29-820x547.jpg 820w, https:\/\/www.wallendorff.com\/belogue\/wp-content\/uploads\/2019\/10\/20191030-29-1116x744.jpg 1116w, https:\/\/www.wallendorff.com\/belogue\/wp-content\/uploads\/2019\/10\/20191030-29-806x537.jpg 806w, https:\/\/www.wallendorff.com\/belogue\/wp-content\/uploads\/2019\/10\/20191030-29-558x372.jpg 558w, https:\/\/www.wallendorff.com\/belogue\/wp-content\/uploads\/2019\/10\/20191030-29-655x437.jpg 655w, https:\/\/www.wallendorff.com\/belogue\/wp-content\/uploads\/2019\/10\/20191030-29-600x400.jpg 600w\" sizes=\"(max-width: 1170px) 100vw, 1170px\" \/><\/a>\n\t\t\t<\/div>\n\t\t\t\t<figcaption class='wp-caption-text gallery-caption' id='gallery-1-44150'>\n\t\t\t\tBourgas, 4 septembre 2019.\n\t\t\t\t<\/figcaption><\/figure><figure class='gallery-item'>\n\t\t\t<div class='gallery-icon portrait'>\n\t\t\t\t<a href='https:\/\/www.wallendorff.com\/belogue\/2019\/10\/31\/%d0%b7%d0%b4%d1%80%d0%b0%d0%b2%d0%b5%d0%b9-%d0%b1%d1%8a%d0%bb%d0%b3%d0%b0%d1%80%d0%b8%d1%8f-tcho-la-bulgarie-bouzloudja-orizari-bourgas\/20191030-30\/'><img loading=\"lazy\" decoding=\"async\" width=\"780\" height=\"1170\" src=\"https:\/\/www.wallendorff.com\/belogue\/wp-content\/uploads\/2019\/10\/20191030-30.jpg\" class=\"attachment-medium size-medium\" alt=\"Bourgas, 4 septembre 2019.\" aria-describedby=\"gallery-1-44151\" srcset=\"https:\/\/www.wallendorff.com\/belogue\/wp-content\/uploads\/2019\/10\/20191030-30.jpg 780w, https:\/\/www.wallendorff.com\/belogue\/wp-content\/uploads\/2019\/10\/20191030-30-558x837.jpg 558w, https:\/\/www.wallendorff.com\/belogue\/wp-content\/uploads\/2019\/10\/20191030-30-655x983.jpg 655w, https:\/\/www.wallendorff.com\/belogue\/wp-content\/uploads\/2019\/10\/20191030-30-600x900.jpg 600w\" sizes=\"(max-width: 780px) 100vw, 780px\" \/><\/a>\n\t\t\t<\/div>\n\t\t\t\t<figcaption class='wp-caption-text gallery-caption' id='gallery-1-44151'>\n\t\t\t\tBourgas, 4 septembre 2019.\n\t\t\t\t<\/figcaption><\/figure><figure class='gallery-item'>\n\t\t\t<div class='gallery-icon landscape'>\n\t\t\t\t<a href='https:\/\/www.wallendorff.com\/belogue\/2019\/10\/31\/%d0%b7%d0%b4%d1%80%d0%b0%d0%b2%d0%b5%d0%b9-%d0%b1%d1%8a%d0%bb%d0%b3%d0%b0%d1%80%d0%b8%d1%8f-tcho-la-bulgarie-bouzloudja-orizari-bourgas\/20191030-31\/'><img loading=\"lazy\" decoding=\"async\" width=\"1170\" height=\"780\" src=\"https:\/\/www.wallendorff.com\/belogue\/wp-content\/uploads\/2019\/10\/20191030-31.jpg\" class=\"attachment-medium size-medium\" alt=\"Bourgas, 4 septembre 2019.\" aria-describedby=\"gallery-1-44152\" srcset=\"https:\/\/www.wallendorff.com\/belogue\/wp-content\/uploads\/2019\/10\/20191030-31.jpg 1170w, https:\/\/www.wallendorff.com\/belogue\/wp-content\/uploads\/2019\/10\/20191030-31-820x547.jpg 820w, https:\/\/www.wallendorff.com\/belogue\/wp-content\/uploads\/2019\/10\/20191030-31-1116x744.jpg 1116w, https:\/\/www.wallendorff.com\/belogue\/wp-content\/uploads\/2019\/10\/20191030-31-806x537.jpg 806w, https:\/\/www.wallendorff.com\/belogue\/wp-content\/uploads\/2019\/10\/20191030-31-558x372.jpg 558w, https:\/\/www.wallendorff.com\/belogue\/wp-content\/uploads\/2019\/10\/20191030-31-655x437.jpg 655w, https:\/\/www.wallendorff.com\/belogue\/wp-content\/uploads\/2019\/10\/20191030-31-600x400.jpg 600w\" sizes=\"(max-width: 1170px) 100vw, 1170px\" \/><\/a>\n\t\t\t<\/div>\n\t\t\t\t<figcaption class='wp-caption-text gallery-caption' id='gallery-1-44152'>\n\t\t\t\tBourgas, 4 septembre 2019.\n\t\t\t\t<\/figcaption><\/figure><figure class='gallery-item'>\n\t\t\t<div class='gallery-icon landscape'>\n\t\t\t\t<a href='https:\/\/www.wallendorff.com\/belogue\/2019\/10\/31\/%d0%b7%d0%b4%d1%80%d0%b0%d0%b2%d0%b5%d0%b9-%d0%b1%d1%8a%d0%bb%d0%b3%d0%b0%d1%80%d0%b8%d1%8f-tcho-la-bulgarie-bouzloudja-orizari-bourgas\/20191030-32\/'><img loading=\"lazy\" decoding=\"async\" width=\"1170\" height=\"780\" src=\"https:\/\/www.wallendorff.com\/belogue\/wp-content\/uploads\/2019\/10\/20191030-32.jpg\" class=\"attachment-medium size-medium\" alt=\"Bourgas, 4 septembre 2019.\" aria-describedby=\"gallery-1-44153\" srcset=\"https:\/\/www.wallendorff.com\/belogue\/wp-content\/uploads\/2019\/10\/20191030-32.jpg 1170w, https:\/\/www.wallendorff.com\/belogue\/wp-content\/uploads\/2019\/10\/20191030-32-820x547.jpg 820w, https:\/\/www.wallendorff.com\/belogue\/wp-content\/uploads\/2019\/10\/20191030-32-1116x744.jpg 1116w, https:\/\/www.wallendorff.com\/belogue\/wp-content\/uploads\/2019\/10\/20191030-32-806x537.jpg 806w, https:\/\/www.wallendorff.com\/belogue\/wp-content\/uploads\/2019\/10\/20191030-32-558x372.jpg 558w, https:\/\/www.wallendorff.com\/belogue\/wp-content\/uploads\/2019\/10\/20191030-32-655x437.jpg 655w, https:\/\/www.wallendorff.com\/belogue\/wp-content\/uploads\/2019\/10\/20191030-32-600x400.jpg 600w\" sizes=\"(max-width: 1170px) 100vw, 1170px\" \/><\/a>\n\t\t\t<\/div>\n\t\t\t\t<figcaption class='wp-caption-text gallery-caption' id='gallery-1-44153'>\n\t\t\t\tBourgas, 4 septembre 2019.\n\t\t\t\t<\/figcaption><\/figure><figure class='gallery-item'>\n\t\t\t<div class='gallery-icon portrait'>\n\t\t\t\t<a href='https:\/\/www.wallendorff.com\/belogue\/2019\/10\/31\/%d0%b7%d0%b4%d1%80%d0%b0%d0%b2%d0%b5%d0%b9-%d0%b1%d1%8a%d0%bb%d0%b3%d0%b0%d1%80%d0%b8%d1%8f-tcho-la-bulgarie-bouzloudja-orizari-bourgas\/20191030-33\/'><img loading=\"lazy\" decoding=\"async\" width=\"780\" height=\"1170\" src=\"https:\/\/www.wallendorff.com\/belogue\/wp-content\/uploads\/2019\/10\/20191030-33.jpg\" class=\"attachment-medium size-medium\" alt=\"Bourgas, 4 septembre 2019.\" aria-describedby=\"gallery-1-44154\" srcset=\"https:\/\/www.wallendorff.com\/belogue\/wp-content\/uploads\/2019\/10\/20191030-33.jpg 780w, https:\/\/www.wallendorff.com\/belogue\/wp-content\/uploads\/2019\/10\/20191030-33-558x837.jpg 558w, https:\/\/www.wallendorff.com\/belogue\/wp-content\/uploads\/2019\/10\/20191030-33-655x983.jpg 655w, https:\/\/www.wallendorff.com\/belogue\/wp-content\/uploads\/2019\/10\/20191030-33-600x900.jpg 600w\" sizes=\"(max-width: 780px) 100vw, 780px\" \/><\/a>\n\t\t\t<\/div>\n\t\t\t\t<figcaption class='wp-caption-text gallery-caption' id='gallery-1-44154'>\n\t\t\t\tBourgas, 4 septembre 2019.\n\t\t\t\t<\/figcaption><\/figure><figure class='gallery-item'>\n\t\t\t<div class='gallery-icon landscape'>\n\t\t\t\t<a href='https:\/\/www.wallendorff.com\/belogue\/2019\/10\/31\/%d0%b7%d0%b4%d1%80%d0%b0%d0%b2%d0%b5%d0%b9-%d0%b1%d1%8a%d0%bb%d0%b3%d0%b0%d1%80%d0%b8%d1%8f-tcho-la-bulgarie-bouzloudja-orizari-bourgas\/20191030-34\/'><img loading=\"lazy\" decoding=\"async\" width=\"1170\" height=\"780\" src=\"https:\/\/www.wallendorff.com\/belogue\/wp-content\/uploads\/2019\/10\/20191030-34.jpg\" class=\"attachment-medium size-medium\" alt=\"Bourgas, 4 septembre 2019.\" aria-describedby=\"gallery-1-44155\" srcset=\"https:\/\/www.wallendorff.com\/belogue\/wp-content\/uploads\/2019\/10\/20191030-34.jpg 1170w, https:\/\/www.wallendorff.com\/belogue\/wp-content\/uploads\/2019\/10\/20191030-34-820x547.jpg 820w, https:\/\/www.wallendorff.com\/belogue\/wp-content\/uploads\/2019\/10\/20191030-34-1116x744.jpg 1116w, https:\/\/www.wallendorff.com\/belogue\/wp-content\/uploads\/2019\/10\/20191030-34-806x537.jpg 806w, https:\/\/www.wallendorff.com\/belogue\/wp-content\/uploads\/2019\/10\/20191030-34-558x372.jpg 558w, https:\/\/www.wallendorff.com\/belogue\/wp-content\/uploads\/2019\/10\/20191030-34-655x437.jpg 655w, https:\/\/www.wallendorff.com\/belogue\/wp-content\/uploads\/2019\/10\/20191030-34-600x400.jpg 600w\" sizes=\"(max-width: 1170px) 100vw, 1170px\" \/><\/a>\n\t\t\t<\/div>\n\t\t\t\t<figcaption class='wp-caption-text gallery-caption' id='gallery-1-44155'>\n\t\t\t\tBourgas, 4 septembre 2019.\n\t\t\t\t<\/figcaption><\/figure>\n\t\t<\/div>\n\n","protected":false},"excerpt":{"rendered":"<p>Into the wide #185, 186, 187, 188 4 septembre 2019. Se lever &agrave; 3&nbsp;h 30 pour arriver sur place avant la fin de la nuit. Rouler 1&nbsp;h 30 et finir sur un chemin perclus de nids-de-poules. Voir surgir l&rsquo;&eacute;norme b&acirc;timent silencieux dans le rayon des phares. Pour un peu, je me serais pris pour Robert&hellip;<\/p>\n","protected":false},"author":1,"featured_media":44138,"comment_status":"open","ping_status":"open","sticky":false,"template":"","format":"standard","meta":{"_acf_changed":false,"ngg_post_thumbnail":0,"jetpack_post_was_ever_published":false,"_jetpack_newsletter_access":"","_jetpack_dont_email_post_to_subs":false,"_jetpack_newsletter_tier_id":0,"_jetpack_memberships_contains_paywalled_content":false,"_jetpack_memberships_contains_paid_content":false,"footnotes":"","jetpack_publicize_message":"","jetpack_publicize_feature_enabled":true,"jetpack_social_post_already_shared":true,"jetpack_social_options":{"image_generator_settings":{"template":"highway","default_image_id":0,"font":"","enabled":false},"version":2}},"categories":[7654,7356],"tags":[3524,15926,15927,15928,1438,10788,15931,10311,10238,16031,11836,15878,14890,15597,15309,16032,10719,13866,15948,10147,15955,15959,15960,16033,11323,10714,10380,15967,10681,14274,10407,10324,10288],"class_list":["post-44120","post","type-post","status-publish","format-standard","has-post-thumbnail","hentry","category-dpc-en","category-into-the-wide","tag-aurore","tag-bourgas","tag-bouzloudja","tag-bulgarie","tag-ef-50-mm-f14-usm","tag-chapelle","tag-chipka","tag-dos","tag-eglise","tag-eglise-saint-ivan-rilski","tag-eolienne","tag-fujifilm-x-t3","tag-fujinon-xf-10-24-mm-f-4-r-ois","tag-fujinon-xf-16-mm-f-1-4-wr","tag-fujinon-xf-16-55-mm-f-2-8-r-lm-wr","tag-jardin-de-la-mer","tag-jetee","tag-lever-de-soleil","tag-maison-du-parti-communiste-bulgare","tag-nuit","tag-oblast-de-bourgas","tag-oblast-de-sliven","tag-oblast-de-stara-zagora","tag-orizari","tag-panoramique","tag-plage","tag-pont","tag-pont-de-bourgas","tag-ruine","tag-samyang-8-mm-f2-8-umc-fisheye-ii","tag-silhouette","tag-soleil","tag-velo"],"acf":[],"geo":{"latitude":42.737793,"longitude":25.398159,"description":null},"jetpack_publicize_connections":[],"jetpack_featured_media_url":"https:\/\/www.wallendorff.com\/belogue\/wp-content\/uploads\/2019\/10\/20191030-17.jpg","jetpack_shortlink":"https:\/\/wp.me\/p3b35P-btC","jetpack_sharing_enabled":true,"jetpack-related-posts":[{"id":44401,"url":"https:\/\/www.wallendorff.com\/belogue\/2019\/12\/03\/%d0%b7%d0%b4%d1%80%d0%b0%d0%b2%d0%b5%d0%b9-%d0%b1%d1%8a%d0%bb%d0%b3%d0%b0%d1%80%d0%b8%d1%8f-tcho-la-bulgarie-plovdiv\/","url_meta":{"origin":44120,"position":0},"title":"\u0417\u0434\u0440\u0430\u0432\u0435\u0439 \u0411\u044a\u043b\u0433\u0430\u0440\u0438\u044f [tch\u00f4 la Bulgarie] \u2013 Plovdiv","author":"dpc","date":"3 d\u00e9cembre 2019","format":false,"excerpt":"6 et 7 septembre 2019.","rel":"","context":"Dans &quot;DPC&quot;","block_context":{"text":"DPC","link":"https:\/\/www.wallendorff.com\/belogue\/category\/dpc\/"},"img":{"alt_text":"","src":"https:\/\/i0.wp.com\/www.wallendorff.com\/belogue\/wp-content\/uploads\/2019\/12\/20191203-05.jpg?resize=350%2C200&ssl=1","width":350,"height":200,"srcset":"https:\/\/i0.wp.com\/www.wallendorff.com\/belogue\/wp-content\/uploads\/2019\/12\/20191203-05.jpg?resize=350%2C200&ssl=1 1x, https:\/\/i0.wp.com\/www.wallendorff.com\/belogue\/wp-content\/uploads\/2019\/12\/20191203-05.jpg?resize=525%2C300&ssl=1 1.5x, https:\/\/i0.wp.com\/www.wallendorff.com\/belogue\/wp-content\/uploads\/2019\/12\/20191203-05.jpg?resize=700%2C400&ssl=1 2x, https:\/\/i0.wp.com\/www.wallendorff.com\/belogue\/wp-content\/uploads\/2019\/12\/20191203-05.jpg?resize=1050%2C600&ssl=1 3x"},"classes":[]},{"id":44189,"url":"https:\/\/www.wallendorff.com\/belogue\/2019\/11\/21\/%d0%b7%d0%b4%d1%80%d0%b0%d0%b2%d0%b5%d0%b9-%d0%b1%d1%8a%d0%bb%d0%b3%d0%b0%d1%80%d0%b8%d1%8f-tcho-la-bulgarie-sozopol\/","url_meta":{"origin":44120,"position":1},"title":"\u0417\u0434\u0440\u0430\u0432\u0435\u0439 \u0411\u044a\u043b\u0433\u0430\u0440\u0438\u044f [tch\u00f4 la Bulgarie] \u2013 Sozopol","author":"dpc","date":"21 novembre 2019","format":false,"excerpt":"5 septembre 2019.","rel":"","context":"Dans &quot;DPC&quot;","block_context":{"text":"DPC","link":"https:\/\/www.wallendorff.com\/belogue\/category\/dpc\/"},"img":{"alt_text":"","src":"https:\/\/i0.wp.com\/www.wallendorff.com\/belogue\/wp-content\/uploads\/2019\/11\/20191121-24.jpg?resize=350%2C200&ssl=1","width":350,"height":200,"srcset":"https:\/\/i0.wp.com\/www.wallendorff.com\/belogue\/wp-content\/uploads\/2019\/11\/20191121-24.jpg?resize=350%2C200&ssl=1 1x, https:\/\/i0.wp.com\/www.wallendorff.com\/belogue\/wp-content\/uploads\/2019\/11\/20191121-24.jpg?resize=525%2C300&ssl=1 1.5x, https:\/\/i0.wp.com\/www.wallendorff.com\/belogue\/wp-content\/uploads\/2019\/11\/20191121-24.jpg?resize=700%2C400&ssl=1 2x, https:\/\/i0.wp.com\/www.wallendorff.com\/belogue\/wp-content\/uploads\/2019\/11\/20191121-24.jpg?resize=1050%2C600&ssl=1 3x"},"classes":[]},{"id":44089,"url":"https:\/\/www.wallendorff.com\/belogue\/2019\/10\/28\/%d0%b7%d0%b4%d1%80%d0%b0%d0%b2%d0%b5%d0%b9-%d0%b1%d1%8a%d0%bb%d0%b3%d0%b0%d1%80%d0%b8%d1%8f-tcho-la-bulgarie-grotte-devetachka-chutes-de-krouchouna-gorsko-slivovo-lac-alexandar-stamboly\/","url_meta":{"origin":44120,"position":2},"title":"\u0417\u0434\u0440\u0430\u0432\u0435\u0439 \u0411\u044a\u043b\u0433\u0430\u0440\u0438\u044f [tch\u00f4 la Bulgarie] \u2013 Grotte D\u00e9v\u00e9tachka, chutes de Krouchouna, Gorsko Slivovo, Lac Alexandar Stambolyiski, V\u00e9liko Tarnovo","author":"dpc","date":"28 octobre 2019","format":false,"excerpt":"","rel":"","context":"Dans &quot;DPC&quot;","block_context":{"text":"DPC","link":"https:\/\/www.wallendorff.com\/belogue\/category\/dpc\/"},"img":{"alt_text":"","src":"https:\/\/i0.wp.com\/www.wallendorff.com\/belogue\/wp-content\/uploads\/2019\/10\/20191028-24.jpg?resize=350%2C200&ssl=1","width":350,"height":200,"srcset":"https:\/\/i0.wp.com\/www.wallendorff.com\/belogue\/wp-content\/uploads\/2019\/10\/20191028-24.jpg?resize=350%2C200&ssl=1 1x, https:\/\/i0.wp.com\/www.wallendorff.com\/belogue\/wp-content\/uploads\/2019\/10\/20191028-24.jpg?resize=525%2C300&ssl=1 1.5x, https:\/\/i0.wp.com\/www.wallendorff.com\/belogue\/wp-content\/uploads\/2019\/10\/20191028-24.jpg?resize=700%2C400&ssl=1 2x, https:\/\/i0.wp.com\/www.wallendorff.com\/belogue\/wp-content\/uploads\/2019\/10\/20191028-24.jpg?resize=1050%2C600&ssl=1 3x"},"classes":[]},{"id":44063,"url":"https:\/\/www.wallendorff.com\/belogue\/2019\/10\/25\/%d0%b7%d0%b4%d1%80%d0%b0%d0%b2%d0%b5%d0%b9-%d0%b1%d1%8a%d0%bb%d0%b3%d0%b0%d1%80%d0%b8%d1%8f-tcho-la-bulgarie-rila-stob-lovetch\/","url_meta":{"origin":44120,"position":3},"title":"\u0417\u0434\u0440\u0430\u0432\u0435\u0439 \u0411\u044a\u043b\u0433\u0430\u0440\u0438\u044f [tch\u00f4 la Bulgarie] \u2013 Rila, Stob, Lovetch","author":"dpc","date":"25 octobre 2019","format":false,"excerpt":"","rel":"","context":"Dans &quot;DPC&quot;","block_context":{"text":"DPC","link":"https:\/\/www.wallendorff.com\/belogue\/category\/dpc\/"},"img":{"alt_text":"","src":"https:\/\/i0.wp.com\/www.wallendorff.com\/belogue\/wp-content\/uploads\/2019\/10\/20191025-07.jpg?resize=350%2C200&ssl=1","width":350,"height":200,"srcset":"https:\/\/i0.wp.com\/www.wallendorff.com\/belogue\/wp-content\/uploads\/2019\/10\/20191025-07.jpg?resize=350%2C200&ssl=1 1x, https:\/\/i0.wp.com\/www.wallendorff.com\/belogue\/wp-content\/uploads\/2019\/10\/20191025-07.jpg?resize=525%2C300&ssl=1 1.5x, https:\/\/i0.wp.com\/www.wallendorff.com\/belogue\/wp-content\/uploads\/2019\/10\/20191025-07.jpg?resize=700%2C400&ssl=1 2x, https:\/\/i0.wp.com\/www.wallendorff.com\/belogue\/wp-content\/uploads\/2019\/10\/20191025-07.jpg?resize=1050%2C600&ssl=1 3x"},"classes":[]},{"id":44026,"url":"https:\/\/www.wallendorff.com\/belogue\/2019\/10\/23\/%d0%b7%d0%b4%d1%80%d0%b0%d0%b2%d0%b5%d0%b9-%d0%b1%d1%8a%d0%bb%d0%b3%d0%b0%d1%80%d0%b8%d1%8f-tcho-la-bulgarie-sofia-ii\/","url_meta":{"origin":44120,"position":4},"title":"\u0417\u0434\u0440\u0430\u0432\u0435\u0439 \u0411\u044a\u043b\u0433\u0430\u0440\u0438\u044f [tch\u00f4 la Bulgarie] \u2013 Sofia [II]","author":"dpc","date":"23 octobre 2019","format":false,"excerpt":"","rel":"","context":"Dans &quot;DPC&quot;","block_context":{"text":"DPC","link":"https:\/\/www.wallendorff.com\/belogue\/category\/dpc\/"},"img":{"alt_text":"","src":"https:\/\/i0.wp.com\/www.wallendorff.com\/belogue\/wp-content\/uploads\/2019\/10\/20191023-32.jpg?resize=350%2C200&ssl=1","width":350,"height":200,"srcset":"https:\/\/i0.wp.com\/www.wallendorff.com\/belogue\/wp-content\/uploads\/2019\/10\/20191023-32.jpg?resize=350%2C200&ssl=1 1x, https:\/\/i0.wp.com\/www.wallendorff.com\/belogue\/wp-content\/uploads\/2019\/10\/20191023-32.jpg?resize=525%2C300&ssl=1 1.5x, https:\/\/i0.wp.com\/www.wallendorff.com\/belogue\/wp-content\/uploads\/2019\/10\/20191023-32.jpg?resize=700%2C400&ssl=1 2x, https:\/\/i0.wp.com\/www.wallendorff.com\/belogue\/wp-content\/uploads\/2019\/10\/20191023-32.jpg?resize=1050%2C600&ssl=1 3x"},"classes":[]},{"id":43980,"url":"https:\/\/www.wallendorff.com\/belogue\/2019\/10\/21\/%d0%b7%d0%b4%d1%80%d0%b0%d0%b2%d0%b5%d0%b9-%d0%b1%d1%8a%d0%bb%d0%b3%d0%b0%d1%80%d0%b8%d1%8f-tcho-la-bulgarie-sofia-i\/","url_meta":{"origin":44120,"position":5},"title":"\u0417\u0434\u0440\u0430\u0432\u0435\u0439 \u0411\u044a\u043b\u0433\u0430\u0440\u0438\u044f [tch\u00f4 la Bulgarie] \u2013 Sofia [I]","author":"dpc","date":"21 octobre 2019","format":false,"excerpt":"","rel":"","context":"Dans &quot;DPC&quot;","block_context":{"text":"DPC","link":"https:\/\/www.wallendorff.com\/belogue\/category\/dpc\/"},"img":{"alt_text":"","src":"https:\/\/i0.wp.com\/www.wallendorff.com\/belogue\/wp-content\/uploads\/2019\/10\/20191017-03.jpg?resize=350%2C200&ssl=1","width":350,"height":200,"srcset":"https:\/\/i0.wp.com\/www.wallendorff.com\/belogue\/wp-content\/uploads\/2019\/10\/20191017-03.jpg?resize=350%2C200&ssl=1 1x, https:\/\/i0.wp.com\/www.wallendorff.com\/belogue\/wp-content\/uploads\/2019\/10\/20191017-03.jpg?resize=525%2C300&ssl=1 1.5x, https:\/\/i0.wp.com\/www.wallendorff.com\/belogue\/wp-content\/uploads\/2019\/10\/20191017-03.jpg?resize=700%2C400&ssl=1 2x, https:\/\/i0.wp.com\/www.wallendorff.com\/belogue\/wp-content\/uploads\/2019\/10\/20191017-03.jpg?resize=1050%2C600&ssl=1 3x"},"classes":[]}],"_links":{"self":[{"href":"https:\/\/www.wallendorff.com\/belogue\/wp-json\/wp\/v2\/posts\/44120","targetHints":{"allow":["GET"]}}],"collection":[{"href":"https:\/\/www.wallendorff.com\/belogue\/wp-json\/wp\/v2\/posts"}],"about":[{"href":"https:\/\/www.wallendorff.com\/belogue\/wp-json\/wp\/v2\/types\/post"}],"author":[{"embeddable":true,"href":"https:\/\/www.wallendorff.com\/belogue\/wp-json\/wp\/v2\/users\/1"}],"replies":[{"embeddable":true,"href":"https:\/\/www.wallendorff.com\/belogue\/wp-json\/wp\/v2\/comments?post=44120"}],"version-history":[{"count":6,"href":"https:\/\/www.wallendorff.com\/belogue\/wp-json\/wp\/v2\/posts\/44120\/revisions"}],"predecessor-version":[{"id":44160,"href":"https:\/\/www.wallendorff.com\/belogue\/wp-json\/wp\/v2\/posts\/44120\/revisions\/44160"}],"wp:featuredmedia":[{"embeddable":true,"href":"https:\/\/www.wallendorff.com\/belogue\/wp-json\/wp\/v2\/media\/44138"}],"wp:attachment":[{"href":"https:\/\/www.wallendorff.com\/belogue\/wp-json\/wp\/v2\/media?parent=44120"}],"wp:term":[{"taxonomy":"category","embeddable":true,"href":"https:\/\/www.wallendorff.com\/belogue\/wp-json\/wp\/v2\/categories?post=44120"},{"taxonomy":"post_tag","embeddable":true,"href":"https:\/\/www.wallendorff.com\/belogue\/wp-json\/wp\/v2\/tags?post=44120"}],"curies":[{"name":"wp","href":"https:\/\/api.w.org\/{rel}","templated":true}]}}