{"id":4411,"date":"2009-07-29T09:57:36","date_gmt":"2009-07-29T07:57:36","guid":{"rendered":"http:\/\/www.po-l.com\/belogue\/?p=4411"},"modified":"2018-05-23T08:16:21","modified_gmt":"2018-05-23T06:16:21","slug":"teint-but-imbu-tint-butin-bu","status":"publish","type":"post","link":"https:\/\/www.wallendorff.com\/belogue\/2009\/07\/29\/teint-but-imbu-tint-butin-bu\/","title":{"rendered":"Teint but imbu tint butin bu."},"content":{"rendered":"<div id=\"photo\">\n<p><img decoding=\"async\" src=\"https:\/\/www.wallendorff.com\/belogue\/photo\/2009\/07\/20090729.jpg\" \/><br \/>\n   Michigan Central  Station, D&eacute;troit, 3 mai.<\/p>\n<\/div>\n<p style=\"text-align:right\">[So screwed.]<\/p>\n<p style=\"text-align:right\">Sinon [parce que la vie, tout \u00e7a] la RSR &#8213;&nbsp;qui fait d&eacute;cid&eacute;ment les choses bien&nbsp;&#8213; a mis en ligne une bonne partie des concerts du Pal&eacute;o de Nyon avec de vrais morceaux de Black Box Revelation, de Franz Ferdinand, de Ghinzu, de Peter Doherty, de Fatboy Slim et de Ting Tings dedans. &Ccedil;a se passe <a href=\"http:\/\/www.rsr.ch\/concert\/paleo-2009\">l&agrave;-bas<\/a>. Enjouissez.<\/p>\n<div id=\"bandeson\">\n<p><img decoding=\"async\" src=\"https:\/\/www.wallendorff.com\/belogue\/photo\/pochettes\/blank.jpg\" align=\"left\" \/><a href=\"http:\/\/www.blackboxrevelation.com\/\">The Black Box Revelation<\/a> &ndash; <em>I Don&rsquo;t Want It<\/em> (live Pal\u00e9o festival 2009)<\/p>\n<\/div>\n","protected":false},"excerpt":{"rendered":"<p>Michigan Central Station, D&eacute;troit, 3 mai. [So screwed.] Sinon [parce que la vie, tout \u00e7a] la RSR &#8213;&nbsp;qui fait d&eacute;cid&eacute;ment les choses bien&nbsp;&#8213; a mis en ligne une bonne partie des concerts du Pal&eacute;o de Nyon avec de vrais morceaux de Black Box Revelation, de Franz Ferdinand, de Ghinzu, de Peter Doherty, de Fatboy Slim&hellip;<\/p>\n","protected":false},"author":1,"featured_media":25496,"comment_status":"open","ping_status":"open","sticky":false,"template":"","format":"standard","meta":{"_acf_changed":false,"ngg_post_thumbnail":0,"jetpack_post_was_ever_published":false,"_jetpack_newsletter_access":"","_jetpack_dont_email_post_to_subs":false,"_jetpack_newsletter_tier_id":0,"_jetpack_memberships_contains_paywalled_content":false,"_jetpack_memberships_contains_paid_content":false,"footnotes":"","jetpack_publicize_message":"","jetpack_publicize_feature_enabled":true,"jetpack_social_post_already_shared":false,"jetpack_social_options":{"image_generator_settings":{"template":"highway","default_image_id":0,"font":"","enabled":false},"version":2}},"categories":[3],"tags":[2571,2615,10099,10247,2677,54,832,143,1708,10202,10510],"class_list":["post-4411","post","type-post","status-publish","format-standard","has-post-thumbnail","hentry","category-dpc","tag-ef-16-35-mm-f28l-ii-usm","tag-eos-5d-mark-ii","tag-detroit","tag-gare","tag-i-dont-want-it","tag-michigan","tag-michigan-central-station","tag-noir-et-blanc","tag-paleo-festival","tag-ruines","tag-the-black-box-revelation"],"acf":[],"geo":{"latitude":42.3291664,"longitude":-83.0765991,"description":null},"jetpack_publicize_connections":[],"jetpack_featured_media_url":"https:\/\/www.wallendorff.com\/belogue\/wp-content\/uploads\/2015\/04\/200907291.jpg","jetpack_shortlink":"https:\/\/wp.me\/p3b35P-199","jetpack_sharing_enabled":true,"jetpack-related-posts":[{"id":5369,"url":"https:\/\/www.wallendorff.com\/belogue\/2009\/12\/15\/the-black-box-revelation-la-fleche-dor-paris\/","url_meta":{"origin":4411,"position":0},"title":"The Black Box Revelation @ la Fl\u00e8che d&rsquo;Or, Paris.","author":"dpc","date":"15 d\u00e9cembre 2009","format":false,"excerpt":"\u00a0The Black Box Revelation \u2013 Set Your Head on Fire (live Pal\u00e9o festival 2009) J'aime ces matins o\u00f9 la photo parle d'elle-m\u00eame, o\u00f9 l'image montre bien que oui oui ils ont tout arrach\u00e9s et m\u00eame que Paternoster est mont\u00e9 sur la batterie de Van Dijck \u00e0 la fin de Set\u2026","rel":"","context":"Dans &quot;Alive&quot;","block_context":{"text":"Alive","link":"https:\/\/www.wallendorff.com\/belogue\/category\/alive\/"},"img":{"alt_text":"","src":"https:\/\/i0.wp.com\/www.wallendorff.com\/belogue\/wp-content\/uploads\/2015\/04\/200912151.jpg?resize=350%2C200&ssl=1","width":350,"height":200,"srcset":"https:\/\/i0.wp.com\/www.wallendorff.com\/belogue\/wp-content\/uploads\/2015\/04\/200912151.jpg?resize=350%2C200&ssl=1 1x, https:\/\/i0.wp.com\/www.wallendorff.com\/belogue\/wp-content\/uploads\/2015\/04\/200912151.jpg?resize=525%2C300&ssl=1 1.5x, https:\/\/i0.wp.com\/www.wallendorff.com\/belogue\/wp-content\/uploads\/2015\/04\/200912151.jpg?resize=700%2C400&ssl=1 2x"},"classes":[]},{"id":23265,"url":"https:\/\/www.wallendorff.com\/belogue\/2014\/08\/06\/paleo-festival-nyon-27-juillet\/","url_meta":{"origin":4411,"position":1},"title":"Pal\u00e9o Festival, Nyon, 27 juillet.","author":"dpc","date":"6 ao\u00fbt 2014","format":false,"excerpt":"Le dimanche est toujours un jour \u00e0 part. On vient plus t\u00f4t, l'ambiance est (encore) plus d\u00e9tendue et on tra\u00eene plus volontiers entre les concerts. Tinariwen a quelque chose de magique. Curieusement, D\u00e9troit se contente des Arches pendant que The National squatte la grande sc\u00e8ne. Quoi qu'il en soit, D\u00e9troit\u2026","rel":"","context":"Dans &quot;Alive&quot;","block_context":{"text":"Alive","link":"https:\/\/www.wallendorff.com\/belogue\/category\/alive\/"},"img":{"alt_text":"","src":"https:\/\/i0.wp.com\/www.wallendorff.com\/belogue\/wp-content\/uploads\/2015\/04\/201408061.jpg?resize=350%2C200&ssl=1","width":350,"height":200,"srcset":"https:\/\/i0.wp.com\/www.wallendorff.com\/belogue\/wp-content\/uploads\/2015\/04\/201408061.jpg?resize=350%2C200&ssl=1 1x, https:\/\/i0.wp.com\/www.wallendorff.com\/belogue\/wp-content\/uploads\/2015\/04\/201408061.jpg?resize=525%2C300&ssl=1 1.5x, https:\/\/i0.wp.com\/www.wallendorff.com\/belogue\/wp-content\/uploads\/2015\/04\/201408061.jpg?resize=700%2C400&ssl=1 2x"},"classes":[]},{"id":4404,"url":"https:\/\/www.wallendorff.com\/belogue\/2009\/07\/27\/standing-still\/","url_meta":{"origin":4411,"position":2},"title":"Standing. Still.","author":"dpc","date":"27 juillet 2009","format":false,"excerpt":"Michigan Central Station, D\u00e9troit, 3 mai. Black Rebel Motorcycle Club \u2013 Salvation","rel":"","context":"Dans &quot;DPC&quot;","block_context":{"text":"DPC","link":"https:\/\/www.wallendorff.com\/belogue\/category\/dpc\/"},"img":{"alt_text":"","src":"https:\/\/i0.wp.com\/www.wallendorff.com\/belogue\/wp-content\/uploads\/2015\/04\/200907271.jpg?resize=350%2C200&ssl=1","width":350,"height":200},"classes":[]},{"id":125534,"url":"https:\/\/www.wallendorff.com\/belogue\/2023\/07\/22\/paleo-festival-2023-nyon-jour-4\/","url_meta":{"origin":4411,"position":3},"title":"Pal\u00e9o Festival 2023, Nyon, jour 4.","author":"dpc","date":"22 juillet 2023","format":false,"excerpt":"Ambiance, Pal\u00e9o Festival Nyon 2023 Ambiance, Pal\u00e9o Festival Nyon 2023 Ambiance, Pal\u00e9o Festival Nyon 2023 Ambiance, Pal\u00e9o Festival Nyon 2023 Ambiance, Pal\u00e9o Festival Nyon 2023 Ambiance, Pal\u00e9o Festival Nyon 2023 Ambiance, Pal\u00e9o Festival Nyon 2023 Ambiance, Pal\u00e9o Festival Nyon 2023 Ambiance, Pal\u00e9o Festival Nyon 2023 Ambiance, Pal\u00e9o Festival Nyon 2023\u2026","rel":"","context":"Dans &quot;Alive&quot;","block_context":{"text":"Alive","link":"https:\/\/www.wallendorff.com\/belogue\/category\/alive\/"},"img":{"alt_text":"","src":"https:\/\/i0.wp.com\/www.wallendorff.com\/belogue\/wp-content\/uploads\/2023\/07\/20230722-40.jpg?resize=350%2C200&ssl=1","width":350,"height":200,"srcset":"https:\/\/i0.wp.com\/www.wallendorff.com\/belogue\/wp-content\/uploads\/2023\/07\/20230722-40.jpg?resize=350%2C200&ssl=1 1x, https:\/\/i0.wp.com\/www.wallendorff.com\/belogue\/wp-content\/uploads\/2023\/07\/20230722-40.jpg?resize=525%2C300&ssl=1 1.5x, https:\/\/i0.wp.com\/www.wallendorff.com\/belogue\/wp-content\/uploads\/2023\/07\/20230722-40.jpg?resize=700%2C400&ssl=1 2x, https:\/\/i0.wp.com\/www.wallendorff.com\/belogue\/wp-content\/uploads\/2023\/07\/20230722-40.jpg?resize=1050%2C600&ssl=1 3x"},"classes":[]},{"id":4407,"url":"https:\/\/www.wallendorff.com\/belogue\/2009\/07\/28\/thats-it\/","url_meta":{"origin":4411,"position":4},"title":"That&rsquo;s it.","author":"dpc","date":"28 juillet 2009","format":false,"excerpt":"Michigan Central Station, D\u00e9troit, 3 mai. I'm still here, you're gone there. Elliott Smith \u2013 Somebody That I Used to Know","rel":"","context":"Dans &quot;DPC&quot;","block_context":{"text":"DPC","link":"https:\/\/www.wallendorff.com\/belogue\/category\/dpc\/"},"img":{"alt_text":"","src":"https:\/\/i0.wp.com\/www.wallendorff.com\/belogue\/wp-content\/uploads\/2015\/04\/200907281.jpg?resize=350%2C200&ssl=1","width":350,"height":200},"classes":[]},{"id":28648,"url":"https:\/\/www.wallendorff.com\/belogue\/2015\/08\/06\/paleo-festival-2015-jours-6-et-7\/","url_meta":{"origin":4411,"position":5},"title":"Pal\u00e9o Festival 2015, jours 6 et 7.","author":"dpc","date":"6 ao\u00fbt 2015","format":false,"excerpt":"Un jour de soleil, un jour de pluie. Samedi, le silence qu'impose la pr\u00e9sence de Joan Baez me scotche. Robert Plant est trop loin, Fauxve me fatiguent mais le chuintement de Kate Tempest me fait un truc. J'ai toujours aim\u00e9 les accents anglais qui chuintent. Dimanche commence t\u00f4t et finira\u2026","rel":"","context":"Dans &quot;Alive&quot;","block_context":{"text":"Alive","link":"https:\/\/www.wallendorff.com\/belogue\/category\/alive\/"},"img":{"alt_text":"","src":"https:\/\/i0.wp.com\/www.wallendorff.com\/belogue\/wp-content\/uploads\/2015\/08\/20150806-521.jpg?resize=350%2C200&ssl=1","width":350,"height":200,"srcset":"https:\/\/i0.wp.com\/www.wallendorff.com\/belogue\/wp-content\/uploads\/2015\/08\/20150806-521.jpg?resize=350%2C200&ssl=1 1x, https:\/\/i0.wp.com\/www.wallendorff.com\/belogue\/wp-content\/uploads\/2015\/08\/20150806-521.jpg?resize=525%2C300&ssl=1 1.5x, https:\/\/i0.wp.com\/www.wallendorff.com\/belogue\/wp-content\/uploads\/2015\/08\/20150806-521.jpg?resize=700%2C400&ssl=1 2x"},"classes":[]}],"_links":{"self":[{"href":"https:\/\/www.wallendorff.com\/belogue\/wp-json\/wp\/v2\/posts\/4411","targetHints":{"allow":["GET"]}}],"collection":[{"href":"https:\/\/www.wallendorff.com\/belogue\/wp-json\/wp\/v2\/posts"}],"about":[{"href":"https:\/\/www.wallendorff.com\/belogue\/wp-json\/wp\/v2\/types\/post"}],"author":[{"embeddable":true,"href":"https:\/\/www.wallendorff.com\/belogue\/wp-json\/wp\/v2\/users\/1"}],"replies":[{"embeddable":true,"href":"https:\/\/www.wallendorff.com\/belogue\/wp-json\/wp\/v2\/comments?post=4411"}],"version-history":[{"count":3,"href":"https:\/\/www.wallendorff.com\/belogue\/wp-json\/wp\/v2\/posts\/4411\/revisions"}],"predecessor-version":[{"id":21071,"href":"https:\/\/www.wallendorff.com\/belogue\/wp-json\/wp\/v2\/posts\/4411\/revisions\/21071"}],"wp:featuredmedia":[{"embeddable":true,"href":"https:\/\/www.wallendorff.com\/belogue\/wp-json\/wp\/v2\/media\/25496"}],"wp:attachment":[{"href":"https:\/\/www.wallendorff.com\/belogue\/wp-json\/wp\/v2\/media?parent=4411"}],"wp:term":[{"taxonomy":"category","embeddable":true,"href":"https:\/\/www.wallendorff.com\/belogue\/wp-json\/wp\/v2\/categories?post=4411"},{"taxonomy":"post_tag","embeddable":true,"href":"https:\/\/www.wallendorff.com\/belogue\/wp-json\/wp\/v2\/tags?post=4411"}],"curies":[{"name":"wp","href":"https:\/\/api.w.org\/{rel}","templated":true}]}}