{"id":4393,"date":"2009-07-23T13:23:54","date_gmt":"2009-07-23T11:23:54","guid":{"rendered":"http:\/\/www.po-l.com\/belogue\/?p=4393"},"modified":"2012-05-14T10:05:30","modified_gmt":"2012-05-14T08:05:30","slug":"jauni-alley-day","status":"publish","type":"post","link":"https:\/\/www.wallendorff.com\/belogue\/2009\/07\/23\/jauni-alley-day\/","title":{"rendered":"Jauni <em>Alley Day<\/em>."},"content":{"rendered":"<div id=\"photo\">\n<p><img decoding=\"async\" src=\"https:\/\/www.wallendorff.com\/belogue\/photo\/2009\/07\/20090723.jpg\" \/><br \/>\n  Liberty Street, Ann Arbor, 2 mai.<\/p>\n<\/div>\n<div id=\"bandeson\">\n<p><img decoding=\"async\" src=\"https:\/\/www.wallendorff.com\/belogue\/photo\/pochettes\/t\/tv_on_the_radio-young_liars.jpg\" align=\"left\" \/> <a href=\"http:\/\/www.tvontheradio.com\">TV on the Radio<\/a> &ndash; <em>Young Liars<\/em><\/p>\n<\/div>\n<p style=\"text-align:right\"><a href=\"http:\/\/www.youtube.com\/watch?v=RQoJvgnSj5M&amp;feature=player_embedded\">H&eacute;h&eacute;h&eacute;<\/a>.<\/p>\n","protected":false},"excerpt":{"rendered":"<p>Liberty Street, Ann Arbor, 2 mai. TV on the Radio &ndash; Young Liars H&eacute;h&eacute;h&eacute;.<\/p>\n","protected":false},"author":1,"featured_media":25491,"comment_status":"open","ping_status":"open","sticky":false,"template":"","format":"standard","meta":{"_acf_changed":false,"ngg_post_thumbnail":0,"jetpack_post_was_ever_published":false,"_jetpack_newsletter_access":"","_jetpack_dont_email_post_to_subs":false,"_jetpack_newsletter_tier_id":0,"_jetpack_memberships_contains_paywalled_content":false,"_jetpack_memberships_contains_paid_content":false,"footnotes":"","jetpack_publicize_message":"","jetpack_publicize_feature_enabled":true,"jetpack_social_post_already_shared":false,"jetpack_social_options":{"image_generator_settings":{"template":"highway","default_image_id":0,"font":"","enabled":false},"version":2}},"categories":[3],"tags":[62,2571,2615,55,665,54,143,10158,10124,2973],"class_list":["post-4393","post","type-post","status-publish","format-standard","has-post-thumbnail","hentry","category-dpc","tag-ann-arbor","tag-ef-16-35-mm-f28l-ii-usm","tag-eos-5d-mark-ii","tag-etats-unis","tag-liberty-street","tag-michigan","tag-noir-et-blanc","tag-ruelle","tag-tv-on-the-radio","tag-young-liars"],"acf":[],"geo":{"latitude":42.2792473,"longitude":-83.7411423,"description":null},"jetpack_publicize_connections":[],"jetpack_featured_media_url":"https:\/\/www.wallendorff.com\/belogue\/wp-content\/uploads\/2015\/04\/200907231.jpg","jetpack_shortlink":"https:\/\/wp.me\/p3b35P-18R","jetpack_sharing_enabled":true,"jetpack-related-posts":[{"id":558,"url":"https:\/\/www.wallendorff.com\/belogue\/2004\/11\/28\/volks-fuckin-wagen\/","url_meta":{"origin":4393,"position":0},"title":"Volks Fuckin&rsquo; Wagen.","author":"dpc","date":"28 novembre 2004","format":false,"excerpt":"Liberty St., Ann Arbor. \u00a0Oasis \u2013 Talk Tonight","rel":"","context":"Dans &quot;DPC&quot;","block_context":{"text":"DPC","link":"https:\/\/www.wallendorff.com\/belogue\/category\/dpc\/"},"img":{"alt_text":"","src":"https:\/\/i0.wp.com\/www.wallendorff.com\/belogue\/wp-content\/uploads\/2015\/04\/712.jpg?resize=350%2C200&ssl=1","width":350,"height":200},"classes":[]},{"id":457,"url":"https:\/\/www.wallendorff.com\/belogue\/2005\/02\/22\/c-t-issue-de-mon-songe\/","url_meta":{"origin":4393,"position":1},"title":"C&rsquo;t&rsquo;issue de mon songe.","author":"dpc","date":"22 f\u00e9vrier 2005","format":false,"excerpt":"Liberty St., Ann Arbor, 15 f\u00e9vrier. [Note pour plus tard: penser \u00e0 arr\u00eater de poser des photos de D\u00e9troit alors que je suis en France depuis une semaine. C'est malhonn\u00eate \u00e0 force, je trouve] \u00a0Beck \u2013 E-Pro","rel":"","context":"Dans &quot;DPC&quot;","block_context":{"text":"DPC","link":"https:\/\/www.wallendorff.com\/belogue\/category\/dpc\/"},"img":{"alt_text":"","src":"https:\/\/i0.wp.com\/www.wallendorff.com\/belogue\/wp-content\/uploads\/2015\/04\/20050222-011.jpg?resize=350%2C200&ssl=1","width":350,"height":200},"classes":[]},{"id":4622,"url":"https:\/\/www.wallendorff.com\/belogue\/2009\/09\/01\/fut-alors\/","url_meta":{"origin":4393,"position":2},"title":"Fut alors.","author":"dpc","date":"1 septembre 2009","format":false,"excerpt":"Huron Street, Ann Arbor, 5 mai. \u00a0 Pearl Jam \u2013 State of Love and Trust C'est quand m\u00eame dingue cette manie qu'ont mes \u00e9t\u00e9s de finir avant de commencer.","rel":"","context":"Dans &quot;DPC&quot;","block_context":{"text":"DPC","link":"https:\/\/www.wallendorff.com\/belogue\/category\/dpc\/"},"img":{"alt_text":"","src":"https:\/\/i0.wp.com\/www.wallendorff.com\/belogue\/wp-content\/uploads\/2015\/04\/200909011.jpg?resize=350%2C200&ssl=1","width":350,"height":200},"classes":[]},{"id":4638,"url":"https:\/\/www.wallendorff.com\/belogue\/2009\/09\/02\/a-lisse-obeie-des-meres-veillent\/","url_meta":{"origin":4393,"position":3},"title":"\u00c0 lisse ob\u00e9ie, des m\u00e8res veillent.","author":"dpc","date":"2 septembre 2009","format":false,"excerpt":"Liberty Street, Ann Arbor, 5 mai. \u00a0 Blitzen Trapper \u2013 Black River Killer On peut quand m\u00eame bien s'octroyer un morceau de folkeux barbu de temps en temps, que diable. Ah tiens, jeu\u00a0: qui sont les quatre gars1 de la fresque\u00a0? _____ 1 Oups en fait le quatri\u00e8me est une\u2026","rel":"","context":"Dans &quot;DPC&quot;","block_context":{"text":"DPC","link":"https:\/\/www.wallendorff.com\/belogue\/category\/dpc\/"},"img":{"alt_text":"","src":"https:\/\/i0.wp.com\/www.wallendorff.com\/belogue\/wp-content\/uploads\/2015\/04\/200909021.jpg?resize=350%2C200&ssl=1","width":350,"height":200},"classes":[]},{"id":502,"url":"https:\/\/www.wallendorff.com\/belogue\/2005\/01\/12\/message-personnel\/","url_meta":{"origin":4393,"position":4},"title":"Message personnel.","author":"dpc","date":"12 janvier 2005","format":false,"excerpt":"Liberty St., Ann Arbor, 9 janvier. Il doit y avoir un vague rapport avec toi, mais je sais pas lequel. [\/Edit: je suis toujours impatient d'\u00eatre \u00e0 mercredi. Quand j'\u00e9tais petit, c'\u00e9tait pour R\u00e9cr\u00e9 A2, et maintenant, c'est pour C'est un \u00e9v\u00e9nement, avec Hugues Dayez et Rudy L\u00e9onet sur Pure\u2026","rel":"","context":"Dans &quot;DPC&quot;","block_context":{"text":"DPC","link":"https:\/\/www.wallendorff.com\/belogue\/category\/dpc\/"},"img":{"alt_text":"","src":"https:\/\/i0.wp.com\/www.wallendorff.com\/belogue\/wp-content\/uploads\/2015\/04\/20050112-exit1.jpg?resize=350%2C200&ssl=1","width":350,"height":200},"classes":[]},{"id":4399,"url":"https:\/\/www.wallendorff.com\/belogue\/2009\/07\/25\/oreille-et-lamant-sony-neut-il\/","url_meta":{"origin":4393,"position":5},"title":"Oreille et l&rsquo;amant, Sony n&rsquo;eut-il.","author":"dpc","date":"25 juillet 2009","format":false,"excerpt":"Huron Street, Ann Arbor, 2 mai. Handsome Furs \u2013 Radio Kaliningrad","rel":"","context":"Dans &quot;DPC&quot;","block_context":{"text":"DPC","link":"https:\/\/www.wallendorff.com\/belogue\/category\/dpc\/"},"img":{"alt_text":"","src":"https:\/\/i0.wp.com\/www.wallendorff.com\/belogue\/wp-content\/uploads\/2015\/04\/200907251.jpg?resize=350%2C200&ssl=1","width":350,"height":200},"classes":[]}],"_links":{"self":[{"href":"https:\/\/www.wallendorff.com\/belogue\/wp-json\/wp\/v2\/posts\/4393","targetHints":{"allow":["GET"]}}],"collection":[{"href":"https:\/\/www.wallendorff.com\/belogue\/wp-json\/wp\/v2\/posts"}],"about":[{"href":"https:\/\/www.wallendorff.com\/belogue\/wp-json\/wp\/v2\/types\/post"}],"author":[{"embeddable":true,"href":"https:\/\/www.wallendorff.com\/belogue\/wp-json\/wp\/v2\/users\/1"}],"replies":[{"embeddable":true,"href":"https:\/\/www.wallendorff.com\/belogue\/wp-json\/wp\/v2\/comments?post=4393"}],"version-history":[{"count":1,"href":"https:\/\/www.wallendorff.com\/belogue\/wp-json\/wp\/v2\/posts\/4393\/revisions"}],"predecessor-version":[{"id":17301,"href":"https:\/\/www.wallendorff.com\/belogue\/wp-json\/wp\/v2\/posts\/4393\/revisions\/17301"}],"wp:featuredmedia":[{"embeddable":true,"href":"https:\/\/www.wallendorff.com\/belogue\/wp-json\/wp\/v2\/media\/25491"}],"wp:attachment":[{"href":"https:\/\/www.wallendorff.com\/belogue\/wp-json\/wp\/v2\/media?parent=4393"}],"wp:term":[{"taxonomy":"category","embeddable":true,"href":"https:\/\/www.wallendorff.com\/belogue\/wp-json\/wp\/v2\/categories?post=4393"},{"taxonomy":"post_tag","embeddable":true,"href":"https:\/\/www.wallendorff.com\/belogue\/wp-json\/wp\/v2\/tags?post=4393"}],"curies":[{"name":"wp","href":"https:\/\/api.w.org\/{rel}","templated":true}]}}