{"id":439,"date":"2005-03-15T14:24:25","date_gmt":"2005-03-15T14:24:25","guid":{"rendered":"http:\/\/www.po-l.com\/wordpress\/?p=439"},"modified":"2012-01-01T23:14:17","modified_gmt":"2012-01-01T21:14:17","slug":"ca-m-isole-de-force","status":"publish","type":"post","link":"https:\/\/www.wallendorff.com\/belogue\/2005\/03\/15\/ca-m-isole-de-force\/","title":{"rendered":"&Ccedil;a m&rsquo;isole de force."},"content":{"rendered":"\n<div id=\"photo\">\n<p><img decoding=\"async\" src=\"http:\/\/www.po-L.com\/belogue\/photo\/2005\/03\/20050315-01.jpg\" \/><br \/>\n          Cath&eacute;drale Saint-&Eacute;tienne, Metz, 10 mars.<\/p>\n<\/p><\/div>\n<p style=\"text-align:right\">La bande-son sort de <a href=\"http:\/\/www.raphmode.net\/piano.html\">l&agrave;<\/a>, y en a tout un album, je vous le conseille fortement.<\/p>\n<div id=\"bandeson\">\n<p><img decoding=\"async\" src=\"https:\/\/www.wallendorff.com\/belogue\/photo\/pochettes\/blank.jpg\" align=\"left\" \/>&nbsp;<a href=\"http:\/\/www.depechemode.com\">Depeche Mode<\/a> &ndash; <em>Death&rsquo;s Door<\/em> (Raph piano mix)<\/p>\n<\/div>\n","protected":false},"excerpt":{"rendered":"<p>Cath&eacute;drale Saint-&Eacute;tienne, Metz, 10 mars. La bande-son sort de l&agrave;, y en a tout un album, je vous le conseille fortement. &nbsp;Depeche Mode &ndash; Death&rsquo;s Door (Raph piano mix)<\/p>\n","protected":false},"author":1,"featured_media":24378,"comment_status":"open","ping_status":"open","sticky":false,"template":"","format":"standard","meta":{"_acf_changed":false,"ngg_post_thumbnail":0,"jetpack_post_was_ever_published":false,"_jetpack_newsletter_access":"","_jetpack_dont_email_post_to_subs":false,"_jetpack_newsletter_tier_id":0,"_jetpack_memberships_contains_paywalled_content":false,"_jetpack_memberships_contains_paid_content":false,"footnotes":"","jetpack_publicize_message":"","jetpack_publicize_feature_enabled":true,"jetpack_social_post_already_shared":false,"jetpack_social_options":{"image_generator_settings":{"template":"highway","default_image_id":0,"font":"","enabled":false},"version":2}},"categories":[3],"tags":[155,132,10743,417,10240,889,10126,10238,10120,10175,10173,10174,143],"class_list":["post-439","post","type-post","status-publish","format-standard","has-post-thumbnail","hentry","category-dpc","tag-ef-s-18-55-mm-f35-56-ii","tag-eos-20d","tag-cathedrale","tag-cathedrale-saint-etienne","tag-chaises","tag-deaths-door","tag-depeche-mode","tag-eglise","tag-france","tag-lorraine","tag-metz","tag-moselle","tag-noir-et-blanc"],"acf":[],"geo":{"latitude":49.1203156,"longitude":6.1760116,"description":null},"jetpack_publicize_connections":[],"jetpack_featured_media_url":"https:\/\/www.wallendorff.com\/belogue\/wp-content\/uploads\/2015\/04\/20050315-011.jpg","jetpack_shortlink":"https:\/\/wp.me\/p3b35P-75","jetpack_sharing_enabled":true,"jetpack-related-posts":[{"id":135693,"url":"https:\/\/www.wallendorff.com\/belogue\/2026\/03\/27\/tcho-metz\/","url_meta":{"origin":439,"position":0},"title":"Tch\u00f4 Metz.","author":"dpc","date":"27 mars 2026","format":false,"excerpt":"","rel":"","context":"Dans &quot;DPC&quot;","block_context":{"text":"DPC","link":"https:\/\/www.wallendorff.com\/belogue\/category\/dpc\/"},"img":{"alt_text":"","src":"https:\/\/i0.wp.com\/www.wallendorff.com\/belogue\/wp-content\/uploads\/2026\/03\/20260327-10.jpg?resize=350%2C200&ssl=1","width":350,"height":200,"srcset":"https:\/\/i0.wp.com\/www.wallendorff.com\/belogue\/wp-content\/uploads\/2026\/03\/20260327-10.jpg?resize=350%2C200&ssl=1 1x, https:\/\/i0.wp.com\/www.wallendorff.com\/belogue\/wp-content\/uploads\/2026\/03\/20260327-10.jpg?resize=525%2C300&ssl=1 1.5x, https:\/\/i0.wp.com\/www.wallendorff.com\/belogue\/wp-content\/uploads\/2026\/03\/20260327-10.jpg?resize=700%2C400&ssl=1 2x, https:\/\/i0.wp.com\/www.wallendorff.com\/belogue\/wp-content\/uploads\/2026\/03\/20260327-10.jpg?resize=1050%2C600&ssl=1 3x"},"classes":[]},{"id":131991,"url":"https:\/\/www.wallendorff.com\/belogue\/2025\/03\/26\/metz-de-noel\/","url_meta":{"origin":439,"position":1},"title":"Metz de No\u00ebl.","author":"dpc","date":"26 mars 2025","format":false,"excerpt":"","rel":"","context":"Dans &quot;DPC&quot;","block_context":{"text":"DPC","link":"https:\/\/www.wallendorff.com\/belogue\/category\/dpc\/"},"img":{"alt_text":"","src":"https:\/\/i0.wp.com\/www.wallendorff.com\/belogue\/wp-content\/uploads\/2025\/03\/20250326-04.jpg?resize=350%2C200&ssl=1","width":350,"height":200,"srcset":"https:\/\/i0.wp.com\/www.wallendorff.com\/belogue\/wp-content\/uploads\/2025\/03\/20250326-04.jpg?resize=350%2C200&ssl=1 1x, https:\/\/i0.wp.com\/www.wallendorff.com\/belogue\/wp-content\/uploads\/2025\/03\/20250326-04.jpg?resize=525%2C300&ssl=1 1.5x, https:\/\/i0.wp.com\/www.wallendorff.com\/belogue\/wp-content\/uploads\/2025\/03\/20250326-04.jpg?resize=700%2C400&ssl=1 2x"},"classes":[]},{"id":131901,"url":"https:\/\/www.wallendorff.com\/belogue\/2025\/03\/20\/cathedral\/","url_meta":{"origin":439,"position":2},"title":"Cath\u00e9dral.","author":"dpc","date":"20 mars 2025","format":false,"excerpt":"","rel":"","context":"Dans &quot;DPC&quot;","block_context":{"text":"DPC","link":"https:\/\/www.wallendorff.com\/belogue\/category\/dpc\/"},"img":{"alt_text":"","src":"https:\/\/i0.wp.com\/www.wallendorff.com\/belogue\/wp-content\/uploads\/2025\/03\/20250320-08.jpg?resize=350%2C200&ssl=1","width":350,"height":200,"srcset":"https:\/\/i0.wp.com\/www.wallendorff.com\/belogue\/wp-content\/uploads\/2025\/03\/20250320-08.jpg?resize=350%2C200&ssl=1 1x, https:\/\/i0.wp.com\/www.wallendorff.com\/belogue\/wp-content\/uploads\/2025\/03\/20250320-08.jpg?resize=525%2C300&ssl=1 1.5x, https:\/\/i0.wp.com\/www.wallendorff.com\/belogue\/wp-content\/uploads\/2025\/03\/20250320-08.jpg?resize=700%2C400&ssl=1 2x"},"classes":[]},{"id":21917,"url":"https:\/\/www.wallendorff.com\/belogue\/2013\/10\/24\/tout-poutres-en-lair\/","url_meta":{"origin":439,"position":3},"title":"Tout poutres en l&rsquo;air.","author":"dpc","date":"24 octobre 2013","format":false,"excerpt":"Cath\u00e9drale Saint-\u00c9tienne, Metz, 14 septembre. Keep Your Head Up Cults","rel":"","context":"Dans &quot;DPC&quot;","block_context":{"text":"DPC","link":"https:\/\/www.wallendorff.com\/belogue\/category\/dpc\/"},"img":{"alt_text":"","src":"https:\/\/i0.wp.com\/www.wallendorff.com\/belogue\/wp-content\/uploads\/2015\/04\/201310242.jpg?resize=350%2C200&ssl=1","width":350,"height":200,"srcset":"https:\/\/i0.wp.com\/www.wallendorff.com\/belogue\/wp-content\/uploads\/2015\/04\/201310242.jpg?resize=350%2C200&ssl=1 1x, https:\/\/i0.wp.com\/www.wallendorff.com\/belogue\/wp-content\/uploads\/2015\/04\/201310242.jpg?resize=525%2C300&ssl=1 1.5x, https:\/\/i0.wp.com\/www.wallendorff.com\/belogue\/wp-content\/uploads\/2015\/04\/201310242.jpg?resize=700%2C400&ssl=1 2x"},"classes":[]},{"id":22926,"url":"https:\/\/www.wallendorff.com\/belogue\/2014\/06\/08\/top-10-des-plus-belles-cathedrales-de-la-decennie\/","url_meta":{"origin":439,"position":4},"title":"Top 10 des plus belles cath\u00e9drales de la d\u00e9cennie.","author":"dpc","date":"8 juin 2014","format":false,"excerpt":"Dix ans \u00e0 faire le tour de toutes les cath\u00e9drales du monde entier et bien les regarder sous toutes les coutures pour \u00e9tablir le classement d\u00e9finitif et impartial des plus jolies cath\u00e9drales de l'univers. No 10 ex-\u00e6quo\u00a0: La cath\u00e9drale Notre-Dame de Chartres du 7 avril 2012... Chartres Attack. \u00a0 ...\u2026","rel":"","context":"Dans &quot;DPC&quot;","block_context":{"text":"DPC","link":"https:\/\/www.wallendorff.com\/belogue\/category\/dpc\/"},"img":{"alt_text":"","src":"https:\/\/i0.wp.com\/www.wallendorff.com\/belogue\/wp-content\/uploads\/2015\/04\/201310243.jpg?resize=350%2C200&ssl=1","width":350,"height":200,"srcset":"https:\/\/i0.wp.com\/www.wallendorff.com\/belogue\/wp-content\/uploads\/2015\/04\/201310243.jpg?resize=350%2C200&ssl=1 1x, https:\/\/i0.wp.com\/www.wallendorff.com\/belogue\/wp-content\/uploads\/2015\/04\/201310243.jpg?resize=525%2C300&ssl=1 1.5x, https:\/\/i0.wp.com\/www.wallendorff.com\/belogue\/wp-content\/uploads\/2015\/04\/201310243.jpg?resize=700%2C400&ssl=1 2x"},"classes":[]},{"id":373,"url":"https:\/\/www.wallendorff.com\/belogue\/2005\/05\/15\/merveilleuse-cite-dort\/","url_meta":{"origin":439,"position":5},"title":"Merveilleuse cit\u00e9 dort.","author":"dpc","date":"15 mai 2005","format":false,"excerpt":"Temple de Garnison et Cath\u00e9drale Saint-\u00c9tienne, Metz, 4 mai. Cliquouze \u00e9tant rentr\u00e9e, c'est\u00a0\u00e0 moi de partir. Du nouveau jeudi, je pense. Soyez sages, hein. \u00a0The White Stripes \u2013 Going Back to Memphis (Soledad Brothers cover) (live)","rel":"","context":"Dans &quot;DPC&quot;","block_context":{"text":"DPC","link":"https:\/\/www.wallendorff.com\/belogue\/category\/dpc\/"},"img":{"alt_text":"","src":"https:\/\/i0.wp.com\/www.wallendorff.com\/belogue\/wp-content\/uploads\/2015\/04\/200505151.jpg?resize=350%2C200&ssl=1","width":350,"height":200},"classes":[]}],"_links":{"self":[{"href":"https:\/\/www.wallendorff.com\/belogue\/wp-json\/wp\/v2\/posts\/439","targetHints":{"allow":["GET"]}}],"collection":[{"href":"https:\/\/www.wallendorff.com\/belogue\/wp-json\/wp\/v2\/posts"}],"about":[{"href":"https:\/\/www.wallendorff.com\/belogue\/wp-json\/wp\/v2\/types\/post"}],"author":[{"embeddable":true,"href":"https:\/\/www.wallendorff.com\/belogue\/wp-json\/wp\/v2\/users\/1"}],"replies":[{"embeddable":true,"href":"https:\/\/www.wallendorff.com\/belogue\/wp-json\/wp\/v2\/comments?post=439"}],"version-history":[{"count":2,"href":"https:\/\/www.wallendorff.com\/belogue\/wp-json\/wp\/v2\/posts\/439\/revisions"}],"predecessor-version":[{"id":15100,"href":"https:\/\/www.wallendorff.com\/belogue\/wp-json\/wp\/v2\/posts\/439\/revisions\/15100"}],"wp:featuredmedia":[{"embeddable":true,"href":"https:\/\/www.wallendorff.com\/belogue\/wp-json\/wp\/v2\/media\/24378"}],"wp:attachment":[{"href":"https:\/\/www.wallendorff.com\/belogue\/wp-json\/wp\/v2\/media?parent=439"}],"wp:term":[{"taxonomy":"category","embeddable":true,"href":"https:\/\/www.wallendorff.com\/belogue\/wp-json\/wp\/v2\/categories?post=439"},{"taxonomy":"post_tag","embeddable":true,"href":"https:\/\/www.wallendorff.com\/belogue\/wp-json\/wp\/v2\/tags?post=439"}],"curies":[{"name":"wp","href":"https:\/\/api.w.org\/{rel}","templated":true}]}}