{"id":43702,"date":"2019-09-19T15:27:05","date_gmt":"2019-09-19T13:27:05","guid":{"rendered":"http:\/\/www.wallendorff.com\/belogue\/?p=43702"},"modified":"2019-09-19T15:27:05","modified_gmt":"2019-09-19T13:27:05","slug":"votive-for-pedro-yves","status":"publish","type":"post","link":"https:\/\/www.wallendorff.com\/belogue\/2019\/09\/19\/votive-for-pedro-yves\/","title":{"rendered":"Votive (for Pedro-Yves)."},"content":{"rendered":"<div id=\"photo\"><img decoding=\"async\" src=\"https:\/\/www.wallendorff.com\/belogue\/wp-content\/uploads\/2019\/08\/20190919.jpg\">Votivpark, Vienne, 22 juin 2019.<\/div>\n<div id=\"bandeson\"><img decoding=\"async\" src=\"https:\/\/www.wallendorff.com\/belogue\/photo\/pochettes\/b\/black_keys_the-lets_rock.jpg\" align=\"left\"><a id=\"lienmp3\" style=\"font-weight: normal;\" href=\"http:\/\/www.youtube.com\/watch?v=nUJL7kUrMy8\"><em>Shine a Little Light<\/em><\/a><br \/><a href=\"http:\/\/www.theblackkeys.com\/\">The Black Keys<\/a><\/div>\n","protected":false},"excerpt":{"rendered":"<p>Votivpark, Vienne, 22 juin 2019. Shine a Little LightThe Black Keys<\/p>\n","protected":false},"author":1,"featured_media":43703,"comment_status":"open","ping_status":"open","sticky":false,"template":"","format":"standard","meta":{"_acf_changed":false,"ngg_post_thumbnail":0,"jetpack_post_was_ever_published":false,"_jetpack_newsletter_access":"","_jetpack_dont_email_post_to_subs":false,"_jetpack_newsletter_tier_id":0,"_jetpack_memberships_contains_paywalled_content":false,"_jetpack_memberships_contains_paid_content":false,"footnotes":"","jetpack_publicize_message":"","jetpack_publicize_feature_enabled":true,"jetpack_social_post_already_shared":true,"jetpack_social_options":{"image_generator_settings":{"template":"highway","default_image_id":0,"font":"","enabled":false},"version":2}},"categories":[3],"tags":[8906,12059,10238,15536,14271,15309,12062,15876,10396,12060,15739],"class_list":["post-43702","post","type-post","status-publish","format-standard","has-post-thumbnail","hentry","category-dpc","tag-alsergrund","tag-autriche","tag-eglise","tag-eglise-votive-de-vienne","tag-fujifilm-x-t2","tag-fujinon-xf-16-55-mm-f-2-8-r-lm-wr","tag-rooseveltplatz","tag-shine-a-little-light","tag-the-black-keys","tag-vienne","tag-votivpark"],"acf":[],"geo":{"latitude":48.2160835,"longitude":16.3586159,"description":"Wien, Josefstadt, Wien, 1080, AT"},"jetpack_publicize_connections":[],"jetpack_featured_media_url":"https:\/\/www.wallendorff.com\/belogue\/wp-content\/uploads\/2019\/09\/20190919.jpg","jetpack_shortlink":"https:\/\/wp.me\/p3b35P-bmS","jetpack_sharing_enabled":true,"jetpack-related-posts":[{"id":43433,"url":"https:\/\/www.wallendorff.com\/belogue\/2019\/08\/08\/contre-plongee-no-3-012\/","url_meta":{"origin":43702,"position":0},"title":"Contre-plong\u00e9e no 3&nbsp;012.","author":"dpc","date":"8 ao\u00fbt 2019","format":false,"excerpt":"\u00c9glise Votive, Vienne, 23 mars 2019. Blinded by the Lies Yak","rel":"","context":"Dans &quot;DPC&quot;","block_context":{"text":"DPC","link":"https:\/\/www.wallendorff.com\/belogue\/category\/dpc\/"},"img":{"alt_text":"\u00c9glise Votive, Vienne, 23 mars 2019.","src":"https:\/\/i0.wp.com\/www.wallendorff.com\/belogue\/wp-content\/uploads\/2019\/08\/20190808.jpg?resize=350%2C200&ssl=1","width":350,"height":200,"srcset":"https:\/\/i0.wp.com\/www.wallendorff.com\/belogue\/wp-content\/uploads\/2019\/08\/20190808.jpg?resize=350%2C200&ssl=1 1x, https:\/\/i0.wp.com\/www.wallendorff.com\/belogue\/wp-content\/uploads\/2019\/08\/20190808.jpg?resize=525%2C300&ssl=1 1.5x, https:\/\/i0.wp.com\/www.wallendorff.com\/belogue\/wp-content\/uploads\/2019\/08\/20190808.jpg?resize=700%2C400&ssl=1 2x"},"classes":[]},{"id":47405,"url":"https:\/\/www.wallendorff.com\/belogue\/2020\/12\/19\/servus-wien-3\/","url_meta":{"origin":43702,"position":1},"title":"Servus Wien.","author":"dpc","date":"19 d\u00e9cembre 2020","format":false,"excerpt":"Vienne, 31 ao\u00fbt \u2013 3 septembre 2020.","rel":"","context":"Dans &quot;DPC&quot;","block_context":{"text":"DPC","link":"https:\/\/www.wallendorff.com\/belogue\/category\/dpc\/"},"img":{"alt_text":"","src":"https:\/\/i0.wp.com\/www.wallendorff.com\/belogue\/wp-content\/uploads\/2020\/12\/20201219-23.jpg?resize=350%2C200&ssl=1","width":350,"height":200,"srcset":"https:\/\/i0.wp.com\/www.wallendorff.com\/belogue\/wp-content\/uploads\/2020\/12\/20201219-23.jpg?resize=350%2C200&ssl=1 1x, https:\/\/i0.wp.com\/www.wallendorff.com\/belogue\/wp-content\/uploads\/2020\/12\/20201219-23.jpg?resize=525%2C300&ssl=1 1.5x, https:\/\/i0.wp.com\/www.wallendorff.com\/belogue\/wp-content\/uploads\/2020\/12\/20201219-23.jpg?resize=700%2C400&ssl=1 2x, https:\/\/i0.wp.com\/www.wallendorff.com\/belogue\/wp-content\/uploads\/2020\/12\/20201219-23.jpg?resize=1050%2C600&ssl=1 3x"},"classes":[]},{"id":127011,"url":"https:\/\/www.wallendorff.com\/belogue\/2023\/12\/28\/loin-des-cieux-loin-du-choeur\/","url_meta":{"origin":43702,"position":2},"title":"Loin des cieux, loin du ch\u0153ur.","author":"dpc","date":"28 d\u00e9cembre 2023","format":false,"excerpt":"Votivpark, Vienne, 21 octobre 2023.","rel":"","context":"Dans &quot;DPC&quot;","block_context":{"text":"DPC","link":"https:\/\/www.wallendorff.com\/belogue\/category\/dpc\/"},"img":{"alt_text":"","src":"https:\/\/i0.wp.com\/www.wallendorff.com\/belogue\/wp-content\/uploads\/2023\/12\/20231228.jpg?resize=350%2C200&ssl=1","width":350,"height":200,"srcset":"https:\/\/i0.wp.com\/www.wallendorff.com\/belogue\/wp-content\/uploads\/2023\/12\/20231228.jpg?resize=350%2C200&ssl=1 1x, https:\/\/i0.wp.com\/www.wallendorff.com\/belogue\/wp-content\/uploads\/2023\/12\/20231228.jpg?resize=525%2C300&ssl=1 1.5x, https:\/\/i0.wp.com\/www.wallendorff.com\/belogue\/wp-content\/uploads\/2023\/12\/20231228.jpg?resize=700%2C400&ssl=1 2x"},"classes":[]},{"id":63880,"url":"https:\/\/www.wallendorff.com\/belogue\/2023\/02\/04\/frohe-weihnachten-wien-i\/","url_meta":{"origin":43702,"position":3},"title":"Frohe Weihnachten Wien [I].","author":"dpc","date":"4 f\u00e9vrier 2023","format":false,"excerpt":"","rel":"","context":"Dans &quot;DPC&quot;","block_context":{"text":"DPC","link":"https:\/\/www.wallendorff.com\/belogue\/category\/dpc\/"},"img":{"alt_text":"","src":"https:\/\/i0.wp.com\/www.wallendorff.com\/belogue\/wp-content\/uploads\/2023\/02\/20230204-20.jpg?resize=350%2C200&ssl=1","width":350,"height":200,"srcset":"https:\/\/i0.wp.com\/www.wallendorff.com\/belogue\/wp-content\/uploads\/2023\/02\/20230204-20.jpg?resize=350%2C200&ssl=1 1x, https:\/\/i0.wp.com\/www.wallendorff.com\/belogue\/wp-content\/uploads\/2023\/02\/20230204-20.jpg?resize=525%2C300&ssl=1 1.5x, https:\/\/i0.wp.com\/www.wallendorff.com\/belogue\/wp-content\/uploads\/2023\/02\/20230204-20.jpg?resize=700%2C400&ssl=1 2x, https:\/\/i0.wp.com\/www.wallendorff.com\/belogue\/wp-content\/uploads\/2023\/02\/20230204-20.jpg?resize=1050%2C600&ssl=1 3x"},"classes":[]},{"id":42225,"url":"https:\/\/www.wallendorff.com\/belogue\/2019\/06\/30\/juin-2019\/","url_meta":{"origin":43702,"position":4},"title":"Juin 2019.","author":"dpc","date":"30 juin 2019","format":false,"excerpt":"Un th\u00e9 glac\u00e9, un train, un au-revoir, un clocher, un train, un mariage, une montagne, une colonne, un orage, un parking, un chat pr\u00e9nomm\u00e9 Potiron, un bar, des travaux, une ruelle, une porte, des mamies, un m\u00e9tro, un avion, un rayon de soleil vu d'en haut, une grosse grosse poule,\u2026","rel":"","context":"Dans &quot;Blog-note&quot;","block_context":{"text":"Blog-note","link":"https:\/\/www.wallendorff.com\/belogue\/category\/blog-note\/"},"img":{"alt_text":"","src":"https:\/\/i0.wp.com\/www.wallendorff.com\/belogue\/wp-content\/uploads\/2019\/07\/20190704-09.jpg?resize=350%2C200&ssl=1","width":350,"height":200,"srcset":"https:\/\/i0.wp.com\/www.wallendorff.com\/belogue\/wp-content\/uploads\/2019\/07\/20190704-09.jpg?resize=350%2C200&ssl=1 1x, https:\/\/i0.wp.com\/www.wallendorff.com\/belogue\/wp-content\/uploads\/2019\/07\/20190704-09.jpg?resize=525%2C300&ssl=1 1.5x, https:\/\/i0.wp.com\/www.wallendorff.com\/belogue\/wp-content\/uploads\/2019\/07\/20190704-09.jpg?resize=700%2C400&ssl=1 2x, https:\/\/i0.wp.com\/www.wallendorff.com\/belogue\/wp-content\/uploads\/2019\/07\/20190704-09.jpg?resize=1050%2C600&ssl=1 3x"},"classes":[]},{"id":46752,"url":"https:\/\/www.wallendorff.com\/belogue\/2020\/09\/22\/servus-wien-2\/","url_meta":{"origin":43702,"position":5},"title":"Servus Wien.","author":"dpc","date":"22 septembre 2020","format":false,"excerpt":"Vienne, 5 \u2013 7 juillet 2020.","rel":"","context":"Dans &quot;DPC&quot;","block_context":{"text":"DPC","link":"https:\/\/www.wallendorff.com\/belogue\/category\/dpc\/"},"img":{"alt_text":"","src":"https:\/\/i0.wp.com\/www.wallendorff.com\/belogue\/wp-content\/uploads\/2020\/09\/20200922-07.jpg?resize=350%2C200&ssl=1","width":350,"height":200,"srcset":"https:\/\/i0.wp.com\/www.wallendorff.com\/belogue\/wp-content\/uploads\/2020\/09\/20200922-07.jpg?resize=350%2C200&ssl=1 1x, https:\/\/i0.wp.com\/www.wallendorff.com\/belogue\/wp-content\/uploads\/2020\/09\/20200922-07.jpg?resize=525%2C300&ssl=1 1.5x, https:\/\/i0.wp.com\/www.wallendorff.com\/belogue\/wp-content\/uploads\/2020\/09\/20200922-07.jpg?resize=700%2C400&ssl=1 2x"},"classes":[]}],"_links":{"self":[{"href":"https:\/\/www.wallendorff.com\/belogue\/wp-json\/wp\/v2\/posts\/43702","targetHints":{"allow":["GET"]}}],"collection":[{"href":"https:\/\/www.wallendorff.com\/belogue\/wp-json\/wp\/v2\/posts"}],"about":[{"href":"https:\/\/www.wallendorff.com\/belogue\/wp-json\/wp\/v2\/types\/post"}],"author":[{"embeddable":true,"href":"https:\/\/www.wallendorff.com\/belogue\/wp-json\/wp\/v2\/users\/1"}],"replies":[{"embeddable":true,"href":"https:\/\/www.wallendorff.com\/belogue\/wp-json\/wp\/v2\/comments?post=43702"}],"version-history":[{"count":3,"href":"https:\/\/www.wallendorff.com\/belogue\/wp-json\/wp\/v2\/posts\/43702\/revisions"}],"predecessor-version":[{"id":43706,"href":"https:\/\/www.wallendorff.com\/belogue\/wp-json\/wp\/v2\/posts\/43702\/revisions\/43706"}],"wp:featuredmedia":[{"embeddable":true,"href":"https:\/\/www.wallendorff.com\/belogue\/wp-json\/wp\/v2\/media\/43703"}],"wp:attachment":[{"href":"https:\/\/www.wallendorff.com\/belogue\/wp-json\/wp\/v2\/media?parent=43702"}],"wp:term":[{"taxonomy":"category","embeddable":true,"href":"https:\/\/www.wallendorff.com\/belogue\/wp-json\/wp\/v2\/categories?post=43702"},{"taxonomy":"post_tag","embeddable":true,"href":"https:\/\/www.wallendorff.com\/belogue\/wp-json\/wp\/v2\/tags?post=43702"}],"curies":[{"name":"wp","href":"https:\/\/api.w.org\/{rel}","templated":true}]}}