{"id":43689,"date":"2019-09-13T10:32:20","date_gmt":"2019-09-13T08:32:20","guid":{"rendered":"http:\/\/www.wallendorff.com\/belogue\/?p=43689"},"modified":"2019-09-13T10:32:20","modified_gmt":"2019-09-13T08:32:20","slug":"des-tours-nait-le-regard","status":"publish","type":"post","link":"https:\/\/www.wallendorff.com\/belogue\/2019\/09\/13\/des-tours-nait-le-regard\/","title":{"rendered":"Des tours [na\u00eet le regard]."},"content":{"rendered":"<div id=\"photo\">\n<p><img decoding=\"async\" src=\"https:\/\/www.wallendorff.com\/belogue\/wp-content\/uploads\/2019\/09\/20190913.jpg\"><br \/>\nPlace de Varsovie, Paris, 15 mai 2019.<\/p>\n<\/div>\n<div id=\"bandeson\"><img decoding=\"async\" src=\"https:\/\/www.wallendorff.com\/belogue\/photo\/pochettes\/g\/geowulf-my_resignation.jpg\" align=\"left\"><em>Round and Round<\/em> <br \/><a href=\"https:\/\/www.facebook.com\/geowulfmusic\/\">Geowulf<\/a><\/div>\n","protected":false},"excerpt":{"rendered":"<p>Place de Varsovie, Paris, 15 mai 2019. Round and Round Geowulf<\/p>\n","protected":false},"author":1,"featured_media":43690,"comment_status":"open","ping_status":"open","sticky":false,"template":"","format":"standard","meta":{"_acf_changed":false,"ngg_post_thumbnail":0,"jetpack_post_was_ever_published":false,"_jetpack_newsletter_access":"","_jetpack_dont_email_post_to_subs":false,"_jetpack_newsletter_tier_id":0,"_jetpack_memberships_contains_paywalled_content":false,"_jetpack_memberships_contains_paid_content":false,"footnotes":"","jetpack_publicize_message":"","jetpack_publicize_feature_enabled":true,"jetpack_social_post_already_shared":true,"jetpack_social_options":{"image_generator_settings":{"template":"highway","default_image_id":0,"font":"","enabled":false},"version":2}},"categories":[8],"tags":[10237,10120,14271,15597,15872,10121,143,10098,15871,15873,10236],"class_list":["post-43689","post","type-post","status-publish","format-standard","has-post-thumbnail","hentry","category-portraits","tag-10237","tag-france","tag-fujifilm-x-t2","tag-fujinon-xf-16-mm-f-1-4-wr","tag-geowulf","tag-ile-de-france","tag-noir-et-blanc","tag-paris","tag-place-de-varsovie","tag-round-and-round","tag-tour-eiffel"],"acf":[],"geo":{"latitude":48.8601799,"longitude":2.291033,"description":"Paris 16, \u00cele-de-France, 75016, FR"},"jetpack_publicize_connections":[],"jetpack_featured_media_url":"https:\/\/www.wallendorff.com\/belogue\/wp-content\/uploads\/2019\/09\/20190913.jpg","jetpack_shortlink":"https:\/\/wp.me\/p3b35P-bmF","jetpack_sharing_enabled":true,"jetpack-related-posts":[{"id":41276,"url":"https:\/\/www.wallendorff.com\/belogue\/2019\/02\/28\/fevrier-2019\/","url_meta":{"origin":43689,"position":0},"title":"F\u00e9vrier 2019.","author":"dpc","date":"28 f\u00e9vrier 2019","format":false,"excerpt":"Un anniversaire, un match de rugby, un bateau, une p\u00e9niche, un dava\u00ef, un quai, une boum, un d\u00e9jeuner, un canal, un bar, une ruelle rouge, un bar, une camionnette, une boum, un quai, une rue, un canal, une rue, un canal, un ponton, un canal, un concert, un restaurant, un\u2026","rel":"","context":"Dans &quot;Blog-note&quot;","block_context":{"text":"Blog-note","link":"https:\/\/www.wallendorff.com\/belogue\/category\/blog-note\/"},"img":{"alt_text":"","src":"https:\/\/i0.wp.com\/www.wallendorff.com\/belogue\/wp-content\/uploads\/2019\/03\/20190313-09.jpg?resize=350%2C200&ssl=1","width":350,"height":200,"srcset":"https:\/\/i0.wp.com\/www.wallendorff.com\/belogue\/wp-content\/uploads\/2019\/03\/20190313-09.jpg?resize=350%2C200&ssl=1 1x, https:\/\/i0.wp.com\/www.wallendorff.com\/belogue\/wp-content\/uploads\/2019\/03\/20190313-09.jpg?resize=525%2C300&ssl=1 1.5x, https:\/\/i0.wp.com\/www.wallendorff.com\/belogue\/wp-content\/uploads\/2019\/03\/20190313-09.jpg?resize=700%2C400&ssl=1 2x, https:\/\/i0.wp.com\/www.wallendorff.com\/belogue\/wp-content\/uploads\/2019\/03\/20190313-09.jpg?resize=1050%2C600&ssl=1 3x"},"classes":[]},{"id":41435,"url":"https:\/\/www.wallendorff.com\/belogue\/2019\/04\/08\/contreplongee-no-2-813\/","url_meta":{"origin":43689,"position":1},"title":"Contreplong\u00e9e no 2&nbsp;813.","author":"dpc","date":"8 avril 2019","format":false,"excerpt":"Cath\u00e9drale Saint-Jean, Varsovie, 24 f\u00e9vrier 2019. Kick FIDLAR","rel":"","context":"Dans &quot;DPC&quot;","block_context":{"text":"DPC","link":"https:\/\/www.wallendorff.com\/belogue\/category\/dpc\/"},"img":{"alt_text":"","src":"https:\/\/i0.wp.com\/www.wallendorff.com\/belogue\/wp-content\/uploads\/2019\/04\/20190408.jpg?resize=350%2C200&ssl=1","width":350,"height":200,"srcset":"https:\/\/i0.wp.com\/www.wallendorff.com\/belogue\/wp-content\/uploads\/2019\/04\/20190408.jpg?resize=350%2C200&ssl=1 1x, https:\/\/i0.wp.com\/www.wallendorff.com\/belogue\/wp-content\/uploads\/2019\/04\/20190408.jpg?resize=525%2C300&ssl=1 1.5x, https:\/\/i0.wp.com\/www.wallendorff.com\/belogue\/wp-content\/uploads\/2019\/04\/20190408.jpg?resize=700%2C400&ssl=1 2x, https:\/\/i0.wp.com\/www.wallendorff.com\/belogue\/wp-content\/uploads\/2019\/04\/20190408.jpg?resize=1050%2C600&ssl=1 3x"},"classes":[]},{"id":41423,"url":"https:\/\/www.wallendorff.com\/belogue\/2019\/04\/01\/contre-plongee-no-2-812\/","url_meta":{"origin":43689,"position":2},"title":"Contre-plong\u00e9e no 2&nbsp;812.","author":"dpc","date":"1 avril 2019","format":false,"excerpt":"\u00c9cole polytechnique de Varsovie, 23 f\u00e9vrier 2019. Trashbag Baby SWMRS","rel":"","context":"Dans &quot;DPC&quot;","block_context":{"text":"DPC","link":"https:\/\/www.wallendorff.com\/belogue\/category\/dpc\/"},"img":{"alt_text":"","src":"https:\/\/i0.wp.com\/www.wallendorff.com\/belogue\/wp-content\/uploads\/2019\/04\/20190401.jpg?resize=350%2C200&ssl=1","width":350,"height":200,"srcset":"https:\/\/i0.wp.com\/www.wallendorff.com\/belogue\/wp-content\/uploads\/2019\/04\/20190401.jpg?resize=350%2C200&ssl=1 1x, https:\/\/i0.wp.com\/www.wallendorff.com\/belogue\/wp-content\/uploads\/2019\/04\/20190401.jpg?resize=525%2C300&ssl=1 1.5x, https:\/\/i0.wp.com\/www.wallendorff.com\/belogue\/wp-content\/uploads\/2019\/04\/20190401.jpg?resize=700%2C400&ssl=1 2x, https:\/\/i0.wp.com\/www.wallendorff.com\/belogue\/wp-content\/uploads\/2019\/04\/20190401.jpg?resize=1050%2C600&ssl=1 3x"},"classes":[]},{"id":41427,"url":"https:\/\/www.wallendorff.com\/belogue\/2019\/04\/03\/zinzolin\/","url_meta":{"origin":43689,"position":3},"title":"Zinzolin.","author":"dpc","date":"3 avril 2019","format":false,"excerpt":"Palais de la culture et de la science, Varsovie, 23 f\u00e9vrier 2019. Moonlight Foals","rel":"","context":"Dans &quot;DPC&quot;","block_context":{"text":"DPC","link":"https:\/\/www.wallendorff.com\/belogue\/category\/dpc\/"},"img":{"alt_text":"Palais de la culture et de la science, Varsovie, 23 f&eacute;vrier 2019.","src":"https:\/\/i0.wp.com\/www.wallendorff.com\/belogue\/wp-content\/uploads\/2019\/04\/20190403.jpg?resize=350%2C200&ssl=1","width":350,"height":200,"srcset":"https:\/\/i0.wp.com\/www.wallendorff.com\/belogue\/wp-content\/uploads\/2019\/04\/20190403.jpg?resize=350%2C200&ssl=1 1x, https:\/\/i0.wp.com\/www.wallendorff.com\/belogue\/wp-content\/uploads\/2019\/04\/20190403.jpg?resize=525%2C300&ssl=1 1.5x, https:\/\/i0.wp.com\/www.wallendorff.com\/belogue\/wp-content\/uploads\/2019\/04\/20190403.jpg?resize=700%2C400&ssl=1 2x"},"classes":[]},{"id":134820,"url":"https:\/\/www.wallendorff.com\/belogue\/2025\/11\/30\/novembre-2025\/","url_meta":{"origin":43689,"position":4},"title":"Novembre 2025.","author":"dpc","date":"30 novembre 2025","format":false,"excerpt":"Des miroirs qui bougent, une sieste, un t\u00e9l\u00e9phone, une vitrine, un ap\u00e9ro, un num\u00e9ro, un parquet neuf, une tour de contr\u00f4le, un tapis roulant, un embarquement, des avions, une lampe torche, des ombres, un jardin de No\u00ebl, des travaux, un avion, un d\u00e9chargement, un anniversaire, une pizza, un reflet, un\u2026","rel":"","context":"Dans &quot;Blog-note&quot;","block_context":{"text":"Blog-note","link":"https:\/\/www.wallendorff.com\/belogue\/category\/blog-note\/"},"img":{"alt_text":"","src":"https:\/\/i0.wp.com\/www.wallendorff.com\/belogue\/wp-content\/uploads\/2025\/12\/20251219-41.jpg?resize=350%2C200&ssl=1","width":350,"height":200,"srcset":"https:\/\/i0.wp.com\/www.wallendorff.com\/belogue\/wp-content\/uploads\/2025\/12\/20251219-41.jpg?resize=350%2C200&ssl=1 1x, https:\/\/i0.wp.com\/www.wallendorff.com\/belogue\/wp-content\/uploads\/2025\/12\/20251219-41.jpg?resize=525%2C300&ssl=1 1.5x, https:\/\/i0.wp.com\/www.wallendorff.com\/belogue\/wp-content\/uploads\/2025\/12\/20251219-41.jpg?resize=700%2C400&ssl=1 2x, https:\/\/i0.wp.com\/www.wallendorff.com\/belogue\/wp-content\/uploads\/2025\/12\/20251219-41.jpg?resize=1050%2C600&ssl=1 3x"},"classes":[]},{"id":41431,"url":"https:\/\/www.wallendorff.com\/belogue\/2019\/04\/05\/des-hauts-doran\/","url_meta":{"origin":43689,"position":5},"title":"Des hauts d&rsquo;Oran.","author":"dpc","date":"5 avril 2019","format":false,"excerpt":"Palais de la culture et de la science, Varsovie, 23 f\u00e9vrier 2019. [Un titre qui eut \u00e9t\u00e9 fort pertinent si cette photo avait \u00e9t\u00e9 prise \u00e0 Oran.] Elle est trop sombre. La faute au bar du Marriott qui ne sait pas ouvrir avant le cr\u00e9puscule. \u00c7a me fera une excuse\u2026","rel":"","context":"Dans &quot;DPC&quot;","block_context":{"text":"DPC","link":"https:\/\/www.wallendorff.com\/belogue\/category\/dpc\/"},"img":{"alt_text":"Palais de la culture et de la science, Varsovie, 23 f&eacute;vrier 2019.","src":"https:\/\/i0.wp.com\/www.wallendorff.com\/belogue\/wp-content\/uploads\/2019\/04\/20190405.jpg?resize=350%2C200&ssl=1","width":350,"height":200,"srcset":"https:\/\/i0.wp.com\/www.wallendorff.com\/belogue\/wp-content\/uploads\/2019\/04\/20190405.jpg?resize=350%2C200&ssl=1 1x, https:\/\/i0.wp.com\/www.wallendorff.com\/belogue\/wp-content\/uploads\/2019\/04\/20190405.jpg?resize=525%2C300&ssl=1 1.5x, https:\/\/i0.wp.com\/www.wallendorff.com\/belogue\/wp-content\/uploads\/2019\/04\/20190405.jpg?resize=700%2C400&ssl=1 2x, https:\/\/i0.wp.com\/www.wallendorff.com\/belogue\/wp-content\/uploads\/2019\/04\/20190405.jpg?resize=1050%2C600&ssl=1 3x"},"classes":[]}],"_links":{"self":[{"href":"https:\/\/www.wallendorff.com\/belogue\/wp-json\/wp\/v2\/posts\/43689","targetHints":{"allow":["GET"]}}],"collection":[{"href":"https:\/\/www.wallendorff.com\/belogue\/wp-json\/wp\/v2\/posts"}],"about":[{"href":"https:\/\/www.wallendorff.com\/belogue\/wp-json\/wp\/v2\/types\/post"}],"author":[{"embeddable":true,"href":"https:\/\/www.wallendorff.com\/belogue\/wp-json\/wp\/v2\/users\/1"}],"replies":[{"embeddable":true,"href":"https:\/\/www.wallendorff.com\/belogue\/wp-json\/wp\/v2\/comments?post=43689"}],"version-history":[{"count":5,"href":"https:\/\/www.wallendorff.com\/belogue\/wp-json\/wp\/v2\/posts\/43689\/revisions"}],"predecessor-version":[{"id":43695,"href":"https:\/\/www.wallendorff.com\/belogue\/wp-json\/wp\/v2\/posts\/43689\/revisions\/43695"}],"wp:featuredmedia":[{"embeddable":true,"href":"https:\/\/www.wallendorff.com\/belogue\/wp-json\/wp\/v2\/media\/43690"}],"wp:attachment":[{"href":"https:\/\/www.wallendorff.com\/belogue\/wp-json\/wp\/v2\/media?parent=43689"}],"wp:term":[{"taxonomy":"category","embeddable":true,"href":"https:\/\/www.wallendorff.com\/belogue\/wp-json\/wp\/v2\/categories?post=43689"},{"taxonomy":"post_tag","embeddable":true,"href":"https:\/\/www.wallendorff.com\/belogue\/wp-json\/wp\/v2\/tags?post=43689"}],"curies":[{"name":"wp","href":"https:\/\/api.w.org\/{rel}","templated":true}]}}