{"id":43675,"date":"2019-08-30T09:52:00","date_gmt":"2019-08-30T07:52:00","guid":{"rendered":"http:\/\/www.wallendorff.com\/belogue\/?p=43675"},"modified":"2019-08-30T09:52:00","modified_gmt":"2019-08-30T07:52:00","slug":"big-flots-et-au-lit","status":"publish","type":"post","link":"https:\/\/www.wallendorff.com\/belogue\/2019\/08\/30\/big-flots-et-au-lit\/","title":{"rendered":"Big flots [et au lit]."},"content":{"rendered":"<div id=\"photo\">\n<p><img decoding=\"async\" src=\"https:\/\/www.wallendorff.com\/belogue\/wp-content\/uploads\/2019\/08\/20190830.jpg\"><br \/>\nSmetanovo n\u00e1b\u0159e\u017e\u00ed, Prague, 9 mai 2019.<\/p>\n<\/div>\n<p style=\"text-align: right\"\u00b7>Oui je sais ce jeu de mots \u00e9tait d\u00e9j\u00e0 nul en 2014 mais j&rsquo;ai pas eu le temps de trouver mieux pardon.<\/p>\n<div id=\"bandeson\">\n<p><img decoding=\"async\" src=\"https:\/\/www.wallendorff.com\/belogue\/photo\/pochettes\/v\/vile_kurt-bottle_it_in.jpg\" align=\"left\"><a href=\"https:\/\/www.youtube.com\/watch?v=W7OmWKy6_8E\"><em>One-Trick Ponies<\/em><\/a><br \/>\n<a href=\"http:\/\/kurtvile.com\/\">Kurt Vile<\/a><\/p>\n<\/div>\n","protected":false},"excerpt":{"rendered":"<p>Smetanovo n\u00e1b\u0159e\u017e\u00ed, Prague, 9 mai 2019. Oui je sais ce jeu de mots \u00e9tait d\u00e9j\u00e0 nul en 2014 mais j&rsquo;ai pas eu le temps de trouver mieux pardon. One-Trick Ponies Kurt Vile<\/p>\n","protected":false},"author":1,"featured_media":43676,"comment_status":"open","ping_status":"open","sticky":false,"template":"","format":"standard","meta":{"_acf_changed":false,"ngg_post_thumbnail":0,"jetpack_post_was_ever_published":false,"_jetpack_newsletter_access":"","_jetpack_dont_email_post_to_subs":false,"_jetpack_newsletter_tier_id":0,"_jetpack_memberships_contains_paywalled_content":false,"_jetpack_memberships_contains_paid_content":false,"footnotes":"","jetpack_publicize_message":"","jetpack_publicize_feature_enabled":true,"jetpack_social_post_already_shared":true,"jetpack_social_options":{"image_generator_settings":{"template":"highway","default_image_id":0,"font":"","enabled":false},"version":2}},"categories":[3],"tags":[10743,13307,10326,10238,14271,15309,13366,15868,13370],"class_list":["post-43675","post","type-post","status-publish","format-standard","has-post-thumbnail","hentry","category-dpc","tag-cathedrale","tag-cathedrale-saint-guy","tag-crepuscule","tag-eglise","tag-fujifilm-x-t2","tag-fujinon-xf-16-55-mm-f-2-8-r-lm-wr","tag-prague","tag-smetanovo-nabrezi","tag-tchequie"],"acf":[],"geo":{"latitude":50.0836487,"longitude":14.413312,"description":"Praha 2-Nov\u00e9 M\u011bsto, , 120 00, CZ"},"jetpack_publicize_connections":[],"jetpack_featured_media_url":"https:\/\/www.wallendorff.com\/belogue\/wp-content\/uploads\/2019\/08\/20190830.jpg","jetpack_shortlink":"https:\/\/wp.me\/p3b35P-bmr","jetpack_sharing_enabled":true,"jetpack-related-posts":[{"id":33363,"url":"https:\/\/www.wallendorff.com\/belogue\/2017\/01\/02\/strechy-v\/","url_meta":{"origin":43675,"position":0},"title":"St\u0159echy [V].","author":"dpc","date":"2 janvier 2017","format":false,"excerpt":"Prague, 7 septembre 2016. Une cath\u00e9drale chasse l'autre. La bonne ann\u00e9e \u00e0 tous. Leave the Fire Behind by John Craigie","rel":"","context":"Dans &quot;DPC&quot;","block_context":{"text":"DPC","link":"https:\/\/www.wallendorff.com\/belogue\/category\/dpc\/"},"img":{"alt_text":"","src":"https:\/\/i0.wp.com\/www.wallendorff.com\/belogue\/wp-content\/uploads\/2017\/01\/20170102.jpg?resize=350%2C200&ssl=1","width":350,"height":200,"srcset":"https:\/\/i0.wp.com\/www.wallendorff.com\/belogue\/wp-content\/uploads\/2017\/01\/20170102.jpg?resize=350%2C200&ssl=1 1x, https:\/\/i0.wp.com\/www.wallendorff.com\/belogue\/wp-content\/uploads\/2017\/01\/20170102.jpg?resize=525%2C300&ssl=1 1.5x, https:\/\/i0.wp.com\/www.wallendorff.com\/belogue\/wp-content\/uploads\/2017\/01\/20170102.jpg?resize=700%2C400&ssl=1 2x"},"classes":[]},{"id":33259,"url":"https:\/\/www.wallendorff.com\/belogue\/2016\/12\/16\/les-murs-ondes-aux-raies\/","url_meta":{"origin":43675,"position":1},"title":"Les murs ond\u00e9s aux raies.","author":"dpc","date":"16 d\u00e9cembre 2016","format":false,"excerpt":"Cath\u00e9drale Saint-Guy, Prague, 7 septembre. Walls Kings of Leon","rel":"","context":"Dans &quot;DPC&quot;","block_context":{"text":"DPC","link":"https:\/\/www.wallendorff.com\/belogue\/category\/dpc\/"},"img":{"alt_text":"","src":"https:\/\/i0.wp.com\/www.wallendorff.com\/belogue\/wp-content\/uploads\/2016\/12\/20161216.jpg?resize=350%2C200&ssl=1","width":350,"height":200,"srcset":"https:\/\/i0.wp.com\/www.wallendorff.com\/belogue\/wp-content\/uploads\/2016\/12\/20161216.jpg?resize=350%2C200&ssl=1 1x, https:\/\/i0.wp.com\/www.wallendorff.com\/belogue\/wp-content\/uploads\/2016\/12\/20161216.jpg?resize=525%2C300&ssl=1 1.5x"},"classes":[]},{"id":33176,"url":"https:\/\/www.wallendorff.com\/belogue\/2016\/12\/12\/voute-no-7-812\/","url_meta":{"origin":43675,"position":2},"title":"Vo\u00fbte no 7 812.","author":"dpc","date":"12 d\u00e9cembre 2016","format":false,"excerpt":"Cath\u00e9drale Saint-Guy, Prague, 7 septembre. Les Cactus (Jacques Dutronc cover) The Last Shadow Puppets","rel":"","context":"Dans &quot;DPC&quot;","block_context":{"text":"DPC","link":"https:\/\/www.wallendorff.com\/belogue\/category\/dpc\/"},"img":{"alt_text":"","src":"https:\/\/i0.wp.com\/www.wallendorff.com\/belogue\/wp-content\/uploads\/2016\/12\/20161212.jpg?resize=350%2C200&ssl=1","width":350,"height":200,"srcset":"https:\/\/i0.wp.com\/www.wallendorff.com\/belogue\/wp-content\/uploads\/2016\/12\/20161212.jpg?resize=350%2C200&ssl=1 1x, https:\/\/i0.wp.com\/www.wallendorff.com\/belogue\/wp-content\/uploads\/2016\/12\/20161212.jpg?resize=525%2C300&ssl=1 1.5x, https:\/\/i0.wp.com\/www.wallendorff.com\/belogue\/wp-content\/uploads\/2016\/12\/20161212.jpg?resize=700%2C400&ssl=1 2x"},"classes":[]},{"id":33304,"url":"https:\/\/www.wallendorff.com\/belogue\/2016\/12\/23\/strechy-iv\/","url_meta":{"origin":43675,"position":3},"title":"St\u0159echy [IV].","author":"dpc","date":"23 d\u00e9cembre 2016","format":false,"excerpt":"Place de la Vieille-Ville, Prague, 7 septembre. The Anchor Bastille","rel":"","context":"Dans &quot;DPC&quot;","block_context":{"text":"DPC","link":"https:\/\/www.wallendorff.com\/belogue\/category\/dpc\/"},"img":{"alt_text":"","src":"https:\/\/i0.wp.com\/www.wallendorff.com\/belogue\/wp-content\/uploads\/2016\/12\/20161223.jpg?resize=350%2C200&ssl=1","width":350,"height":200,"srcset":"https:\/\/i0.wp.com\/www.wallendorff.com\/belogue\/wp-content\/uploads\/2016\/12\/20161223.jpg?resize=350%2C200&ssl=1 1x, https:\/\/i0.wp.com\/www.wallendorff.com\/belogue\/wp-content\/uploads\/2016\/12\/20161223.jpg?resize=525%2C300&ssl=1 1.5x"},"classes":[]},{"id":43669,"url":"https:\/\/www.wallendorff.com\/belogue\/2019\/08\/29\/flous-flux\/","url_meta":{"origin":43675,"position":4},"title":"Flous flux.","author":"dpc","date":"29 ao\u00fbt 2019","format":false,"excerpt":"Pont Charles, Prague, 9 mai 2019. Elle fut dr\u00f4le \u00e0 faire, celle-ci, coinc\u00e9 dans le dernier d\u00e9cim\u00e8tre carr\u00e9 disponible, \u00e0 discuter avec un groupe de photographes Californiens, tout en essayant de g\u00eaner le moins possible les touristes qui passaient leurs t\u00e9l\u00e9phones malins par-dessus mon \u00e9paule pour obtenir eux aussi ce\u2026","rel":"","context":"Dans &quot;DPC&quot;","block_context":{"text":"DPC","link":"https:\/\/www.wallendorff.com\/belogue\/category\/dpc\/"},"img":{"alt_text":"Pont Charles, Prague, 9 mai 2019.","src":"https:\/\/i0.wp.com\/www.wallendorff.com\/belogue\/wp-content\/uploads\/2019\/08\/20190829.jpg?resize=350%2C200&ssl=1","width":350,"height":200,"srcset":"https:\/\/i0.wp.com\/www.wallendorff.com\/belogue\/wp-content\/uploads\/2019\/08\/20190829.jpg?resize=350%2C200&ssl=1 1x, https:\/\/i0.wp.com\/www.wallendorff.com\/belogue\/wp-content\/uploads\/2019\/08\/20190829.jpg?resize=525%2C300&ssl=1 1.5x, https:\/\/i0.wp.com\/www.wallendorff.com\/belogue\/wp-content\/uploads\/2019\/08\/20190829.jpg?resize=700%2C400&ssl=1 2x"},"classes":[]},{"id":131220,"url":"https:\/\/www.wallendorff.com\/belogue\/2024\/12\/04\/ahoj-praha\/","url_meta":{"origin":43675,"position":5},"title":"Ahoj Praha.","author":"dpc","date":"4 d\u00e9cembre 2024","format":false,"excerpt":"Prague, 21 \u2013 23 septembre 2024.","rel":"","context":"Dans &quot;DPC&quot;","block_context":{"text":"DPC","link":"https:\/\/www.wallendorff.com\/belogue\/category\/dpc\/"},"img":{"alt_text":"","src":"https:\/\/i0.wp.com\/www.wallendorff.com\/belogue\/wp-content\/uploads\/2024\/12\/20241204-31.jpg?resize=350%2C200&ssl=1","width":350,"height":200,"srcset":"https:\/\/i0.wp.com\/www.wallendorff.com\/belogue\/wp-content\/uploads\/2024\/12\/20241204-31.jpg?resize=350%2C200&ssl=1 1x, https:\/\/i0.wp.com\/www.wallendorff.com\/belogue\/wp-content\/uploads\/2024\/12\/20241204-31.jpg?resize=525%2C300&ssl=1 1.5x, https:\/\/i0.wp.com\/www.wallendorff.com\/belogue\/wp-content\/uploads\/2024\/12\/20241204-31.jpg?resize=700%2C400&ssl=1 2x, https:\/\/i0.wp.com\/www.wallendorff.com\/belogue\/wp-content\/uploads\/2024\/12\/20241204-31.jpg?resize=1050%2C600&ssl=1 3x"},"classes":[]}],"_links":{"self":[{"href":"https:\/\/www.wallendorff.com\/belogue\/wp-json\/wp\/v2\/posts\/43675","targetHints":{"allow":["GET"]}}],"collection":[{"href":"https:\/\/www.wallendorff.com\/belogue\/wp-json\/wp\/v2\/posts"}],"about":[{"href":"https:\/\/www.wallendorff.com\/belogue\/wp-json\/wp\/v2\/types\/post"}],"author":[{"embeddable":true,"href":"https:\/\/www.wallendorff.com\/belogue\/wp-json\/wp\/v2\/users\/1"}],"replies":[{"embeddable":true,"href":"https:\/\/www.wallendorff.com\/belogue\/wp-json\/wp\/v2\/comments?post=43675"}],"version-history":[{"count":1,"href":"https:\/\/www.wallendorff.com\/belogue\/wp-json\/wp\/v2\/posts\/43675\/revisions"}],"predecessor-version":[{"id":43677,"href":"https:\/\/www.wallendorff.com\/belogue\/wp-json\/wp\/v2\/posts\/43675\/revisions\/43677"}],"wp:featuredmedia":[{"embeddable":true,"href":"https:\/\/www.wallendorff.com\/belogue\/wp-json\/wp\/v2\/media\/43676"}],"wp:attachment":[{"href":"https:\/\/www.wallendorff.com\/belogue\/wp-json\/wp\/v2\/media?parent=43675"}],"wp:term":[{"taxonomy":"category","embeddable":true,"href":"https:\/\/www.wallendorff.com\/belogue\/wp-json\/wp\/v2\/categories?post=43675"},{"taxonomy":"post_tag","embeddable":true,"href":"https:\/\/www.wallendorff.com\/belogue\/wp-json\/wp\/v2\/tags?post=43675"}],"curies":[{"name":"wp","href":"https:\/\/api.w.org\/{rel}","templated":true}]}}