{"id":43657,"date":"2019-08-27T15:14:15","date_gmt":"2019-08-27T13:14:15","guid":{"rendered":"http:\/\/www.wallendorff.com\/belogue\/?p=43657"},"modified":"2019-08-27T15:33:35","modified_gmt":"2019-08-27T13:33:35","slug":"divka-na-moste","status":"publish","type":"post","link":"https:\/\/www.wallendorff.com\/belogue\/2019\/08\/27\/divka-na-moste\/","title":{"rendered":"D\u00edvka [na most\u011b]."},"content":{"rendered":"<div id=\"photo\">\n<p><img decoding=\"async\" src=\"https:\/\/www.wallendorff.com\/belogue\/wp-content\/uploads\/2019\/08\/20190827-02.jpg\"><br \/>\nPont Charles, Prague, 9 mai 2019.<\/p>\n<\/div>\n<div id=\"photo2\">\n<\/div>\n<p style=\"text-align: right\"\u00b7><a href=\"https:\/\/www.wallendorff.com\/belogue\/2019\/08\/20\/into-the-wide-181\/\">La photo<\/a> faite, je range le tr&eacute;pied, change d&rsquo;optique et me dirige vers Mal&aacute; Strana dans la bruine. Je la croise sans la remarquer, fais deux photos de la cath&eacute;drale, puis me retourne.<\/p>\n<p style=\"text-align: right\"\u00b7>Elle est dos &agrave; moi, fig&eacute;e dans sa contemplation du pont. Son parapluie est assorti au bleu du ciel.<\/p>\n<p style=\"text-align: right\"\u00b7>Je n&rsquo;ai qu&rsquo;une focale fixe, donc il faut zoomer avec les pieds,  &agrave; pas de loup, en prenant mes photos &agrave; intervalle r&eacute;gulier, au cas o&ugrave; elle fuirait pr&eacute;matur&eacute;ment. Je m&rsquo;ex&eacute;cute aussi discr&egrave;tement que possible&nbsp;; elle ne bouge pas, me laisse l&rsquo;approcher &agrave; quelques m&egrave;tres, puis part vers la vieille ville en trottinant, sans m\u00eame m&rsquo;avoir remarqu\u00e9, son visage &agrave; jamais cach&eacute;, &eacute;ternelle anonyme, exactement comme la <em><a href=\"https:\/\/www.wallendorff.com\/belogue\/2011\/01\/17\/la-fille-sur-le-pont\/\">Fille [sur le pont]<\/a><\/em> d&rsquo;il y a 9 ans.<\/p>\n<p style=\"text-align: right\"\u00b7>Je reprends mon chemin, pr\u00e9f\u00e9rant une fois encore la photo qui m&rsquo;est tomb\u00e9e dessus plut\u00f4t que celle que j&rsquo;&eacute;tais venu faire.<\/p>\n<p style=\"text-align: right\"\u00b7>Je vous mets les 5 photos ci-dessous, ma pr&eacute;f&eacute;r&eacute;e &eacute;tant la 2. Si vous auriez opt\u00e9 pour une autre, n&rsquo;h&eacute;sitez pas &agrave; le dire.<\/p>\n<p style=\"text-align: right\"\u00b7>Mais &agrave; part &ccedil;a, rien.<\/p>\n<div id=\"bandeson\">\n<p><img decoding=\"async\" src=\"https:\/\/www.wallendorff.com\/belogue\/photo\/pochettes\/v\/vetiver-to_find_me_gone.jpg\" align=\"left\" \/><a style=\"font-weight:normal\" id=\"lienmp3\" href=\"https:\/\/www.youtube.com\/watch?v=JAG2unCknzs\"><em>Been so Long<\/em><\/a><br \/>\n    <a href=\"http:\/\/www.vetiverse.com\/\">Vetiver<\/a><\/p>\n<\/p><\/div>\n<div id='gallery-1' class='gallery galleryid-43657 gallery-columns-1 gallery-size-large'><figure class='gallery-item'>\n\t\t\t<div class='gallery-icon landscape'>\n\t\t\t\t<a href='https:\/\/www.wallendorff.com\/belogue\/2019\/08\/27\/divka-na-moste\/20190827-01\/'><img fetchpriority=\"high\" decoding=\"async\" width=\"1170\" height=\"658\" src=\"https:\/\/www.wallendorff.com\/belogue\/wp-content\/uploads\/2019\/08\/20190827-01.jpg\" class=\"attachment-large size-large\" alt=\"\" srcset=\"https:\/\/www.wallendorff.com\/belogue\/wp-content\/uploads\/2019\/08\/20190827-01.jpg 1170w, https:\/\/www.wallendorff.com\/belogue\/wp-content\/uploads\/2019\/08\/20190827-01-820x461.jpg 820w, https:\/\/www.wallendorff.com\/belogue\/wp-content\/uploads\/2019\/08\/20190827-01-1116x628.jpg 1116w, https:\/\/www.wallendorff.com\/belogue\/wp-content\/uploads\/2019\/08\/20190827-01-806x453.jpg 806w, https:\/\/www.wallendorff.com\/belogue\/wp-content\/uploads\/2019\/08\/20190827-01-558x314.jpg 558w, https:\/\/www.wallendorff.com\/belogue\/wp-content\/uploads\/2019\/08\/20190827-01-655x368.jpg 655w, https:\/\/www.wallendorff.com\/belogue\/wp-content\/uploads\/2019\/08\/20190827-01-600x337.jpg 600w\" sizes=\"(max-width: 1170px) 100vw, 1170px\" \/><\/a>\n\t\t\t<\/div><\/figure><figure class='gallery-item'>\n\t\t\t<div class='gallery-icon landscape'>\n\t\t\t\t<a href='https:\/\/www.wallendorff.com\/belogue\/2019\/08\/27\/divka-na-moste\/20190827-02\/'><img decoding=\"async\" width=\"1170\" height=\"658\" src=\"https:\/\/www.wallendorff.com\/belogue\/wp-content\/uploads\/2019\/08\/20190827-02.jpg\" class=\"attachment-large size-large\" alt=\"\" srcset=\"https:\/\/www.wallendorff.com\/belogue\/wp-content\/uploads\/2019\/08\/20190827-02.jpg 1170w, https:\/\/www.wallendorff.com\/belogue\/wp-content\/uploads\/2019\/08\/20190827-02-820x461.jpg 820w, https:\/\/www.wallendorff.com\/belogue\/wp-content\/uploads\/2019\/08\/20190827-02-1116x628.jpg 1116w, https:\/\/www.wallendorff.com\/belogue\/wp-content\/uploads\/2019\/08\/20190827-02-806x453.jpg 806w, https:\/\/www.wallendorff.com\/belogue\/wp-content\/uploads\/2019\/08\/20190827-02-558x314.jpg 558w, https:\/\/www.wallendorff.com\/belogue\/wp-content\/uploads\/2019\/08\/20190827-02-655x368.jpg 655w, https:\/\/www.wallendorff.com\/belogue\/wp-content\/uploads\/2019\/08\/20190827-02-600x337.jpg 600w\" sizes=\"(max-width: 1170px) 100vw, 1170px\" \/><\/a>\n\t\t\t<\/div><\/figure><figure class='gallery-item'>\n\t\t\t<div class='gallery-icon landscape'>\n\t\t\t\t<a href='https:\/\/www.wallendorff.com\/belogue\/2019\/08\/27\/divka-na-moste\/20190827-03\/'><img decoding=\"async\" width=\"1170\" height=\"780\" src=\"https:\/\/www.wallendorff.com\/belogue\/wp-content\/uploads\/2019\/08\/20190827-03.jpg\" class=\"attachment-large size-large\" alt=\"\" srcset=\"https:\/\/www.wallendorff.com\/belogue\/wp-content\/uploads\/2019\/08\/20190827-03.jpg 1170w, https:\/\/www.wallendorff.com\/belogue\/wp-content\/uploads\/2019\/08\/20190827-03-820x547.jpg 820w, https:\/\/www.wallendorff.com\/belogue\/wp-content\/uploads\/2019\/08\/20190827-03-1116x744.jpg 1116w, https:\/\/www.wallendorff.com\/belogue\/wp-content\/uploads\/2019\/08\/20190827-03-806x537.jpg 806w, https:\/\/www.wallendorff.com\/belogue\/wp-content\/uploads\/2019\/08\/20190827-03-558x372.jpg 558w, https:\/\/www.wallendorff.com\/belogue\/wp-content\/uploads\/2019\/08\/20190827-03-655x437.jpg 655w, https:\/\/www.wallendorff.com\/belogue\/wp-content\/uploads\/2019\/08\/20190827-03-600x400.jpg 600w\" sizes=\"(max-width: 1170px) 100vw, 1170px\" \/><\/a>\n\t\t\t<\/div><\/figure><figure class='gallery-item'>\n\t\t\t<div class='gallery-icon landscape'>\n\t\t\t\t<a href='https:\/\/www.wallendorff.com\/belogue\/2019\/08\/27\/divka-na-moste\/20190827-04\/'><img loading=\"lazy\" decoding=\"async\" width=\"1170\" height=\"780\" src=\"https:\/\/www.wallendorff.com\/belogue\/wp-content\/uploads\/2019\/08\/20190827-04.jpg\" class=\"attachment-large size-large\" alt=\"\" srcset=\"https:\/\/www.wallendorff.com\/belogue\/wp-content\/uploads\/2019\/08\/20190827-04.jpg 1170w, https:\/\/www.wallendorff.com\/belogue\/wp-content\/uploads\/2019\/08\/20190827-04-820x547.jpg 820w, https:\/\/www.wallendorff.com\/belogue\/wp-content\/uploads\/2019\/08\/20190827-04-1116x744.jpg 1116w, https:\/\/www.wallendorff.com\/belogue\/wp-content\/uploads\/2019\/08\/20190827-04-806x537.jpg 806w, https:\/\/www.wallendorff.com\/belogue\/wp-content\/uploads\/2019\/08\/20190827-04-558x372.jpg 558w, https:\/\/www.wallendorff.com\/belogue\/wp-content\/uploads\/2019\/08\/20190827-04-655x437.jpg 655w, https:\/\/www.wallendorff.com\/belogue\/wp-content\/uploads\/2019\/08\/20190827-04-600x400.jpg 600w\" sizes=\"(max-width: 1170px) 100vw, 1170px\" \/><\/a>\n\t\t\t<\/div><\/figure><figure class='gallery-item'>\n\t\t\t<div class='gallery-icon landscape'>\n\t\t\t\t<a href='https:\/\/www.wallendorff.com\/belogue\/2019\/08\/27\/divka-na-moste\/20190827-05\/'><img loading=\"lazy\" decoding=\"async\" width=\"1170\" height=\"780\" src=\"https:\/\/www.wallendorff.com\/belogue\/wp-content\/uploads\/2019\/08\/20190827-05.jpg\" class=\"attachment-large size-large\" alt=\"\" srcset=\"https:\/\/www.wallendorff.com\/belogue\/wp-content\/uploads\/2019\/08\/20190827-05.jpg 1170w, https:\/\/www.wallendorff.com\/belogue\/wp-content\/uploads\/2019\/08\/20190827-05-820x547.jpg 820w, https:\/\/www.wallendorff.com\/belogue\/wp-content\/uploads\/2019\/08\/20190827-05-1116x744.jpg 1116w, https:\/\/www.wallendorff.com\/belogue\/wp-content\/uploads\/2019\/08\/20190827-05-806x537.jpg 806w, https:\/\/www.wallendorff.com\/belogue\/wp-content\/uploads\/2019\/08\/20190827-05-558x372.jpg 558w, https:\/\/www.wallendorff.com\/belogue\/wp-content\/uploads\/2019\/08\/20190827-05-655x437.jpg 655w, https:\/\/www.wallendorff.com\/belogue\/wp-content\/uploads\/2019\/08\/20190827-05-600x400.jpg 600w\" sizes=\"(max-width: 1170px) 100vw, 1170px\" \/><\/a>\n\t\t\t<\/div><\/figure>\n\t\t<\/div>\n\n","protected":false},"excerpt":{"rendered":"<p>Pont Charles, Prague, 9 mai 2019. La photo faite, je range le tr&eacute;pied, change d&rsquo;optique et me dirige vers Mal&aacute; Strana dans la bruine. Je la croise sans la remarquer, fais deux photos de la cath&eacute;drale, puis me retourne. Elle est dos &agrave; moi, fig&eacute;e dans sa contemplation du pont. Son parapluie est assorti au&hellip;<\/p>\n","protected":false},"author":1,"featured_media":43660,"comment_status":"open","ping_status":"open","sticky":false,"template":"","format":"standard","meta":{"_acf_changed":false,"ngg_post_thumbnail":0,"jetpack_post_was_ever_published":false,"_jetpack_newsletter_access":"","_jetpack_dont_email_post_to_subs":false,"_jetpack_newsletter_tier_id":0,"_jetpack_memberships_contains_paywalled_content":false,"_jetpack_memberships_contains_paid_content":false,"footnotes":"","jetpack_publicize_message":"","jetpack_publicize_feature_enabled":true,"jetpack_social_post_already_shared":true,"jetpack_social_options":{"image_generator_settings":{"template":"highway","default_image_id":0,"font":"","enabled":false},"version":2}},"categories":[3],"tags":[3524,3169,737,10311,10340,14271,15412,10700,13364,13366,13370,2498],"class_list":["post-43657","post","type-post","status-publish","format-standard","has-post-thumbnail","hentry","category-dpc","tag-aurore","tag-been-so-long","tag-bleu","tag-dos","tag-fille","tag-fujifilm-x-t2","tag-fujinon-xf-23-mm-f-1-4-r","tag-parapluie","tag-pont-charles","tag-prague","tag-tchequie","tag-vetiver"],"acf":[],"geo":{"latitude":50.0864449,"longitude":14.4116592,"description":"Praha 2-Nov\u00e9 M\u011bsto, , 120 00, CZ"},"jetpack_publicize_connections":[],"jetpack_featured_media_url":"https:\/\/www.wallendorff.com\/belogue\/wp-content\/uploads\/2019\/08\/20190827-02.jpg","jetpack_shortlink":"https:\/\/wp.me\/p3b35P-bm9","jetpack_sharing_enabled":true,"jetpack-related-posts":[{"id":43459,"url":"https:\/\/www.wallendorff.com\/belogue\/2019\/08\/20\/into-the-wide-181\/","url_meta":{"origin":43657,"position":0},"title":"Into the wide #182.","author":"dpc","date":"20 ao\u00fbt 2019","format":false,"excerpt":"Pont Charles, Prague, 9 mai 2019. Je ne m'\u00e9tais pas lev\u00e9 aussi t\u00f4t depuis le Rialto, il y a deux ans. C'est le probl\u00e8me des lieux pris\u00e9s par les touristes\u00a0: si tu veux profiter de ceux-ci, il faut venir quand ceux-l\u00e0 dorment, et ce au moins une heure avant le\u2026","rel":"","context":"Dans &quot;Into the wide&quot;","block_context":{"text":"Into the wide","link":"https:\/\/www.wallendorff.com\/belogue\/category\/into-the-wide\/"},"img":{"alt_text":"Pont Charles, Prague, 9 mai 2019.","src":"https:\/\/i0.wp.com\/www.wallendorff.com\/belogue\/wp-content\/uploads\/2019\/08\/20190820.jpg?resize=350%2C200&ssl=1","width":350,"height":200,"srcset":"https:\/\/i0.wp.com\/www.wallendorff.com\/belogue\/wp-content\/uploads\/2019\/08\/20190820.jpg?resize=350%2C200&ssl=1 1x, https:\/\/i0.wp.com\/www.wallendorff.com\/belogue\/wp-content\/uploads\/2019\/08\/20190820.jpg?resize=525%2C300&ssl=1 1.5x, https:\/\/i0.wp.com\/www.wallendorff.com\/belogue\/wp-content\/uploads\/2019\/08\/20190820.jpg?resize=700%2C400&ssl=1 2x, https:\/\/i0.wp.com\/www.wallendorff.com\/belogue\/wp-content\/uploads\/2019\/08\/20190820.jpg?resize=1050%2C600&ssl=1 3x"},"classes":[]},{"id":36185,"url":"https:\/\/www.wallendorff.com\/belogue\/2017\/10\/27\/clasico\/","url_meta":{"origin":43657,"position":1},"title":"Cl\u00e1sico.","author":"dpc","date":"27 octobre 2017","format":false,"excerpt":"\u00a0 Washington Street, Brooklyn, 4 septembre. Je voulais passer par cette rue d\u00e9j\u00e0 photographi\u00e9e 1\u00a0000 fois [dont 50 ces 5 derni\u00e8res minutes] pour trouver une 1\u00a0001e fa\u00e7on de le faire. Je voulais r\u00e9fl\u00e9chir un peu, changer l'angle, trouver une id\u00e9e diff\u00e9rente et prendre le cadre \u00e0 contre-pied. Au lieu de\u2026","rel":"","context":"Dans &quot;DPC&quot;","block_context":{"text":"DPC","link":"https:\/\/www.wallendorff.com\/belogue\/category\/dpc\/"},"img":{"alt_text":"","src":"https:\/\/i0.wp.com\/www.wallendorff.com\/belogue\/wp-content\/uploads\/2017\/10\/20171027.jpg?resize=350%2C200&ssl=1","width":350,"height":200,"srcset":"https:\/\/i0.wp.com\/www.wallendorff.com\/belogue\/wp-content\/uploads\/2017\/10\/20171027.jpg?resize=350%2C200&ssl=1 1x, https:\/\/i0.wp.com\/www.wallendorff.com\/belogue\/wp-content\/uploads\/2017\/10\/20171027.jpg?resize=525%2C300&ssl=1 1.5x"},"classes":[]},{"id":43669,"url":"https:\/\/www.wallendorff.com\/belogue\/2019\/08\/29\/flous-flux\/","url_meta":{"origin":43657,"position":2},"title":"Flous flux.","author":"dpc","date":"29 ao\u00fbt 2019","format":false,"excerpt":"Pont Charles, Prague, 9 mai 2019. Elle fut dr\u00f4le \u00e0 faire, celle-ci, coinc\u00e9 dans le dernier d\u00e9cim\u00e8tre carr\u00e9 disponible, \u00e0 discuter avec un groupe de photographes Californiens, tout en essayant de g\u00eaner le moins possible les touristes qui passaient leurs t\u00e9l\u00e9phones malins par-dessus mon \u00e9paule pour obtenir eux aussi ce\u2026","rel":"","context":"Dans &quot;DPC&quot;","block_context":{"text":"DPC","link":"https:\/\/www.wallendorff.com\/belogue\/category\/dpc\/"},"img":{"alt_text":"Pont Charles, Prague, 9 mai 2019.","src":"https:\/\/i0.wp.com\/www.wallendorff.com\/belogue\/wp-content\/uploads\/2019\/08\/20190829.jpg?resize=350%2C200&ssl=1","width":350,"height":200,"srcset":"https:\/\/i0.wp.com\/www.wallendorff.com\/belogue\/wp-content\/uploads\/2019\/08\/20190829.jpg?resize=350%2C200&ssl=1 1x, https:\/\/i0.wp.com\/www.wallendorff.com\/belogue\/wp-content\/uploads\/2019\/08\/20190829.jpg?resize=525%2C300&ssl=1 1.5x, https:\/\/i0.wp.com\/www.wallendorff.com\/belogue\/wp-content\/uploads\/2019\/08\/20190829.jpg?resize=700%2C400&ssl=1 2x"},"classes":[]},{"id":23074,"url":"https:\/\/www.wallendorff.com\/belogue\/2014\/06\/27\/dix-ans-dinstants\/","url_meta":{"origin":43657,"position":3},"title":"Dix ans d&rsquo;instants.","author":"dpc","date":"27 juin 2014","format":false,"excerpt":"Dix ans de secondes qui s'\u00e9coul\u00e8rent comme des ans. 75 Nord, 25 ao\u00fbt 2004. 75 Nord, D\u00e9troit, 25 ao\u00fbt 2004. \u00ab\u00a0La pluie. Violente. Un orage comme on n'en trouve qu\u2019ici. Ball and Biscuit tr\u00e8s tr\u00e8s fort, \u00e7a prend une toute autre dimension, quand on roule \u00e0 travers D\u00e9troit, qu\u2019on passe\u2026","rel":"","context":"Dans &quot;DPC&quot;","block_context":{"text":"DPC","link":"https:\/\/www.wallendorff.com\/belogue\/category\/dpc\/"},"img":{"alt_text":"","src":"https:\/\/i0.wp.com\/www.wallendorff.com\/belogue\/wp-content\/uploads\/2015\/04\/201101173.jpg?resize=350%2C200&ssl=1","width":350,"height":200,"srcset":"https:\/\/i0.wp.com\/www.wallendorff.com\/belogue\/wp-content\/uploads\/2015\/04\/201101173.jpg?resize=350%2C200&ssl=1 1x, https:\/\/i0.wp.com\/www.wallendorff.com\/belogue\/wp-content\/uploads\/2015\/04\/201101173.jpg?resize=525%2C300&ssl=1 1.5x, https:\/\/i0.wp.com\/www.wallendorff.com\/belogue\/wp-content\/uploads\/2015\/04\/201101173.jpg?resize=700%2C400&ssl=1 2x"},"classes":[]},{"id":135497,"url":"https:\/\/www.wallendorff.com\/belogue\/2026\/02\/28\/fevrier-2026\/","url_meta":{"origin":43657,"position":4},"title":"F\u00e9vrier 2026.","author":"dpc","date":"28 f\u00e9vrier 2026","format":false,"excerpt":"Des arbres, une sieste, un cr\u00e9puscule, un arbre, un papillon, une clope, un miroir, un parapluie, une pyramide, un schlouk, une ruelle, une photo, une flaque, un chantier, un quarantenaire, un cigare, un bisou, un concert, un quai de m\u00e9tro, une pyramide, un attroupement, un pont, un parapluie, des fen\u00eatres,\u2026","rel":"","context":"Dans &quot;Blog-note&quot;","block_context":{"text":"Blog-note","link":"https:\/\/www.wallendorff.com\/belogue\/category\/blog-note\/"},"img":{"alt_text":"","src":"https:\/\/i0.wp.com\/www.wallendorff.com\/belogue\/wp-content\/uploads\/2026\/03\/20260323-24.jpg?resize=350%2C200&ssl=1","width":350,"height":200,"srcset":"https:\/\/i0.wp.com\/www.wallendorff.com\/belogue\/wp-content\/uploads\/2026\/03\/20260323-24.jpg?resize=350%2C200&ssl=1 1x, https:\/\/i0.wp.com\/www.wallendorff.com\/belogue\/wp-content\/uploads\/2026\/03\/20260323-24.jpg?resize=525%2C300&ssl=1 1.5x, https:\/\/i0.wp.com\/www.wallendorff.com\/belogue\/wp-content\/uploads\/2026\/03\/20260323-24.jpg?resize=700%2C400&ssl=1 2x, https:\/\/i0.wp.com\/www.wallendorff.com\/belogue\/wp-content\/uploads\/2026\/03\/20260323-24.jpg?resize=1050%2C600&ssl=1 3x"},"classes":[]},{"id":33153,"url":"https:\/\/www.wallendorff.com\/belogue\/2016\/12\/05\/into-the-wide-83\/","url_meta":{"origin":43657,"position":5},"title":"Into the wide #83.","author":"dpc","date":"5 d\u00e9cembre 2016","format":false,"excerpt":"Prague, 6 septembre. J'ai pr\u00e9par\u00e9 cette photo en \u00e9coutant \u2013\u00a0enfin\u00a0\u2013 D'You Know What I Mean? dans sa version repens\u00e9e par Noel Gallagher, une version que je trouve assez s\u00e8che et m\u00e9tallique par rapport \u00e0 l'originale, ce qui m'a fait me dire que Gallagher a bien fait de ne pas repenser\u2026","rel":"","context":"Dans &quot;Into the wide&quot;","block_context":{"text":"Into the wide","link":"https:\/\/www.wallendorff.com\/belogue\/category\/into-the-wide\/"},"img":{"alt_text":"","src":"https:\/\/i0.wp.com\/www.wallendorff.com\/belogue\/wp-content\/uploads\/2016\/12\/20161205.jpg?resize=350%2C200&ssl=1","width":350,"height":200,"srcset":"https:\/\/i0.wp.com\/www.wallendorff.com\/belogue\/wp-content\/uploads\/2016\/12\/20161205.jpg?resize=350%2C200&ssl=1 1x, https:\/\/i0.wp.com\/www.wallendorff.com\/belogue\/wp-content\/uploads\/2016\/12\/20161205.jpg?resize=525%2C300&ssl=1 1.5x, https:\/\/i0.wp.com\/www.wallendorff.com\/belogue\/wp-content\/uploads\/2016\/12\/20161205.jpg?resize=700%2C400&ssl=1 2x"},"classes":[]}],"_links":{"self":[{"href":"https:\/\/www.wallendorff.com\/belogue\/wp-json\/wp\/v2\/posts\/43657","targetHints":{"allow":["GET"]}}],"collection":[{"href":"https:\/\/www.wallendorff.com\/belogue\/wp-json\/wp\/v2\/posts"}],"about":[{"href":"https:\/\/www.wallendorff.com\/belogue\/wp-json\/wp\/v2\/types\/post"}],"author":[{"embeddable":true,"href":"https:\/\/www.wallendorff.com\/belogue\/wp-json\/wp\/v2\/users\/1"}],"replies":[{"embeddable":true,"href":"https:\/\/www.wallendorff.com\/belogue\/wp-json\/wp\/v2\/comments?post=43657"}],"version-history":[{"count":6,"href":"https:\/\/www.wallendorff.com\/belogue\/wp-json\/wp\/v2\/posts\/43657\/revisions"}],"predecessor-version":[{"id":43668,"href":"https:\/\/www.wallendorff.com\/belogue\/wp-json\/wp\/v2\/posts\/43657\/revisions\/43668"}],"wp:featuredmedia":[{"embeddable":true,"href":"https:\/\/www.wallendorff.com\/belogue\/wp-json\/wp\/v2\/media\/43660"}],"wp:attachment":[{"href":"https:\/\/www.wallendorff.com\/belogue\/wp-json\/wp\/v2\/media?parent=43657"}],"wp:term":[{"taxonomy":"category","embeddable":true,"href":"https:\/\/www.wallendorff.com\/belogue\/wp-json\/wp\/v2\/categories?post=43657"},{"taxonomy":"post_tag","embeddable":true,"href":"https:\/\/www.wallendorff.com\/belogue\/wp-json\/wp\/v2\/tags?post=43657"}],"curies":[{"name":"wp","href":"https:\/\/api.w.org\/{rel}","templated":true}]}}