{"id":435,"date":"2005-03-20T18:50:54","date_gmt":"2005-03-20T18:50:54","guid":{"rendered":"http:\/\/www.po-l.com\/wordpress\/?p=435"},"modified":"2012-02-21T10:34:17","modified_gmt":"2012-02-21T08:34:17","slug":"live-from-metz-2","status":"publish","type":"post","link":"https:\/\/www.wallendorff.com\/belogue\/2005\/03\/20\/live-from-metz-2\/","title":{"rendered":"Live from Metz #2."},"content":{"rendered":"\n<div id=\"photo\">\n<p><img decoding=\"async\" src=\"http:\/\/www.po-L.com\/belogue\/photo\/2005\/03\/20050320-01.jpg\" \/><br \/>\n            Bar Latino, 22h03.<\/p>\n<\/p><\/div>\n<p style=\"text-align:right\">[&#8230;Et si tout va bien, je serai sao&ucirc;l demain.]<\/p>\n<div id=\"bandeson\">\n<p><strong>Bande-son<\/strong>&nbsp;: Voix cass&eacute;es.<\/p>\n<\/p><\/div>\n","protected":false},"excerpt":{"rendered":"<p>Bar Latino, 22h03. [&#8230;Et si tout va bien, je serai sao&ucirc;l demain.] Bande-son&nbsp;: Voix cass&eacute;es.<\/p>\n","protected":false},"author":1,"featured_media":24374,"comment_status":"open","ping_status":"open","sticky":false,"template":"","format":"standard","meta":{"_acf_changed":false,"ngg_post_thumbnail":0,"jetpack_post_was_ever_published":false,"_jetpack_newsletter_access":"","_jetpack_dont_email_post_to_subs":false,"_jetpack_newsletter_tier_id":0,"_jetpack_memberships_contains_paywalled_content":false,"_jetpack_memberships_contains_paid_content":false,"footnotes":"","jetpack_publicize_message":"","jetpack_publicize_feature_enabled":true,"jetpack_social_post_already_shared":false,"jetpack_social_options":{"image_generator_settings":{"template":"highway","default_image_id":0,"font":"","enabled":false},"version":2}},"categories":[3],"tags":[148,895,10169,10359,10120,10175,10173,10174,10147],"class_list":["post-435","post","type-post","status-publish","format-standard","has-post-thumbnail","hentry","category-dpc","tag-a80","tag-bar-latino","tag-biere","tag-couple","tag-france","tag-lorraine","tag-metz","tag-moselle","tag-nuit"],"acf":[],"geo":{"latitude":49.1160622,"longitude":6.176352,"description":"20-24 Rue Dupont des Loges, 57000 Metz, France"},"jetpack_publicize_connections":[],"jetpack_featured_media_url":"https:\/\/www.wallendorff.com\/belogue\/wp-content\/uploads\/2015\/04\/20050320-011.jpg","jetpack_shortlink":"https:\/\/wp.me\/p3b35P-71","jetpack_sharing_enabled":true,"jetpack-related-posts":[{"id":1157,"url":"https:\/\/www.wallendorff.com\/belogue\/2008\/02\/07\/shooting-people-24\/","url_meta":{"origin":435,"position":0},"title":"Shooting people #24.","author":"dpc","date":"7 f\u00e9vrier 2008","format":false,"excerpt":"Bar Latino, Metz, 17 janvier. \u00a0Roger McGuinn & Calexico \u2013 One More Cup of Coffee (Valley Bellow) (Bob Dylan)","rel":"","context":"Dans &quot;Portraits&quot;","block_context":{"text":"Portraits","link":"https:\/\/www.wallendorff.com\/belogue\/category\/portraits\/"},"img":{"alt_text":"","src":"https:\/\/i0.wp.com\/www.wallendorff.com\/belogue\/wp-content\/uploads\/2015\/04\/200802071.jpg?resize=350%2C200&ssl=1","width":350,"height":200,"srcset":"https:\/\/i0.wp.com\/www.wallendorff.com\/belogue\/wp-content\/uploads\/2015\/04\/200802071.jpg?resize=350%2C200&ssl=1 1x, https:\/\/i0.wp.com\/www.wallendorff.com\/belogue\/wp-content\/uploads\/2015\/04\/200802071.jpg?resize=525%2C300&ssl=1 1.5x, https:\/\/i0.wp.com\/www.wallendorff.com\/belogue\/wp-content\/uploads\/2015\/04\/200802071.jpg?resize=700%2C400&ssl=1 2x"},"classes":[]},{"id":18562,"url":"https:\/\/www.wallendorff.com\/belogue\/2012\/08\/08\/cageots-lair-haut\/","url_meta":{"origin":435,"position":1},"title":"Cageots l&rsquo;air haut.","author":"dpc","date":"8 ao\u00fbt 2012","format":false,"excerpt":"L'International, Paris, 31 mai. METZ \u2013 Headache","rel":"","context":"Dans &quot;DPC&quot;","block_context":{"text":"DPC","link":"https:\/\/www.wallendorff.com\/belogue\/category\/dpc\/"},"img":{"alt_text":"","src":"https:\/\/i0.wp.com\/www.wallendorff.com\/belogue\/wp-content\/uploads\/2015\/04\/201208081.jpg?resize=350%2C200&ssl=1","width":350,"height":200,"srcset":"https:\/\/i0.wp.com\/www.wallendorff.com\/belogue\/wp-content\/uploads\/2015\/04\/201208081.jpg?resize=350%2C200&ssl=1 1x, https:\/\/i0.wp.com\/www.wallendorff.com\/belogue\/wp-content\/uploads\/2015\/04\/201208081.jpg?resize=525%2C300&ssl=1 1.5x, https:\/\/i0.wp.com\/www.wallendorff.com\/belogue\/wp-content\/uploads\/2015\/04\/201208081.jpg?resize=700%2C400&ssl=1 2x"},"classes":[]},{"id":1032,"url":"https:\/\/www.wallendorff.com\/belogue\/2007\/09\/07\/train-trinque-aux-dits-tiens\/","url_meta":{"origin":435,"position":2},"title":"Train trinque aux dits tiens.","author":"dpc","date":"7 septembre 2007","format":false,"excerpt":"Station Charonne, Paris, 5 septembre. Metz Metz Metz Metz Metz Metz Metz Metz Metz Metz Metz Metz Metz Metz Metz Metz Metz Metz Metz Metz Metz Metz Metz Metz Metz Metz Metz Metz Metz Metz Metz Metz Metz Metz Metz Metz Metz Metz Metz Metz Metz Metz Metz Metz Metz\u2026","rel":"","context":"Dans &quot;DPC&quot;","block_context":{"text":"DPC","link":"https:\/\/www.wallendorff.com\/belogue\/category\/dpc\/"},"img":{"alt_text":"","src":"https:\/\/i0.wp.com\/www.wallendorff.com\/belogue\/wp-content\/uploads\/2015\/04\/200709071.jpg?resize=350%2C200&ssl=1","width":350,"height":200},"classes":[]},{"id":423,"url":"https:\/\/www.wallendorff.com\/belogue\/2005\/03\/30\/jaunes-les-nonnes\/","url_meta":{"origin":435,"position":3},"title":"Jaunes, les nonnes.","author":"dpc","date":"30 mars 2005","format":false,"excerpt":"Caf\u00e9 Mathis, Metz, 20 mars. \"It's your finest day, and I'm gonna do everything to hurt you, hurt you, my love.\" \u00a0My Vitriol \u2013 Losing Touch (acoustic Radio 1)","rel":"","context":"Dans &quot;DPC&quot;","block_context":{"text":"DPC","link":"https:\/\/www.wallendorff.com\/belogue\/category\/dpc\/"},"img":{"alt_text":"","src":"https:\/\/i0.wp.com\/www.wallendorff.com\/belogue\/wp-content\/uploads\/2015\/04\/200503301.jpg?resize=350%2C200&ssl=1","width":350,"height":200},"classes":[]},{"id":20405,"url":"https:\/\/www.wallendorff.com\/belogue\/2013\/02\/08\/metz-le-point-ephemere-paris\/","url_meta":{"origin":435,"position":4},"title":"METZ @ le Point \u00c9ph\u00e9m\u00e8re, Paris.","author":"dpc","date":"8 f\u00e9vrier 2013","format":false,"excerpt":"Ces gens sont fous. Headache METZ \u00a0","rel":"","context":"Dans &quot;Alive&quot;","block_context":{"text":"Alive","link":"https:\/\/www.wallendorff.com\/belogue\/category\/alive\/"},"img":{"alt_text":"","src":"https:\/\/i0.wp.com\/www.wallendorff.com\/belogue\/wp-content\/uploads\/2015\/04\/20130208.jpg?resize=350%2C200&ssl=1","width":350,"height":200,"srcset":"https:\/\/i0.wp.com\/www.wallendorff.com\/belogue\/wp-content\/uploads\/2015\/04\/20130208.jpg?resize=350%2C200&ssl=1 1x, https:\/\/i0.wp.com\/www.wallendorff.com\/belogue\/wp-content\/uploads\/2015\/04\/20130208.jpg?resize=525%2C300&ssl=1 1.5x, https:\/\/i0.wp.com\/www.wallendorff.com\/belogue\/wp-content\/uploads\/2015\/04\/20130208.jpg?resize=700%2C400&ssl=1 2x"},"classes":[]},{"id":131991,"url":"https:\/\/www.wallendorff.com\/belogue\/2025\/03\/26\/metz-de-noel\/","url_meta":{"origin":435,"position":5},"title":"Metz de No\u00ebl.","author":"dpc","date":"26 mars 2025","format":false,"excerpt":"","rel":"","context":"Dans &quot;DPC&quot;","block_context":{"text":"DPC","link":"https:\/\/www.wallendorff.com\/belogue\/category\/dpc\/"},"img":{"alt_text":"","src":"https:\/\/i0.wp.com\/www.wallendorff.com\/belogue\/wp-content\/uploads\/2025\/03\/20250326-04.jpg?resize=350%2C200&ssl=1","width":350,"height":200,"srcset":"https:\/\/i0.wp.com\/www.wallendorff.com\/belogue\/wp-content\/uploads\/2025\/03\/20250326-04.jpg?resize=350%2C200&ssl=1 1x, https:\/\/i0.wp.com\/www.wallendorff.com\/belogue\/wp-content\/uploads\/2025\/03\/20250326-04.jpg?resize=525%2C300&ssl=1 1.5x, https:\/\/i0.wp.com\/www.wallendorff.com\/belogue\/wp-content\/uploads\/2025\/03\/20250326-04.jpg?resize=700%2C400&ssl=1 2x"},"classes":[]}],"_links":{"self":[{"href":"https:\/\/www.wallendorff.com\/belogue\/wp-json\/wp\/v2\/posts\/435","targetHints":{"allow":["GET"]}}],"collection":[{"href":"https:\/\/www.wallendorff.com\/belogue\/wp-json\/wp\/v2\/posts"}],"about":[{"href":"https:\/\/www.wallendorff.com\/belogue\/wp-json\/wp\/v2\/types\/post"}],"author":[{"embeddable":true,"href":"https:\/\/www.wallendorff.com\/belogue\/wp-json\/wp\/v2\/users\/1"}],"replies":[{"embeddable":true,"href":"https:\/\/www.wallendorff.com\/belogue\/wp-json\/wp\/v2\/comments?post=435"}],"version-history":[{"count":1,"href":"https:\/\/www.wallendorff.com\/belogue\/wp-json\/wp\/v2\/posts\/435\/revisions"}],"predecessor-version":[{"id":15970,"href":"https:\/\/www.wallendorff.com\/belogue\/wp-json\/wp\/v2\/posts\/435\/revisions\/15970"}],"wp:featuredmedia":[{"embeddable":true,"href":"https:\/\/www.wallendorff.com\/belogue\/wp-json\/wp\/v2\/media\/24374"}],"wp:attachment":[{"href":"https:\/\/www.wallendorff.com\/belogue\/wp-json\/wp\/v2\/media?parent=435"}],"wp:term":[{"taxonomy":"category","embeddable":true,"href":"https:\/\/www.wallendorff.com\/belogue\/wp-json\/wp\/v2\/categories?post=435"},{"taxonomy":"post_tag","embeddable":true,"href":"https:\/\/www.wallendorff.com\/belogue\/wp-json\/wp\/v2\/tags?post=435"}],"curies":[{"name":"wp","href":"https:\/\/api.w.org\/{rel}","templated":true}]}}