{"id":43464,"date":"2019-08-24T11:04:58","date_gmt":"2019-08-24T09:04:58","guid":{"rendered":"http:\/\/www.wallendorff.com\/belogue\/?p=43464"},"modified":"2019-08-24T11:04:58","modified_gmt":"2019-08-24T09:04:58","slug":"le-cabaret-vert-2019-charleville-mezieres-jour-1","status":"publish","type":"post","link":"https:\/\/www.wallendorff.com\/belogue\/2019\/08\/24\/le-cabaret-vert-2019-charleville-mezieres-jour-1\/","title":{"rendered":"Le Cabaret Vert 2019, Charleville-M\u00e9zi\u00e8res, jour 1."},"content":{"rendered":"<div id=\"photo\">\n<p><img decoding=\"async\" src=\"https:\/\/www.wallendorff.com\/belogue\/wp-content\/uploads\/2019\/08\/20190824-04.jpg\"><\/p>\n<\/div>\n<div id='gallery-1' class='gallery galleryid-43464 gallery-columns-1 gallery-size-large'><figure class='gallery-item'>\n\t\t\t<div class='gallery-icon landscape'>\n\t\t\t\t<a href='https:\/\/www.wallendorff.com\/belogue\/2019\/08\/24\/le-cabaret-vert-2019-charleville-mezieres-jour-1\/le-cabaret-vert-charleville-mezieres-22-08-2019\/'><img fetchpriority=\"high\" decoding=\"async\" width=\"1170\" height=\"780\" src=\"https:\/\/www.wallendorff.com\/belogue\/wp-content\/uploads\/2019\/08\/20190824-01.jpg\" class=\"attachment-large size-large\" alt=\"\" aria-describedby=\"gallery-1-43466\" srcset=\"https:\/\/www.wallendorff.com\/belogue\/wp-content\/uploads\/2019\/08\/20190824-01.jpg 1170w, https:\/\/www.wallendorff.com\/belogue\/wp-content\/uploads\/2019\/08\/20190824-01-820x547.jpg 820w, https:\/\/www.wallendorff.com\/belogue\/wp-content\/uploads\/2019\/08\/20190824-01-1116x744.jpg 1116w, https:\/\/www.wallendorff.com\/belogue\/wp-content\/uploads\/2019\/08\/20190824-01-806x537.jpg 806w, https:\/\/www.wallendorff.com\/belogue\/wp-content\/uploads\/2019\/08\/20190824-01-558x372.jpg 558w, https:\/\/www.wallendorff.com\/belogue\/wp-content\/uploads\/2019\/08\/20190824-01-655x437.jpg 655w, https:\/\/www.wallendorff.com\/belogue\/wp-content\/uploads\/2019\/08\/20190824-01-600x400.jpg 600w\" sizes=\"(max-width: 1170px) 100vw, 1170px\" \/><\/a>\n\t\t\t<\/div>\n\t\t\t\t<figcaption class='wp-caption-text gallery-caption' id='gallery-1-43466'>\n\t\t\t\tLe Cabaret Vert, Charleville-M\u00e9zi\u00e8res, 22\/08\/2019\n\t\t\t\t<\/figcaption><\/figure><figure class='gallery-item'>\n\t\t\t<div class='gallery-icon landscape'>\n\t\t\t\t<a href='https:\/\/www.wallendorff.com\/belogue\/2019\/08\/24\/le-cabaret-vert-2019-charleville-mezieres-jour-1\/le-cabaret-vert-charleville-mezieres-22-08-2019-2\/'><img decoding=\"async\" width=\"1170\" height=\"780\" src=\"https:\/\/www.wallendorff.com\/belogue\/wp-content\/uploads\/2019\/08\/20190824-02.jpg\" class=\"attachment-large size-large\" alt=\"\" aria-describedby=\"gallery-1-43467\" srcset=\"https:\/\/www.wallendorff.com\/belogue\/wp-content\/uploads\/2019\/08\/20190824-02.jpg 1170w, https:\/\/www.wallendorff.com\/belogue\/wp-content\/uploads\/2019\/08\/20190824-02-820x547.jpg 820w, https:\/\/www.wallendorff.com\/belogue\/wp-content\/uploads\/2019\/08\/20190824-02-1116x744.jpg 1116w, https:\/\/www.wallendorff.com\/belogue\/wp-content\/uploads\/2019\/08\/20190824-02-806x537.jpg 806w, https:\/\/www.wallendorff.com\/belogue\/wp-content\/uploads\/2019\/08\/20190824-02-558x372.jpg 558w, https:\/\/www.wallendorff.com\/belogue\/wp-content\/uploads\/2019\/08\/20190824-02-655x437.jpg 655w, https:\/\/www.wallendorff.com\/belogue\/wp-content\/uploads\/2019\/08\/20190824-02-600x400.jpg 600w\" sizes=\"(max-width: 1170px) 100vw, 1170px\" \/><\/a>\n\t\t\t<\/div>\n\t\t\t\t<figcaption class='wp-caption-text gallery-caption' id='gallery-1-43467'>\n\t\t\t\tLe Cabaret Vert, Charleville-M\u00e9zi\u00e8res, 22\/08\/2019\n\t\t\t\t<\/figcaption><\/figure><figure class='gallery-item'>\n\t\t\t<div class='gallery-icon portrait'>\n\t\t\t\t<a href='https:\/\/www.wallendorff.com\/belogue\/2019\/08\/24\/le-cabaret-vert-2019-charleville-mezieres-jour-1\/le-cabaret-vert-charleville-mezieres-22-08-2019-3\/'><img decoding=\"async\" width=\"780\" height=\"1170\" src=\"https:\/\/www.wallendorff.com\/belogue\/wp-content\/uploads\/2019\/08\/20190824-03.jpg\" class=\"attachment-large size-large\" alt=\"\" aria-describedby=\"gallery-1-43468\" srcset=\"https:\/\/www.wallendorff.com\/belogue\/wp-content\/uploads\/2019\/08\/20190824-03.jpg 780w, https:\/\/www.wallendorff.com\/belogue\/wp-content\/uploads\/2019\/08\/20190824-03-558x837.jpg 558w, https:\/\/www.wallendorff.com\/belogue\/wp-content\/uploads\/2019\/08\/20190824-03-655x983.jpg 655w, https:\/\/www.wallendorff.com\/belogue\/wp-content\/uploads\/2019\/08\/20190824-03-600x900.jpg 600w\" sizes=\"(max-width: 780px) 100vw, 780px\" \/><\/a>\n\t\t\t<\/div>\n\t\t\t\t<figcaption class='wp-caption-text gallery-caption' id='gallery-1-43468'>\n\t\t\t\tLe Cabaret Vert, Charleville-M\u00e9zi\u00e8res, 22\/08\/2019\n\t\t\t\t<\/figcaption><\/figure><figure class='gallery-item'>\n\t\t\t<div class='gallery-icon landscape'>\n\t\t\t\t<a href='https:\/\/www.wallendorff.com\/belogue\/2019\/08\/24\/le-cabaret-vert-2019-charleville-mezieres-jour-1\/le-cabaret-vert-charleville-mezieres-22-08-2019-4\/'><img loading=\"lazy\" decoding=\"async\" width=\"1170\" height=\"780\" src=\"https:\/\/www.wallendorff.com\/belogue\/wp-content\/uploads\/2019\/08\/20190824-04.jpg\" class=\"attachment-large size-large\" alt=\"\" aria-describedby=\"gallery-1-43469\" srcset=\"https:\/\/www.wallendorff.com\/belogue\/wp-content\/uploads\/2019\/08\/20190824-04.jpg 1170w, https:\/\/www.wallendorff.com\/belogue\/wp-content\/uploads\/2019\/08\/20190824-04-820x547.jpg 820w, https:\/\/www.wallendorff.com\/belogue\/wp-content\/uploads\/2019\/08\/20190824-04-1116x744.jpg 1116w, https:\/\/www.wallendorff.com\/belogue\/wp-content\/uploads\/2019\/08\/20190824-04-806x537.jpg 806w, https:\/\/www.wallendorff.com\/belogue\/wp-content\/uploads\/2019\/08\/20190824-04-558x372.jpg 558w, https:\/\/www.wallendorff.com\/belogue\/wp-content\/uploads\/2019\/08\/20190824-04-655x437.jpg 655w, https:\/\/www.wallendorff.com\/belogue\/wp-content\/uploads\/2019\/08\/20190824-04-600x400.jpg 600w\" sizes=\"(max-width: 1170px) 100vw, 1170px\" \/><\/a>\n\t\t\t<\/div>\n\t\t\t\t<figcaption class='wp-caption-text gallery-caption' id='gallery-1-43469'>\n\t\t\t\tLe Cabaret Vert, Charleville-M\u00e9zi\u00e8res, 22\/08\/2019\n\t\t\t\t<\/figcaption><\/figure><figure class='gallery-item'>\n\t\t\t<div class='gallery-icon landscape'>\n\t\t\t\t<a href='https:\/\/www.wallendorff.com\/belogue\/2019\/08\/24\/le-cabaret-vert-2019-charleville-mezieres-jour-1\/johnny-marr-le-cabaret-vert-charleville-mezieres-22-08-2019\/'><img loading=\"lazy\" decoding=\"async\" width=\"1170\" height=\"780\" src=\"https:\/\/www.wallendorff.com\/belogue\/wp-content\/uploads\/2019\/08\/20190824-05.jpg\" class=\"attachment-large size-large\" alt=\"\" aria-describedby=\"gallery-1-43470\" srcset=\"https:\/\/www.wallendorff.com\/belogue\/wp-content\/uploads\/2019\/08\/20190824-05.jpg 1170w, https:\/\/www.wallendorff.com\/belogue\/wp-content\/uploads\/2019\/08\/20190824-05-820x547.jpg 820w, https:\/\/www.wallendorff.com\/belogue\/wp-content\/uploads\/2019\/08\/20190824-05-1116x744.jpg 1116w, https:\/\/www.wallendorff.com\/belogue\/wp-content\/uploads\/2019\/08\/20190824-05-806x537.jpg 806w, https:\/\/www.wallendorff.com\/belogue\/wp-content\/uploads\/2019\/08\/20190824-05-558x372.jpg 558w, https:\/\/www.wallendorff.com\/belogue\/wp-content\/uploads\/2019\/08\/20190824-05-655x437.jpg 655w, https:\/\/www.wallendorff.com\/belogue\/wp-content\/uploads\/2019\/08\/20190824-05-600x400.jpg 600w\" sizes=\"(max-width: 1170px) 100vw, 1170px\" \/><\/a>\n\t\t\t<\/div>\n\t\t\t\t<figcaption class='wp-caption-text gallery-caption' id='gallery-1-43470'>\n\t\t\t\tJohnny Marr @ le Cabaret Vert, Charleville-M\u00e9zi\u00e8res, 22\/08\/2019\n\t\t\t\t<\/figcaption><\/figure><figure class='gallery-item'>\n\t\t\t<div class='gallery-icon landscape'>\n\t\t\t\t<a href='https:\/\/www.wallendorff.com\/belogue\/2019\/08\/24\/le-cabaret-vert-2019-charleville-mezieres-jour-1\/le-cabaret-vert-charleville-mezieres-22-08-2019-5\/'><img loading=\"lazy\" decoding=\"async\" width=\"1170\" height=\"780\" src=\"https:\/\/www.wallendorff.com\/belogue\/wp-content\/uploads\/2019\/08\/20190824-06.jpg\" class=\"attachment-large size-large\" alt=\"\" aria-describedby=\"gallery-1-43471\" srcset=\"https:\/\/www.wallendorff.com\/belogue\/wp-content\/uploads\/2019\/08\/20190824-06.jpg 1170w, https:\/\/www.wallendorff.com\/belogue\/wp-content\/uploads\/2019\/08\/20190824-06-820x547.jpg 820w, https:\/\/www.wallendorff.com\/belogue\/wp-content\/uploads\/2019\/08\/20190824-06-1116x744.jpg 1116w, https:\/\/www.wallendorff.com\/belogue\/wp-content\/uploads\/2019\/08\/20190824-06-806x537.jpg 806w, https:\/\/www.wallendorff.com\/belogue\/wp-content\/uploads\/2019\/08\/20190824-06-558x372.jpg 558w, https:\/\/www.wallendorff.com\/belogue\/wp-content\/uploads\/2019\/08\/20190824-06-655x437.jpg 655w, https:\/\/www.wallendorff.com\/belogue\/wp-content\/uploads\/2019\/08\/20190824-06-600x400.jpg 600w\" sizes=\"(max-width: 1170px) 100vw, 1170px\" \/><\/a>\n\t\t\t<\/div>\n\t\t\t\t<figcaption class='wp-caption-text gallery-caption' id='gallery-1-43471'>\n\t\t\t\tLe Cabaret Vert, Charleville-M\u00e9zi\u00e8res, 22\/08\/2019\n\t\t\t\t<\/figcaption><\/figure><figure class='gallery-item'>\n\t\t\t<div class='gallery-icon landscape'>\n\t\t\t\t<a href='https:\/\/www.wallendorff.com\/belogue\/2019\/08\/24\/le-cabaret-vert-2019-charleville-mezieres-jour-1\/johnny-marr-le-cabaret-vert-charleville-mezieres-22-08-2019-2\/'><img loading=\"lazy\" decoding=\"async\" width=\"1170\" height=\"780\" src=\"https:\/\/www.wallendorff.com\/belogue\/wp-content\/uploads\/2019\/08\/20190824-07.jpg\" class=\"attachment-large size-large\" alt=\"\" aria-describedby=\"gallery-1-43472\" srcset=\"https:\/\/www.wallendorff.com\/belogue\/wp-content\/uploads\/2019\/08\/20190824-07.jpg 1170w, https:\/\/www.wallendorff.com\/belogue\/wp-content\/uploads\/2019\/08\/20190824-07-820x547.jpg 820w, https:\/\/www.wallendorff.com\/belogue\/wp-content\/uploads\/2019\/08\/20190824-07-1116x744.jpg 1116w, https:\/\/www.wallendorff.com\/belogue\/wp-content\/uploads\/2019\/08\/20190824-07-806x537.jpg 806w, https:\/\/www.wallendorff.com\/belogue\/wp-content\/uploads\/2019\/08\/20190824-07-558x372.jpg 558w, https:\/\/www.wallendorff.com\/belogue\/wp-content\/uploads\/2019\/08\/20190824-07-655x437.jpg 655w, https:\/\/www.wallendorff.com\/belogue\/wp-content\/uploads\/2019\/08\/20190824-07-600x400.jpg 600w\" sizes=\"(max-width: 1170px) 100vw, 1170px\" \/><\/a>\n\t\t\t<\/div>\n\t\t\t\t<figcaption class='wp-caption-text gallery-caption' id='gallery-1-43472'>\n\t\t\t\tJohnny Marr @ le Cabaret Vert, Charleville-M\u00e9zi\u00e8res, 22\/08\/2019\n\t\t\t\t<\/figcaption><\/figure><figure class='gallery-item'>\n\t\t\t<div class='gallery-icon landscape'>\n\t\t\t\t<a href='https:\/\/www.wallendorff.com\/belogue\/2019\/08\/24\/le-cabaret-vert-2019-charleville-mezieres-jour-1\/le-cabaret-vert-charleville-mezieres-22-08-2019-6\/'><img loading=\"lazy\" decoding=\"async\" width=\"1170\" height=\"780\" src=\"https:\/\/www.wallendorff.com\/belogue\/wp-content\/uploads\/2019\/08\/20190824-08.jpg\" class=\"attachment-large size-large\" alt=\"\" aria-describedby=\"gallery-1-43473\" srcset=\"https:\/\/www.wallendorff.com\/belogue\/wp-content\/uploads\/2019\/08\/20190824-08.jpg 1170w, https:\/\/www.wallendorff.com\/belogue\/wp-content\/uploads\/2019\/08\/20190824-08-820x547.jpg 820w, https:\/\/www.wallendorff.com\/belogue\/wp-content\/uploads\/2019\/08\/20190824-08-1116x744.jpg 1116w, https:\/\/www.wallendorff.com\/belogue\/wp-content\/uploads\/2019\/08\/20190824-08-806x537.jpg 806w, https:\/\/www.wallendorff.com\/belogue\/wp-content\/uploads\/2019\/08\/20190824-08-558x372.jpg 558w, https:\/\/www.wallendorff.com\/belogue\/wp-content\/uploads\/2019\/08\/20190824-08-655x437.jpg 655w, https:\/\/www.wallendorff.com\/belogue\/wp-content\/uploads\/2019\/08\/20190824-08-600x400.jpg 600w\" sizes=\"(max-width: 1170px) 100vw, 1170px\" \/><\/a>\n\t\t\t<\/div>\n\t\t\t\t<figcaption class='wp-caption-text gallery-caption' id='gallery-1-43473'>\n\t\t\t\tLe Cabaret Vert, Charleville-M\u00e9zi\u00e8res, 22\/08\/2019\n\t\t\t\t<\/figcaption><\/figure><figure class='gallery-item'>\n\t\t\t<div class='gallery-icon portrait'>\n\t\t\t\t<a href='https:\/\/www.wallendorff.com\/belogue\/2019\/08\/24\/le-cabaret-vert-2019-charleville-mezieres-jour-1\/johnny-marr-le-cabaret-vert-charleville-mezieres-22-08-2019-3\/'><img loading=\"lazy\" decoding=\"async\" width=\"780\" height=\"1170\" src=\"https:\/\/www.wallendorff.com\/belogue\/wp-content\/uploads\/2019\/08\/20190824-09.jpg\" class=\"attachment-large size-large\" alt=\"\" aria-describedby=\"gallery-1-43474\" srcset=\"https:\/\/www.wallendorff.com\/belogue\/wp-content\/uploads\/2019\/08\/20190824-09.jpg 780w, https:\/\/www.wallendorff.com\/belogue\/wp-content\/uploads\/2019\/08\/20190824-09-558x837.jpg 558w, https:\/\/www.wallendorff.com\/belogue\/wp-content\/uploads\/2019\/08\/20190824-09-655x983.jpg 655w, https:\/\/www.wallendorff.com\/belogue\/wp-content\/uploads\/2019\/08\/20190824-09-600x900.jpg 600w\" sizes=\"(max-width: 780px) 100vw, 780px\" \/><\/a>\n\t\t\t<\/div>\n\t\t\t\t<figcaption class='wp-caption-text gallery-caption' id='gallery-1-43474'>\n\t\t\t\tJohnny Marr @ le Cabaret Vert, Charleville-M\u00e9zi\u00e8res, 22\/08\/2019\n\t\t\t\t<\/figcaption><\/figure><figure class='gallery-item'>\n\t\t\t<div class='gallery-icon landscape'>\n\t\t\t\t<a href='https:\/\/www.wallendorff.com\/belogue\/2019\/08\/24\/le-cabaret-vert-2019-charleville-mezieres-jour-1\/le-cabaret-vert-charleville-mezieres-22-08-2019-7\/'><img loading=\"lazy\" decoding=\"async\" width=\"1170\" height=\"780\" src=\"https:\/\/www.wallendorff.com\/belogue\/wp-content\/uploads\/2019\/08\/20190824-10.jpg\" class=\"attachment-large size-large\" alt=\"\" aria-describedby=\"gallery-1-43475\" srcset=\"https:\/\/www.wallendorff.com\/belogue\/wp-content\/uploads\/2019\/08\/20190824-10.jpg 1170w, https:\/\/www.wallendorff.com\/belogue\/wp-content\/uploads\/2019\/08\/20190824-10-820x547.jpg 820w, https:\/\/www.wallendorff.com\/belogue\/wp-content\/uploads\/2019\/08\/20190824-10-1116x744.jpg 1116w, https:\/\/www.wallendorff.com\/belogue\/wp-content\/uploads\/2019\/08\/20190824-10-806x537.jpg 806w, https:\/\/www.wallendorff.com\/belogue\/wp-content\/uploads\/2019\/08\/20190824-10-558x372.jpg 558w, https:\/\/www.wallendorff.com\/belogue\/wp-content\/uploads\/2019\/08\/20190824-10-655x437.jpg 655w, https:\/\/www.wallendorff.com\/belogue\/wp-content\/uploads\/2019\/08\/20190824-10-600x400.jpg 600w\" sizes=\"(max-width: 1170px) 100vw, 1170px\" \/><\/a>\n\t\t\t<\/div>\n\t\t\t\t<figcaption class='wp-caption-text gallery-caption' id='gallery-1-43475'>\n\t\t\t\tLe Cabaret Vert, Charleville-M\u00e9zi\u00e8res, 22\/08\/2019\n\t\t\t\t<\/figcaption><\/figure><figure class='gallery-item'>\n\t\t\t<div class='gallery-icon portrait'>\n\t\t\t\t<a href='https:\/\/www.wallendorff.com\/belogue\/2019\/08\/24\/le-cabaret-vert-2019-charleville-mezieres-jour-1\/johnny-marr-le-cabaret-vert-charleville-mezieres-22-08-2019-4\/'><img loading=\"lazy\" decoding=\"async\" width=\"780\" height=\"1170\" src=\"https:\/\/www.wallendorff.com\/belogue\/wp-content\/uploads\/2019\/08\/20190824-11.jpg\" class=\"attachment-large size-large\" alt=\"\" aria-describedby=\"gallery-1-43476\" srcset=\"https:\/\/www.wallendorff.com\/belogue\/wp-content\/uploads\/2019\/08\/20190824-11.jpg 780w, https:\/\/www.wallendorff.com\/belogue\/wp-content\/uploads\/2019\/08\/20190824-11-558x837.jpg 558w, https:\/\/www.wallendorff.com\/belogue\/wp-content\/uploads\/2019\/08\/20190824-11-655x983.jpg 655w, https:\/\/www.wallendorff.com\/belogue\/wp-content\/uploads\/2019\/08\/20190824-11-600x900.jpg 600w\" sizes=\"(max-width: 780px) 100vw, 780px\" \/><\/a>\n\t\t\t<\/div>\n\t\t\t\t<figcaption class='wp-caption-text gallery-caption' id='gallery-1-43476'>\n\t\t\t\tJohnny Marr @ le Cabaret Vert, Charleville-M\u00e9zi\u00e8res, 22\/08\/2019\n\t\t\t\t<\/figcaption><\/figure><figure class='gallery-item'>\n\t\t\t<div class='gallery-icon landscape'>\n\t\t\t\t<a href='https:\/\/www.wallendorff.com\/belogue\/2019\/08\/24\/le-cabaret-vert-2019-charleville-mezieres-jour-1\/le-cabaret-vert-charleville-mezieres-22-08-2019-8\/'><img loading=\"lazy\" decoding=\"async\" width=\"1170\" height=\"780\" src=\"https:\/\/www.wallendorff.com\/belogue\/wp-content\/uploads\/2019\/08\/20190824-12.jpg\" class=\"attachment-large size-large\" alt=\"\" aria-describedby=\"gallery-1-43477\" srcset=\"https:\/\/www.wallendorff.com\/belogue\/wp-content\/uploads\/2019\/08\/20190824-12.jpg 1170w, https:\/\/www.wallendorff.com\/belogue\/wp-content\/uploads\/2019\/08\/20190824-12-820x547.jpg 820w, https:\/\/www.wallendorff.com\/belogue\/wp-content\/uploads\/2019\/08\/20190824-12-1116x744.jpg 1116w, https:\/\/www.wallendorff.com\/belogue\/wp-content\/uploads\/2019\/08\/20190824-12-806x537.jpg 806w, https:\/\/www.wallendorff.com\/belogue\/wp-content\/uploads\/2019\/08\/20190824-12-558x372.jpg 558w, https:\/\/www.wallendorff.com\/belogue\/wp-content\/uploads\/2019\/08\/20190824-12-655x437.jpg 655w, https:\/\/www.wallendorff.com\/belogue\/wp-content\/uploads\/2019\/08\/20190824-12-600x400.jpg 600w\" sizes=\"(max-width: 1170px) 100vw, 1170px\" \/><\/a>\n\t\t\t<\/div>\n\t\t\t\t<figcaption class='wp-caption-text gallery-caption' id='gallery-1-43477'>\n\t\t\t\tLe Cabaret Vert, Charleville-M\u00e9zi\u00e8res, 22\/08\/2019\n\t\t\t\t<\/figcaption><\/figure><figure class='gallery-item'>\n\t\t\t<div class='gallery-icon portrait'>\n\t\t\t\t<a href='https:\/\/www.wallendorff.com\/belogue\/2019\/08\/24\/le-cabaret-vert-2019-charleville-mezieres-jour-1\/johnny-marr-le-cabaret-vert-charleville-mezieres-22-08-2019-5\/'><img loading=\"lazy\" decoding=\"async\" width=\"780\" height=\"1170\" src=\"https:\/\/www.wallendorff.com\/belogue\/wp-content\/uploads\/2019\/08\/20190824-13.jpg\" class=\"attachment-large size-large\" alt=\"\" aria-describedby=\"gallery-1-43478\" srcset=\"https:\/\/www.wallendorff.com\/belogue\/wp-content\/uploads\/2019\/08\/20190824-13.jpg 780w, https:\/\/www.wallendorff.com\/belogue\/wp-content\/uploads\/2019\/08\/20190824-13-558x837.jpg 558w, https:\/\/www.wallendorff.com\/belogue\/wp-content\/uploads\/2019\/08\/20190824-13-655x983.jpg 655w, https:\/\/www.wallendorff.com\/belogue\/wp-content\/uploads\/2019\/08\/20190824-13-600x900.jpg 600w\" sizes=\"(max-width: 780px) 100vw, 780px\" \/><\/a>\n\t\t\t<\/div>\n\t\t\t\t<figcaption class='wp-caption-text gallery-caption' id='gallery-1-43478'>\n\t\t\t\tJohnny Marr @ le Cabaret Vert, Charleville-M\u00e9zi\u00e8res, 22\/08\/2019\n\t\t\t\t<\/figcaption><\/figure><figure class='gallery-item'>\n\t\t\t<div class='gallery-icon portrait'>\n\t\t\t\t<a href='https:\/\/www.wallendorff.com\/belogue\/2019\/08\/24\/le-cabaret-vert-2019-charleville-mezieres-jour-1\/johnny-marr-le-cabaret-vert-charleville-mezieres-22-08-2019-6\/'><img loading=\"lazy\" decoding=\"async\" width=\"780\" height=\"1170\" src=\"https:\/\/www.wallendorff.com\/belogue\/wp-content\/uploads\/2019\/08\/20190824-14.jpg\" class=\"attachment-large size-large\" alt=\"\" aria-describedby=\"gallery-1-43479\" srcset=\"https:\/\/www.wallendorff.com\/belogue\/wp-content\/uploads\/2019\/08\/20190824-14.jpg 780w, https:\/\/www.wallendorff.com\/belogue\/wp-content\/uploads\/2019\/08\/20190824-14-558x837.jpg 558w, https:\/\/www.wallendorff.com\/belogue\/wp-content\/uploads\/2019\/08\/20190824-14-655x983.jpg 655w, https:\/\/www.wallendorff.com\/belogue\/wp-content\/uploads\/2019\/08\/20190824-14-600x900.jpg 600w\" sizes=\"(max-width: 780px) 100vw, 780px\" \/><\/a>\n\t\t\t<\/div>\n\t\t\t\t<figcaption class='wp-caption-text gallery-caption' id='gallery-1-43479'>\n\t\t\t\tJohnny Marr @ le Cabaret Vert, Charleville-M\u00e9zi\u00e8res, 22\/08\/2019\n\t\t\t\t<\/figcaption><\/figure><figure class='gallery-item'>\n\t\t\t<div class='gallery-icon landscape'>\n\t\t\t\t<a href='https:\/\/www.wallendorff.com\/belogue\/2019\/08\/24\/le-cabaret-vert-2019-charleville-mezieres-jour-1\/le-cabaret-vert-charleville-mezieres-22-08-2019-9\/'><img loading=\"lazy\" decoding=\"async\" width=\"1170\" height=\"780\" src=\"https:\/\/www.wallendorff.com\/belogue\/wp-content\/uploads\/2019\/08\/20190824-15.jpg\" class=\"attachment-large size-large\" alt=\"\" aria-describedby=\"gallery-1-43480\" srcset=\"https:\/\/www.wallendorff.com\/belogue\/wp-content\/uploads\/2019\/08\/20190824-15.jpg 1170w, https:\/\/www.wallendorff.com\/belogue\/wp-content\/uploads\/2019\/08\/20190824-15-820x547.jpg 820w, https:\/\/www.wallendorff.com\/belogue\/wp-content\/uploads\/2019\/08\/20190824-15-1116x744.jpg 1116w, https:\/\/www.wallendorff.com\/belogue\/wp-content\/uploads\/2019\/08\/20190824-15-806x537.jpg 806w, https:\/\/www.wallendorff.com\/belogue\/wp-content\/uploads\/2019\/08\/20190824-15-558x372.jpg 558w, https:\/\/www.wallendorff.com\/belogue\/wp-content\/uploads\/2019\/08\/20190824-15-655x437.jpg 655w, https:\/\/www.wallendorff.com\/belogue\/wp-content\/uploads\/2019\/08\/20190824-15-600x400.jpg 600w\" sizes=\"(max-width: 1170px) 100vw, 1170px\" \/><\/a>\n\t\t\t<\/div>\n\t\t\t\t<figcaption class='wp-caption-text gallery-caption' id='gallery-1-43480'>\n\t\t\t\tLe Cabaret Vert, Charleville-M\u00e9zi\u00e8res, 22\/08\/2019\n\t\t\t\t<\/figcaption><\/figure><figure class='gallery-item'>\n\t\t\t<div class='gallery-icon landscape'>\n\t\t\t\t<a href='https:\/\/www.wallendorff.com\/belogue\/2019\/08\/24\/le-cabaret-vert-2019-charleville-mezieres-jour-1\/le-cabaret-vert-charleville-mezieres-22-08-2019-10\/'><img loading=\"lazy\" decoding=\"async\" width=\"1170\" height=\"780\" src=\"https:\/\/www.wallendorff.com\/belogue\/wp-content\/uploads\/2019\/08\/20190824-16.jpg\" class=\"attachment-large size-large\" alt=\"\" aria-describedby=\"gallery-1-43481\" srcset=\"https:\/\/www.wallendorff.com\/belogue\/wp-content\/uploads\/2019\/08\/20190824-16.jpg 1170w, https:\/\/www.wallendorff.com\/belogue\/wp-content\/uploads\/2019\/08\/20190824-16-820x547.jpg 820w, https:\/\/www.wallendorff.com\/belogue\/wp-content\/uploads\/2019\/08\/20190824-16-1116x744.jpg 1116w, https:\/\/www.wallendorff.com\/belogue\/wp-content\/uploads\/2019\/08\/20190824-16-806x537.jpg 806w, https:\/\/www.wallendorff.com\/belogue\/wp-content\/uploads\/2019\/08\/20190824-16-558x372.jpg 558w, https:\/\/www.wallendorff.com\/belogue\/wp-content\/uploads\/2019\/08\/20190824-16-655x437.jpg 655w, https:\/\/www.wallendorff.com\/belogue\/wp-content\/uploads\/2019\/08\/20190824-16-600x400.jpg 600w\" sizes=\"(max-width: 1170px) 100vw, 1170px\" \/><\/a>\n\t\t\t<\/div>\n\t\t\t\t<figcaption class='wp-caption-text gallery-caption' id='gallery-1-43481'>\n\t\t\t\tLe Cabaret Vert, Charleville-M\u00e9zi\u00e8res, 22\/08\/2019\n\t\t\t\t<\/figcaption><\/figure><figure class='gallery-item'>\n\t\t\t<div class='gallery-icon landscape'>\n\t\t\t\t<a href='https:\/\/www.wallendorff.com\/belogue\/2019\/08\/24\/le-cabaret-vert-2019-charleville-mezieres-jour-1\/le-cabaret-vert-charleville-mezieres-22-08-2019-11\/'><img loading=\"lazy\" decoding=\"async\" width=\"1170\" height=\"780\" src=\"https:\/\/www.wallendorff.com\/belogue\/wp-content\/uploads\/2019\/08\/20190824-17.jpg\" class=\"attachment-large size-large\" alt=\"\" aria-describedby=\"gallery-1-43482\" srcset=\"https:\/\/www.wallendorff.com\/belogue\/wp-content\/uploads\/2019\/08\/20190824-17.jpg 1170w, https:\/\/www.wallendorff.com\/belogue\/wp-content\/uploads\/2019\/08\/20190824-17-820x547.jpg 820w, https:\/\/www.wallendorff.com\/belogue\/wp-content\/uploads\/2019\/08\/20190824-17-1116x744.jpg 1116w, https:\/\/www.wallendorff.com\/belogue\/wp-content\/uploads\/2019\/08\/20190824-17-806x537.jpg 806w, https:\/\/www.wallendorff.com\/belogue\/wp-content\/uploads\/2019\/08\/20190824-17-558x372.jpg 558w, https:\/\/www.wallendorff.com\/belogue\/wp-content\/uploads\/2019\/08\/20190824-17-655x437.jpg 655w, https:\/\/www.wallendorff.com\/belogue\/wp-content\/uploads\/2019\/08\/20190824-17-600x400.jpg 600w\" sizes=\"(max-width: 1170px) 100vw, 1170px\" \/><\/a>\n\t\t\t<\/div>\n\t\t\t\t<figcaption class='wp-caption-text gallery-caption' id='gallery-1-43482'>\n\t\t\t\tLe Cabaret Vert, Charleville-M\u00e9zi\u00e8res, 22\/08\/2019\n\t\t\t\t<\/figcaption><\/figure><figure class='gallery-item'>\n\t\t\t<div class='gallery-icon landscape'>\n\t\t\t\t<a href='https:\/\/www.wallendorff.com\/belogue\/2019\/08\/24\/le-cabaret-vert-2019-charleville-mezieres-jour-1\/le-cabaret-vert-charleville-mezieres-22-08-2019-12\/'><img loading=\"lazy\" decoding=\"async\" width=\"1170\" height=\"780\" src=\"https:\/\/www.wallendorff.com\/belogue\/wp-content\/uploads\/2019\/08\/20190824-18.jpg\" class=\"attachment-large size-large\" alt=\"\" aria-describedby=\"gallery-1-43483\" srcset=\"https:\/\/www.wallendorff.com\/belogue\/wp-content\/uploads\/2019\/08\/20190824-18.jpg 1170w, https:\/\/www.wallendorff.com\/belogue\/wp-content\/uploads\/2019\/08\/20190824-18-820x547.jpg 820w, https:\/\/www.wallendorff.com\/belogue\/wp-content\/uploads\/2019\/08\/20190824-18-1116x744.jpg 1116w, https:\/\/www.wallendorff.com\/belogue\/wp-content\/uploads\/2019\/08\/20190824-18-806x537.jpg 806w, https:\/\/www.wallendorff.com\/belogue\/wp-content\/uploads\/2019\/08\/20190824-18-558x372.jpg 558w, https:\/\/www.wallendorff.com\/belogue\/wp-content\/uploads\/2019\/08\/20190824-18-655x437.jpg 655w, https:\/\/www.wallendorff.com\/belogue\/wp-content\/uploads\/2019\/08\/20190824-18-600x400.jpg 600w\" sizes=\"(max-width: 1170px) 100vw, 1170px\" \/><\/a>\n\t\t\t<\/div>\n\t\t\t\t<figcaption class='wp-caption-text gallery-caption' id='gallery-1-43483'>\n\t\t\t\tLe Cabaret Vert, Charleville-M\u00e9zi\u00e8res, 22\/08\/2019\n\t\t\t\t<\/figcaption><\/figure><figure class='gallery-item'>\n\t\t\t<div class='gallery-icon portrait'>\n\t\t\t\t<a href='https:\/\/www.wallendorff.com\/belogue\/2019\/08\/24\/le-cabaret-vert-2019-charleville-mezieres-jour-1\/le-cabaret-vert-charleville-mezieres-22-08-2019-13\/'><img loading=\"lazy\" decoding=\"async\" width=\"780\" height=\"1170\" src=\"https:\/\/www.wallendorff.com\/belogue\/wp-content\/uploads\/2019\/08\/20190824-19.jpg\" class=\"attachment-large size-large\" alt=\"\" aria-describedby=\"gallery-1-43484\" srcset=\"https:\/\/www.wallendorff.com\/belogue\/wp-content\/uploads\/2019\/08\/20190824-19.jpg 780w, https:\/\/www.wallendorff.com\/belogue\/wp-content\/uploads\/2019\/08\/20190824-19-558x837.jpg 558w, https:\/\/www.wallendorff.com\/belogue\/wp-content\/uploads\/2019\/08\/20190824-19-655x983.jpg 655w, https:\/\/www.wallendorff.com\/belogue\/wp-content\/uploads\/2019\/08\/20190824-19-600x900.jpg 600w\" sizes=\"(max-width: 780px) 100vw, 780px\" \/><\/a>\n\t\t\t<\/div>\n\t\t\t\t<figcaption class='wp-caption-text gallery-caption' id='gallery-1-43484'>\n\t\t\t\tLe Cabaret Vert, Charleville-M\u00e9zi\u00e8res, 22\/08\/2019\n\t\t\t\t<\/figcaption><\/figure><figure class='gallery-item'>\n\t\t\t<div class='gallery-icon landscape'>\n\t\t\t\t<a href='https:\/\/www.wallendorff.com\/belogue\/2019\/08\/24\/le-cabaret-vert-2019-charleville-mezieres-jour-1\/le-cabaret-vert-charleville-mezieres-22-08-2019-14\/'><img loading=\"lazy\" decoding=\"async\" width=\"1170\" height=\"780\" src=\"https:\/\/www.wallendorff.com\/belogue\/wp-content\/uploads\/2019\/08\/20190824-20.jpg\" class=\"attachment-large size-large\" alt=\"\" aria-describedby=\"gallery-1-43485\" srcset=\"https:\/\/www.wallendorff.com\/belogue\/wp-content\/uploads\/2019\/08\/20190824-20.jpg 1170w, https:\/\/www.wallendorff.com\/belogue\/wp-content\/uploads\/2019\/08\/20190824-20-820x547.jpg 820w, https:\/\/www.wallendorff.com\/belogue\/wp-content\/uploads\/2019\/08\/20190824-20-1116x744.jpg 1116w, https:\/\/www.wallendorff.com\/belogue\/wp-content\/uploads\/2019\/08\/20190824-20-806x537.jpg 806w, https:\/\/www.wallendorff.com\/belogue\/wp-content\/uploads\/2019\/08\/20190824-20-558x372.jpg 558w, https:\/\/www.wallendorff.com\/belogue\/wp-content\/uploads\/2019\/08\/20190824-20-655x437.jpg 655w, https:\/\/www.wallendorff.com\/belogue\/wp-content\/uploads\/2019\/08\/20190824-20-600x400.jpg 600w\" sizes=\"(max-width: 1170px) 100vw, 1170px\" \/><\/a>\n\t\t\t<\/div>\n\t\t\t\t<figcaption class='wp-caption-text gallery-caption' id='gallery-1-43485'>\n\t\t\t\tLe Cabaret Vert, Charleville-M\u00e9zi\u00e8res, 22\/08\/2019\n\t\t\t\t<\/figcaption><\/figure><figure class='gallery-item'>\n\t\t\t<div class='gallery-icon portrait'>\n\t\t\t\t<a href='https:\/\/www.wallendorff.com\/belogue\/2019\/08\/24\/le-cabaret-vert-2019-charleville-mezieres-jour-1\/le-cabaret-vert-charleville-mezieres-22-08-2019-15\/'><img loading=\"lazy\" decoding=\"async\" width=\"780\" height=\"1170\" src=\"https:\/\/www.wallendorff.com\/belogue\/wp-content\/uploads\/2019\/08\/20190824-21.jpg\" class=\"attachment-large size-large\" alt=\"\" aria-describedby=\"gallery-1-43486\" srcset=\"https:\/\/www.wallendorff.com\/belogue\/wp-content\/uploads\/2019\/08\/20190824-21.jpg 780w, https:\/\/www.wallendorff.com\/belogue\/wp-content\/uploads\/2019\/08\/20190824-21-558x837.jpg 558w, https:\/\/www.wallendorff.com\/belogue\/wp-content\/uploads\/2019\/08\/20190824-21-655x983.jpg 655w, https:\/\/www.wallendorff.com\/belogue\/wp-content\/uploads\/2019\/08\/20190824-21-600x900.jpg 600w\" sizes=\"(max-width: 780px) 100vw, 780px\" \/><\/a>\n\t\t\t<\/div>\n\t\t\t\t<figcaption class='wp-caption-text gallery-caption' id='gallery-1-43486'>\n\t\t\t\tLe Cabaret Vert, Charleville-M\u00e9zi\u00e8res, 22\/08\/2019\n\t\t\t\t<\/figcaption><\/figure><figure class='gallery-item'>\n\t\t\t<div class='gallery-icon landscape'>\n\t\t\t\t<a href='https:\/\/www.wallendorff.com\/belogue\/2019\/08\/24\/le-cabaret-vert-2019-charleville-mezieres-jour-1\/le-cabaret-vert-charleville-mezieres-22-08-2019-16\/'><img loading=\"lazy\" decoding=\"async\" width=\"1170\" height=\"780\" src=\"https:\/\/www.wallendorff.com\/belogue\/wp-content\/uploads\/2019\/08\/20190824-22.jpg\" class=\"attachment-large size-large\" alt=\"\" aria-describedby=\"gallery-1-43487\" srcset=\"https:\/\/www.wallendorff.com\/belogue\/wp-content\/uploads\/2019\/08\/20190824-22.jpg 1170w, https:\/\/www.wallendorff.com\/belogue\/wp-content\/uploads\/2019\/08\/20190824-22-820x547.jpg 820w, https:\/\/www.wallendorff.com\/belogue\/wp-content\/uploads\/2019\/08\/20190824-22-1116x744.jpg 1116w, https:\/\/www.wallendorff.com\/belogue\/wp-content\/uploads\/2019\/08\/20190824-22-806x537.jpg 806w, https:\/\/www.wallendorff.com\/belogue\/wp-content\/uploads\/2019\/08\/20190824-22-558x372.jpg 558w, https:\/\/www.wallendorff.com\/belogue\/wp-content\/uploads\/2019\/08\/20190824-22-655x437.jpg 655w, https:\/\/www.wallendorff.com\/belogue\/wp-content\/uploads\/2019\/08\/20190824-22-600x400.jpg 600w\" sizes=\"(max-width: 1170px) 100vw, 1170px\" \/><\/a>\n\t\t\t<\/div>\n\t\t\t\t<figcaption class='wp-caption-text gallery-caption' id='gallery-1-43487'>\n\t\t\t\tLe Cabaret Vert, Charleville-M\u00e9zi\u00e8res, 22\/08\/2019\n\t\t\t\t<\/figcaption><\/figure><figure class='gallery-item'>\n\t\t\t<div class='gallery-icon landscape'>\n\t\t\t\t<a href='https:\/\/www.wallendorff.com\/belogue\/2019\/08\/24\/le-cabaret-vert-2019-charleville-mezieres-jour-1\/le-cabaret-vert-charleville-mezieres-22-08-2019-17\/'><img loading=\"lazy\" decoding=\"async\" width=\"1170\" height=\"780\" src=\"https:\/\/www.wallendorff.com\/belogue\/wp-content\/uploads\/2019\/08\/20190824-23.jpg\" class=\"attachment-large size-large\" alt=\"\" aria-describedby=\"gallery-1-43488\" srcset=\"https:\/\/www.wallendorff.com\/belogue\/wp-content\/uploads\/2019\/08\/20190824-23.jpg 1170w, https:\/\/www.wallendorff.com\/belogue\/wp-content\/uploads\/2019\/08\/20190824-23-820x547.jpg 820w, https:\/\/www.wallendorff.com\/belogue\/wp-content\/uploads\/2019\/08\/20190824-23-1116x744.jpg 1116w, https:\/\/www.wallendorff.com\/belogue\/wp-content\/uploads\/2019\/08\/20190824-23-806x537.jpg 806w, https:\/\/www.wallendorff.com\/belogue\/wp-content\/uploads\/2019\/08\/20190824-23-558x372.jpg 558w, https:\/\/www.wallendorff.com\/belogue\/wp-content\/uploads\/2019\/08\/20190824-23-655x437.jpg 655w, https:\/\/www.wallendorff.com\/belogue\/wp-content\/uploads\/2019\/08\/20190824-23-600x400.jpg 600w\" sizes=\"(max-width: 1170px) 100vw, 1170px\" \/><\/a>\n\t\t\t<\/div>\n\t\t\t\t<figcaption class='wp-caption-text gallery-caption' id='gallery-1-43488'>\n\t\t\t\tLe Cabaret Vert, Charleville-M\u00e9zi\u00e8res, 22\/08\/2019\n\t\t\t\t<\/figcaption><\/figure><figure class='gallery-item'>\n\t\t\t<div class='gallery-icon landscape'>\n\t\t\t\t<a href='https:\/\/www.wallendorff.com\/belogue\/2019\/08\/24\/le-cabaret-vert-2019-charleville-mezieres-jour-1\/le-cabaret-vert-charleville-mezieres-22-08-2019-18\/'><img loading=\"lazy\" decoding=\"async\" width=\"1170\" height=\"780\" src=\"https:\/\/www.wallendorff.com\/belogue\/wp-content\/uploads\/2019\/08\/20190824-24.jpg\" class=\"attachment-large size-large\" alt=\"\" aria-describedby=\"gallery-1-43489\" srcset=\"https:\/\/www.wallendorff.com\/belogue\/wp-content\/uploads\/2019\/08\/20190824-24.jpg 1170w, https:\/\/www.wallendorff.com\/belogue\/wp-content\/uploads\/2019\/08\/20190824-24-820x547.jpg 820w, https:\/\/www.wallendorff.com\/belogue\/wp-content\/uploads\/2019\/08\/20190824-24-1116x744.jpg 1116w, https:\/\/www.wallendorff.com\/belogue\/wp-content\/uploads\/2019\/08\/20190824-24-806x537.jpg 806w, https:\/\/www.wallendorff.com\/belogue\/wp-content\/uploads\/2019\/08\/20190824-24-558x372.jpg 558w, https:\/\/www.wallendorff.com\/belogue\/wp-content\/uploads\/2019\/08\/20190824-24-655x437.jpg 655w, https:\/\/www.wallendorff.com\/belogue\/wp-content\/uploads\/2019\/08\/20190824-24-600x400.jpg 600w\" sizes=\"(max-width: 1170px) 100vw, 1170px\" \/><\/a>\n\t\t\t<\/div>\n\t\t\t\t<figcaption class='wp-caption-text gallery-caption' id='gallery-1-43489'>\n\t\t\t\tLe Cabaret Vert, Charleville-M\u00e9zi\u00e8res, 22\/08\/2019\n\t\t\t\t<\/figcaption><\/figure><figure class='gallery-item'>\n\t\t\t<div class='gallery-icon portrait'>\n\t\t\t\t<a href='https:\/\/www.wallendorff.com\/belogue\/2019\/08\/24\/le-cabaret-vert-2019-charleville-mezieres-jour-1\/le-cabaret-vert-charleville-mezieres-22-08-2019-19\/'><img loading=\"lazy\" decoding=\"async\" width=\"780\" height=\"1170\" src=\"https:\/\/www.wallendorff.com\/belogue\/wp-content\/uploads\/2019\/08\/20190824-25.jpg\" class=\"attachment-large size-large\" alt=\"\" aria-describedby=\"gallery-1-43490\" srcset=\"https:\/\/www.wallendorff.com\/belogue\/wp-content\/uploads\/2019\/08\/20190824-25.jpg 780w, https:\/\/www.wallendorff.com\/belogue\/wp-content\/uploads\/2019\/08\/20190824-25-558x837.jpg 558w, https:\/\/www.wallendorff.com\/belogue\/wp-content\/uploads\/2019\/08\/20190824-25-655x983.jpg 655w, https:\/\/www.wallendorff.com\/belogue\/wp-content\/uploads\/2019\/08\/20190824-25-600x900.jpg 600w\" sizes=\"(max-width: 780px) 100vw, 780px\" \/><\/a>\n\t\t\t<\/div>\n\t\t\t\t<figcaption class='wp-caption-text gallery-caption' id='gallery-1-43490'>\n\t\t\t\tLe Cabaret Vert, Charleville-M\u00e9zi\u00e8res, 22\/08\/2019\n\t\t\t\t<\/figcaption><\/figure><figure class='gallery-item'>\n\t\t\t<div class='gallery-icon landscape'>\n\t\t\t\t<a href='https:\/\/www.wallendorff.com\/belogue\/2019\/08\/24\/le-cabaret-vert-2019-charleville-mezieres-jour-1\/le-cabaret-vert-charleville-mezieres-22-08-2019-20\/'><img loading=\"lazy\" decoding=\"async\" width=\"1170\" height=\"780\" src=\"https:\/\/www.wallendorff.com\/belogue\/wp-content\/uploads\/2019\/08\/20190824-26.jpg\" class=\"attachment-large size-large\" alt=\"\" aria-describedby=\"gallery-1-43491\" srcset=\"https:\/\/www.wallendorff.com\/belogue\/wp-content\/uploads\/2019\/08\/20190824-26.jpg 1170w, https:\/\/www.wallendorff.com\/belogue\/wp-content\/uploads\/2019\/08\/20190824-26-820x547.jpg 820w, https:\/\/www.wallendorff.com\/belogue\/wp-content\/uploads\/2019\/08\/20190824-26-1116x744.jpg 1116w, https:\/\/www.wallendorff.com\/belogue\/wp-content\/uploads\/2019\/08\/20190824-26-806x537.jpg 806w, https:\/\/www.wallendorff.com\/belogue\/wp-content\/uploads\/2019\/08\/20190824-26-558x372.jpg 558w, https:\/\/www.wallendorff.com\/belogue\/wp-content\/uploads\/2019\/08\/20190824-26-655x437.jpg 655w, https:\/\/www.wallendorff.com\/belogue\/wp-content\/uploads\/2019\/08\/20190824-26-600x400.jpg 600w\" sizes=\"(max-width: 1170px) 100vw, 1170px\" \/><\/a>\n\t\t\t<\/div>\n\t\t\t\t<figcaption class='wp-caption-text gallery-caption' id='gallery-1-43491'>\n\t\t\t\tLe Cabaret Vert, Charleville-M\u00e9zi\u00e8res, 22\/08\/2019\n\t\t\t\t<\/figcaption><\/figure><figure class='gallery-item'>\n\t\t\t<div class='gallery-icon portrait'>\n\t\t\t\t<a href='https:\/\/www.wallendorff.com\/belogue\/2019\/08\/24\/le-cabaret-vert-2019-charleville-mezieres-jour-1\/le-cabaret-vert-charleville-mezieres-22-08-2019-21\/'><img loading=\"lazy\" decoding=\"async\" width=\"780\" height=\"1170\" src=\"https:\/\/www.wallendorff.com\/belogue\/wp-content\/uploads\/2019\/08\/20190824-27.jpg\" class=\"attachment-large size-large\" alt=\"\" aria-describedby=\"gallery-1-43492\" srcset=\"https:\/\/www.wallendorff.com\/belogue\/wp-content\/uploads\/2019\/08\/20190824-27.jpg 780w, https:\/\/www.wallendorff.com\/belogue\/wp-content\/uploads\/2019\/08\/20190824-27-558x837.jpg 558w, https:\/\/www.wallendorff.com\/belogue\/wp-content\/uploads\/2019\/08\/20190824-27-655x983.jpg 655w, https:\/\/www.wallendorff.com\/belogue\/wp-content\/uploads\/2019\/08\/20190824-27-600x900.jpg 600w\" sizes=\"(max-width: 780px) 100vw, 780px\" \/><\/a>\n\t\t\t<\/div>\n\t\t\t\t<figcaption class='wp-caption-text gallery-caption' id='gallery-1-43492'>\n\t\t\t\tLe Cabaret Vert, Charleville-M\u00e9zi\u00e8res, 22\/08\/2019\n\t\t\t\t<\/figcaption><\/figure><figure class='gallery-item'>\n\t\t\t<div class='gallery-icon landscape'>\n\t\t\t\t<a href='https:\/\/www.wallendorff.com\/belogue\/2019\/08\/24\/le-cabaret-vert-2019-charleville-mezieres-jour-1\/le-cabaret-vert-charleville-mezieres-22-08-2019-22\/'><img loading=\"lazy\" decoding=\"async\" width=\"1170\" height=\"780\" src=\"https:\/\/www.wallendorff.com\/belogue\/wp-content\/uploads\/2019\/08\/20190824-28.jpg\" class=\"attachment-large size-large\" alt=\"\" aria-describedby=\"gallery-1-43493\" srcset=\"https:\/\/www.wallendorff.com\/belogue\/wp-content\/uploads\/2019\/08\/20190824-28.jpg 1170w, https:\/\/www.wallendorff.com\/belogue\/wp-content\/uploads\/2019\/08\/20190824-28-820x547.jpg 820w, https:\/\/www.wallendorff.com\/belogue\/wp-content\/uploads\/2019\/08\/20190824-28-1116x744.jpg 1116w, https:\/\/www.wallendorff.com\/belogue\/wp-content\/uploads\/2019\/08\/20190824-28-806x537.jpg 806w, https:\/\/www.wallendorff.com\/belogue\/wp-content\/uploads\/2019\/08\/20190824-28-558x372.jpg 558w, https:\/\/www.wallendorff.com\/belogue\/wp-content\/uploads\/2019\/08\/20190824-28-655x437.jpg 655w, https:\/\/www.wallendorff.com\/belogue\/wp-content\/uploads\/2019\/08\/20190824-28-600x400.jpg 600w\" sizes=\"(max-width: 1170px) 100vw, 1170px\" \/><\/a>\n\t\t\t<\/div>\n\t\t\t\t<figcaption class='wp-caption-text gallery-caption' id='gallery-1-43493'>\n\t\t\t\tLe Cabaret Vert, Charleville-M\u00e9zi\u00e8res, 22\/08\/2019\n\t\t\t\t<\/figcaption><\/figure><figure class='gallery-item'>\n\t\t\t<div class='gallery-icon landscape'>\n\t\t\t\t<a href='https:\/\/www.wallendorff.com\/belogue\/2019\/08\/24\/le-cabaret-vert-2019-charleville-mezieres-jour-1\/le-cabaret-vert-charleville-mezieres-22-08-2019-23\/'><img loading=\"lazy\" decoding=\"async\" width=\"1170\" height=\"780\" src=\"https:\/\/www.wallendorff.com\/belogue\/wp-content\/uploads\/2019\/08\/20190824-29.jpg\" class=\"attachment-large size-large\" alt=\"\" aria-describedby=\"gallery-1-43494\" srcset=\"https:\/\/www.wallendorff.com\/belogue\/wp-content\/uploads\/2019\/08\/20190824-29.jpg 1170w, https:\/\/www.wallendorff.com\/belogue\/wp-content\/uploads\/2019\/08\/20190824-29-820x547.jpg 820w, https:\/\/www.wallendorff.com\/belogue\/wp-content\/uploads\/2019\/08\/20190824-29-1116x744.jpg 1116w, https:\/\/www.wallendorff.com\/belogue\/wp-content\/uploads\/2019\/08\/20190824-29-806x537.jpg 806w, https:\/\/www.wallendorff.com\/belogue\/wp-content\/uploads\/2019\/08\/20190824-29-558x372.jpg 558w, https:\/\/www.wallendorff.com\/belogue\/wp-content\/uploads\/2019\/08\/20190824-29-655x437.jpg 655w, https:\/\/www.wallendorff.com\/belogue\/wp-content\/uploads\/2019\/08\/20190824-29-600x400.jpg 600w\" sizes=\"(max-width: 1170px) 100vw, 1170px\" \/><\/a>\n\t\t\t<\/div>\n\t\t\t\t<figcaption class='wp-caption-text gallery-caption' id='gallery-1-43494'>\n\t\t\t\tLe Cabaret Vert, Charleville-M\u00e9zi\u00e8res, 22\/08\/2019\n\t\t\t\t<\/figcaption><\/figure><figure class='gallery-item'>\n\t\t\t<div class='gallery-icon landscape'>\n\t\t\t\t<a href='https:\/\/www.wallendorff.com\/belogue\/2019\/08\/24\/le-cabaret-vert-2019-charleville-mezieres-jour-1\/le-cabaret-vert-charleville-mezieres-22-08-2019-24\/'><img loading=\"lazy\" decoding=\"async\" width=\"1170\" height=\"780\" src=\"https:\/\/www.wallendorff.com\/belogue\/wp-content\/uploads\/2019\/08\/20190824-30.jpg\" class=\"attachment-large size-large\" alt=\"\" aria-describedby=\"gallery-1-43495\" srcset=\"https:\/\/www.wallendorff.com\/belogue\/wp-content\/uploads\/2019\/08\/20190824-30.jpg 1170w, https:\/\/www.wallendorff.com\/belogue\/wp-content\/uploads\/2019\/08\/20190824-30-820x547.jpg 820w, https:\/\/www.wallendorff.com\/belogue\/wp-content\/uploads\/2019\/08\/20190824-30-1116x744.jpg 1116w, https:\/\/www.wallendorff.com\/belogue\/wp-content\/uploads\/2019\/08\/20190824-30-806x537.jpg 806w, https:\/\/www.wallendorff.com\/belogue\/wp-content\/uploads\/2019\/08\/20190824-30-558x372.jpg 558w, https:\/\/www.wallendorff.com\/belogue\/wp-content\/uploads\/2019\/08\/20190824-30-655x437.jpg 655w, https:\/\/www.wallendorff.com\/belogue\/wp-content\/uploads\/2019\/08\/20190824-30-600x400.jpg 600w\" sizes=\"(max-width: 1170px) 100vw, 1170px\" \/><\/a>\n\t\t\t<\/div>\n\t\t\t\t<figcaption class='wp-caption-text gallery-caption' id='gallery-1-43495'>\n\t\t\t\tLe Cabaret Vert, Charleville-M\u00e9zi\u00e8res, 22\/08\/2019\n\t\t\t\t<\/figcaption><\/figure><figure class='gallery-item'>\n\t\t\t<div class='gallery-icon landscape'>\n\t\t\t\t<a href='https:\/\/www.wallendorff.com\/belogue\/2019\/08\/24\/le-cabaret-vert-2019-charleville-mezieres-jour-1\/le-cabaret-vert-charleville-mezieres-22-08-2019-25\/'><img loading=\"lazy\" decoding=\"async\" width=\"1170\" height=\"780\" src=\"https:\/\/www.wallendorff.com\/belogue\/wp-content\/uploads\/2019\/08\/20190824-31.jpg\" class=\"attachment-large size-large\" alt=\"\" aria-describedby=\"gallery-1-43496\" srcset=\"https:\/\/www.wallendorff.com\/belogue\/wp-content\/uploads\/2019\/08\/20190824-31.jpg 1170w, https:\/\/www.wallendorff.com\/belogue\/wp-content\/uploads\/2019\/08\/20190824-31-820x547.jpg 820w, https:\/\/www.wallendorff.com\/belogue\/wp-content\/uploads\/2019\/08\/20190824-31-1116x744.jpg 1116w, https:\/\/www.wallendorff.com\/belogue\/wp-content\/uploads\/2019\/08\/20190824-31-806x537.jpg 806w, https:\/\/www.wallendorff.com\/belogue\/wp-content\/uploads\/2019\/08\/20190824-31-558x372.jpg 558w, https:\/\/www.wallendorff.com\/belogue\/wp-content\/uploads\/2019\/08\/20190824-31-655x437.jpg 655w, https:\/\/www.wallendorff.com\/belogue\/wp-content\/uploads\/2019\/08\/20190824-31-600x400.jpg 600w\" sizes=\"(max-width: 1170px) 100vw, 1170px\" \/><\/a>\n\t\t\t<\/div>\n\t\t\t\t<figcaption class='wp-caption-text gallery-caption' id='gallery-1-43496'>\n\t\t\t\tLe Cabaret Vert, Charleville-M\u00e9zi\u00e8res, 22\/08\/2019\n\t\t\t\t<\/figcaption><\/figure><figure class='gallery-item'>\n\t\t\t<div class='gallery-icon landscape'>\n\t\t\t\t<a href='https:\/\/www.wallendorff.com\/belogue\/2019\/08\/24\/le-cabaret-vert-2019-charleville-mezieres-jour-1\/le-cabaret-vert-charleville-mezieres-22-08-2019-26\/'><img loading=\"lazy\" decoding=\"async\" width=\"1170\" height=\"780\" src=\"https:\/\/www.wallendorff.com\/belogue\/wp-content\/uploads\/2019\/08\/20190824-32.jpg\" class=\"attachment-large size-large\" alt=\"\" aria-describedby=\"gallery-1-43497\" srcset=\"https:\/\/www.wallendorff.com\/belogue\/wp-content\/uploads\/2019\/08\/20190824-32.jpg 1170w, https:\/\/www.wallendorff.com\/belogue\/wp-content\/uploads\/2019\/08\/20190824-32-820x547.jpg 820w, https:\/\/www.wallendorff.com\/belogue\/wp-content\/uploads\/2019\/08\/20190824-32-1116x744.jpg 1116w, https:\/\/www.wallendorff.com\/belogue\/wp-content\/uploads\/2019\/08\/20190824-32-806x537.jpg 806w, https:\/\/www.wallendorff.com\/belogue\/wp-content\/uploads\/2019\/08\/20190824-32-558x372.jpg 558w, https:\/\/www.wallendorff.com\/belogue\/wp-content\/uploads\/2019\/08\/20190824-32-655x437.jpg 655w, https:\/\/www.wallendorff.com\/belogue\/wp-content\/uploads\/2019\/08\/20190824-32-600x400.jpg 600w\" sizes=\"(max-width: 1170px) 100vw, 1170px\" \/><\/a>\n\t\t\t<\/div>\n\t\t\t\t<figcaption class='wp-caption-text gallery-caption' id='gallery-1-43497'>\n\t\t\t\tLe Cabaret Vert, Charleville-M\u00e9zi\u00e8res, 22\/08\/2019\n\t\t\t\t<\/figcaption><\/figure><figure class='gallery-item'>\n\t\t\t<div class='gallery-icon landscape'>\n\t\t\t\t<a href='https:\/\/www.wallendorff.com\/belogue\/2019\/08\/24\/le-cabaret-vert-2019-charleville-mezieres-jour-1\/le-cabaret-vert-charleville-mezieres-22-08-2019-27\/'><img loading=\"lazy\" decoding=\"async\" width=\"1170\" height=\"780\" src=\"https:\/\/www.wallendorff.com\/belogue\/wp-content\/uploads\/2019\/08\/20190824-33.jpg\" class=\"attachment-large size-large\" alt=\"\" aria-describedby=\"gallery-1-43498\" srcset=\"https:\/\/www.wallendorff.com\/belogue\/wp-content\/uploads\/2019\/08\/20190824-33.jpg 1170w, https:\/\/www.wallendorff.com\/belogue\/wp-content\/uploads\/2019\/08\/20190824-33-820x547.jpg 820w, https:\/\/www.wallendorff.com\/belogue\/wp-content\/uploads\/2019\/08\/20190824-33-1116x744.jpg 1116w, https:\/\/www.wallendorff.com\/belogue\/wp-content\/uploads\/2019\/08\/20190824-33-806x537.jpg 806w, https:\/\/www.wallendorff.com\/belogue\/wp-content\/uploads\/2019\/08\/20190824-33-558x372.jpg 558w, https:\/\/www.wallendorff.com\/belogue\/wp-content\/uploads\/2019\/08\/20190824-33-655x437.jpg 655w, https:\/\/www.wallendorff.com\/belogue\/wp-content\/uploads\/2019\/08\/20190824-33-600x400.jpg 600w\" sizes=\"(max-width: 1170px) 100vw, 1170px\" \/><\/a>\n\t\t\t<\/div>\n\t\t\t\t<figcaption class='wp-caption-text gallery-caption' id='gallery-1-43498'>\n\t\t\t\tLe Cabaret Vert, Charleville-M\u00e9zi\u00e8res, 22\/08\/2019\n\t\t\t\t<\/figcaption><\/figure><figure class='gallery-item'>\n\t\t\t<div class='gallery-icon landscape'>\n\t\t\t\t<a href='https:\/\/www.wallendorff.com\/belogue\/2019\/08\/24\/le-cabaret-vert-2019-charleville-mezieres-jour-1\/ocean-alley-le-cabaret-vert-charleville-mezieres-22-08-2019\/'><img loading=\"lazy\" decoding=\"async\" width=\"1170\" height=\"780\" src=\"https:\/\/www.wallendorff.com\/belogue\/wp-content\/uploads\/2019\/08\/20190824-34.jpg\" class=\"attachment-large size-large\" alt=\"\" aria-describedby=\"gallery-1-43499\" srcset=\"https:\/\/www.wallendorff.com\/belogue\/wp-content\/uploads\/2019\/08\/20190824-34.jpg 1170w, https:\/\/www.wallendorff.com\/belogue\/wp-content\/uploads\/2019\/08\/20190824-34-820x547.jpg 820w, https:\/\/www.wallendorff.com\/belogue\/wp-content\/uploads\/2019\/08\/20190824-34-1116x744.jpg 1116w, https:\/\/www.wallendorff.com\/belogue\/wp-content\/uploads\/2019\/08\/20190824-34-806x537.jpg 806w, https:\/\/www.wallendorff.com\/belogue\/wp-content\/uploads\/2019\/08\/20190824-34-558x372.jpg 558w, https:\/\/www.wallendorff.com\/belogue\/wp-content\/uploads\/2019\/08\/20190824-34-655x437.jpg 655w, https:\/\/www.wallendorff.com\/belogue\/wp-content\/uploads\/2019\/08\/20190824-34-600x400.jpg 600w\" sizes=\"(max-width: 1170px) 100vw, 1170px\" \/><\/a>\n\t\t\t<\/div>\n\t\t\t\t<figcaption class='wp-caption-text gallery-caption' id='gallery-1-43499'>\n\t\t\t\tOcean Alley @ le Cabaret Vert, Charleville-M\u00e9zi\u00e8res, 22\/08\/2019\n\t\t\t\t<\/figcaption><\/figure><figure class='gallery-item'>\n\t\t\t<div class='gallery-icon portrait'>\n\t\t\t\t<a href='https:\/\/www.wallendorff.com\/belogue\/2019\/08\/24\/le-cabaret-vert-2019-charleville-mezieres-jour-1\/le-cabaret-vert-charleville-mezieres-22-08-2019-28\/'><img loading=\"lazy\" decoding=\"async\" width=\"780\" height=\"1170\" src=\"https:\/\/www.wallendorff.com\/belogue\/wp-content\/uploads\/2019\/08\/20190824-35.jpg\" class=\"attachment-large size-large\" alt=\"\" aria-describedby=\"gallery-1-43500\" srcset=\"https:\/\/www.wallendorff.com\/belogue\/wp-content\/uploads\/2019\/08\/20190824-35.jpg 780w, https:\/\/www.wallendorff.com\/belogue\/wp-content\/uploads\/2019\/08\/20190824-35-558x837.jpg 558w, https:\/\/www.wallendorff.com\/belogue\/wp-content\/uploads\/2019\/08\/20190824-35-655x983.jpg 655w, https:\/\/www.wallendorff.com\/belogue\/wp-content\/uploads\/2019\/08\/20190824-35-600x900.jpg 600w\" sizes=\"(max-width: 780px) 100vw, 780px\" \/><\/a>\n\t\t\t<\/div>\n\t\t\t\t<figcaption class='wp-caption-text gallery-caption' id='gallery-1-43500'>\n\t\t\t\tLe Cabaret Vert, Charleville-M\u00e9zi\u00e8res, 22\/08\/2019\n\t\t\t\t<\/figcaption><\/figure><figure class='gallery-item'>\n\t\t\t<div class='gallery-icon landscape'>\n\t\t\t\t<a href='https:\/\/www.wallendorff.com\/belogue\/2019\/08\/24\/le-cabaret-vert-2019-charleville-mezieres-jour-1\/ocean-alley-le-cabaret-vert-charleville-mezieres-22-08-2019-2\/'><img loading=\"lazy\" decoding=\"async\" width=\"1170\" height=\"780\" src=\"https:\/\/www.wallendorff.com\/belogue\/wp-content\/uploads\/2019\/08\/20190824-36.jpg\" class=\"attachment-large size-large\" alt=\"\" aria-describedby=\"gallery-1-43501\" srcset=\"https:\/\/www.wallendorff.com\/belogue\/wp-content\/uploads\/2019\/08\/20190824-36.jpg 1170w, https:\/\/www.wallendorff.com\/belogue\/wp-content\/uploads\/2019\/08\/20190824-36-820x547.jpg 820w, https:\/\/www.wallendorff.com\/belogue\/wp-content\/uploads\/2019\/08\/20190824-36-1116x744.jpg 1116w, https:\/\/www.wallendorff.com\/belogue\/wp-content\/uploads\/2019\/08\/20190824-36-806x537.jpg 806w, https:\/\/www.wallendorff.com\/belogue\/wp-content\/uploads\/2019\/08\/20190824-36-558x372.jpg 558w, https:\/\/www.wallendorff.com\/belogue\/wp-content\/uploads\/2019\/08\/20190824-36-655x437.jpg 655w, https:\/\/www.wallendorff.com\/belogue\/wp-content\/uploads\/2019\/08\/20190824-36-600x400.jpg 600w\" sizes=\"(max-width: 1170px) 100vw, 1170px\" \/><\/a>\n\t\t\t<\/div>\n\t\t\t\t<figcaption class='wp-caption-text gallery-caption' id='gallery-1-43501'>\n\t\t\t\tOcean Alley @ le Cabaret Vert, Charleville-M\u00e9zi\u00e8res, 22\/08\/2019\n\t\t\t\t<\/figcaption><\/figure><figure class='gallery-item'>\n\t\t\t<div class='gallery-icon landscape'>\n\t\t\t\t<a href='https:\/\/www.wallendorff.com\/belogue\/2019\/08\/24\/le-cabaret-vert-2019-charleville-mezieres-jour-1\/le-cabaret-vert-charleville-mezieres-22-08-2019-29\/'><img loading=\"lazy\" decoding=\"async\" width=\"1170\" height=\"780\" src=\"https:\/\/www.wallendorff.com\/belogue\/wp-content\/uploads\/2019\/08\/20190824-37.jpg\" class=\"attachment-large size-large\" alt=\"\" aria-describedby=\"gallery-1-43502\" srcset=\"https:\/\/www.wallendorff.com\/belogue\/wp-content\/uploads\/2019\/08\/20190824-37.jpg 1170w, https:\/\/www.wallendorff.com\/belogue\/wp-content\/uploads\/2019\/08\/20190824-37-820x547.jpg 820w, https:\/\/www.wallendorff.com\/belogue\/wp-content\/uploads\/2019\/08\/20190824-37-1116x744.jpg 1116w, https:\/\/www.wallendorff.com\/belogue\/wp-content\/uploads\/2019\/08\/20190824-37-806x537.jpg 806w, https:\/\/www.wallendorff.com\/belogue\/wp-content\/uploads\/2019\/08\/20190824-37-558x372.jpg 558w, https:\/\/www.wallendorff.com\/belogue\/wp-content\/uploads\/2019\/08\/20190824-37-655x437.jpg 655w, https:\/\/www.wallendorff.com\/belogue\/wp-content\/uploads\/2019\/08\/20190824-37-600x400.jpg 600w\" sizes=\"(max-width: 1170px) 100vw, 1170px\" \/><\/a>\n\t\t\t<\/div>\n\t\t\t\t<figcaption class='wp-caption-text gallery-caption' id='gallery-1-43502'>\n\t\t\t\tLe Cabaret Vert, Charleville-M\u00e9zi\u00e8res, 22\/08\/2019\n\t\t\t\t<\/figcaption><\/figure><figure class='gallery-item'>\n\t\t\t<div class='gallery-icon portrait'>\n\t\t\t\t<a href='https:\/\/www.wallendorff.com\/belogue\/2019\/08\/24\/le-cabaret-vert-2019-charleville-mezieres-jour-1\/ocean-alley-le-cabaret-vert-charleville-mezieres-22-08-2019-3\/'><img loading=\"lazy\" decoding=\"async\" width=\"780\" height=\"1170\" src=\"https:\/\/www.wallendorff.com\/belogue\/wp-content\/uploads\/2019\/08\/20190824-38.jpg\" class=\"attachment-large size-large\" alt=\"\" aria-describedby=\"gallery-1-43503\" srcset=\"https:\/\/www.wallendorff.com\/belogue\/wp-content\/uploads\/2019\/08\/20190824-38.jpg 780w, https:\/\/www.wallendorff.com\/belogue\/wp-content\/uploads\/2019\/08\/20190824-38-558x837.jpg 558w, https:\/\/www.wallendorff.com\/belogue\/wp-content\/uploads\/2019\/08\/20190824-38-655x983.jpg 655w, https:\/\/www.wallendorff.com\/belogue\/wp-content\/uploads\/2019\/08\/20190824-38-600x900.jpg 600w\" sizes=\"(max-width: 780px) 100vw, 780px\" \/><\/a>\n\t\t\t<\/div>\n\t\t\t\t<figcaption class='wp-caption-text gallery-caption' id='gallery-1-43503'>\n\t\t\t\tOcean Alley @ le Cabaret Vert, Charleville-M\u00e9zi\u00e8res, 22\/08\/2019\n\t\t\t\t<\/figcaption><\/figure><figure class='gallery-item'>\n\t\t\t<div class='gallery-icon landscape'>\n\t\t\t\t<a href='https:\/\/www.wallendorff.com\/belogue\/2019\/08\/24\/le-cabaret-vert-2019-charleville-mezieres-jour-1\/ocean-alley-le-cabaret-vert-charleville-mezieres-22-08-2019-4\/'><img loading=\"lazy\" decoding=\"async\" width=\"1170\" height=\"780\" src=\"https:\/\/www.wallendorff.com\/belogue\/wp-content\/uploads\/2019\/08\/20190824-39.jpg\" class=\"attachment-large size-large\" alt=\"\" aria-describedby=\"gallery-1-43504\" srcset=\"https:\/\/www.wallendorff.com\/belogue\/wp-content\/uploads\/2019\/08\/20190824-39.jpg 1170w, https:\/\/www.wallendorff.com\/belogue\/wp-content\/uploads\/2019\/08\/20190824-39-820x547.jpg 820w, https:\/\/www.wallendorff.com\/belogue\/wp-content\/uploads\/2019\/08\/20190824-39-1116x744.jpg 1116w, https:\/\/www.wallendorff.com\/belogue\/wp-content\/uploads\/2019\/08\/20190824-39-806x537.jpg 806w, https:\/\/www.wallendorff.com\/belogue\/wp-content\/uploads\/2019\/08\/20190824-39-558x372.jpg 558w, https:\/\/www.wallendorff.com\/belogue\/wp-content\/uploads\/2019\/08\/20190824-39-655x437.jpg 655w, https:\/\/www.wallendorff.com\/belogue\/wp-content\/uploads\/2019\/08\/20190824-39-600x400.jpg 600w\" sizes=\"(max-width: 1170px) 100vw, 1170px\" \/><\/a>\n\t\t\t<\/div>\n\t\t\t\t<figcaption class='wp-caption-text gallery-caption' id='gallery-1-43504'>\n\t\t\t\tOcean Alley @ le Cabaret Vert, Charleville-M\u00e9zi\u00e8res, 22\/08\/2019\n\t\t\t\t<\/figcaption><\/figure><figure class='gallery-item'>\n\t\t\t<div class='gallery-icon portrait'>\n\t\t\t\t<a href='https:\/\/www.wallendorff.com\/belogue\/2019\/08\/24\/le-cabaret-vert-2019-charleville-mezieres-jour-1\/le-cabaret-vert-charleville-mezieres-22-08-2019-30\/'><img loading=\"lazy\" decoding=\"async\" width=\"780\" height=\"1170\" src=\"https:\/\/www.wallendorff.com\/belogue\/wp-content\/uploads\/2019\/08\/20190824-40.jpg\" class=\"attachment-large size-large\" alt=\"\" aria-describedby=\"gallery-1-43505\" srcset=\"https:\/\/www.wallendorff.com\/belogue\/wp-content\/uploads\/2019\/08\/20190824-40.jpg 780w, https:\/\/www.wallendorff.com\/belogue\/wp-content\/uploads\/2019\/08\/20190824-40-558x837.jpg 558w, https:\/\/www.wallendorff.com\/belogue\/wp-content\/uploads\/2019\/08\/20190824-40-655x983.jpg 655w, https:\/\/www.wallendorff.com\/belogue\/wp-content\/uploads\/2019\/08\/20190824-40-600x900.jpg 600w\" sizes=\"(max-width: 780px) 100vw, 780px\" \/><\/a>\n\t\t\t<\/div>\n\t\t\t\t<figcaption class='wp-caption-text gallery-caption' id='gallery-1-43505'>\n\t\t\t\tLe Cabaret Vert, Charleville-M\u00e9zi\u00e8res, 22\/08\/2019\n\t\t\t\t<\/figcaption><\/figure><figure class='gallery-item'>\n\t\t\t<div class='gallery-icon landscape'>\n\t\t\t\t<a href='https:\/\/www.wallendorff.com\/belogue\/2019\/08\/24\/le-cabaret-vert-2019-charleville-mezieres-jour-1\/le-cabaret-vert-charleville-mezieres-22-08-2019-31\/'><img loading=\"lazy\" decoding=\"async\" width=\"1170\" height=\"780\" src=\"https:\/\/www.wallendorff.com\/belogue\/wp-content\/uploads\/2019\/08\/20190824-41.jpg\" class=\"attachment-large size-large\" alt=\"\" aria-describedby=\"gallery-1-43506\" srcset=\"https:\/\/www.wallendorff.com\/belogue\/wp-content\/uploads\/2019\/08\/20190824-41.jpg 1170w, https:\/\/www.wallendorff.com\/belogue\/wp-content\/uploads\/2019\/08\/20190824-41-820x547.jpg 820w, https:\/\/www.wallendorff.com\/belogue\/wp-content\/uploads\/2019\/08\/20190824-41-1116x744.jpg 1116w, https:\/\/www.wallendorff.com\/belogue\/wp-content\/uploads\/2019\/08\/20190824-41-806x537.jpg 806w, https:\/\/www.wallendorff.com\/belogue\/wp-content\/uploads\/2019\/08\/20190824-41-558x372.jpg 558w, https:\/\/www.wallendorff.com\/belogue\/wp-content\/uploads\/2019\/08\/20190824-41-655x437.jpg 655w, https:\/\/www.wallendorff.com\/belogue\/wp-content\/uploads\/2019\/08\/20190824-41-600x400.jpg 600w\" sizes=\"(max-width: 1170px) 100vw, 1170px\" \/><\/a>\n\t\t\t<\/div>\n\t\t\t\t<figcaption class='wp-caption-text gallery-caption' id='gallery-1-43506'>\n\t\t\t\tLe Cabaret Vert, Charleville-M\u00e9zi\u00e8res, 22\/08\/2019\n\t\t\t\t<\/figcaption><\/figure><figure class='gallery-item'>\n\t\t\t<div class='gallery-icon landscape'>\n\t\t\t\t<a href='https:\/\/www.wallendorff.com\/belogue\/2019\/08\/24\/le-cabaret-vert-2019-charleville-mezieres-jour-1\/prophets-of-rage-le-cabaret-vert-charleville-mezieres-22-08-2019\/'><img loading=\"lazy\" decoding=\"async\" width=\"1170\" height=\"780\" src=\"https:\/\/www.wallendorff.com\/belogue\/wp-content\/uploads\/2019\/08\/20190824-42.jpg\" class=\"attachment-large size-large\" alt=\"\" aria-describedby=\"gallery-1-43507\" srcset=\"https:\/\/www.wallendorff.com\/belogue\/wp-content\/uploads\/2019\/08\/20190824-42.jpg 1170w, https:\/\/www.wallendorff.com\/belogue\/wp-content\/uploads\/2019\/08\/20190824-42-820x547.jpg 820w, https:\/\/www.wallendorff.com\/belogue\/wp-content\/uploads\/2019\/08\/20190824-42-1116x744.jpg 1116w, https:\/\/www.wallendorff.com\/belogue\/wp-content\/uploads\/2019\/08\/20190824-42-806x537.jpg 806w, https:\/\/www.wallendorff.com\/belogue\/wp-content\/uploads\/2019\/08\/20190824-42-558x372.jpg 558w, https:\/\/www.wallendorff.com\/belogue\/wp-content\/uploads\/2019\/08\/20190824-42-655x437.jpg 655w, https:\/\/www.wallendorff.com\/belogue\/wp-content\/uploads\/2019\/08\/20190824-42-600x400.jpg 600w\" sizes=\"(max-width: 1170px) 100vw, 1170px\" \/><\/a>\n\t\t\t<\/div>\n\t\t\t\t<figcaption class='wp-caption-text gallery-caption' id='gallery-1-43507'>\n\t\t\t\tProphets of Rage @ le Cabaret Vert, Charleville-M\u00e9zi\u00e8res, 22\/08\/2019\n\t\t\t\t<\/figcaption><\/figure><figure class='gallery-item'>\n\t\t\t<div class='gallery-icon landscape'>\n\t\t\t\t<a href='https:\/\/www.wallendorff.com\/belogue\/2019\/08\/24\/le-cabaret-vert-2019-charleville-mezieres-jour-1\/le-cabaret-vert-charleville-mezieres-22-08-2019-32\/'><img loading=\"lazy\" decoding=\"async\" width=\"1170\" height=\"780\" src=\"https:\/\/www.wallendorff.com\/belogue\/wp-content\/uploads\/2019\/08\/20190824-43.jpg\" class=\"attachment-large size-large\" alt=\"\" aria-describedby=\"gallery-1-43508\" srcset=\"https:\/\/www.wallendorff.com\/belogue\/wp-content\/uploads\/2019\/08\/20190824-43.jpg 1170w, https:\/\/www.wallendorff.com\/belogue\/wp-content\/uploads\/2019\/08\/20190824-43-820x547.jpg 820w, https:\/\/www.wallendorff.com\/belogue\/wp-content\/uploads\/2019\/08\/20190824-43-1116x744.jpg 1116w, https:\/\/www.wallendorff.com\/belogue\/wp-content\/uploads\/2019\/08\/20190824-43-806x537.jpg 806w, https:\/\/www.wallendorff.com\/belogue\/wp-content\/uploads\/2019\/08\/20190824-43-558x372.jpg 558w, https:\/\/www.wallendorff.com\/belogue\/wp-content\/uploads\/2019\/08\/20190824-43-655x437.jpg 655w, https:\/\/www.wallendorff.com\/belogue\/wp-content\/uploads\/2019\/08\/20190824-43-600x400.jpg 600w\" sizes=\"(max-width: 1170px) 100vw, 1170px\" \/><\/a>\n\t\t\t<\/div>\n\t\t\t\t<figcaption class='wp-caption-text gallery-caption' id='gallery-1-43508'>\n\t\t\t\tLe Cabaret Vert, Charleville-M\u00e9zi\u00e8res, 22\/08\/2019\n\t\t\t\t<\/figcaption><\/figure><figure class='gallery-item'>\n\t\t\t<div class='gallery-icon portrait'>\n\t\t\t\t<a href='https:\/\/www.wallendorff.com\/belogue\/2019\/08\/24\/le-cabaret-vert-2019-charleville-mezieres-jour-1\/prophets-of-rage-le-cabaret-vert-charleville-mezieres-22-08-2019-2\/'><img loading=\"lazy\" decoding=\"async\" width=\"780\" height=\"1170\" src=\"https:\/\/www.wallendorff.com\/belogue\/wp-content\/uploads\/2019\/08\/20190824-44.jpg\" class=\"attachment-large size-large\" alt=\"\" aria-describedby=\"gallery-1-43509\" srcset=\"https:\/\/www.wallendorff.com\/belogue\/wp-content\/uploads\/2019\/08\/20190824-44.jpg 780w, https:\/\/www.wallendorff.com\/belogue\/wp-content\/uploads\/2019\/08\/20190824-44-558x837.jpg 558w, https:\/\/www.wallendorff.com\/belogue\/wp-content\/uploads\/2019\/08\/20190824-44-655x983.jpg 655w, https:\/\/www.wallendorff.com\/belogue\/wp-content\/uploads\/2019\/08\/20190824-44-600x900.jpg 600w\" sizes=\"(max-width: 780px) 100vw, 780px\" \/><\/a>\n\t\t\t<\/div>\n\t\t\t\t<figcaption class='wp-caption-text gallery-caption' id='gallery-1-43509'>\n\t\t\t\tProphets of Rage @ le Cabaret Vert, Charleville-M\u00e9zi\u00e8res, 22\/08\/2019\n\t\t\t\t<\/figcaption><\/figure><figure class='gallery-item'>\n\t\t\t<div class='gallery-icon landscape'>\n\t\t\t\t<a href='https:\/\/www.wallendorff.com\/belogue\/2019\/08\/24\/le-cabaret-vert-2019-charleville-mezieres-jour-1\/le-cabaret-vert-charleville-mezieres-22-08-2019-33\/'><img loading=\"lazy\" decoding=\"async\" width=\"1170\" height=\"780\" src=\"https:\/\/www.wallendorff.com\/belogue\/wp-content\/uploads\/2019\/08\/20190824-45.jpg\" class=\"attachment-large size-large\" alt=\"\" aria-describedby=\"gallery-1-43510\" srcset=\"https:\/\/www.wallendorff.com\/belogue\/wp-content\/uploads\/2019\/08\/20190824-45.jpg 1170w, https:\/\/www.wallendorff.com\/belogue\/wp-content\/uploads\/2019\/08\/20190824-45-820x547.jpg 820w, https:\/\/www.wallendorff.com\/belogue\/wp-content\/uploads\/2019\/08\/20190824-45-1116x744.jpg 1116w, https:\/\/www.wallendorff.com\/belogue\/wp-content\/uploads\/2019\/08\/20190824-45-806x537.jpg 806w, https:\/\/www.wallendorff.com\/belogue\/wp-content\/uploads\/2019\/08\/20190824-45-558x372.jpg 558w, https:\/\/www.wallendorff.com\/belogue\/wp-content\/uploads\/2019\/08\/20190824-45-655x437.jpg 655w, https:\/\/www.wallendorff.com\/belogue\/wp-content\/uploads\/2019\/08\/20190824-45-600x400.jpg 600w\" sizes=\"(max-width: 1170px) 100vw, 1170px\" \/><\/a>\n\t\t\t<\/div>\n\t\t\t\t<figcaption class='wp-caption-text gallery-caption' id='gallery-1-43510'>\n\t\t\t\tLe Cabaret Vert, Charleville-M\u00e9zi\u00e8res, 22\/08\/2019\n\t\t\t\t<\/figcaption><\/figure><figure class='gallery-item'>\n\t\t\t<div class='gallery-icon landscape'>\n\t\t\t\t<a href='https:\/\/www.wallendorff.com\/belogue\/2019\/08\/24\/le-cabaret-vert-2019-charleville-mezieres-jour-1\/prophets-of-rage-le-cabaret-vert-charleville-mezieres-22-08-2019-3\/'><img loading=\"lazy\" decoding=\"async\" width=\"1170\" height=\"780\" src=\"https:\/\/www.wallendorff.com\/belogue\/wp-content\/uploads\/2019\/08\/20190824-46.jpg\" class=\"attachment-large size-large\" alt=\"\" aria-describedby=\"gallery-1-43511\" srcset=\"https:\/\/www.wallendorff.com\/belogue\/wp-content\/uploads\/2019\/08\/20190824-46.jpg 1170w, https:\/\/www.wallendorff.com\/belogue\/wp-content\/uploads\/2019\/08\/20190824-46-820x547.jpg 820w, https:\/\/www.wallendorff.com\/belogue\/wp-content\/uploads\/2019\/08\/20190824-46-1116x744.jpg 1116w, https:\/\/www.wallendorff.com\/belogue\/wp-content\/uploads\/2019\/08\/20190824-46-806x537.jpg 806w, https:\/\/www.wallendorff.com\/belogue\/wp-content\/uploads\/2019\/08\/20190824-46-558x372.jpg 558w, https:\/\/www.wallendorff.com\/belogue\/wp-content\/uploads\/2019\/08\/20190824-46-655x437.jpg 655w, https:\/\/www.wallendorff.com\/belogue\/wp-content\/uploads\/2019\/08\/20190824-46-600x400.jpg 600w\" sizes=\"(max-width: 1170px) 100vw, 1170px\" \/><\/a>\n\t\t\t<\/div>\n\t\t\t\t<figcaption class='wp-caption-text gallery-caption' id='gallery-1-43511'>\n\t\t\t\tProphets of Rage @ le Cabaret Vert, Charleville-M\u00e9zi\u00e8res, 22\/08\/2019\n\t\t\t\t<\/figcaption><\/figure><figure class='gallery-item'>\n\t\t\t<div class='gallery-icon landscape'>\n\t\t\t\t<a href='https:\/\/www.wallendorff.com\/belogue\/2019\/08\/24\/le-cabaret-vert-2019-charleville-mezieres-jour-1\/le-cabaret-vert-charleville-mezieres-22-08-2019-34\/'><img loading=\"lazy\" decoding=\"async\" width=\"1170\" height=\"780\" src=\"https:\/\/www.wallendorff.com\/belogue\/wp-content\/uploads\/2019\/08\/20190824-47.jpg\" class=\"attachment-large size-large\" alt=\"\" aria-describedby=\"gallery-1-43512\" srcset=\"https:\/\/www.wallendorff.com\/belogue\/wp-content\/uploads\/2019\/08\/20190824-47.jpg 1170w, https:\/\/www.wallendorff.com\/belogue\/wp-content\/uploads\/2019\/08\/20190824-47-820x547.jpg 820w, https:\/\/www.wallendorff.com\/belogue\/wp-content\/uploads\/2019\/08\/20190824-47-1116x744.jpg 1116w, https:\/\/www.wallendorff.com\/belogue\/wp-content\/uploads\/2019\/08\/20190824-47-806x537.jpg 806w, https:\/\/www.wallendorff.com\/belogue\/wp-content\/uploads\/2019\/08\/20190824-47-558x372.jpg 558w, https:\/\/www.wallendorff.com\/belogue\/wp-content\/uploads\/2019\/08\/20190824-47-655x437.jpg 655w, https:\/\/www.wallendorff.com\/belogue\/wp-content\/uploads\/2019\/08\/20190824-47-600x400.jpg 600w\" sizes=\"(max-width: 1170px) 100vw, 1170px\" \/><\/a>\n\t\t\t<\/div>\n\t\t\t\t<figcaption class='wp-caption-text gallery-caption' id='gallery-1-43512'>\n\t\t\t\tLe Cabaret Vert, Charleville-M\u00e9zi\u00e8res, 22\/08\/2019\n\t\t\t\t<\/figcaption><\/figure><figure class='gallery-item'>\n\t\t\t<div class='gallery-icon portrait'>\n\t\t\t\t<a href='https:\/\/www.wallendorff.com\/belogue\/2019\/08\/24\/le-cabaret-vert-2019-charleville-mezieres-jour-1\/prophets-of-rage-le-cabaret-vert-charleville-mezieres-22-08-2019-4\/'><img loading=\"lazy\" decoding=\"async\" width=\"780\" height=\"1170\" src=\"https:\/\/www.wallendorff.com\/belogue\/wp-content\/uploads\/2019\/08\/20190824-48.jpg\" class=\"attachment-large size-large\" alt=\"\" aria-describedby=\"gallery-1-43513\" srcset=\"https:\/\/www.wallendorff.com\/belogue\/wp-content\/uploads\/2019\/08\/20190824-48.jpg 780w, https:\/\/www.wallendorff.com\/belogue\/wp-content\/uploads\/2019\/08\/20190824-48-558x837.jpg 558w, https:\/\/www.wallendorff.com\/belogue\/wp-content\/uploads\/2019\/08\/20190824-48-655x983.jpg 655w, https:\/\/www.wallendorff.com\/belogue\/wp-content\/uploads\/2019\/08\/20190824-48-600x900.jpg 600w\" sizes=\"(max-width: 780px) 100vw, 780px\" \/><\/a>\n\t\t\t<\/div>\n\t\t\t\t<figcaption class='wp-caption-text gallery-caption' id='gallery-1-43513'>\n\t\t\t\tProphets of Rage @ le Cabaret Vert, Charleville-M\u00e9zi\u00e8res, 22\/08\/2019\n\t\t\t\t<\/figcaption><\/figure><figure class='gallery-item'>\n\t\t\t<div class='gallery-icon landscape'>\n\t\t\t\t<a href='https:\/\/www.wallendorff.com\/belogue\/2019\/08\/24\/le-cabaret-vert-2019-charleville-mezieres-jour-1\/le-cabaret-vert-charleville-mezieres-22-08-2019-35\/'><img loading=\"lazy\" decoding=\"async\" width=\"1170\" height=\"780\" src=\"https:\/\/www.wallendorff.com\/belogue\/wp-content\/uploads\/2019\/08\/20190824-49.jpg\" class=\"attachment-large size-large\" alt=\"\" aria-describedby=\"gallery-1-43514\" srcset=\"https:\/\/www.wallendorff.com\/belogue\/wp-content\/uploads\/2019\/08\/20190824-49.jpg 1170w, https:\/\/www.wallendorff.com\/belogue\/wp-content\/uploads\/2019\/08\/20190824-49-820x547.jpg 820w, https:\/\/www.wallendorff.com\/belogue\/wp-content\/uploads\/2019\/08\/20190824-49-1116x744.jpg 1116w, https:\/\/www.wallendorff.com\/belogue\/wp-content\/uploads\/2019\/08\/20190824-49-806x537.jpg 806w, https:\/\/www.wallendorff.com\/belogue\/wp-content\/uploads\/2019\/08\/20190824-49-558x372.jpg 558w, https:\/\/www.wallendorff.com\/belogue\/wp-content\/uploads\/2019\/08\/20190824-49-655x437.jpg 655w, https:\/\/www.wallendorff.com\/belogue\/wp-content\/uploads\/2019\/08\/20190824-49-600x400.jpg 600w\" sizes=\"(max-width: 1170px) 100vw, 1170px\" \/><\/a>\n\t\t\t<\/div>\n\t\t\t\t<figcaption class='wp-caption-text gallery-caption' id='gallery-1-43514'>\n\t\t\t\tLe Cabaret Vert, Charleville-M\u00e9zi\u00e8res, 22\/08\/2019\n\t\t\t\t<\/figcaption><\/figure><figure class='gallery-item'>\n\t\t\t<div class='gallery-icon portrait'>\n\t\t\t\t<a href='https:\/\/www.wallendorff.com\/belogue\/2019\/08\/24\/le-cabaret-vert-2019-charleville-mezieres-jour-1\/prophets-of-rage-le-cabaret-vert-charleville-mezieres-22-08-2019-5\/'><img loading=\"lazy\" decoding=\"async\" width=\"780\" height=\"1170\" src=\"https:\/\/www.wallendorff.com\/belogue\/wp-content\/uploads\/2019\/08\/20190824-50.jpg\" class=\"attachment-large size-large\" alt=\"\" aria-describedby=\"gallery-1-43515\" srcset=\"https:\/\/www.wallendorff.com\/belogue\/wp-content\/uploads\/2019\/08\/20190824-50.jpg 780w, https:\/\/www.wallendorff.com\/belogue\/wp-content\/uploads\/2019\/08\/20190824-50-558x837.jpg 558w, https:\/\/www.wallendorff.com\/belogue\/wp-content\/uploads\/2019\/08\/20190824-50-655x983.jpg 655w, https:\/\/www.wallendorff.com\/belogue\/wp-content\/uploads\/2019\/08\/20190824-50-600x900.jpg 600w\" sizes=\"(max-width: 780px) 100vw, 780px\" \/><\/a>\n\t\t\t<\/div>\n\t\t\t\t<figcaption class='wp-caption-text gallery-caption' id='gallery-1-43515'>\n\t\t\t\tProphets of Rage @ le Cabaret Vert, Charleville-M\u00e9zi\u00e8res, 22\/08\/2019\n\t\t\t\t<\/figcaption><\/figure><figure class='gallery-item'>\n\t\t\t<div class='gallery-icon landscape'>\n\t\t\t\t<a href='https:\/\/www.wallendorff.com\/belogue\/2019\/08\/24\/le-cabaret-vert-2019-charleville-mezieres-jour-1\/le-cabaret-vert-charleville-mezieres-22-08-2019-36\/'><img loading=\"lazy\" decoding=\"async\" width=\"1170\" height=\"780\" src=\"https:\/\/www.wallendorff.com\/belogue\/wp-content\/uploads\/2019\/08\/20190824-51.jpg\" class=\"attachment-large size-large\" alt=\"\" aria-describedby=\"gallery-1-43516\" srcset=\"https:\/\/www.wallendorff.com\/belogue\/wp-content\/uploads\/2019\/08\/20190824-51.jpg 1170w, https:\/\/www.wallendorff.com\/belogue\/wp-content\/uploads\/2019\/08\/20190824-51-820x547.jpg 820w, https:\/\/www.wallendorff.com\/belogue\/wp-content\/uploads\/2019\/08\/20190824-51-1116x744.jpg 1116w, https:\/\/www.wallendorff.com\/belogue\/wp-content\/uploads\/2019\/08\/20190824-51-806x537.jpg 806w, https:\/\/www.wallendorff.com\/belogue\/wp-content\/uploads\/2019\/08\/20190824-51-558x372.jpg 558w, https:\/\/www.wallendorff.com\/belogue\/wp-content\/uploads\/2019\/08\/20190824-51-655x437.jpg 655w, https:\/\/www.wallendorff.com\/belogue\/wp-content\/uploads\/2019\/08\/20190824-51-600x400.jpg 600w\" sizes=\"(max-width: 1170px) 100vw, 1170px\" \/><\/a>\n\t\t\t<\/div>\n\t\t\t\t<figcaption class='wp-caption-text gallery-caption' id='gallery-1-43516'>\n\t\t\t\tLe Cabaret Vert, Charleville-M\u00e9zi\u00e8res, 22\/08\/2019\n\t\t\t\t<\/figcaption><\/figure><figure class='gallery-item'>\n\t\t\t<div class='gallery-icon portrait'>\n\t\t\t\t<a href='https:\/\/www.wallendorff.com\/belogue\/2019\/08\/24\/le-cabaret-vert-2019-charleville-mezieres-jour-1\/prophets-of-rage-le-cabaret-vert-charleville-mezieres-22-08-2019-6\/'><img loading=\"lazy\" decoding=\"async\" width=\"780\" height=\"1170\" src=\"https:\/\/www.wallendorff.com\/belogue\/wp-content\/uploads\/2019\/08\/20190824-52.jpg\" class=\"attachment-large size-large\" alt=\"\" aria-describedby=\"gallery-1-43517\" srcset=\"https:\/\/www.wallendorff.com\/belogue\/wp-content\/uploads\/2019\/08\/20190824-52.jpg 780w, https:\/\/www.wallendorff.com\/belogue\/wp-content\/uploads\/2019\/08\/20190824-52-558x837.jpg 558w, https:\/\/www.wallendorff.com\/belogue\/wp-content\/uploads\/2019\/08\/20190824-52-655x983.jpg 655w, https:\/\/www.wallendorff.com\/belogue\/wp-content\/uploads\/2019\/08\/20190824-52-600x900.jpg 600w\" sizes=\"(max-width: 780px) 100vw, 780px\" \/><\/a>\n\t\t\t<\/div>\n\t\t\t\t<figcaption class='wp-caption-text gallery-caption' id='gallery-1-43517'>\n\t\t\t\tProphets of Rage @ le Cabaret Vert, Charleville-M\u00e9zi\u00e8res, 22\/08\/2019\n\t\t\t\t<\/figcaption><\/figure><figure class='gallery-item'>\n\t\t\t<div class='gallery-icon landscape'>\n\t\t\t\t<a href='https:\/\/www.wallendorff.com\/belogue\/2019\/08\/24\/le-cabaret-vert-2019-charleville-mezieres-jour-1\/le-cabaret-vert-charleville-mezieres-22-08-2019-37\/'><img loading=\"lazy\" decoding=\"async\" width=\"1170\" height=\"780\" src=\"https:\/\/www.wallendorff.com\/belogue\/wp-content\/uploads\/2019\/08\/20190824-53.jpg\" class=\"attachment-large size-large\" alt=\"\" aria-describedby=\"gallery-1-43518\" srcset=\"https:\/\/www.wallendorff.com\/belogue\/wp-content\/uploads\/2019\/08\/20190824-53.jpg 1170w, https:\/\/www.wallendorff.com\/belogue\/wp-content\/uploads\/2019\/08\/20190824-53-820x547.jpg 820w, https:\/\/www.wallendorff.com\/belogue\/wp-content\/uploads\/2019\/08\/20190824-53-1116x744.jpg 1116w, https:\/\/www.wallendorff.com\/belogue\/wp-content\/uploads\/2019\/08\/20190824-53-806x537.jpg 806w, https:\/\/www.wallendorff.com\/belogue\/wp-content\/uploads\/2019\/08\/20190824-53-558x372.jpg 558w, https:\/\/www.wallendorff.com\/belogue\/wp-content\/uploads\/2019\/08\/20190824-53-655x437.jpg 655w, https:\/\/www.wallendorff.com\/belogue\/wp-content\/uploads\/2019\/08\/20190824-53-600x400.jpg 600w\" sizes=\"(max-width: 1170px) 100vw, 1170px\" \/><\/a>\n\t\t\t<\/div>\n\t\t\t\t<figcaption class='wp-caption-text gallery-caption' id='gallery-1-43518'>\n\t\t\t\tLe Cabaret Vert, Charleville-M\u00e9zi\u00e8res, 22\/08\/2019\n\t\t\t\t<\/figcaption><\/figure><figure class='gallery-item'>\n\t\t\t<div class='gallery-icon landscape'>\n\t\t\t\t<a href='https:\/\/www.wallendorff.com\/belogue\/2019\/08\/24\/le-cabaret-vert-2019-charleville-mezieres-jour-1\/prophets-of-rage-le-cabaret-vert-charleville-mezieres-22-08-2019-7\/'><img loading=\"lazy\" decoding=\"async\" width=\"1170\" height=\"780\" src=\"https:\/\/www.wallendorff.com\/belogue\/wp-content\/uploads\/2019\/08\/20190824-54.jpg\" class=\"attachment-large size-large\" alt=\"\" aria-describedby=\"gallery-1-43519\" srcset=\"https:\/\/www.wallendorff.com\/belogue\/wp-content\/uploads\/2019\/08\/20190824-54.jpg 1170w, https:\/\/www.wallendorff.com\/belogue\/wp-content\/uploads\/2019\/08\/20190824-54-820x547.jpg 820w, https:\/\/www.wallendorff.com\/belogue\/wp-content\/uploads\/2019\/08\/20190824-54-1116x744.jpg 1116w, https:\/\/www.wallendorff.com\/belogue\/wp-content\/uploads\/2019\/08\/20190824-54-806x537.jpg 806w, https:\/\/www.wallendorff.com\/belogue\/wp-content\/uploads\/2019\/08\/20190824-54-558x372.jpg 558w, https:\/\/www.wallendorff.com\/belogue\/wp-content\/uploads\/2019\/08\/20190824-54-655x437.jpg 655w, https:\/\/www.wallendorff.com\/belogue\/wp-content\/uploads\/2019\/08\/20190824-54-600x400.jpg 600w\" sizes=\"(max-width: 1170px) 100vw, 1170px\" \/><\/a>\n\t\t\t<\/div>\n\t\t\t\t<figcaption class='wp-caption-text gallery-caption' id='gallery-1-43519'>\n\t\t\t\tProphets of Rage @ le Cabaret Vert, Charleville-M\u00e9zi\u00e8res, 22\/08\/2019\n\t\t\t\t<\/figcaption><\/figure><figure class='gallery-item'>\n\t\t\t<div class='gallery-icon landscape'>\n\t\t\t\t<a href='https:\/\/www.wallendorff.com\/belogue\/2019\/08\/24\/le-cabaret-vert-2019-charleville-mezieres-jour-1\/le-cabaret-vert-charleville-mezieres-22-08-2019-38\/'><img loading=\"lazy\" decoding=\"async\" width=\"1170\" height=\"780\" src=\"https:\/\/www.wallendorff.com\/belogue\/wp-content\/uploads\/2019\/08\/20190824-55.jpg\" class=\"attachment-large size-large\" alt=\"\" aria-describedby=\"gallery-1-43520\" srcset=\"https:\/\/www.wallendorff.com\/belogue\/wp-content\/uploads\/2019\/08\/20190824-55.jpg 1170w, https:\/\/www.wallendorff.com\/belogue\/wp-content\/uploads\/2019\/08\/20190824-55-820x547.jpg 820w, https:\/\/www.wallendorff.com\/belogue\/wp-content\/uploads\/2019\/08\/20190824-55-1116x744.jpg 1116w, https:\/\/www.wallendorff.com\/belogue\/wp-content\/uploads\/2019\/08\/20190824-55-806x537.jpg 806w, https:\/\/www.wallendorff.com\/belogue\/wp-content\/uploads\/2019\/08\/20190824-55-558x372.jpg 558w, https:\/\/www.wallendorff.com\/belogue\/wp-content\/uploads\/2019\/08\/20190824-55-655x437.jpg 655w, https:\/\/www.wallendorff.com\/belogue\/wp-content\/uploads\/2019\/08\/20190824-55-600x400.jpg 600w\" sizes=\"(max-width: 1170px) 100vw, 1170px\" \/><\/a>\n\t\t\t<\/div>\n\t\t\t\t<figcaption class='wp-caption-text gallery-caption' id='gallery-1-43520'>\n\t\t\t\tLe Cabaret Vert, Charleville-M\u00e9zi\u00e8res, 22\/08\/2019\n\t\t\t\t<\/figcaption><\/figure><figure class='gallery-item'>\n\t\t\t<div class='gallery-icon landscape'>\n\t\t\t\t<a href='https:\/\/www.wallendorff.com\/belogue\/2019\/08\/24\/le-cabaret-vert-2019-charleville-mezieres-jour-1\/prophets-of-rage-le-cabaret-vert-charleville-mezieres-22-08-2019-8\/'><img loading=\"lazy\" decoding=\"async\" width=\"1170\" height=\"780\" src=\"https:\/\/www.wallendorff.com\/belogue\/wp-content\/uploads\/2019\/08\/20190824-56.jpg\" class=\"attachment-large size-large\" alt=\"\" aria-describedby=\"gallery-1-43521\" srcset=\"https:\/\/www.wallendorff.com\/belogue\/wp-content\/uploads\/2019\/08\/20190824-56.jpg 1170w, https:\/\/www.wallendorff.com\/belogue\/wp-content\/uploads\/2019\/08\/20190824-56-820x547.jpg 820w, https:\/\/www.wallendorff.com\/belogue\/wp-content\/uploads\/2019\/08\/20190824-56-1116x744.jpg 1116w, https:\/\/www.wallendorff.com\/belogue\/wp-content\/uploads\/2019\/08\/20190824-56-806x537.jpg 806w, https:\/\/www.wallendorff.com\/belogue\/wp-content\/uploads\/2019\/08\/20190824-56-558x372.jpg 558w, https:\/\/www.wallendorff.com\/belogue\/wp-content\/uploads\/2019\/08\/20190824-56-655x437.jpg 655w, https:\/\/www.wallendorff.com\/belogue\/wp-content\/uploads\/2019\/08\/20190824-56-600x400.jpg 600w\" sizes=\"(max-width: 1170px) 100vw, 1170px\" \/><\/a>\n\t\t\t<\/div>\n\t\t\t\t<figcaption class='wp-caption-text gallery-caption' id='gallery-1-43521'>\n\t\t\t\tProphets of Rage @ le Cabaret Vert, Charleville-M\u00e9zi\u00e8res, 22\/08\/2019\n\t\t\t\t<\/figcaption><\/figure><figure class='gallery-item'>\n\t\t\t<div class='gallery-icon landscape'>\n\t\t\t\t<a href='https:\/\/www.wallendorff.com\/belogue\/2019\/08\/24\/le-cabaret-vert-2019-charleville-mezieres-jour-1\/prophets-of-rage-le-cabaret-vert-charleville-mezieres-22-08-2019-9\/'><img loading=\"lazy\" decoding=\"async\" width=\"1170\" height=\"780\" src=\"https:\/\/www.wallendorff.com\/belogue\/wp-content\/uploads\/2019\/08\/20190824-57.jpg\" class=\"attachment-large size-large\" alt=\"\" aria-describedby=\"gallery-1-43522\" srcset=\"https:\/\/www.wallendorff.com\/belogue\/wp-content\/uploads\/2019\/08\/20190824-57.jpg 1170w, https:\/\/www.wallendorff.com\/belogue\/wp-content\/uploads\/2019\/08\/20190824-57-820x547.jpg 820w, https:\/\/www.wallendorff.com\/belogue\/wp-content\/uploads\/2019\/08\/20190824-57-1116x744.jpg 1116w, https:\/\/www.wallendorff.com\/belogue\/wp-content\/uploads\/2019\/08\/20190824-57-806x537.jpg 806w, https:\/\/www.wallendorff.com\/belogue\/wp-content\/uploads\/2019\/08\/20190824-57-558x372.jpg 558w, https:\/\/www.wallendorff.com\/belogue\/wp-content\/uploads\/2019\/08\/20190824-57-655x437.jpg 655w, https:\/\/www.wallendorff.com\/belogue\/wp-content\/uploads\/2019\/08\/20190824-57-600x400.jpg 600w\" sizes=\"(max-width: 1170px) 100vw, 1170px\" \/><\/a>\n\t\t\t<\/div>\n\t\t\t\t<figcaption class='wp-caption-text gallery-caption' id='gallery-1-43522'>\n\t\t\t\tProphets of Rage @ le Cabaret Vert, Charleville-M\u00e9zi\u00e8res, 22\/08\/2019\n\t\t\t\t<\/figcaption><\/figure><figure class='gallery-item'>\n\t\t\t<div class='gallery-icon landscape'>\n\t\t\t\t<a href='https:\/\/www.wallendorff.com\/belogue\/2019\/08\/24\/le-cabaret-vert-2019-charleville-mezieres-jour-1\/le-cabaret-vert-charleville-mezieres-22-08-2019-39\/'><img loading=\"lazy\" decoding=\"async\" width=\"1170\" height=\"780\" src=\"https:\/\/www.wallendorff.com\/belogue\/wp-content\/uploads\/2019\/08\/20190824-58.jpg\" class=\"attachment-large size-large\" alt=\"\" aria-describedby=\"gallery-1-43523\" srcset=\"https:\/\/www.wallendorff.com\/belogue\/wp-content\/uploads\/2019\/08\/20190824-58.jpg 1170w, https:\/\/www.wallendorff.com\/belogue\/wp-content\/uploads\/2019\/08\/20190824-58-820x547.jpg 820w, https:\/\/www.wallendorff.com\/belogue\/wp-content\/uploads\/2019\/08\/20190824-58-1116x744.jpg 1116w, https:\/\/www.wallendorff.com\/belogue\/wp-content\/uploads\/2019\/08\/20190824-58-806x537.jpg 806w, https:\/\/www.wallendorff.com\/belogue\/wp-content\/uploads\/2019\/08\/20190824-58-558x372.jpg 558w, https:\/\/www.wallendorff.com\/belogue\/wp-content\/uploads\/2019\/08\/20190824-58-655x437.jpg 655w, https:\/\/www.wallendorff.com\/belogue\/wp-content\/uploads\/2019\/08\/20190824-58-600x400.jpg 600w\" sizes=\"(max-width: 1170px) 100vw, 1170px\" \/><\/a>\n\t\t\t<\/div>\n\t\t\t\t<figcaption class='wp-caption-text gallery-caption' id='gallery-1-43523'>\n\t\t\t\tLe Cabaret Vert, Charleville-M\u00e9zi\u00e8res, 22\/08\/2019\n\t\t\t\t<\/figcaption><\/figure><figure class='gallery-item'>\n\t\t\t<div class='gallery-icon landscape'>\n\t\t\t\t<a href='https:\/\/www.wallendorff.com\/belogue\/2019\/08\/24\/le-cabaret-vert-2019-charleville-mezieres-jour-1\/prophets-of-rage-le-cabaret-vert-charleville-mezieres-22-08-2019-10\/'><img loading=\"lazy\" decoding=\"async\" width=\"1170\" height=\"780\" src=\"https:\/\/www.wallendorff.com\/belogue\/wp-content\/uploads\/2019\/08\/20190824-59.jpg\" class=\"attachment-large size-large\" alt=\"\" aria-describedby=\"gallery-1-43524\" srcset=\"https:\/\/www.wallendorff.com\/belogue\/wp-content\/uploads\/2019\/08\/20190824-59.jpg 1170w, https:\/\/www.wallendorff.com\/belogue\/wp-content\/uploads\/2019\/08\/20190824-59-820x547.jpg 820w, https:\/\/www.wallendorff.com\/belogue\/wp-content\/uploads\/2019\/08\/20190824-59-1116x744.jpg 1116w, https:\/\/www.wallendorff.com\/belogue\/wp-content\/uploads\/2019\/08\/20190824-59-806x537.jpg 806w, https:\/\/www.wallendorff.com\/belogue\/wp-content\/uploads\/2019\/08\/20190824-59-558x372.jpg 558w, https:\/\/www.wallendorff.com\/belogue\/wp-content\/uploads\/2019\/08\/20190824-59-655x437.jpg 655w, https:\/\/www.wallendorff.com\/belogue\/wp-content\/uploads\/2019\/08\/20190824-59-600x400.jpg 600w\" sizes=\"(max-width: 1170px) 100vw, 1170px\" \/><\/a>\n\t\t\t<\/div>\n\t\t\t\t<figcaption class='wp-caption-text gallery-caption' id='gallery-1-43524'>\n\t\t\t\tProphets of Rage @ le Cabaret Vert, Charleville-M\u00e9zi\u00e8res, 22\/08\/2019\n\t\t\t\t<\/figcaption><\/figure><figure class='gallery-item'>\n\t\t\t<div class='gallery-icon landscape'>\n\t\t\t\t<a href='https:\/\/www.wallendorff.com\/belogue\/2019\/08\/24\/le-cabaret-vert-2019-charleville-mezieres-jour-1\/prophets-of-rage-le-cabaret-vert-charleville-mezieres-22-08-2019-11\/'><img loading=\"lazy\" decoding=\"async\" width=\"1170\" height=\"780\" src=\"https:\/\/www.wallendorff.com\/belogue\/wp-content\/uploads\/2019\/08\/20190824-60.jpg\" class=\"attachment-large size-large\" alt=\"\" aria-describedby=\"gallery-1-43525\" srcset=\"https:\/\/www.wallendorff.com\/belogue\/wp-content\/uploads\/2019\/08\/20190824-60.jpg 1170w, https:\/\/www.wallendorff.com\/belogue\/wp-content\/uploads\/2019\/08\/20190824-60-820x547.jpg 820w, https:\/\/www.wallendorff.com\/belogue\/wp-content\/uploads\/2019\/08\/20190824-60-1116x744.jpg 1116w, https:\/\/www.wallendorff.com\/belogue\/wp-content\/uploads\/2019\/08\/20190824-60-806x537.jpg 806w, https:\/\/www.wallendorff.com\/belogue\/wp-content\/uploads\/2019\/08\/20190824-60-558x372.jpg 558w, https:\/\/www.wallendorff.com\/belogue\/wp-content\/uploads\/2019\/08\/20190824-60-655x437.jpg 655w, https:\/\/www.wallendorff.com\/belogue\/wp-content\/uploads\/2019\/08\/20190824-60-600x400.jpg 600w\" sizes=\"(max-width: 1170px) 100vw, 1170px\" \/><\/a>\n\t\t\t<\/div>\n\t\t\t\t<figcaption class='wp-caption-text gallery-caption' id='gallery-1-43525'>\n\t\t\t\tProphets of Rage @ le Cabaret Vert, Charleville-M\u00e9zi\u00e8res, 22\/08\/2019\n\t\t\t\t<\/figcaption><\/figure><figure class='gallery-item'>\n\t\t\t<div class='gallery-icon landscape'>\n\t\t\t\t<a href='https:\/\/www.wallendorff.com\/belogue\/2019\/08\/24\/le-cabaret-vert-2019-charleville-mezieres-jour-1\/le-cabaret-vert-charleville-mezieres-22-08-2019-40\/'><img loading=\"lazy\" decoding=\"async\" width=\"1170\" height=\"780\" src=\"https:\/\/www.wallendorff.com\/belogue\/wp-content\/uploads\/2019\/08\/20190824-61.jpg\" class=\"attachment-large size-large\" alt=\"\" aria-describedby=\"gallery-1-43526\" srcset=\"https:\/\/www.wallendorff.com\/belogue\/wp-content\/uploads\/2019\/08\/20190824-61.jpg 1170w, https:\/\/www.wallendorff.com\/belogue\/wp-content\/uploads\/2019\/08\/20190824-61-820x547.jpg 820w, https:\/\/www.wallendorff.com\/belogue\/wp-content\/uploads\/2019\/08\/20190824-61-1116x744.jpg 1116w, https:\/\/www.wallendorff.com\/belogue\/wp-content\/uploads\/2019\/08\/20190824-61-806x537.jpg 806w, https:\/\/www.wallendorff.com\/belogue\/wp-content\/uploads\/2019\/08\/20190824-61-558x372.jpg 558w, https:\/\/www.wallendorff.com\/belogue\/wp-content\/uploads\/2019\/08\/20190824-61-655x437.jpg 655w, https:\/\/www.wallendorff.com\/belogue\/wp-content\/uploads\/2019\/08\/20190824-61-600x400.jpg 600w\" sizes=\"(max-width: 1170px) 100vw, 1170px\" \/><\/a>\n\t\t\t<\/div>\n\t\t\t\t<figcaption class='wp-caption-text gallery-caption' id='gallery-1-43526'>\n\t\t\t\tLe Cabaret Vert, Charleville-M\u00e9zi\u00e8res, 22\/08\/2019\n\t\t\t\t<\/figcaption><\/figure><figure class='gallery-item'>\n\t\t\t<div class='gallery-icon landscape'>\n\t\t\t\t<a href='https:\/\/www.wallendorff.com\/belogue\/2019\/08\/24\/le-cabaret-vert-2019-charleville-mezieres-jour-1\/le-cabaret-vert-charleville-mezieres-22-08-2019-41\/'><img loading=\"lazy\" decoding=\"async\" width=\"1170\" height=\"780\" src=\"https:\/\/www.wallendorff.com\/belogue\/wp-content\/uploads\/2019\/08\/20190824-62.jpg\" class=\"attachment-large size-large\" alt=\"\" aria-describedby=\"gallery-1-43527\" srcset=\"https:\/\/www.wallendorff.com\/belogue\/wp-content\/uploads\/2019\/08\/20190824-62.jpg 1170w, https:\/\/www.wallendorff.com\/belogue\/wp-content\/uploads\/2019\/08\/20190824-62-820x547.jpg 820w, https:\/\/www.wallendorff.com\/belogue\/wp-content\/uploads\/2019\/08\/20190824-62-1116x744.jpg 1116w, https:\/\/www.wallendorff.com\/belogue\/wp-content\/uploads\/2019\/08\/20190824-62-806x537.jpg 806w, https:\/\/www.wallendorff.com\/belogue\/wp-content\/uploads\/2019\/08\/20190824-62-558x372.jpg 558w, https:\/\/www.wallendorff.com\/belogue\/wp-content\/uploads\/2019\/08\/20190824-62-655x437.jpg 655w, https:\/\/www.wallendorff.com\/belogue\/wp-content\/uploads\/2019\/08\/20190824-62-600x400.jpg 600w\" sizes=\"(max-width: 1170px) 100vw, 1170px\" \/><\/a>\n\t\t\t<\/div>\n\t\t\t\t<figcaption class='wp-caption-text gallery-caption' id='gallery-1-43527'>\n\t\t\t\tLe Cabaret Vert, Charleville-M\u00e9zi\u00e8res, 22\/08\/2019\n\t\t\t\t<\/figcaption><\/figure><figure class='gallery-item'>\n\t\t\t<div class='gallery-icon landscape'>\n\t\t\t\t<a href='https:\/\/www.wallendorff.com\/belogue\/2019\/08\/24\/le-cabaret-vert-2019-charleville-mezieres-jour-1\/le-cabaret-vert-charleville-mezieres-22-08-2019-42\/'><img loading=\"lazy\" decoding=\"async\" width=\"1170\" height=\"780\" src=\"https:\/\/www.wallendorff.com\/belogue\/wp-content\/uploads\/2019\/08\/20190824-63.jpg\" class=\"attachment-large size-large\" alt=\"\" aria-describedby=\"gallery-1-43528\" srcset=\"https:\/\/www.wallendorff.com\/belogue\/wp-content\/uploads\/2019\/08\/20190824-63.jpg 1170w, https:\/\/www.wallendorff.com\/belogue\/wp-content\/uploads\/2019\/08\/20190824-63-820x547.jpg 820w, https:\/\/www.wallendorff.com\/belogue\/wp-content\/uploads\/2019\/08\/20190824-63-1116x744.jpg 1116w, https:\/\/www.wallendorff.com\/belogue\/wp-content\/uploads\/2019\/08\/20190824-63-806x537.jpg 806w, https:\/\/www.wallendorff.com\/belogue\/wp-content\/uploads\/2019\/08\/20190824-63-558x372.jpg 558w, https:\/\/www.wallendorff.com\/belogue\/wp-content\/uploads\/2019\/08\/20190824-63-655x437.jpg 655w, https:\/\/www.wallendorff.com\/belogue\/wp-content\/uploads\/2019\/08\/20190824-63-600x400.jpg 600w\" sizes=\"(max-width: 1170px) 100vw, 1170px\" \/><\/a>\n\t\t\t<\/div>\n\t\t\t\t<figcaption class='wp-caption-text gallery-caption' id='gallery-1-43528'>\n\t\t\t\tLe Cabaret Vert, Charleville-M\u00e9zi\u00e8res, 22\/08\/2019\n\t\t\t\t<\/figcaption><\/figure><figure class='gallery-item'>\n\t\t\t<div class='gallery-icon portrait'>\n\t\t\t\t<a href='https:\/\/www.wallendorff.com\/belogue\/2019\/08\/24\/le-cabaret-vert-2019-charleville-mezieres-jour-1\/le-cabaret-vert-charleville-mezieres-22-08-2019-43\/'><img loading=\"lazy\" decoding=\"async\" width=\"780\" height=\"1170\" src=\"https:\/\/www.wallendorff.com\/belogue\/wp-content\/uploads\/2019\/08\/20190824-64.jpg\" class=\"attachment-large size-large\" alt=\"\" aria-describedby=\"gallery-1-43529\" srcset=\"https:\/\/www.wallendorff.com\/belogue\/wp-content\/uploads\/2019\/08\/20190824-64.jpg 780w, https:\/\/www.wallendorff.com\/belogue\/wp-content\/uploads\/2019\/08\/20190824-64-558x837.jpg 558w, https:\/\/www.wallendorff.com\/belogue\/wp-content\/uploads\/2019\/08\/20190824-64-655x983.jpg 655w, https:\/\/www.wallendorff.com\/belogue\/wp-content\/uploads\/2019\/08\/20190824-64-600x900.jpg 600w\" sizes=\"(max-width: 780px) 100vw, 780px\" \/><\/a>\n\t\t\t<\/div>\n\t\t\t\t<figcaption class='wp-caption-text gallery-caption' id='gallery-1-43529'>\n\t\t\t\tLe Cabaret Vert, Charleville-M\u00e9zi\u00e8res, 22\/08\/2019\n\t\t\t\t<\/figcaption><\/figure><figure class='gallery-item'>\n\t\t\t<div class='gallery-icon landscape'>\n\t\t\t\t<a href='https:\/\/www.wallendorff.com\/belogue\/2019\/08\/24\/le-cabaret-vert-2019-charleville-mezieres-jour-1\/le-cabaret-vert-charleville-mezieres-22-08-2019-44\/'><img loading=\"lazy\" decoding=\"async\" width=\"1170\" height=\"780\" src=\"https:\/\/www.wallendorff.com\/belogue\/wp-content\/uploads\/2019\/08\/20190824-65.jpg\" class=\"attachment-large size-large\" alt=\"\" aria-describedby=\"gallery-1-43530\" srcset=\"https:\/\/www.wallendorff.com\/belogue\/wp-content\/uploads\/2019\/08\/20190824-65.jpg 1170w, https:\/\/www.wallendorff.com\/belogue\/wp-content\/uploads\/2019\/08\/20190824-65-820x547.jpg 820w, https:\/\/www.wallendorff.com\/belogue\/wp-content\/uploads\/2019\/08\/20190824-65-1116x744.jpg 1116w, https:\/\/www.wallendorff.com\/belogue\/wp-content\/uploads\/2019\/08\/20190824-65-806x537.jpg 806w, https:\/\/www.wallendorff.com\/belogue\/wp-content\/uploads\/2019\/08\/20190824-65-558x372.jpg 558w, https:\/\/www.wallendorff.com\/belogue\/wp-content\/uploads\/2019\/08\/20190824-65-655x437.jpg 655w, https:\/\/www.wallendorff.com\/belogue\/wp-content\/uploads\/2019\/08\/20190824-65-600x400.jpg 600w\" sizes=\"(max-width: 1170px) 100vw, 1170px\" \/><\/a>\n\t\t\t<\/div>\n\t\t\t\t<figcaption class='wp-caption-text gallery-caption' id='gallery-1-43530'>\n\t\t\t\tLe Cabaret Vert, Charleville-M\u00e9zi\u00e8res, 22\/08\/2019\n\t\t\t\t<\/figcaption><\/figure><figure class='gallery-item'>\n\t\t\t<div class='gallery-icon landscape'>\n\t\t\t\t<a href='https:\/\/www.wallendorff.com\/belogue\/2019\/08\/24\/le-cabaret-vert-2019-charleville-mezieres-jour-1\/le-cabaret-vert-charleville-mezieres-22-08-2019-45\/'><img loading=\"lazy\" decoding=\"async\" width=\"1170\" height=\"780\" src=\"https:\/\/www.wallendorff.com\/belogue\/wp-content\/uploads\/2019\/08\/20190824-66.jpg\" class=\"attachment-large size-large\" alt=\"\" aria-describedby=\"gallery-1-43531\" srcset=\"https:\/\/www.wallendorff.com\/belogue\/wp-content\/uploads\/2019\/08\/20190824-66.jpg 1170w, https:\/\/www.wallendorff.com\/belogue\/wp-content\/uploads\/2019\/08\/20190824-66-820x547.jpg 820w, https:\/\/www.wallendorff.com\/belogue\/wp-content\/uploads\/2019\/08\/20190824-66-1116x744.jpg 1116w, https:\/\/www.wallendorff.com\/belogue\/wp-content\/uploads\/2019\/08\/20190824-66-806x537.jpg 806w, https:\/\/www.wallendorff.com\/belogue\/wp-content\/uploads\/2019\/08\/20190824-66-558x372.jpg 558w, https:\/\/www.wallendorff.com\/belogue\/wp-content\/uploads\/2019\/08\/20190824-66-655x437.jpg 655w, https:\/\/www.wallendorff.com\/belogue\/wp-content\/uploads\/2019\/08\/20190824-66-600x400.jpg 600w\" sizes=\"(max-width: 1170px) 100vw, 1170px\" \/><\/a>\n\t\t\t<\/div>\n\t\t\t\t<figcaption class='wp-caption-text gallery-caption' id='gallery-1-43531'>\n\t\t\t\tLe Cabaret Vert, Charleville-M\u00e9zi\u00e8res, 22\/08\/2019\n\t\t\t\t<\/figcaption><\/figure><figure class='gallery-item'>\n\t\t\t<div class='gallery-icon landscape'>\n\t\t\t\t<a href='https:\/\/www.wallendorff.com\/belogue\/2019\/08\/24\/le-cabaret-vert-2019-charleville-mezieres-jour-1\/le-cabaret-vert-charleville-mezieres-22-08-2019-46\/'><img loading=\"lazy\" decoding=\"async\" width=\"1170\" height=\"780\" src=\"https:\/\/www.wallendorff.com\/belogue\/wp-content\/uploads\/2019\/08\/20190824-67.jpg\" class=\"attachment-large size-large\" alt=\"\" aria-describedby=\"gallery-1-43532\" srcset=\"https:\/\/www.wallendorff.com\/belogue\/wp-content\/uploads\/2019\/08\/20190824-67.jpg 1170w, https:\/\/www.wallendorff.com\/belogue\/wp-content\/uploads\/2019\/08\/20190824-67-820x547.jpg 820w, https:\/\/www.wallendorff.com\/belogue\/wp-content\/uploads\/2019\/08\/20190824-67-1116x744.jpg 1116w, https:\/\/www.wallendorff.com\/belogue\/wp-content\/uploads\/2019\/08\/20190824-67-806x537.jpg 806w, https:\/\/www.wallendorff.com\/belogue\/wp-content\/uploads\/2019\/08\/20190824-67-558x372.jpg 558w, https:\/\/www.wallendorff.com\/belogue\/wp-content\/uploads\/2019\/08\/20190824-67-655x437.jpg 655w, https:\/\/www.wallendorff.com\/belogue\/wp-content\/uploads\/2019\/08\/20190824-67-600x400.jpg 600w\" sizes=\"(max-width: 1170px) 100vw, 1170px\" \/><\/a>\n\t\t\t<\/div>\n\t\t\t\t<figcaption class='wp-caption-text gallery-caption' id='gallery-1-43532'>\n\t\t\t\tLe Cabaret Vert, Charleville-M\u00e9zi\u00e8res, 22\/08\/2019\n\t\t\t\t<\/figcaption><\/figure><figure class='gallery-item'>\n\t\t\t<div class='gallery-icon landscape'>\n\t\t\t\t<a href='https:\/\/www.wallendorff.com\/belogue\/2019\/08\/24\/le-cabaret-vert-2019-charleville-mezieres-jour-1\/le-cabaret-vert-charleville-mezieres-22-08-2019-47\/'><img loading=\"lazy\" decoding=\"async\" width=\"1170\" height=\"780\" src=\"https:\/\/www.wallendorff.com\/belogue\/wp-content\/uploads\/2019\/08\/20190824-68.jpg\" class=\"attachment-large size-large\" alt=\"\" aria-describedby=\"gallery-1-43533\" srcset=\"https:\/\/www.wallendorff.com\/belogue\/wp-content\/uploads\/2019\/08\/20190824-68.jpg 1170w, https:\/\/www.wallendorff.com\/belogue\/wp-content\/uploads\/2019\/08\/20190824-68-820x547.jpg 820w, https:\/\/www.wallendorff.com\/belogue\/wp-content\/uploads\/2019\/08\/20190824-68-1116x744.jpg 1116w, https:\/\/www.wallendorff.com\/belogue\/wp-content\/uploads\/2019\/08\/20190824-68-806x537.jpg 806w, https:\/\/www.wallendorff.com\/belogue\/wp-content\/uploads\/2019\/08\/20190824-68-558x372.jpg 558w, https:\/\/www.wallendorff.com\/belogue\/wp-content\/uploads\/2019\/08\/20190824-68-655x437.jpg 655w, https:\/\/www.wallendorff.com\/belogue\/wp-content\/uploads\/2019\/08\/20190824-68-600x400.jpg 600w\" sizes=\"(max-width: 1170px) 100vw, 1170px\" \/><\/a>\n\t\t\t<\/div>\n\t\t\t\t<figcaption class='wp-caption-text gallery-caption' id='gallery-1-43533'>\n\t\t\t\tLe Cabaret Vert, Charleville-M\u00e9zi\u00e8res, 22\/08\/2019\n\t\t\t\t<\/figcaption><\/figure><figure class='gallery-item'>\n\t\t\t<div class='gallery-icon landscape'>\n\t\t\t\t<a href='https:\/\/www.wallendorff.com\/belogue\/2019\/08\/24\/le-cabaret-vert-2019-charleville-mezieres-jour-1\/le-cabaret-vert-charleville-mezieres-22-08-2019-48\/'><img loading=\"lazy\" decoding=\"async\" width=\"1170\" height=\"780\" src=\"https:\/\/www.wallendorff.com\/belogue\/wp-content\/uploads\/2019\/08\/20190824-69.jpg\" class=\"attachment-large size-large\" alt=\"\" aria-describedby=\"gallery-1-43534\" srcset=\"https:\/\/www.wallendorff.com\/belogue\/wp-content\/uploads\/2019\/08\/20190824-69.jpg 1170w, https:\/\/www.wallendorff.com\/belogue\/wp-content\/uploads\/2019\/08\/20190824-69-820x547.jpg 820w, https:\/\/www.wallendorff.com\/belogue\/wp-content\/uploads\/2019\/08\/20190824-69-1116x744.jpg 1116w, https:\/\/www.wallendorff.com\/belogue\/wp-content\/uploads\/2019\/08\/20190824-69-806x537.jpg 806w, https:\/\/www.wallendorff.com\/belogue\/wp-content\/uploads\/2019\/08\/20190824-69-558x372.jpg 558w, https:\/\/www.wallendorff.com\/belogue\/wp-content\/uploads\/2019\/08\/20190824-69-655x437.jpg 655w, https:\/\/www.wallendorff.com\/belogue\/wp-content\/uploads\/2019\/08\/20190824-69-600x400.jpg 600w\" sizes=\"(max-width: 1170px) 100vw, 1170px\" \/><\/a>\n\t\t\t<\/div>\n\t\t\t\t<figcaption class='wp-caption-text gallery-caption' id='gallery-1-43534'>\n\t\t\t\tLe Cabaret Vert, Charleville-M\u00e9zi\u00e8res, 22\/08\/2019\n\t\t\t\t<\/figcaption><\/figure><figure class='gallery-item'>\n\t\t\t<div class='gallery-icon landscape'>\n\t\t\t\t<a href='https:\/\/www.wallendorff.com\/belogue\/2019\/08\/24\/le-cabaret-vert-2019-charleville-mezieres-jour-1\/caballero-jeanjass-le-cabaret-vert-charleville-mezieres-22-08-2019\/'><img loading=\"lazy\" decoding=\"async\" width=\"1170\" height=\"780\" src=\"https:\/\/www.wallendorff.com\/belogue\/wp-content\/uploads\/2019\/08\/20190824-70.jpg\" class=\"attachment-large size-large\" alt=\"\" aria-describedby=\"gallery-1-43535\" srcset=\"https:\/\/www.wallendorff.com\/belogue\/wp-content\/uploads\/2019\/08\/20190824-70.jpg 1170w, https:\/\/www.wallendorff.com\/belogue\/wp-content\/uploads\/2019\/08\/20190824-70-820x547.jpg 820w, https:\/\/www.wallendorff.com\/belogue\/wp-content\/uploads\/2019\/08\/20190824-70-1116x744.jpg 1116w, https:\/\/www.wallendorff.com\/belogue\/wp-content\/uploads\/2019\/08\/20190824-70-806x537.jpg 806w, https:\/\/www.wallendorff.com\/belogue\/wp-content\/uploads\/2019\/08\/20190824-70-558x372.jpg 558w, https:\/\/www.wallendorff.com\/belogue\/wp-content\/uploads\/2019\/08\/20190824-70-655x437.jpg 655w, https:\/\/www.wallendorff.com\/belogue\/wp-content\/uploads\/2019\/08\/20190824-70-600x400.jpg 600w\" sizes=\"(max-width: 1170px) 100vw, 1170px\" \/><\/a>\n\t\t\t<\/div>\n\t\t\t\t<figcaption class='wp-caption-text gallery-caption' id='gallery-1-43535'>\n\t\t\t\tCaballero &amp; Jeanjass @ le Cabaret Vert, Charleville-M\u00e9zi\u00e8res, 22\/08\/2019\n\t\t\t\t<\/figcaption><\/figure><figure class='gallery-item'>\n\t\t\t<div class='gallery-icon landscape'>\n\t\t\t\t<a href='https:\/\/www.wallendorff.com\/belogue\/2019\/08\/24\/le-cabaret-vert-2019-charleville-mezieres-jour-1\/twenty-one-pilots-le-cabaret-vert-charleville-mezieres-22-08-2019\/'><img loading=\"lazy\" decoding=\"async\" width=\"1170\" height=\"780\" src=\"https:\/\/www.wallendorff.com\/belogue\/wp-content\/uploads\/2019\/08\/20190824-71.jpg\" class=\"attachment-large size-large\" alt=\"\" aria-describedby=\"gallery-1-43536\" srcset=\"https:\/\/www.wallendorff.com\/belogue\/wp-content\/uploads\/2019\/08\/20190824-71.jpg 1170w, https:\/\/www.wallendorff.com\/belogue\/wp-content\/uploads\/2019\/08\/20190824-71-820x547.jpg 820w, https:\/\/www.wallendorff.com\/belogue\/wp-content\/uploads\/2019\/08\/20190824-71-1116x744.jpg 1116w, https:\/\/www.wallendorff.com\/belogue\/wp-content\/uploads\/2019\/08\/20190824-71-806x537.jpg 806w, https:\/\/www.wallendorff.com\/belogue\/wp-content\/uploads\/2019\/08\/20190824-71-558x372.jpg 558w, https:\/\/www.wallendorff.com\/belogue\/wp-content\/uploads\/2019\/08\/20190824-71-655x437.jpg 655w, https:\/\/www.wallendorff.com\/belogue\/wp-content\/uploads\/2019\/08\/20190824-71-600x400.jpg 600w\" sizes=\"(max-width: 1170px) 100vw, 1170px\" \/><\/a>\n\t\t\t<\/div>\n\t\t\t\t<figcaption class='wp-caption-text gallery-caption' id='gallery-1-43536'>\n\t\t\t\tTwenty One Pilots @ le Cabaret Vert, Charleville-M\u00e9zi\u00e8res, 22\/08\/2019\n\t\t\t\t<\/figcaption><\/figure><figure class='gallery-item'>\n\t\t\t<div class='gallery-icon portrait'>\n\t\t\t\t<a href='https:\/\/www.wallendorff.com\/belogue\/2019\/08\/24\/le-cabaret-vert-2019-charleville-mezieres-jour-1\/twenty-one-pilots-le-cabaret-vert-charleville-mezieres-22-08-2019-2\/'><img loading=\"lazy\" decoding=\"async\" width=\"780\" height=\"1170\" src=\"https:\/\/www.wallendorff.com\/belogue\/wp-content\/uploads\/2019\/08\/20190824-72.jpg\" class=\"attachment-large size-large\" alt=\"\" aria-describedby=\"gallery-1-43537\" srcset=\"https:\/\/www.wallendorff.com\/belogue\/wp-content\/uploads\/2019\/08\/20190824-72.jpg 780w, https:\/\/www.wallendorff.com\/belogue\/wp-content\/uploads\/2019\/08\/20190824-72-558x837.jpg 558w, https:\/\/www.wallendorff.com\/belogue\/wp-content\/uploads\/2019\/08\/20190824-72-655x983.jpg 655w, https:\/\/www.wallendorff.com\/belogue\/wp-content\/uploads\/2019\/08\/20190824-72-600x900.jpg 600w\" sizes=\"(max-width: 780px) 100vw, 780px\" \/><\/a>\n\t\t\t<\/div>\n\t\t\t\t<figcaption class='wp-caption-text gallery-caption' id='gallery-1-43537'>\n\t\t\t\tTwenty One Pilots @ le Cabaret Vert, Charleville-M\u00e9zi\u00e8res, 22\/08\/2019\n\t\t\t\t<\/figcaption><\/figure><figure class='gallery-item'>\n\t\t\t<div class='gallery-icon landscape'>\n\t\t\t\t<a href='https:\/\/www.wallendorff.com\/belogue\/2019\/08\/24\/le-cabaret-vert-2019-charleville-mezieres-jour-1\/twenty-one-pilots-le-cabaret-vert-charleville-mezieres-22-08-2019-3\/'><img loading=\"lazy\" decoding=\"async\" width=\"1170\" height=\"780\" src=\"https:\/\/www.wallendorff.com\/belogue\/wp-content\/uploads\/2019\/08\/20190824-73.jpg\" class=\"attachment-large size-large\" alt=\"\" aria-describedby=\"gallery-1-43538\" srcset=\"https:\/\/www.wallendorff.com\/belogue\/wp-content\/uploads\/2019\/08\/20190824-73.jpg 1170w, https:\/\/www.wallendorff.com\/belogue\/wp-content\/uploads\/2019\/08\/20190824-73-820x547.jpg 820w, https:\/\/www.wallendorff.com\/belogue\/wp-content\/uploads\/2019\/08\/20190824-73-1116x744.jpg 1116w, https:\/\/www.wallendorff.com\/belogue\/wp-content\/uploads\/2019\/08\/20190824-73-806x537.jpg 806w, https:\/\/www.wallendorff.com\/belogue\/wp-content\/uploads\/2019\/08\/20190824-73-558x372.jpg 558w, https:\/\/www.wallendorff.com\/belogue\/wp-content\/uploads\/2019\/08\/20190824-73-655x437.jpg 655w, https:\/\/www.wallendorff.com\/belogue\/wp-content\/uploads\/2019\/08\/20190824-73-600x400.jpg 600w\" sizes=\"(max-width: 1170px) 100vw, 1170px\" \/><\/a>\n\t\t\t<\/div>\n\t\t\t\t<figcaption class='wp-caption-text gallery-caption' id='gallery-1-43538'>\n\t\t\t\tTwenty One Pilots @ le Cabaret Vert, Charleville-M\u00e9zi\u00e8res, 22\/08\/2019\n\t\t\t\t<\/figcaption><\/figure><figure class='gallery-item'>\n\t\t\t<div class='gallery-icon landscape'>\n\t\t\t\t<a href='https:\/\/www.wallendorff.com\/belogue\/2019\/08\/24\/le-cabaret-vert-2019-charleville-mezieres-jour-1\/twenty-one-pilots-le-cabaret-vert-charleville-mezieres-22-08-2019-4\/'><img loading=\"lazy\" decoding=\"async\" width=\"1170\" height=\"780\" src=\"https:\/\/www.wallendorff.com\/belogue\/wp-content\/uploads\/2019\/08\/20190824-74.jpg\" class=\"attachment-large size-large\" alt=\"\" aria-describedby=\"gallery-1-43539\" srcset=\"https:\/\/www.wallendorff.com\/belogue\/wp-content\/uploads\/2019\/08\/20190824-74.jpg 1170w, https:\/\/www.wallendorff.com\/belogue\/wp-content\/uploads\/2019\/08\/20190824-74-820x547.jpg 820w, https:\/\/www.wallendorff.com\/belogue\/wp-content\/uploads\/2019\/08\/20190824-74-1116x744.jpg 1116w, https:\/\/www.wallendorff.com\/belogue\/wp-content\/uploads\/2019\/08\/20190824-74-806x537.jpg 806w, https:\/\/www.wallendorff.com\/belogue\/wp-content\/uploads\/2019\/08\/20190824-74-558x372.jpg 558w, https:\/\/www.wallendorff.com\/belogue\/wp-content\/uploads\/2019\/08\/20190824-74-655x437.jpg 655w, https:\/\/www.wallendorff.com\/belogue\/wp-content\/uploads\/2019\/08\/20190824-74-600x400.jpg 600w\" sizes=\"(max-width: 1170px) 100vw, 1170px\" \/><\/a>\n\t\t\t<\/div>\n\t\t\t\t<figcaption class='wp-caption-text gallery-caption' id='gallery-1-43539'>\n\t\t\t\tTwenty One Pilots @ le Cabaret Vert, Charleville-M\u00e9zi\u00e8res, 22\/08\/2019\n\t\t\t\t<\/figcaption><\/figure><figure class='gallery-item'>\n\t\t\t<div class='gallery-icon landscape'>\n\t\t\t\t<a href='https:\/\/www.wallendorff.com\/belogue\/2019\/08\/24\/le-cabaret-vert-2019-charleville-mezieres-jour-1\/le-cabaret-vert-charleville-mezieres-22-08-2019-49\/'><img loading=\"lazy\" decoding=\"async\" width=\"1170\" height=\"780\" src=\"https:\/\/www.wallendorff.com\/belogue\/wp-content\/uploads\/2019\/08\/20190824-75.jpg\" class=\"attachment-large size-large\" alt=\"\" aria-describedby=\"gallery-1-43540\" srcset=\"https:\/\/www.wallendorff.com\/belogue\/wp-content\/uploads\/2019\/08\/20190824-75.jpg 1170w, https:\/\/www.wallendorff.com\/belogue\/wp-content\/uploads\/2019\/08\/20190824-75-820x547.jpg 820w, https:\/\/www.wallendorff.com\/belogue\/wp-content\/uploads\/2019\/08\/20190824-75-1116x744.jpg 1116w, https:\/\/www.wallendorff.com\/belogue\/wp-content\/uploads\/2019\/08\/20190824-75-806x537.jpg 806w, https:\/\/www.wallendorff.com\/belogue\/wp-content\/uploads\/2019\/08\/20190824-75-558x372.jpg 558w, https:\/\/www.wallendorff.com\/belogue\/wp-content\/uploads\/2019\/08\/20190824-75-655x437.jpg 655w, https:\/\/www.wallendorff.com\/belogue\/wp-content\/uploads\/2019\/08\/20190824-75-600x400.jpg 600w\" sizes=\"(max-width: 1170px) 100vw, 1170px\" \/><\/a>\n\t\t\t<\/div>\n\t\t\t\t<figcaption class='wp-caption-text gallery-caption' id='gallery-1-43540'>\n\t\t\t\tLe Cabaret Vert, Charleville-M\u00e9zi\u00e8res, 22\/08\/2019\n\t\t\t\t<\/figcaption><\/figure><figure class='gallery-item'>\n\t\t\t<div class='gallery-icon landscape'>\n\t\t\t\t<a href='https:\/\/www.wallendorff.com\/belogue\/2019\/08\/24\/le-cabaret-vert-2019-charleville-mezieres-jour-1\/twenty-one-pilots-le-cabaret-vert-charleville-mezieres-22-08-2019-5\/'><img loading=\"lazy\" decoding=\"async\" width=\"1170\" height=\"780\" src=\"https:\/\/www.wallendorff.com\/belogue\/wp-content\/uploads\/2019\/08\/20190824-76.jpg\" class=\"attachment-large size-large\" alt=\"\" aria-describedby=\"gallery-1-43541\" srcset=\"https:\/\/www.wallendorff.com\/belogue\/wp-content\/uploads\/2019\/08\/20190824-76.jpg 1170w, https:\/\/www.wallendorff.com\/belogue\/wp-content\/uploads\/2019\/08\/20190824-76-820x547.jpg 820w, https:\/\/www.wallendorff.com\/belogue\/wp-content\/uploads\/2019\/08\/20190824-76-1116x744.jpg 1116w, https:\/\/www.wallendorff.com\/belogue\/wp-content\/uploads\/2019\/08\/20190824-76-806x537.jpg 806w, https:\/\/www.wallendorff.com\/belogue\/wp-content\/uploads\/2019\/08\/20190824-76-558x372.jpg 558w, https:\/\/www.wallendorff.com\/belogue\/wp-content\/uploads\/2019\/08\/20190824-76-655x437.jpg 655w, https:\/\/www.wallendorff.com\/belogue\/wp-content\/uploads\/2019\/08\/20190824-76-600x400.jpg 600w\" sizes=\"(max-width: 1170px) 100vw, 1170px\" \/><\/a>\n\t\t\t<\/div>\n\t\t\t\t<figcaption class='wp-caption-text gallery-caption' id='gallery-1-43541'>\n\t\t\t\tTwenty One Pilots @ le Cabaret Vert, Charleville-M\u00e9zi\u00e8res, 22\/08\/2019\n\t\t\t\t<\/figcaption><\/figure><figure class='gallery-item'>\n\t\t\t<div class='gallery-icon landscape'>\n\t\t\t\t<a href='https:\/\/www.wallendorff.com\/belogue\/2019\/08\/24\/le-cabaret-vert-2019-charleville-mezieres-jour-1\/le-cabaret-vert-charleville-mezieres-22-08-2019-50\/'><img loading=\"lazy\" decoding=\"async\" width=\"1170\" height=\"780\" src=\"https:\/\/www.wallendorff.com\/belogue\/wp-content\/uploads\/2019\/08\/20190824-77.jpg\" class=\"attachment-large size-large\" alt=\"\" aria-describedby=\"gallery-1-43542\" srcset=\"https:\/\/www.wallendorff.com\/belogue\/wp-content\/uploads\/2019\/08\/20190824-77.jpg 1170w, https:\/\/www.wallendorff.com\/belogue\/wp-content\/uploads\/2019\/08\/20190824-77-820x547.jpg 820w, https:\/\/www.wallendorff.com\/belogue\/wp-content\/uploads\/2019\/08\/20190824-77-1116x744.jpg 1116w, https:\/\/www.wallendorff.com\/belogue\/wp-content\/uploads\/2019\/08\/20190824-77-806x537.jpg 806w, https:\/\/www.wallendorff.com\/belogue\/wp-content\/uploads\/2019\/08\/20190824-77-558x372.jpg 558w, https:\/\/www.wallendorff.com\/belogue\/wp-content\/uploads\/2019\/08\/20190824-77-655x437.jpg 655w, https:\/\/www.wallendorff.com\/belogue\/wp-content\/uploads\/2019\/08\/20190824-77-600x400.jpg 600w\" sizes=\"(max-width: 1170px) 100vw, 1170px\" \/><\/a>\n\t\t\t<\/div>\n\t\t\t\t<figcaption class='wp-caption-text gallery-caption' id='gallery-1-43542'>\n\t\t\t\tLe Cabaret Vert, Charleville-M\u00e9zi\u00e8res, 22\/08\/2019\n\t\t\t\t<\/figcaption><\/figure><figure class='gallery-item'>\n\t\t\t<div class='gallery-icon landscape'>\n\t\t\t\t<a href='https:\/\/www.wallendorff.com\/belogue\/2019\/08\/24\/le-cabaret-vert-2019-charleville-mezieres-jour-1\/twenty-one-pilots-le-cabaret-vert-charleville-mezieres-22-08-2019-6\/'><img loading=\"lazy\" decoding=\"async\" width=\"1170\" height=\"780\" src=\"https:\/\/www.wallendorff.com\/belogue\/wp-content\/uploads\/2019\/08\/20190824-78.jpg\" class=\"attachment-large size-large\" alt=\"\" aria-describedby=\"gallery-1-43543\" srcset=\"https:\/\/www.wallendorff.com\/belogue\/wp-content\/uploads\/2019\/08\/20190824-78.jpg 1170w, https:\/\/www.wallendorff.com\/belogue\/wp-content\/uploads\/2019\/08\/20190824-78-820x547.jpg 820w, https:\/\/www.wallendorff.com\/belogue\/wp-content\/uploads\/2019\/08\/20190824-78-1116x744.jpg 1116w, https:\/\/www.wallendorff.com\/belogue\/wp-content\/uploads\/2019\/08\/20190824-78-806x537.jpg 806w, https:\/\/www.wallendorff.com\/belogue\/wp-content\/uploads\/2019\/08\/20190824-78-558x372.jpg 558w, https:\/\/www.wallendorff.com\/belogue\/wp-content\/uploads\/2019\/08\/20190824-78-655x437.jpg 655w, https:\/\/www.wallendorff.com\/belogue\/wp-content\/uploads\/2019\/08\/20190824-78-600x400.jpg 600w\" sizes=\"(max-width: 1170px) 100vw, 1170px\" \/><\/a>\n\t\t\t<\/div>\n\t\t\t\t<figcaption class='wp-caption-text gallery-caption' id='gallery-1-43543'>\n\t\t\t\tTwenty One Pilots @ le Cabaret Vert, Charleville-M\u00e9zi\u00e8res, 22\/08\/2019\n\t\t\t\t<\/figcaption><\/figure><figure class='gallery-item'>\n\t\t\t<div class='gallery-icon landscape'>\n\t\t\t\t<a href='https:\/\/www.wallendorff.com\/belogue\/2019\/08\/24\/le-cabaret-vert-2019-charleville-mezieres-jour-1\/le-cabaret-vert-charleville-mezieres-22-08-2019-51\/'><img loading=\"lazy\" decoding=\"async\" width=\"1170\" height=\"780\" src=\"https:\/\/www.wallendorff.com\/belogue\/wp-content\/uploads\/2019\/08\/20190824-79.jpg\" class=\"attachment-large size-large\" alt=\"\" aria-describedby=\"gallery-1-43544\" srcset=\"https:\/\/www.wallendorff.com\/belogue\/wp-content\/uploads\/2019\/08\/20190824-79.jpg 1170w, https:\/\/www.wallendorff.com\/belogue\/wp-content\/uploads\/2019\/08\/20190824-79-820x547.jpg 820w, https:\/\/www.wallendorff.com\/belogue\/wp-content\/uploads\/2019\/08\/20190824-79-1116x744.jpg 1116w, https:\/\/www.wallendorff.com\/belogue\/wp-content\/uploads\/2019\/08\/20190824-79-806x537.jpg 806w, https:\/\/www.wallendorff.com\/belogue\/wp-content\/uploads\/2019\/08\/20190824-79-558x372.jpg 558w, https:\/\/www.wallendorff.com\/belogue\/wp-content\/uploads\/2019\/08\/20190824-79-655x437.jpg 655w, https:\/\/www.wallendorff.com\/belogue\/wp-content\/uploads\/2019\/08\/20190824-79-600x400.jpg 600w\" sizes=\"(max-width: 1170px) 100vw, 1170px\" \/><\/a>\n\t\t\t<\/div>\n\t\t\t\t<figcaption class='wp-caption-text gallery-caption' id='gallery-1-43544'>\n\t\t\t\tLe Cabaret Vert, Charleville-M\u00e9zi\u00e8res, 22\/08\/2019\n\t\t\t\t<\/figcaption><\/figure><figure class='gallery-item'>\n\t\t\t<div class='gallery-icon landscape'>\n\t\t\t\t<a href='https:\/\/www.wallendorff.com\/belogue\/2019\/08\/24\/le-cabaret-vert-2019-charleville-mezieres-jour-1\/twenty-one-pilots-le-cabaret-vert-charleville-mezieres-22-08-2019-7\/'><img loading=\"lazy\" decoding=\"async\" width=\"1170\" height=\"780\" src=\"https:\/\/www.wallendorff.com\/belogue\/wp-content\/uploads\/2019\/08\/20190824-80.jpg\" class=\"attachment-large size-large\" alt=\"\" aria-describedby=\"gallery-1-43545\" srcset=\"https:\/\/www.wallendorff.com\/belogue\/wp-content\/uploads\/2019\/08\/20190824-80.jpg 1170w, https:\/\/www.wallendorff.com\/belogue\/wp-content\/uploads\/2019\/08\/20190824-80-820x547.jpg 820w, https:\/\/www.wallendorff.com\/belogue\/wp-content\/uploads\/2019\/08\/20190824-80-1116x744.jpg 1116w, https:\/\/www.wallendorff.com\/belogue\/wp-content\/uploads\/2019\/08\/20190824-80-806x537.jpg 806w, https:\/\/www.wallendorff.com\/belogue\/wp-content\/uploads\/2019\/08\/20190824-80-558x372.jpg 558w, https:\/\/www.wallendorff.com\/belogue\/wp-content\/uploads\/2019\/08\/20190824-80-655x437.jpg 655w, https:\/\/www.wallendorff.com\/belogue\/wp-content\/uploads\/2019\/08\/20190824-80-600x400.jpg 600w\" sizes=\"(max-width: 1170px) 100vw, 1170px\" \/><\/a>\n\t\t\t<\/div>\n\t\t\t\t<figcaption class='wp-caption-text gallery-caption' id='gallery-1-43545'>\n\t\t\t\tTwenty One Pilots @ le Cabaret Vert, Charleville-M\u00e9zi\u00e8res, 22\/08\/2019\n\t\t\t\t<\/figcaption><\/figure><figure class='gallery-item'>\n\t\t\t<div class='gallery-icon landscape'>\n\t\t\t\t<a href='https:\/\/www.wallendorff.com\/belogue\/2019\/08\/24\/le-cabaret-vert-2019-charleville-mezieres-jour-1\/twenty-one-pilots-le-cabaret-vert-charleville-mezieres-22-08-2019-8\/'><img loading=\"lazy\" decoding=\"async\" width=\"1170\" height=\"780\" src=\"https:\/\/www.wallendorff.com\/belogue\/wp-content\/uploads\/2019\/08\/20190824-81.jpg\" class=\"attachment-large size-large\" alt=\"\" aria-describedby=\"gallery-1-43546\" srcset=\"https:\/\/www.wallendorff.com\/belogue\/wp-content\/uploads\/2019\/08\/20190824-81.jpg 1170w, https:\/\/www.wallendorff.com\/belogue\/wp-content\/uploads\/2019\/08\/20190824-81-820x547.jpg 820w, https:\/\/www.wallendorff.com\/belogue\/wp-content\/uploads\/2019\/08\/20190824-81-1116x744.jpg 1116w, https:\/\/www.wallendorff.com\/belogue\/wp-content\/uploads\/2019\/08\/20190824-81-806x537.jpg 806w, https:\/\/www.wallendorff.com\/belogue\/wp-content\/uploads\/2019\/08\/20190824-81-558x372.jpg 558w, https:\/\/www.wallendorff.com\/belogue\/wp-content\/uploads\/2019\/08\/20190824-81-655x437.jpg 655w, https:\/\/www.wallendorff.com\/belogue\/wp-content\/uploads\/2019\/08\/20190824-81-600x400.jpg 600w\" sizes=\"(max-width: 1170px) 100vw, 1170px\" \/><\/a>\n\t\t\t<\/div>\n\t\t\t\t<figcaption class='wp-caption-text gallery-caption' id='gallery-1-43546'>\n\t\t\t\tTwenty One Pilots @ le Cabaret Vert, Charleville-M\u00e9zi\u00e8res, 22\/08\/2019\n\t\t\t\t<\/figcaption><\/figure><figure class='gallery-item'>\n\t\t\t<div class='gallery-icon landscape'>\n\t\t\t\t<a href='https:\/\/www.wallendorff.com\/belogue\/2019\/08\/24\/le-cabaret-vert-2019-charleville-mezieres-jour-1\/twenty-one-pilots-le-cabaret-vert-charleville-mezieres-22-08-2019-9\/'><img loading=\"lazy\" decoding=\"async\" width=\"1170\" height=\"780\" src=\"https:\/\/www.wallendorff.com\/belogue\/wp-content\/uploads\/2019\/08\/20190824-82.jpg\" class=\"attachment-large size-large\" alt=\"\" aria-describedby=\"gallery-1-43547\" srcset=\"https:\/\/www.wallendorff.com\/belogue\/wp-content\/uploads\/2019\/08\/20190824-82.jpg 1170w, https:\/\/www.wallendorff.com\/belogue\/wp-content\/uploads\/2019\/08\/20190824-82-820x547.jpg 820w, https:\/\/www.wallendorff.com\/belogue\/wp-content\/uploads\/2019\/08\/20190824-82-1116x744.jpg 1116w, https:\/\/www.wallendorff.com\/belogue\/wp-content\/uploads\/2019\/08\/20190824-82-806x537.jpg 806w, https:\/\/www.wallendorff.com\/belogue\/wp-content\/uploads\/2019\/08\/20190824-82-558x372.jpg 558w, https:\/\/www.wallendorff.com\/belogue\/wp-content\/uploads\/2019\/08\/20190824-82-655x437.jpg 655w, https:\/\/www.wallendorff.com\/belogue\/wp-content\/uploads\/2019\/08\/20190824-82-600x400.jpg 600w\" sizes=\"(max-width: 1170px) 100vw, 1170px\" \/><\/a>\n\t\t\t<\/div>\n\t\t\t\t<figcaption class='wp-caption-text gallery-caption' id='gallery-1-43547'>\n\t\t\t\tTwenty One Pilots @ le Cabaret Vert, Charleville-M\u00e9zi\u00e8res, 22\/08\/2019\n\t\t\t\t<\/figcaption><\/figure><figure class='gallery-item'>\n\t\t\t<div class='gallery-icon landscape'>\n\t\t\t\t<a href='https:\/\/www.wallendorff.com\/belogue\/2019\/08\/24\/le-cabaret-vert-2019-charleville-mezieres-jour-1\/twenty-one-pilots-le-cabaret-vert-charleville-mezieres-22-08-2019-10\/'><img loading=\"lazy\" decoding=\"async\" width=\"1170\" height=\"780\" src=\"https:\/\/www.wallendorff.com\/belogue\/wp-content\/uploads\/2019\/08\/20190824-83.jpg\" class=\"attachment-large size-large\" alt=\"\" aria-describedby=\"gallery-1-43548\" srcset=\"https:\/\/www.wallendorff.com\/belogue\/wp-content\/uploads\/2019\/08\/20190824-83.jpg 1170w, https:\/\/www.wallendorff.com\/belogue\/wp-content\/uploads\/2019\/08\/20190824-83-820x547.jpg 820w, https:\/\/www.wallendorff.com\/belogue\/wp-content\/uploads\/2019\/08\/20190824-83-1116x744.jpg 1116w, https:\/\/www.wallendorff.com\/belogue\/wp-content\/uploads\/2019\/08\/20190824-83-806x537.jpg 806w, https:\/\/www.wallendorff.com\/belogue\/wp-content\/uploads\/2019\/08\/20190824-83-558x372.jpg 558w, https:\/\/www.wallendorff.com\/belogue\/wp-content\/uploads\/2019\/08\/20190824-83-655x437.jpg 655w, https:\/\/www.wallendorff.com\/belogue\/wp-content\/uploads\/2019\/08\/20190824-83-600x400.jpg 600w\" sizes=\"(max-width: 1170px) 100vw, 1170px\" \/><\/a>\n\t\t\t<\/div>\n\t\t\t\t<figcaption class='wp-caption-text gallery-caption' id='gallery-1-43548'>\n\t\t\t\tTwenty One Pilots @ le Cabaret Vert, Charleville-M\u00e9zi\u00e8res, 22\/08\/2019\n\t\t\t\t<\/figcaption><\/figure><figure class='gallery-item'>\n\t\t\t<div class='gallery-icon landscape'>\n\t\t\t\t<a href='https:\/\/www.wallendorff.com\/belogue\/2019\/08\/24\/le-cabaret-vert-2019-charleville-mezieres-jour-1\/le-cabaret-vert-charleville-mezieres-22-08-2019-52\/'><img loading=\"lazy\" decoding=\"async\" width=\"1170\" height=\"780\" src=\"https:\/\/www.wallendorff.com\/belogue\/wp-content\/uploads\/2019\/08\/20190824-84.jpg\" class=\"attachment-large size-large\" alt=\"\" aria-describedby=\"gallery-1-43549\" srcset=\"https:\/\/www.wallendorff.com\/belogue\/wp-content\/uploads\/2019\/08\/20190824-84.jpg 1170w, https:\/\/www.wallendorff.com\/belogue\/wp-content\/uploads\/2019\/08\/20190824-84-820x547.jpg 820w, https:\/\/www.wallendorff.com\/belogue\/wp-content\/uploads\/2019\/08\/20190824-84-1116x744.jpg 1116w, https:\/\/www.wallendorff.com\/belogue\/wp-content\/uploads\/2019\/08\/20190824-84-806x537.jpg 806w, https:\/\/www.wallendorff.com\/belogue\/wp-content\/uploads\/2019\/08\/20190824-84-558x372.jpg 558w, https:\/\/www.wallendorff.com\/belogue\/wp-content\/uploads\/2019\/08\/20190824-84-655x437.jpg 655w, https:\/\/www.wallendorff.com\/belogue\/wp-content\/uploads\/2019\/08\/20190824-84-600x400.jpg 600w\" sizes=\"(max-width: 1170px) 100vw, 1170px\" \/><\/a>\n\t\t\t<\/div>\n\t\t\t\t<figcaption class='wp-caption-text gallery-caption' id='gallery-1-43549'>\n\t\t\t\tLe Cabaret Vert, Charleville-M\u00e9zi\u00e8res, 22\/08\/2019\n\t\t\t\t<\/figcaption><\/figure><figure class='gallery-item'>\n\t\t\t<div class='gallery-icon landscape'>\n\t\t\t\t<a href='https:\/\/www.wallendorff.com\/belogue\/2019\/08\/24\/le-cabaret-vert-2019-charleville-mezieres-jour-1\/twenty-one-pilots-le-cabaret-vert-charleville-mezieres-22-08-2019-11\/'><img loading=\"lazy\" decoding=\"async\" width=\"1170\" height=\"780\" src=\"https:\/\/www.wallendorff.com\/belogue\/wp-content\/uploads\/2019\/08\/20190824-85.jpg\" class=\"attachment-large size-large\" alt=\"\" aria-describedby=\"gallery-1-43550\" srcset=\"https:\/\/www.wallendorff.com\/belogue\/wp-content\/uploads\/2019\/08\/20190824-85.jpg 1170w, https:\/\/www.wallendorff.com\/belogue\/wp-content\/uploads\/2019\/08\/20190824-85-820x547.jpg 820w, https:\/\/www.wallendorff.com\/belogue\/wp-content\/uploads\/2019\/08\/20190824-85-1116x744.jpg 1116w, https:\/\/www.wallendorff.com\/belogue\/wp-content\/uploads\/2019\/08\/20190824-85-806x537.jpg 806w, https:\/\/www.wallendorff.com\/belogue\/wp-content\/uploads\/2019\/08\/20190824-85-558x372.jpg 558w, https:\/\/www.wallendorff.com\/belogue\/wp-content\/uploads\/2019\/08\/20190824-85-655x437.jpg 655w, https:\/\/www.wallendorff.com\/belogue\/wp-content\/uploads\/2019\/08\/20190824-85-600x400.jpg 600w\" sizes=\"(max-width: 1170px) 100vw, 1170px\" \/><\/a>\n\t\t\t<\/div>\n\t\t\t\t<figcaption class='wp-caption-text gallery-caption' id='gallery-1-43550'>\n\t\t\t\tTwenty One Pilots @ le Cabaret Vert, Charleville-M\u00e9zi\u00e8res, 22\/08\/2019\n\t\t\t\t<\/figcaption><\/figure><figure class='gallery-item'>\n\t\t\t<div class='gallery-icon landscape'>\n\t\t\t\t<a href='https:\/\/www.wallendorff.com\/belogue\/2019\/08\/24\/le-cabaret-vert-2019-charleville-mezieres-jour-1\/le-cabaret-vert-charleville-mezieres-22-08-2019-53\/'><img loading=\"lazy\" decoding=\"async\" width=\"1170\" height=\"780\" src=\"https:\/\/www.wallendorff.com\/belogue\/wp-content\/uploads\/2019\/08\/20190824-86.jpg\" class=\"attachment-large size-large\" alt=\"\" aria-describedby=\"gallery-1-43551\" srcset=\"https:\/\/www.wallendorff.com\/belogue\/wp-content\/uploads\/2019\/08\/20190824-86.jpg 1170w, https:\/\/www.wallendorff.com\/belogue\/wp-content\/uploads\/2019\/08\/20190824-86-820x547.jpg 820w, https:\/\/www.wallendorff.com\/belogue\/wp-content\/uploads\/2019\/08\/20190824-86-1116x744.jpg 1116w, https:\/\/www.wallendorff.com\/belogue\/wp-content\/uploads\/2019\/08\/20190824-86-806x537.jpg 806w, https:\/\/www.wallendorff.com\/belogue\/wp-content\/uploads\/2019\/08\/20190824-86-558x372.jpg 558w, https:\/\/www.wallendorff.com\/belogue\/wp-content\/uploads\/2019\/08\/20190824-86-655x437.jpg 655w, https:\/\/www.wallendorff.com\/belogue\/wp-content\/uploads\/2019\/08\/20190824-86-600x400.jpg 600w\" sizes=\"(max-width: 1170px) 100vw, 1170px\" \/><\/a>\n\t\t\t<\/div>\n\t\t\t\t<figcaption class='wp-caption-text gallery-caption' id='gallery-1-43551'>\n\t\t\t\tLe Cabaret Vert, Charleville-M\u00e9zi\u00e8res, 22\/08\/2019\n\t\t\t\t<\/figcaption><\/figure><figure class='gallery-item'>\n\t\t\t<div class='gallery-icon landscape'>\n\t\t\t\t<a href='https:\/\/www.wallendorff.com\/belogue\/2019\/08\/24\/le-cabaret-vert-2019-charleville-mezieres-jour-1\/twenty-one-pilots-le-cabaret-vert-charleville-mezieres-22-08-2019-12\/'><img loading=\"lazy\" decoding=\"async\" width=\"1170\" height=\"780\" src=\"https:\/\/www.wallendorff.com\/belogue\/wp-content\/uploads\/2019\/08\/20190824-87.jpg\" class=\"attachment-large size-large\" alt=\"\" aria-describedby=\"gallery-1-43552\" srcset=\"https:\/\/www.wallendorff.com\/belogue\/wp-content\/uploads\/2019\/08\/20190824-87.jpg 1170w, https:\/\/www.wallendorff.com\/belogue\/wp-content\/uploads\/2019\/08\/20190824-87-820x547.jpg 820w, https:\/\/www.wallendorff.com\/belogue\/wp-content\/uploads\/2019\/08\/20190824-87-1116x744.jpg 1116w, https:\/\/www.wallendorff.com\/belogue\/wp-content\/uploads\/2019\/08\/20190824-87-806x537.jpg 806w, https:\/\/www.wallendorff.com\/belogue\/wp-content\/uploads\/2019\/08\/20190824-87-558x372.jpg 558w, https:\/\/www.wallendorff.com\/belogue\/wp-content\/uploads\/2019\/08\/20190824-87-655x437.jpg 655w, https:\/\/www.wallendorff.com\/belogue\/wp-content\/uploads\/2019\/08\/20190824-87-600x400.jpg 600w\" sizes=\"(max-width: 1170px) 100vw, 1170px\" \/><\/a>\n\t\t\t<\/div>\n\t\t\t\t<figcaption class='wp-caption-text gallery-caption' id='gallery-1-43552'>\n\t\t\t\tTwenty One Pilots @ le Cabaret Vert, Charleville-M\u00e9zi\u00e8res, 22\/08\/2019\n\t\t\t\t<\/figcaption><\/figure><figure class='gallery-item'>\n\t\t\t<div class='gallery-icon landscape'>\n\t\t\t\t<a href='https:\/\/www.wallendorff.com\/belogue\/2019\/08\/24\/le-cabaret-vert-2019-charleville-mezieres-jour-1\/romeo-elvis-le-cabaret-vert-charleville-mezieres-22-08-2019\/'><img loading=\"lazy\" decoding=\"async\" width=\"1170\" height=\"780\" src=\"https:\/\/www.wallendorff.com\/belogue\/wp-content\/uploads\/2019\/08\/20190824-88.jpg\" class=\"attachment-large size-large\" alt=\"\" aria-describedby=\"gallery-1-43553\" srcset=\"https:\/\/www.wallendorff.com\/belogue\/wp-content\/uploads\/2019\/08\/20190824-88.jpg 1170w, https:\/\/www.wallendorff.com\/belogue\/wp-content\/uploads\/2019\/08\/20190824-88-820x547.jpg 820w, https:\/\/www.wallendorff.com\/belogue\/wp-content\/uploads\/2019\/08\/20190824-88-1116x744.jpg 1116w, https:\/\/www.wallendorff.com\/belogue\/wp-content\/uploads\/2019\/08\/20190824-88-806x537.jpg 806w, https:\/\/www.wallendorff.com\/belogue\/wp-content\/uploads\/2019\/08\/20190824-88-558x372.jpg 558w, https:\/\/www.wallendorff.com\/belogue\/wp-content\/uploads\/2019\/08\/20190824-88-655x437.jpg 655w, https:\/\/www.wallendorff.com\/belogue\/wp-content\/uploads\/2019\/08\/20190824-88-600x400.jpg 600w\" sizes=\"(max-width: 1170px) 100vw, 1170px\" \/><\/a>\n\t\t\t<\/div>\n\t\t\t\t<figcaption class='wp-caption-text gallery-caption' id='gallery-1-43553'>\n\t\t\t\tRom\u00e9o Elvis @ le Cabaret Vert, Charleville-M\u00e9zi\u00e8res, 22\/08\/2019\n\t\t\t\t<\/figcaption><\/figure><figure class='gallery-item'>\n\t\t\t<div class='gallery-icon landscape'>\n\t\t\t\t<a href='https:\/\/www.wallendorff.com\/belogue\/2019\/08\/24\/le-cabaret-vert-2019-charleville-mezieres-jour-1\/le-cabaret-vert-charleville-mezieres-22-08-2019-54\/'><img loading=\"lazy\" decoding=\"async\" width=\"1170\" height=\"780\" src=\"https:\/\/www.wallendorff.com\/belogue\/wp-content\/uploads\/2019\/08\/20190824-89.jpg\" class=\"attachment-large size-large\" alt=\"\" aria-describedby=\"gallery-1-43554\" srcset=\"https:\/\/www.wallendorff.com\/belogue\/wp-content\/uploads\/2019\/08\/20190824-89.jpg 1170w, https:\/\/www.wallendorff.com\/belogue\/wp-content\/uploads\/2019\/08\/20190824-89-820x547.jpg 820w, https:\/\/www.wallendorff.com\/belogue\/wp-content\/uploads\/2019\/08\/20190824-89-1116x744.jpg 1116w, https:\/\/www.wallendorff.com\/belogue\/wp-content\/uploads\/2019\/08\/20190824-89-806x537.jpg 806w, https:\/\/www.wallendorff.com\/belogue\/wp-content\/uploads\/2019\/08\/20190824-89-558x372.jpg 558w, https:\/\/www.wallendorff.com\/belogue\/wp-content\/uploads\/2019\/08\/20190824-89-655x437.jpg 655w, https:\/\/www.wallendorff.com\/belogue\/wp-content\/uploads\/2019\/08\/20190824-89-600x400.jpg 600w\" sizes=\"(max-width: 1170px) 100vw, 1170px\" \/><\/a>\n\t\t\t<\/div>\n\t\t\t\t<figcaption class='wp-caption-text gallery-caption' id='gallery-1-43554'>\n\t\t\t\tLe Cabaret Vert, Charleville-M\u00e9zi\u00e8res, 22\/08\/2019\n\t\t\t\t<\/figcaption><\/figure><figure class='gallery-item'>\n\t\t\t<div class='gallery-icon portrait'>\n\t\t\t\t<a href='https:\/\/www.wallendorff.com\/belogue\/2019\/08\/24\/le-cabaret-vert-2019-charleville-mezieres-jour-1\/romeo-elvis-le-cabaret-vert-charleville-mezieres-22-08-2019-2\/'><img loading=\"lazy\" decoding=\"async\" width=\"780\" height=\"1170\" src=\"https:\/\/www.wallendorff.com\/belogue\/wp-content\/uploads\/2019\/08\/20190824-90.jpg\" class=\"attachment-large size-large\" alt=\"\" aria-describedby=\"gallery-1-43555\" srcset=\"https:\/\/www.wallendorff.com\/belogue\/wp-content\/uploads\/2019\/08\/20190824-90.jpg 780w, https:\/\/www.wallendorff.com\/belogue\/wp-content\/uploads\/2019\/08\/20190824-90-558x837.jpg 558w, https:\/\/www.wallendorff.com\/belogue\/wp-content\/uploads\/2019\/08\/20190824-90-655x983.jpg 655w, https:\/\/www.wallendorff.com\/belogue\/wp-content\/uploads\/2019\/08\/20190824-90-600x900.jpg 600w\" sizes=\"(max-width: 780px) 100vw, 780px\" \/><\/a>\n\t\t\t<\/div>\n\t\t\t\t<figcaption class='wp-caption-text gallery-caption' id='gallery-1-43555'>\n\t\t\t\tRom\u00e9o Elvis @ le Cabaret Vert, Charleville-M\u00e9zi\u00e8res, 22\/08\/2019\n\t\t\t\t<\/figcaption><\/figure><figure class='gallery-item'>\n\t\t\t<div class='gallery-icon landscape'>\n\t\t\t\t<a href='https:\/\/www.wallendorff.com\/belogue\/2019\/08\/24\/le-cabaret-vert-2019-charleville-mezieres-jour-1\/romeo-elvis-le-cabaret-vert-charleville-mezieres-22-08-2019-3\/'><img loading=\"lazy\" decoding=\"async\" width=\"1170\" height=\"780\" src=\"https:\/\/www.wallendorff.com\/belogue\/wp-content\/uploads\/2019\/08\/20190824-91.jpg\" class=\"attachment-large size-large\" alt=\"\" aria-describedby=\"gallery-1-43556\" srcset=\"https:\/\/www.wallendorff.com\/belogue\/wp-content\/uploads\/2019\/08\/20190824-91.jpg 1170w, https:\/\/www.wallendorff.com\/belogue\/wp-content\/uploads\/2019\/08\/20190824-91-820x547.jpg 820w, https:\/\/www.wallendorff.com\/belogue\/wp-content\/uploads\/2019\/08\/20190824-91-1116x744.jpg 1116w, https:\/\/www.wallendorff.com\/belogue\/wp-content\/uploads\/2019\/08\/20190824-91-806x537.jpg 806w, https:\/\/www.wallendorff.com\/belogue\/wp-content\/uploads\/2019\/08\/20190824-91-558x372.jpg 558w, https:\/\/www.wallendorff.com\/belogue\/wp-content\/uploads\/2019\/08\/20190824-91-655x437.jpg 655w, https:\/\/www.wallendorff.com\/belogue\/wp-content\/uploads\/2019\/08\/20190824-91-600x400.jpg 600w\" sizes=\"(max-width: 1170px) 100vw, 1170px\" \/><\/a>\n\t\t\t<\/div>\n\t\t\t\t<figcaption class='wp-caption-text gallery-caption' id='gallery-1-43556'>\n\t\t\t\tRom\u00e9o Elvis @ le Cabaret Vert, Charleville-M\u00e9zi\u00e8res, 22\/08\/2019\n\t\t\t\t<\/figcaption><\/figure><figure class='gallery-item'>\n\t\t\t<div class='gallery-icon landscape'>\n\t\t\t\t<a href='https:\/\/www.wallendorff.com\/belogue\/2019\/08\/24\/le-cabaret-vert-2019-charleville-mezieres-jour-1\/le-cabaret-vert-charleville-mezieres-22-08-2019-55\/'><img loading=\"lazy\" decoding=\"async\" width=\"1170\" height=\"780\" src=\"https:\/\/www.wallendorff.com\/belogue\/wp-content\/uploads\/2019\/08\/20190824-92.jpg\" class=\"attachment-large size-large\" alt=\"\" aria-describedby=\"gallery-1-43557\" srcset=\"https:\/\/www.wallendorff.com\/belogue\/wp-content\/uploads\/2019\/08\/20190824-92.jpg 1170w, https:\/\/www.wallendorff.com\/belogue\/wp-content\/uploads\/2019\/08\/20190824-92-820x547.jpg 820w, https:\/\/www.wallendorff.com\/belogue\/wp-content\/uploads\/2019\/08\/20190824-92-1116x744.jpg 1116w, https:\/\/www.wallendorff.com\/belogue\/wp-content\/uploads\/2019\/08\/20190824-92-806x537.jpg 806w, https:\/\/www.wallendorff.com\/belogue\/wp-content\/uploads\/2019\/08\/20190824-92-558x372.jpg 558w, https:\/\/www.wallendorff.com\/belogue\/wp-content\/uploads\/2019\/08\/20190824-92-655x437.jpg 655w, https:\/\/www.wallendorff.com\/belogue\/wp-content\/uploads\/2019\/08\/20190824-92-600x400.jpg 600w\" sizes=\"(max-width: 1170px) 100vw, 1170px\" \/><\/a>\n\t\t\t<\/div>\n\t\t\t\t<figcaption class='wp-caption-text gallery-caption' id='gallery-1-43557'>\n\t\t\t\tLe Cabaret Vert, Charleville-M\u00e9zi\u00e8res, 22\/08\/2019\n\t\t\t\t<\/figcaption><\/figure><figure class='gallery-item'>\n\t\t\t<div class='gallery-icon landscape'>\n\t\t\t\t<a href='https:\/\/www.wallendorff.com\/belogue\/2019\/08\/24\/le-cabaret-vert-2019-charleville-mezieres-jour-1\/romeo-elvis-le-cabaret-vert-charleville-mezieres-22-08-2019-4\/'><img loading=\"lazy\" decoding=\"async\" width=\"1170\" height=\"780\" src=\"https:\/\/www.wallendorff.com\/belogue\/wp-content\/uploads\/2019\/08\/20190824-93.jpg\" class=\"attachment-large size-large\" alt=\"\" aria-describedby=\"gallery-1-43558\" srcset=\"https:\/\/www.wallendorff.com\/belogue\/wp-content\/uploads\/2019\/08\/20190824-93.jpg 1170w, https:\/\/www.wallendorff.com\/belogue\/wp-content\/uploads\/2019\/08\/20190824-93-820x547.jpg 820w, https:\/\/www.wallendorff.com\/belogue\/wp-content\/uploads\/2019\/08\/20190824-93-1116x744.jpg 1116w, https:\/\/www.wallendorff.com\/belogue\/wp-content\/uploads\/2019\/08\/20190824-93-806x537.jpg 806w, https:\/\/www.wallendorff.com\/belogue\/wp-content\/uploads\/2019\/08\/20190824-93-558x372.jpg 558w, https:\/\/www.wallendorff.com\/belogue\/wp-content\/uploads\/2019\/08\/20190824-93-655x437.jpg 655w, https:\/\/www.wallendorff.com\/belogue\/wp-content\/uploads\/2019\/08\/20190824-93-600x400.jpg 600w\" sizes=\"(max-width: 1170px) 100vw, 1170px\" \/><\/a>\n\t\t\t<\/div>\n\t\t\t\t<figcaption class='wp-caption-text gallery-caption' id='gallery-1-43558'>\n\t\t\t\tRom\u00e9o Elvis @ le Cabaret Vert, Charleville-M\u00e9zi\u00e8res, 22\/08\/2019\n\t\t\t\t<\/figcaption><\/figure><figure class='gallery-item'>\n\t\t\t<div class='gallery-icon landscape'>\n\t\t\t\t<a href='https:\/\/www.wallendorff.com\/belogue\/2019\/08\/24\/le-cabaret-vert-2019-charleville-mezieres-jour-1\/le-cabaret-vert-charleville-mezieres-22-08-2019-56\/'><img loading=\"lazy\" decoding=\"async\" width=\"1170\" height=\"780\" src=\"https:\/\/www.wallendorff.com\/belogue\/wp-content\/uploads\/2019\/08\/20190824-94.jpg\" class=\"attachment-large size-large\" alt=\"\" aria-describedby=\"gallery-1-43559\" srcset=\"https:\/\/www.wallendorff.com\/belogue\/wp-content\/uploads\/2019\/08\/20190824-94.jpg 1170w, https:\/\/www.wallendorff.com\/belogue\/wp-content\/uploads\/2019\/08\/20190824-94-820x547.jpg 820w, https:\/\/www.wallendorff.com\/belogue\/wp-content\/uploads\/2019\/08\/20190824-94-1116x744.jpg 1116w, https:\/\/www.wallendorff.com\/belogue\/wp-content\/uploads\/2019\/08\/20190824-94-806x537.jpg 806w, https:\/\/www.wallendorff.com\/belogue\/wp-content\/uploads\/2019\/08\/20190824-94-558x372.jpg 558w, https:\/\/www.wallendorff.com\/belogue\/wp-content\/uploads\/2019\/08\/20190824-94-655x437.jpg 655w, https:\/\/www.wallendorff.com\/belogue\/wp-content\/uploads\/2019\/08\/20190824-94-600x400.jpg 600w\" sizes=\"(max-width: 1170px) 100vw, 1170px\" \/><\/a>\n\t\t\t<\/div>\n\t\t\t\t<figcaption class='wp-caption-text gallery-caption' id='gallery-1-43559'>\n\t\t\t\tLe Cabaret Vert, Charleville-M\u00e9zi\u00e8res, 22\/08\/2019\n\t\t\t\t<\/figcaption><\/figure><figure class='gallery-item'>\n\t\t\t<div class='gallery-icon landscape'>\n\t\t\t\t<a href='https:\/\/www.wallendorff.com\/belogue\/2019\/08\/24\/le-cabaret-vert-2019-charleville-mezieres-jour-1\/romeo-elvis-le-cabaret-vert-charleville-mezieres-22-08-2019-5\/'><img loading=\"lazy\" decoding=\"async\" width=\"1170\" height=\"780\" src=\"https:\/\/www.wallendorff.com\/belogue\/wp-content\/uploads\/2019\/08\/20190824-95.jpg\" class=\"attachment-large size-large\" alt=\"\" aria-describedby=\"gallery-1-43560\" srcset=\"https:\/\/www.wallendorff.com\/belogue\/wp-content\/uploads\/2019\/08\/20190824-95.jpg 1170w, https:\/\/www.wallendorff.com\/belogue\/wp-content\/uploads\/2019\/08\/20190824-95-820x547.jpg 820w, https:\/\/www.wallendorff.com\/belogue\/wp-content\/uploads\/2019\/08\/20190824-95-1116x744.jpg 1116w, https:\/\/www.wallendorff.com\/belogue\/wp-content\/uploads\/2019\/08\/20190824-95-806x537.jpg 806w, https:\/\/www.wallendorff.com\/belogue\/wp-content\/uploads\/2019\/08\/20190824-95-558x372.jpg 558w, https:\/\/www.wallendorff.com\/belogue\/wp-content\/uploads\/2019\/08\/20190824-95-655x437.jpg 655w, https:\/\/www.wallendorff.com\/belogue\/wp-content\/uploads\/2019\/08\/20190824-95-600x400.jpg 600w\" sizes=\"(max-width: 1170px) 100vw, 1170px\" \/><\/a>\n\t\t\t<\/div>\n\t\t\t\t<figcaption class='wp-caption-text gallery-caption' id='gallery-1-43560'>\n\t\t\t\tRom\u00e9o Elvis @ le Cabaret Vert, Charleville-M\u00e9zi\u00e8res, 22\/08\/2019\n\t\t\t\t<\/figcaption><\/figure>\n\t\t<\/div>\n\n","protected":false},"excerpt":{"rendered":"Le Cabaret Vert, Charleville-M\u00e9zi\u00e8res, 22\/08\/2019 Le Cabaret Vert, Charleville-M\u00e9zi\u00e8res, 22\/08\/2019 Le Cabaret Vert, Charleville-M\u00e9zi\u00e8res, 22\/08\/2019 Le Cabaret Vert, Charleville-M\u00e9zi\u00e8res, 22\/08\/2019 Johnny Marr @ le Cabaret Vert, Charleville-M\u00e9zi\u00e8res, 22\/08\/2019 Le Cabaret Vert, Charleville-M\u00e9zi\u00e8res, 22\/08\/2019 Johnny Marr @ le Cabaret Vert, Charleville-M\u00e9zi\u00e8res, 22\/08\/2019 Le Cabaret Vert, Charleville-M\u00e9zi\u00e8res, 22\/08\/2019 Johnny Marr @ le Cabaret Vert, Charleville-M\u00e9zi\u00e8res, 22\/08\/2019 Le&hellip;","protected":false},"author":1,"featured_media":43466,"comment_status":"open","ping_status":"open","sticky":false,"template":"","format":"standard","meta":{"_acf_changed":false,"ngg_post_thumbnail":0,"jetpack_post_was_ever_published":false,"_jetpack_newsletter_access":"","_jetpack_dont_email_post_to_subs":false,"_jetpack_newsletter_tier_id":0,"_jetpack_memberships_contains_paywalled_content":false,"_jetpack_memberships_contains_paid_content":false,"footnotes":"","jetpack_publicize_message":"","jetpack_publicize_feature_enabled":true,"jetpack_social_post_already_shared":true,"jetpack_social_options":{"image_generator_settings":{"template":"highway","default_image_id":0,"font":"","enabled":false},"version":2}},"categories":[7],"tags":[13612,15366,10084,6103,10255,15856,8170,181,6766,8351,10254,10321,10136,10120,14271,15857,14145,15858,15859,13974,10135,14903,14274,14147,15860,15861],"class_list":["post-43464","post","type-post","status-publish","format-standard","has-post-thumbnail","hentry","category-alive","tag-13612","tag-15366","tag-alive","tag-ambiance-2","tag-ardenne","tag-caballero-jeanjass","tag-ef-24-70-mm-f2-8l-ii-usm","tag-ef-70-200-mm-f28l-usm","tag-eos-5d-mark-iii","tag-eos-6d","tag-champagne-ardenne","tag-charleville-mezieres","tag-festival","tag-france","tag-fujifilm-x-t2","tag-johnny-marr","tag-le-cabaret-vert","tag-le-cabaret-vert-2019","tag-ocean-alley","tag-prophets-of-rage","tag-public","tag-romeo-elvis","tag-samyang-8-mm-f2-8-umc-fisheye-ii","tag-square-bayard","tag-twenty-one-pilots","tag-zanzibar"],"acf":[],"geo":{"latitude":49.7627487,"longitude":4.715404,"description":"Charleville-M\u00e9zi\u00e8res, Grand-Est, 08000, FR"},"jetpack_publicize_connections":[],"jetpack_featured_media_url":"https:\/\/www.wallendorff.com\/belogue\/wp-content\/uploads\/2019\/08\/20190824-01.jpg","jetpack_shortlink":"https:\/\/wp.me\/p3b35P-bj2","jetpack_sharing_enabled":true,"jetpack-related-posts":[{"id":13190,"url":"https:\/\/www.wallendorff.com\/belogue\/2011\/08\/31\/the-wombats-le-cabaret-vert-charleville-mezieres-26-aout\/","url_meta":{"origin":43464,"position":0},"title":"The Wombats @ le Cabaret Vert, Charleville-M\u00e9zi\u00e8res, 26 ao\u00fbt.","author":"dpc","date":"31 ao\u00fbt 2011","format":false,"excerpt":"\u00a0The Wombats \u2013 1996 [youtube]http:\/\/www.youtube.com\/watch?v=m3ZwhfIG6cw[\/youtube]","rel":"","context":"Dans &quot;Alive&quot;","block_context":{"text":"Alive","link":"https:\/\/www.wallendorff.com\/belogue\/category\/alive\/"},"img":{"alt_text":"","src":"https:\/\/i0.wp.com\/www.wallendorff.com\/belogue\/wp-content\/uploads\/2015\/04\/201108311.jpg?resize=350%2C200&ssl=1","width":350,"height":200,"srcset":"https:\/\/i0.wp.com\/www.wallendorff.com\/belogue\/wp-content\/uploads\/2015\/04\/201108311.jpg?resize=350%2C200&ssl=1 1x, https:\/\/i0.wp.com\/www.wallendorff.com\/belogue\/wp-content\/uploads\/2015\/04\/201108311.jpg?resize=525%2C300&ssl=1 1.5x, https:\/\/i0.wp.com\/www.wallendorff.com\/belogue\/wp-content\/uploads\/2015\/04\/201108311.jpg?resize=700%2C400&ssl=1 2x"},"classes":[]},{"id":43562,"url":"https:\/\/www.wallendorff.com\/belogue\/2019\/08\/25\/le-cabaret-vert-2019-charleville-mezieres-jour-2\/","url_meta":{"origin":43464,"position":1},"title":"Le Cabaret Vert 2019, Charleville-M\u00e9zi\u00e8res, jour 2","author":"dpc","date":"25 ao\u00fbt 2019","format":false,"excerpt":"","rel":"","context":"Dans &quot;Alive&quot;","block_context":{"text":"Alive","link":"https:\/\/www.wallendorff.com\/belogue\/category\/alive\/"},"img":{"alt_text":"","src":"https:\/\/i0.wp.com\/www.wallendorff.com\/belogue\/wp-content\/uploads\/2019\/08\/20190825-84.jpg?resize=350%2C200&ssl=1","width":350,"height":200,"srcset":"https:\/\/i0.wp.com\/www.wallendorff.com\/belogue\/wp-content\/uploads\/2019\/08\/20190825-84.jpg?resize=350%2C200&ssl=1 1x, https:\/\/i0.wp.com\/www.wallendorff.com\/belogue\/wp-content\/uploads\/2019\/08\/20190825-84.jpg?resize=525%2C300&ssl=1 1.5x, https:\/\/i0.wp.com\/www.wallendorff.com\/belogue\/wp-content\/uploads\/2019\/08\/20190825-84.jpg?resize=700%2C400&ssl=1 2x, https:\/\/i0.wp.com\/www.wallendorff.com\/belogue\/wp-content\/uploads\/2019\/08\/20190825-84.jpg?resize=1050%2C600&ssl=1 3x"},"classes":[]},{"id":130040,"url":"https:\/\/www.wallendorff.com\/belogue\/2024\/08\/16\/le-cabaret-vert-2024-charleville-mezieres-jour-1\/","url_meta":{"origin":43464,"position":2},"title":"Le Cabaret Vert 2024, Charleville-M\u00e9zi\u00e8res, jour 1.","author":"dpc","date":"16 ao\u00fbt 2024","format":false,"excerpt":"Le Cabaret Vert, Charleville-M\u00e9zi\u00e8res, 15\/08\/2024 Le Cabaret Vert, Charleville-M\u00e9zi\u00e8res, 15\/08\/2024 Flogging Molly @ le Cabaret Vert, Charleville-M\u00e9zi\u00e8res, 15\/08\/2024 Le Cabaret Vert, Charleville-M\u00e9zi\u00e8res, 15\/08\/2024 Flogging Molly @ le Cabaret Vert, Charleville-M\u00e9zi\u00e8res, 15\/08\/2024 Flogging Molly @ le Cabaret Vert, Charleville-M\u00e9zi\u00e8res, 15\/08\/2024 Le Cabaret Vert, Charleville-M\u00e9zi\u00e8res, 15\/08\/2024 Flogging Molly @ le Cabaret Vert,\u2026","rel":"","context":"Dans &quot;Alive&quot;","block_context":{"text":"Alive","link":"https:\/\/www.wallendorff.com\/belogue\/category\/alive\/"},"img":{"alt_text":"","src":"https:\/\/i0.wp.com\/www.wallendorff.com\/belogue\/wp-content\/uploads\/2024\/08\/20240816-31.jpg?resize=350%2C200&ssl=1","width":350,"height":200,"srcset":"https:\/\/i0.wp.com\/www.wallendorff.com\/belogue\/wp-content\/uploads\/2024\/08\/20240816-31.jpg?resize=350%2C200&ssl=1 1x, https:\/\/i0.wp.com\/www.wallendorff.com\/belogue\/wp-content\/uploads\/2024\/08\/20240816-31.jpg?resize=525%2C300&ssl=1 1.5x, https:\/\/i0.wp.com\/www.wallendorff.com\/belogue\/wp-content\/uploads\/2024\/08\/20240816-31.jpg?resize=700%2C400&ssl=1 2x, https:\/\/i0.wp.com\/www.wallendorff.com\/belogue\/wp-content\/uploads\/2024\/08\/20240816-31.jpg?resize=1050%2C600&ssl=1 3x"},"classes":[]},{"id":35561,"url":"https:\/\/www.wallendorff.com\/belogue\/2017\/08\/25\/le-cabaret-vert-2017-jour-1\/","url_meta":{"origin":43464,"position":3},"title":"Le Cabaret Vert 2017, jour 1.","author":"dpc","date":"25 ao\u00fbt 2017","format":false,"excerpt":"","rel":"","context":"Dans &quot;Alive&quot;","block_context":{"text":"Alive","link":"https:\/\/www.wallendorff.com\/belogue\/category\/alive\/"},"img":{"alt_text":"","src":"https:\/\/i0.wp.com\/www.wallendorff.com\/belogue\/wp-content\/uploads\/2017\/08\/20170825-39.jpg?resize=350%2C200&ssl=1","width":350,"height":200,"srcset":"https:\/\/i0.wp.com\/www.wallendorff.com\/belogue\/wp-content\/uploads\/2017\/08\/20170825-39.jpg?resize=350%2C200&ssl=1 1x, https:\/\/i0.wp.com\/www.wallendorff.com\/belogue\/wp-content\/uploads\/2017\/08\/20170825-39.jpg?resize=525%2C300&ssl=1 1.5x, https:\/\/i0.wp.com\/www.wallendorff.com\/belogue\/wp-content\/uploads\/2017\/08\/20170825-39.jpg?resize=700%2C400&ssl=1 2x"},"classes":[]},{"id":35698,"url":"https:\/\/www.wallendorff.com\/belogue\/2017\/08\/27\/le-cabaret-vert-2017-jour-3\/","url_meta":{"origin":43464,"position":4},"title":"Le Cabaret Vert 2017, jour 3.","author":"dpc","date":"27 ao\u00fbt 2017","format":false,"excerpt":"","rel":"","context":"Dans &quot;Alive&quot;","block_context":{"text":"Alive","link":"https:\/\/www.wallendorff.com\/belogue\/category\/alive\/"},"img":{"alt_text":"","src":"https:\/\/i0.wp.com\/www.wallendorff.com\/belogue\/wp-content\/uploads\/2017\/08\/20170827-28.jpg?resize=350%2C200&ssl=1","width":350,"height":200,"srcset":"https:\/\/i0.wp.com\/www.wallendorff.com\/belogue\/wp-content\/uploads\/2017\/08\/20170827-28.jpg?resize=350%2C200&ssl=1 1x, https:\/\/i0.wp.com\/www.wallendorff.com\/belogue\/wp-content\/uploads\/2017\/08\/20170827-28.jpg?resize=525%2C300&ssl=1 1.5x, https:\/\/i0.wp.com\/www.wallendorff.com\/belogue\/wp-content\/uploads\/2017\/08\/20170827-28.jpg?resize=700%2C400&ssl=1 2x"},"classes":[]},{"id":35752,"url":"https:\/\/www.wallendorff.com\/belogue\/2017\/08\/28\/le-cabaret-vert-2017-jour-4\/","url_meta":{"origin":43464,"position":5},"title":"Le Cabaret Vert 2017, jour 4.","author":"dpc","date":"28 ao\u00fbt 2017","format":false,"excerpt":"","rel":"","context":"Dans &quot;Alive&quot;","block_context":{"text":"Alive","link":"https:\/\/www.wallendorff.com\/belogue\/category\/alive\/"},"img":{"alt_text":"","src":"https:\/\/i0.wp.com\/www.wallendorff.com\/belogue\/wp-content\/uploads\/2017\/08\/20170828-06.jpg?resize=350%2C200&ssl=1","width":350,"height":200,"srcset":"https:\/\/i0.wp.com\/www.wallendorff.com\/belogue\/wp-content\/uploads\/2017\/08\/20170828-06.jpg?resize=350%2C200&ssl=1 1x, https:\/\/i0.wp.com\/www.wallendorff.com\/belogue\/wp-content\/uploads\/2017\/08\/20170828-06.jpg?resize=525%2C300&ssl=1 1.5x, https:\/\/i0.wp.com\/www.wallendorff.com\/belogue\/wp-content\/uploads\/2017\/08\/20170828-06.jpg?resize=700%2C400&ssl=1 2x"},"classes":[]}],"_links":{"self":[{"href":"https:\/\/www.wallendorff.com\/belogue\/wp-json\/wp\/v2\/posts\/43464","targetHints":{"allow":["GET"]}}],"collection":[{"href":"https:\/\/www.wallendorff.com\/belogue\/wp-json\/wp\/v2\/posts"}],"about":[{"href":"https:\/\/www.wallendorff.com\/belogue\/wp-json\/wp\/v2\/types\/post"}],"author":[{"embeddable":true,"href":"https:\/\/www.wallendorff.com\/belogue\/wp-json\/wp\/v2\/users\/1"}],"replies":[{"embeddable":true,"href":"https:\/\/www.wallendorff.com\/belogue\/wp-json\/wp\/v2\/comments?post=43464"}],"version-history":[{"count":2,"href":"https:\/\/www.wallendorff.com\/belogue\/wp-json\/wp\/v2\/posts\/43464\/revisions"}],"predecessor-version":[{"id":43561,"href":"https:\/\/www.wallendorff.com\/belogue\/wp-json\/wp\/v2\/posts\/43464\/revisions\/43561"}],"wp:featuredmedia":[{"embeddable":true,"href":"https:\/\/www.wallendorff.com\/belogue\/wp-json\/wp\/v2\/media\/43466"}],"wp:attachment":[{"href":"https:\/\/www.wallendorff.com\/belogue\/wp-json\/wp\/v2\/media?parent=43464"}],"wp:term":[{"taxonomy":"category","embeddable":true,"href":"https:\/\/www.wallendorff.com\/belogue\/wp-json\/wp\/v2\/categories?post=43464"},{"taxonomy":"post_tag","embeddable":true,"href":"https:\/\/www.wallendorff.com\/belogue\/wp-json\/wp\/v2\/tags?post=43464"}],"curies":[{"name":"wp","href":"https:\/\/api.w.org\/{rel}","templated":true}]}}