{"id":43459,"date":"2019-08-20T15:04:43","date_gmt":"2019-08-20T13:04:43","guid":{"rendered":"http:\/\/www.wallendorff.com\/belogue\/?p=43459"},"modified":"2019-08-20T15:18:02","modified_gmt":"2019-08-20T13:18:02","slug":"into-the-wide-181","status":"publish","type":"post","link":"https:\/\/www.wallendorff.com\/belogue\/2019\/08\/20\/into-the-wide-181\/","title":{"rendered":"Into the wide #182."},"content":{"rendered":"<div id=\"photo\">\n<p><img decoding=\"async\" src=\"https:\/\/www.wallendorff.com\/belogue\/wp-content\/uploads\/2019\/08\/20190820.jpg\"><br \/>\nPont Charles, Prague, 9 mai 2019.<\/p>\n<\/div>\n<p style=\"text-align: right;\">Je ne m&rsquo;\u00e9tais pas lev\u00e9 aussi t\u00f4t depuis le <a href=\"https:\/\/www.wallendorff.com\/belogue\/2017\/09\/13\/into-the-wide-108-109\/\">Rialto, il y a deux ans<\/a>. C&rsquo;est le probl\u00e8me des lieux pris\u00e9s par les touristes&nbsp;: si tu veux profiter de ceux-ci, il faut venir quand ceux-l\u00e0 dorment, et ce au moins une heure avant le lever du soleil.<\/p>\n<p style=\"text-align: right;\">Il y a trois ans, je m&rsquo;\u00e9tais point\u00e9 un peu tard, il faisait beau, nous \u00e9tions en septembre, le pont \u00e9tait bond\u00e9 de photographes entre lesquels j&rsquo;avais d\u00fb slalomer et au final <a href=\"https:\/\/www.wallendorff.com\/belogue\/2016\/12\/06\/into-the-wide-84\/\">mon ciel \u00e9tait trop clair<\/a>. Cette fois-ci nous \u00e9tions en mai, il bruinait et je m&rsquo;\u00e9tais lev\u00e9 \u00e0 l&rsquo;heure&nbsp;; nous n&rsquo;\u00e9tions donc que quatre. J&rsquo;ai dit bonjour, install\u00e9 mon mat\u00e9riel, pris 4 panoramiques, tout remball\u00e9, chang\u00e9 d&rsquo;optique, puis j&rsquo;ai commenc\u00e9 \u00e0 m&rsquo;\u00e9loigner. En prenant quand m\u00eame au passage <a href=\"https:\/\/www.wallendorff.com\/belogue\/2019\/05\/31\/mai-2019\/#jp-carousel-42062\">une photo de mes confr\u00e8res pour le blog-note<\/a>, sous-expos\u00e9e parce que \u00e7a faisait joli.<\/p>\n<p style=\"text-align: right;\">Avant de me dire que sous-exposer la sc\u00e8ne, \u00e7a faisait <em>vraiment<\/em> joli.<\/p>\n<p style=\"text-align: right;\">J&rsquo;ai tout ressorti, r\u00e9install\u00e9 le tr\u00e9pied sans changer d&rsquo;optique et fait un dernier panoramique \u00e0 l&rsquo;arrache, sans m\u00eame prendre la peine de faire une pose lente, au cas o\u00f9.<\/p>\n<p style=\"text-align: right;\">Et au final, \u00e9videmment, c&rsquo;est celui-l\u00e0 que je publie, et aucun des autres.<\/p>\n<p style=\"text-align: right;\">Mais \u00e0 part \u00e7a, rien.<\/p>\n<div id=\"bandeson\">\n<p><img decoding=\"async\" src=\"https:\/\/www.wallendorff.com\/belogue\/photo\/pochettes\/s\/secret_machines-ten_silver_drops.jpg\" align=\"left\"><a id=\"lienmp3\" style=\"font-weight: normal;\" href=\"https:\/\/www.youtube.com\/watch?v=JAG2unCknzs\"><em>Alone, Jealous and Stoned<\/em><\/a><br \/>\n<a href=\"http:\/\/www.secretmachines.com\/\">Secret Machines<\/a><\/p>\n<\/div>\n","protected":false},"excerpt":{"rendered":"<p>Pont Charles, Prague, 9 mai 2019. Je ne m&rsquo;\u00e9tais pas lev\u00e9 aussi t\u00f4t depuis le Rialto, il y a deux ans. C&rsquo;est le probl\u00e8me des lieux pris\u00e9s par les touristes&nbsp;: si tu veux profiter de ceux-ci, il faut venir quand ceux-l\u00e0 dorment, et ce au moins une heure avant le lever du soleil. Il y&hellip;<\/p>\n","protected":false},"author":1,"featured_media":43460,"comment_status":"open","ping_status":"open","sticky":false,"template":"","format":"standard","meta":{"_acf_changed":false,"ngg_post_thumbnail":0,"jetpack_post_was_ever_published":false,"_jetpack_newsletter_access":"","_jetpack_dont_email_post_to_subs":false,"_jetpack_newsletter_tier_id":0,"_jetpack_memberships_contains_paywalled_content":false,"_jetpack_memberships_contains_paid_content":false,"footnotes":"","jetpack_publicize_message":"","jetpack_publicize_feature_enabled":true,"jetpack_social_post_already_shared":true,"jetpack_social_options":{"image_generator_settings":{"template":"highway","default_image_id":0,"font":"","enabled":false},"version":2}},"categories":[7356],"tags":[1455,3524,737,14271,15412,11323,10380,13364,10592,13366,587,13370],"class_list":["post-43459","post","type-post","status-publish","format-standard","has-post-thumbnail","hentry","category-into-the-wide","tag-alone-jealous-and-stone","tag-aurore","tag-bleu","tag-fujifilm-x-t2","tag-fujinon-xf-23-mm-f-1-4-r","tag-panoramique","tag-pont","tag-pont-charles","tag-pose-longue","tag-prague","tag-secret-machines","tag-tchequie"],"acf":[],"geo":{"latitude":50.0864449,"longitude":14.4116592,"description":"Praha 2-Nov\u00e9 M\u011bsto, , 120 00, CZ"},"jetpack_publicize_connections":[],"jetpack_featured_media_url":"https:\/\/www.wallendorff.com\/belogue\/wp-content\/uploads\/2019\/08\/20190820.jpg","jetpack_shortlink":"https:\/\/wp.me\/p3b35P-biX","jetpack_sharing_enabled":true,"jetpack-related-posts":[{"id":22948,"url":"https:\/\/www.wallendorff.com\/belogue\/2014\/06\/12\/dix-ans\/","url_meta":{"origin":43459,"position":0},"title":"Dix ans.","author":"dpc","date":"12 juin 2014","format":false,"excerpt":"Il y a dix ans, les Pistons de D\u00e9troit \u00e9taient en finale NBA. Il y a neuf ans, les Pistons de D\u00e9troit \u00e9taient encore en finale NBA. Il y a huit ans, les Pistons de D\u00e9troit \u00e9taient en vacances apr\u00e8s s'\u00eatre fait vider comme des nases en sept manches de\u2026","rel":"","context":"Dans &quot;DPC&quot;","block_context":{"text":"DPC","link":"https:\/\/www.wallendorff.com\/belogue\/category\/dpc\/"},"img":{"alt_text":"","src":"https:\/\/i0.wp.com\/www.wallendorff.com\/belogue\/wp-content\/uploads\/2015\/04\/200901013.jpg?resize=350%2C200&ssl=1","width":350,"height":200,"srcset":"https:\/\/i0.wp.com\/www.wallendorff.com\/belogue\/wp-content\/uploads\/2015\/04\/200901013.jpg?resize=350%2C200&ssl=1 1x, https:\/\/i0.wp.com\/www.wallendorff.com\/belogue\/wp-content\/uploads\/2015\/04\/200901013.jpg?resize=525%2C300&ssl=1 1.5x"},"classes":[]},{"id":132422,"url":"https:\/\/www.wallendorff.com\/belogue\/2025\/06\/12\/jaunes-dombres\/","url_meta":{"origin":43459,"position":1},"title":"Jaunes d&rsquo;ombres.","author":"dpc","date":"12 juin 2025","format":false,"excerpt":"Tour Montparnasse, Paris, 18 avril 2024.Merci \u00e0 Lala mais pas \u00e0 Leffe\u00ae ni Twinuts\u00ae car j'ai sottement oubli\u00e9 de faire les commissions. Et \u00e0 part \u00e7a... Il y a vingt-et-un ans, les Pistons de D\u00e9troit \u00e9taient en finale NBA. Il y a vingt ans, les Pistons de D\u00e9troit \u00e9taient encore\u2026","rel":"","context":"Dans &quot;DPC&quot;","block_context":{"text":"DPC","link":"https:\/\/www.wallendorff.com\/belogue\/category\/dpc\/"},"img":{"alt_text":"","src":"https:\/\/i0.wp.com\/www.wallendorff.com\/belogue\/wp-content\/uploads\/2025\/06\/20250612-08.jpg?resize=350%2C200&ssl=1","width":350,"height":200,"srcset":"https:\/\/i0.wp.com\/www.wallendorff.com\/belogue\/wp-content\/uploads\/2025\/06\/20250612-08.jpg?resize=350%2C200&ssl=1 1x, https:\/\/i0.wp.com\/www.wallendorff.com\/belogue\/wp-content\/uploads\/2025\/06\/20250612-08.jpg?resize=525%2C300&ssl=1 1.5x, https:\/\/i0.wp.com\/www.wallendorff.com\/belogue\/wp-content\/uploads\/2025\/06\/20250612-08.jpg?resize=700%2C400&ssl=1 2x, https:\/\/i0.wp.com\/www.wallendorff.com\/belogue\/wp-content\/uploads\/2025\/06\/20250612-08.jpg?resize=1050%2C600&ssl=1 3x"},"classes":[]},{"id":43669,"url":"https:\/\/www.wallendorff.com\/belogue\/2019\/08\/29\/flous-flux\/","url_meta":{"origin":43459,"position":2},"title":"Flous flux.","author":"dpc","date":"29 ao\u00fbt 2019","format":false,"excerpt":"Pont Charles, Prague, 9 mai 2019. Elle fut dr\u00f4le \u00e0 faire, celle-ci, coinc\u00e9 dans le dernier d\u00e9cim\u00e8tre carr\u00e9 disponible, \u00e0 discuter avec un groupe de photographes Californiens, tout en essayant de g\u00eaner le moins possible les touristes qui passaient leurs t\u00e9l\u00e9phones malins par-dessus mon \u00e9paule pour obtenir eux aussi ce\u2026","rel":"","context":"Dans &quot;DPC&quot;","block_context":{"text":"DPC","link":"https:\/\/www.wallendorff.com\/belogue\/category\/dpc\/"},"img":{"alt_text":"Pont Charles, Prague, 9 mai 2019.","src":"https:\/\/i0.wp.com\/www.wallendorff.com\/belogue\/wp-content\/uploads\/2019\/08\/20190829.jpg?resize=350%2C200&ssl=1","width":350,"height":200,"srcset":"https:\/\/i0.wp.com\/www.wallendorff.com\/belogue\/wp-content\/uploads\/2019\/08\/20190829.jpg?resize=350%2C200&ssl=1 1x, https:\/\/i0.wp.com\/www.wallendorff.com\/belogue\/wp-content\/uploads\/2019\/08\/20190829.jpg?resize=525%2C300&ssl=1 1.5x, https:\/\/i0.wp.com\/www.wallendorff.com\/belogue\/wp-content\/uploads\/2019\/08\/20190829.jpg?resize=700%2C400&ssl=1 2x"},"classes":[]},{"id":21142,"url":"https:\/\/www.wallendorff.com\/belogue\/2013\/06\/12\/into-the-wide-9\/","url_meta":{"origin":43459,"position":3},"title":"Into the Wide #9.","author":"dpc","date":"12 juin 2013","format":false,"excerpt":"Route des Prehez, Morbier, 27 avril. [Oui oui, vingt-sept avril.] Et \u00e0 part \u00e7a\u00a0: Il y a neuf ans, les Pistons de D\u00e9troit \u00e9taient en finale NBA. Il y a huit ans, les Pistons de D\u00e9troit \u00e9taient encore en finale NBA. Il y a sept ans, les Pistons de D\u00e9troit\u2026","rel":"","context":"Dans &quot;Into the wide&quot;","block_context":{"text":"Into the wide","link":"https:\/\/www.wallendorff.com\/belogue\/category\/into-the-wide\/"},"img":{"alt_text":"","src":"https:\/\/i0.wp.com\/www.wallendorff.com\/belogue\/wp-content\/uploads\/2015\/04\/201306121.jpg?resize=350%2C200&ssl=1","width":350,"height":200,"srcset":"https:\/\/i0.wp.com\/www.wallendorff.com\/belogue\/wp-content\/uploads\/2015\/04\/201306121.jpg?resize=350%2C200&ssl=1 1x, https:\/\/i0.wp.com\/www.wallendorff.com\/belogue\/wp-content\/uploads\/2015\/04\/201306121.jpg?resize=525%2C300&ssl=1 1.5x, https:\/\/i0.wp.com\/www.wallendorff.com\/belogue\/wp-content\/uploads\/2015\/04\/201306121.jpg?resize=700%2C400&ssl=1 2x"},"classes":[]},{"id":128261,"url":"https:\/\/www.wallendorff.com\/belogue\/2024\/06\/12\/cetait-2004\/","url_meta":{"origin":43459,"position":4},"title":"C&rsquo;\u00e9tait 2004.","author":"dpc","date":"12 juin 2024","format":false,"excerpt":"En ouvrant ce journal, il y a 20 ans, je n'aurais jamais pens\u00e9 qu'il durerait si longtemps. Mais il a tenu, d'abord sur feu 20six, puis en solitaire sur ce site, traversant les plateformes et les modes jusqu'\u00e0 aujourd'hui. MySpace, Flickr, Facebook, Instagram passent et disparaissent, mais reste ce site.Je\u2026","rel":"","context":"Dans &quot;DPC&quot;","block_context":{"text":"DPC","link":"https:\/\/www.wallendorff.com\/belogue\/category\/dpc\/"},"img":{"alt_text":"","src":"https:\/\/i0.wp.com\/www.wallendorff.com\/belogue\/wp-content\/uploads\/2024\/06\/20240612-03.jpg?resize=350%2C200&ssl=1","width":350,"height":200,"srcset":"https:\/\/i0.wp.com\/www.wallendorff.com\/belogue\/wp-content\/uploads\/2024\/06\/20240612-03.jpg?resize=350%2C200&ssl=1 1x, https:\/\/i0.wp.com\/www.wallendorff.com\/belogue\/wp-content\/uploads\/2024\/06\/20240612-03.jpg?resize=525%2C300&ssl=1 1.5x, https:\/\/i0.wp.com\/www.wallendorff.com\/belogue\/wp-content\/uploads\/2024\/06\/20240612-03.jpg?resize=700%2C400&ssl=1 2x, https:\/\/i0.wp.com\/www.wallendorff.com\/belogue\/wp-content\/uploads\/2024\/06\/20240612-03.jpg?resize=1050%2C600&ssl=1 3x"},"classes":[]},{"id":31054,"url":"https:\/\/www.wallendorff.com\/belogue\/2016\/06\/12\/into-the-wide-67\/","url_meta":{"origin":43459,"position":5},"title":"Into the wide #67.","author":"dpc","date":"12 juin 2016","format":false,"excerpt":"Quai de Conti, Paris, 20 avril. Can't Even Tell Soul Asylum Il y a douze ans, les Pistons de D\u00e9troit \u00e9taient en finale NBA. Il y a onze ans, les Pistons de D\u00e9troit \u00e9taient encore en finale NBA. Il y a dix ans, les Pistons de D\u00e9troit \u00e9taient en vacances\u2026","rel":"","context":"Dans &quot;Into the wide&quot;","block_context":{"text":"Into the wide","link":"https:\/\/www.wallendorff.com\/belogue\/category\/into-the-wide\/"},"img":{"alt_text":"","src":"https:\/\/i0.wp.com\/www.wallendorff.com\/belogue\/wp-content\/uploads\/2016\/06\/20160612.jpg?resize=350%2C200&ssl=1","width":350,"height":200,"srcset":"https:\/\/i0.wp.com\/www.wallendorff.com\/belogue\/wp-content\/uploads\/2016\/06\/20160612.jpg?resize=350%2C200&ssl=1 1x, https:\/\/i0.wp.com\/www.wallendorff.com\/belogue\/wp-content\/uploads\/2016\/06\/20160612.jpg?resize=525%2C300&ssl=1 1.5x, https:\/\/i0.wp.com\/www.wallendorff.com\/belogue\/wp-content\/uploads\/2016\/06\/20160612.jpg?resize=700%2C400&ssl=1 2x, https:\/\/i0.wp.com\/www.wallendorff.com\/belogue\/wp-content\/uploads\/2016\/06\/20160612.jpg?resize=1050%2C600&ssl=1 3x"},"classes":[]}],"_links":{"self":[{"href":"https:\/\/www.wallendorff.com\/belogue\/wp-json\/wp\/v2\/posts\/43459","targetHints":{"allow":["GET"]}}],"collection":[{"href":"https:\/\/www.wallendorff.com\/belogue\/wp-json\/wp\/v2\/posts"}],"about":[{"href":"https:\/\/www.wallendorff.com\/belogue\/wp-json\/wp\/v2\/types\/post"}],"author":[{"embeddable":true,"href":"https:\/\/www.wallendorff.com\/belogue\/wp-json\/wp\/v2\/users\/1"}],"replies":[{"embeddable":true,"href":"https:\/\/www.wallendorff.com\/belogue\/wp-json\/wp\/v2\/comments?post=43459"}],"version-history":[{"count":3,"href":"https:\/\/www.wallendorff.com\/belogue\/wp-json\/wp\/v2\/posts\/43459\/revisions"}],"predecessor-version":[{"id":43463,"href":"https:\/\/www.wallendorff.com\/belogue\/wp-json\/wp\/v2\/posts\/43459\/revisions\/43463"}],"wp:featuredmedia":[{"embeddable":true,"href":"https:\/\/www.wallendorff.com\/belogue\/wp-json\/wp\/v2\/media\/43460"}],"wp:attachment":[{"href":"https:\/\/www.wallendorff.com\/belogue\/wp-json\/wp\/v2\/media?parent=43459"}],"wp:term":[{"taxonomy":"category","embeddable":true,"href":"https:\/\/www.wallendorff.com\/belogue\/wp-json\/wp\/v2\/categories?post=43459"},{"taxonomy":"post_tag","embeddable":true,"href":"https:\/\/www.wallendorff.com\/belogue\/wp-json\/wp\/v2\/tags?post=43459"}],"curies":[{"name":"wp","href":"https:\/\/api.w.org\/{rel}","templated":true}]}}