{"id":43441,"date":"2019-08-12T11:30:52","date_gmt":"2019-08-12T09:30:52","guid":{"rendered":"http:\/\/www.wallendorff.com\/belogue\/?p=43441"},"modified":"2019-08-12T11:32:05","modified_gmt":"2019-08-12T09:32:05","slug":"des-queues-le-vent-soufflera","status":"publish","type":"post","link":"https:\/\/www.wallendorff.com\/belogue\/2019\/08\/12\/des-queues-le-vent-soufflera\/","title":{"rendered":"Des queues [le vent soufflera]."},"content":{"rendered":"<div id=\"photo\">\n<p><img decoding=\"async\" src=\"https:\/\/www.wallendorff.com\/belogue\/wp-content\/uploads\/2019\/08\/20190812.jpg\"><br \/>\nA&eacute;roport de Vienne-Schwechat, 25 mars 2019.<\/p>\n<\/div>\n<p style=\"text-align: right\"\u00b7>Deuxi&egrave;me &eacute;pisode de notre s&eacute;rie &laquo;&nbsp;des queues d&rsquo;avion &eacute;l&eacute;gamment dispos&eacute;es&nbsp;&raquo; apr&egrave;s <a href=\"https:\/\/www.wallendorff.com\/belogue\/2008\/04\/03\/kilomtre-2-488\/\">Amsterdam 2008<\/a>.<\/p>\n<p style=\"text-align: right\"\u00b7>Rendez-vous en 2030 pour la suite..<\/p>\n<div id=\"bandeson\">\n<p><img decoding=\"async\" src=\"https:\/\/www.wallendorff.com\/belogue\/photo\/pochettes\/s\/sego-sego_sucks.jpg\" align=\"left\" \/><a style=\"font-weight:normal\" id=\"lienmp3\" href=\"https:\/\/www.youtube.com\/watch?v=zSljm-sbFhQ\"><em>Shame<\/em><\/a><br \/><a href=\"https:\/\/sego.bandcamp.com\/\">Sego<\/a><\/p>\n<\/p><\/div>\n","protected":false},"excerpt":{"rendered":"<p>A&eacute;roport de Vienne-Schwechat, 25 mars 2019. Deuxi&egrave;me &eacute;pisode de notre s&eacute;rie &laquo;&nbsp;des queues d&rsquo;avion &eacute;l&eacute;gamment dispos&eacute;es&nbsp;&raquo; apr&egrave;s Amsterdam 2008. Rendez-vous en 2030 pour la suite.. ShameSego<\/p>\n","protected":false},"author":1,"featured_media":43443,"comment_status":"open","ping_status":"open","sticky":false,"template":"","format":"standard","meta":{"_acf_changed":false,"ngg_post_thumbnail":0,"jetpack_post_was_ever_published":false,"_jetpack_newsletter_access":"","_jetpack_dont_email_post_to_subs":false,"_jetpack_newsletter_tier_id":0,"_jetpack_memberships_contains_paywalled_content":false,"_jetpack_memberships_contains_paid_content":false,"footnotes":"","jetpack_publicize_message":"","jetpack_publicize_feature_enabled":true,"jetpack_social_post_already_shared":true,"jetpack_social_options":{"image_generator_settings":{"template":"highway","default_image_id":0,"font":"","enabled":false},"version":2}},"categories":[3],"tags":[10177,12273,15851,12059,10176,12266,14271,15309,12495,15850,1895,12060],"class_list":["post-43441","post","type-post","status-publish","format-standard","has-post-thumbnail","hentry","category-dpc","tag-aeroport","tag-aeroport-de-vienne-schwechat","tag-austrian-airlines","tag-autriche","tag-avion","tag-basse-autriche","tag-fujifilm-x-t2","tag-fujinon-xf-16-55-mm-f-2-8-r-lm-wr","tag-schwechat","tag-sego","tag-shame","tag-vienne"],"acf":[],"geo":{"latitude":48.1159554,"longitude":16.565237,"description":null},"jetpack_publicize_connections":[],"jetpack_featured_media_url":"https:\/\/www.wallendorff.com\/belogue\/wp-content\/uploads\/2019\/08\/20190812.jpg","jetpack_shortlink":"https:\/\/wp.me\/p3b35P-biF","jetpack_sharing_enabled":true,"jetpack-related-posts":[{"id":11904,"url":"https:\/\/www.wallendorff.com\/belogue\/2011\/01\/19\/poney-blanc-et-blanc-poney\/","url_meta":{"origin":43441,"position":0},"title":"Poney blanc et blanc poney.","author":"dpc","date":"19 janvier 2011","format":false,"excerpt":"Rue Estivant de Braux, Givet, 5 d\u00e9cembre 2010. \u00a0Matt Pond PA \u2013 Snow Day","rel":"","context":"Dans &quot;DPC&quot;","block_context":{"text":"DPC","link":"https:\/\/www.wallendorff.com\/belogue\/category\/dpc\/"},"img":{"alt_text":"","src":"https:\/\/i0.wp.com\/www.wallendorff.com\/belogue\/wp-content\/uploads\/2015\/04\/201101191.jpg?resize=350%2C200&ssl=1","width":350,"height":200},"classes":[]},{"id":42225,"url":"https:\/\/www.wallendorff.com\/belogue\/2019\/06\/30\/juin-2019\/","url_meta":{"origin":43441,"position":1},"title":"Juin 2019.","author":"dpc","date":"30 juin 2019","format":false,"excerpt":"Un th\u00e9 glac\u00e9, un train, un au-revoir, un clocher, un train, un mariage, une montagne, une colonne, un orage, un parking, un chat pr\u00e9nomm\u00e9 Potiron, un bar, des travaux, une ruelle, une porte, des mamies, un m\u00e9tro, un avion, un rayon de soleil vu d'en haut, une grosse grosse poule,\u2026","rel":"","context":"Dans &quot;Blog-note&quot;","block_context":{"text":"Blog-note","link":"https:\/\/www.wallendorff.com\/belogue\/category\/blog-note\/"},"img":{"alt_text":"","src":"https:\/\/i0.wp.com\/www.wallendorff.com\/belogue\/wp-content\/uploads\/2019\/07\/20190704-09.jpg?resize=350%2C200&ssl=1","width":350,"height":200,"srcset":"https:\/\/i0.wp.com\/www.wallendorff.com\/belogue\/wp-content\/uploads\/2019\/07\/20190704-09.jpg?resize=350%2C200&ssl=1 1x, https:\/\/i0.wp.com\/www.wallendorff.com\/belogue\/wp-content\/uploads\/2019\/07\/20190704-09.jpg?resize=525%2C300&ssl=1 1.5x, https:\/\/i0.wp.com\/www.wallendorff.com\/belogue\/wp-content\/uploads\/2019\/07\/20190704-09.jpg?resize=700%2C400&ssl=1 2x, https:\/\/i0.wp.com\/www.wallendorff.com\/belogue\/wp-content\/uploads\/2019\/07\/20190704-09.jpg?resize=1050%2C600&ssl=1 3x"},"classes":[]},{"id":23892,"url":"https:\/\/www.wallendorff.com\/belogue\/2015\/02\/28\/fevrier-2015\/","url_meta":{"origin":43441,"position":2},"title":"F\u00e9vrier 2015.","author":"dpc","date":"28 f\u00e9vrier 2015","format":false,"excerpt":"Un graffiti, un concert, un balcon, des fleurs, un soir\u00e9e \u00e0 haute densit\u00e9, une nuit au canal, un concert, des fleurs, une grosse saucisse, un beau chapeau, une soir\u00e9e \u00e0 haute densit\u00e9, un concert, un avion, une montagne, un nez, un bonhomme de neige, un pape, un m\u00e9tro, des bi\u00e8res,\u2026","rel":"","context":"Dans &quot;Blog-note&quot;","block_context":{"text":"Blog-note","link":"https:\/\/www.wallendorff.com\/belogue\/category\/blog-note\/"},"img":{"alt_text":"","src":"https:\/\/i0.wp.com\/www.wallendorff.com\/belogue\/wp-content\/uploads\/2015\/04\/20150316-401.jpg?resize=350%2C200&ssl=1","width":350,"height":200,"srcset":"https:\/\/i0.wp.com\/www.wallendorff.com\/belogue\/wp-content\/uploads\/2015\/04\/20150316-401.jpg?resize=350%2C200&ssl=1 1x, https:\/\/i0.wp.com\/www.wallendorff.com\/belogue\/wp-content\/uploads\/2015\/04\/20150316-401.jpg?resize=525%2C300&ssl=1 1.5x, https:\/\/i0.wp.com\/www.wallendorff.com\/belogue\/wp-content\/uploads\/2015\/04\/20150316-401.jpg?resize=700%2C400&ssl=1 2x"},"classes":[]},{"id":46656,"url":"https:\/\/www.wallendorff.com\/belogue\/2020\/07\/31\/juillet-2020\/","url_meta":{"origin":43441,"position":3},"title":"Juillet 2020.","author":"dpc","date":"31 juillet 2020","format":false,"excerpt":"Un train, un pique-nique, une plage, un train, un anniversaire, un avion, un a\u00e9roport, un num\u00e9ro, un m\u00e9tro, un bateau, un parc, un tram, un ap\u00e9ro, un caf\u00e9, un a\u00e9roport, des avions, des nuages, un train, un mariage, un concert, un train, un ap\u00e9ro, une gare, un m\u00e9tro, un vide-grenier,\u2026","rel":"","context":"Dans &quot;Blog-note&quot;","block_context":{"text":"Blog-note","link":"https:\/\/www.wallendorff.com\/belogue\/category\/blog-note\/"},"img":{"alt_text":"","src":"https:\/\/i0.wp.com\/www.wallendorff.com\/belogue\/wp-content\/uploads\/2020\/09\/20200909-50.jpg?resize=350%2C200&ssl=1","width":350,"height":200,"srcset":"https:\/\/i0.wp.com\/www.wallendorff.com\/belogue\/wp-content\/uploads\/2020\/09\/20200909-50.jpg?resize=350%2C200&ssl=1 1x, https:\/\/i0.wp.com\/www.wallendorff.com\/belogue\/wp-content\/uploads\/2020\/09\/20200909-50.jpg?resize=525%2C300&ssl=1 1.5x, https:\/\/i0.wp.com\/www.wallendorff.com\/belogue\/wp-content\/uploads\/2020\/09\/20200909-50.jpg?resize=700%2C400&ssl=1 2x, https:\/\/i0.wp.com\/www.wallendorff.com\/belogue\/wp-content\/uploads\/2020\/09\/20200909-50.jpg?resize=1050%2C600&ssl=1 3x"},"classes":[]},{"id":36659,"url":"https:\/\/www.wallendorff.com\/belogue\/2017\/11\/30\/novembre-2017\/","url_meta":{"origin":43441,"position":4},"title":"Novembre 2017.","author":"dpc","date":"30 novembre 2017","format":false,"excerpt":"Un concert, un bar, un concert, un ap\u00e9ro, un resto, un concert, une soir\u00e9e-photo, un m\u00e9tro, un salon, un squat', un dodo, un concert, un num\u00e9ro, une comm\u00e9moration, un concert, un concert, un anniversaire, un num\u00e9ro, un num\u00e9ro, un concert, un train, un concert, un concert, une expo, un avion,\u2026","rel":"","context":"Dans &quot;Blog-note&quot;","block_context":{"text":"Blog-note","link":"https:\/\/www.wallendorff.com\/belogue\/category\/blog-note\/"},"img":{"alt_text":"","src":"https:\/\/i0.wp.com\/www.wallendorff.com\/belogue\/wp-content\/uploads\/2017\/12\/20171213-58.jpg?resize=350%2C200&ssl=1","width":350,"height":200,"srcset":"https:\/\/i0.wp.com\/www.wallendorff.com\/belogue\/wp-content\/uploads\/2017\/12\/20171213-58.jpg?resize=350%2C200&ssl=1 1x, https:\/\/i0.wp.com\/www.wallendorff.com\/belogue\/wp-content\/uploads\/2017\/12\/20171213-58.jpg?resize=525%2C300&ssl=1 1.5x, https:\/\/i0.wp.com\/www.wallendorff.com\/belogue\/wp-content\/uploads\/2017\/12\/20171213-58.jpg?resize=700%2C400&ssl=1 2x"},"classes":[]},{"id":37827,"url":"https:\/\/www.wallendorff.com\/belogue\/2018\/03\/31\/mars-2018\/","url_meta":{"origin":43441,"position":5},"title":"Mars 2018.","author":"dpc","date":"31 mars 2018","format":false,"excerpt":"Un concert, une soir\u00e9e, un cr\u00e9puscule, une expo, un chat pr\u00e9nomm\u00e9 Albuquerque, un repose-clavier, un concert, un train, une gare, un arc de triomphe, un concert, une tour, un avion, un distributeur, une bi\u00e8re, un bar, un caf\u00e9, une belle carafe, une ampoule, un mus\u00e9e, un gros dinosaure, une V\u00e9nus,\u2026","rel":"","context":"Dans &quot;Blog-note&quot;","block_context":{"text":"Blog-note","link":"https:\/\/www.wallendorff.com\/belogue\/category\/blog-note\/"},"img":{"alt_text":"","src":"https:\/\/i0.wp.com\/www.wallendorff.com\/belogue\/wp-content\/uploads\/2018\/04\/20180412-28.jpg?resize=350%2C200&ssl=1","width":350,"height":200,"srcset":"https:\/\/i0.wp.com\/www.wallendorff.com\/belogue\/wp-content\/uploads\/2018\/04\/20180412-28.jpg?resize=350%2C200&ssl=1 1x, https:\/\/i0.wp.com\/www.wallendorff.com\/belogue\/wp-content\/uploads\/2018\/04\/20180412-28.jpg?resize=525%2C300&ssl=1 1.5x, https:\/\/i0.wp.com\/www.wallendorff.com\/belogue\/wp-content\/uploads\/2018\/04\/20180412-28.jpg?resize=700%2C400&ssl=1 2x, https:\/\/i0.wp.com\/www.wallendorff.com\/belogue\/wp-content\/uploads\/2018\/04\/20180412-28.jpg?resize=1050%2C600&ssl=1 3x"},"classes":[]}],"_links":{"self":[{"href":"https:\/\/www.wallendorff.com\/belogue\/wp-json\/wp\/v2\/posts\/43441","targetHints":{"allow":["GET"]}}],"collection":[{"href":"https:\/\/www.wallendorff.com\/belogue\/wp-json\/wp\/v2\/posts"}],"about":[{"href":"https:\/\/www.wallendorff.com\/belogue\/wp-json\/wp\/v2\/types\/post"}],"author":[{"embeddable":true,"href":"https:\/\/www.wallendorff.com\/belogue\/wp-json\/wp\/v2\/users\/1"}],"replies":[{"embeddable":true,"href":"https:\/\/www.wallendorff.com\/belogue\/wp-json\/wp\/v2\/comments?post=43441"}],"version-history":[{"count":2,"href":"https:\/\/www.wallendorff.com\/belogue\/wp-json\/wp\/v2\/posts\/43441\/revisions"}],"predecessor-version":[{"id":43444,"href":"https:\/\/www.wallendorff.com\/belogue\/wp-json\/wp\/v2\/posts\/43441\/revisions\/43444"}],"wp:featuredmedia":[{"embeddable":true,"href":"https:\/\/www.wallendorff.com\/belogue\/wp-json\/wp\/v2\/media\/43443"}],"wp:attachment":[{"href":"https:\/\/www.wallendorff.com\/belogue\/wp-json\/wp\/v2\/media?parent=43441"}],"wp:term":[{"taxonomy":"category","embeddable":true,"href":"https:\/\/www.wallendorff.com\/belogue\/wp-json\/wp\/v2\/categories?post=43441"},{"taxonomy":"post_tag","embeddable":true,"href":"https:\/\/www.wallendorff.com\/belogue\/wp-json\/wp\/v2\/tags?post=43441"}],"curies":[{"name":"wp","href":"https:\/\/api.w.org\/{rel}","templated":true}]}}