{"id":434,"date":"2005-03-21T01:05:37","date_gmt":"2005-03-21T01:05:37","guid":{"rendered":"http:\/\/www.po-l.com\/wordpress\/?p=434"},"modified":"2012-02-22T10:47:04","modified_gmt":"2012-02-22T08:47:04","slug":"lampe-a-terre","status":"publish","type":"post","link":"https:\/\/www.wallendorff.com\/belogue\/2005\/03\/21\/lampe-a-terre\/","title":{"rendered":"Lampe &agrave; terre."},"content":{"rendered":"\n<div id=\"photo\">\n<p><img decoding=\"async\" src=\"http:\/\/www.po-L.com\/belogue\/photo\/2005\/03\/20050321-01.jpg\" \/><br \/>\n          &Eacute;glise St-Maximin, Metz, 19 mars.<\/p>\n<\/p><\/div>\n<div id=\"bandeson\">\n<p><img decoding=\"async\" src=\"https:\/\/www.wallendorff.com\/belogue\/photo\/pochettes\/m\/mann_aimee-live_at_st_anns_warehouse.jpg\" align=\"left\" \/>&nbsp;<a href=\"http:\/\/www.aimeemann.com\">Aimee Mann<\/a> &mdash; <em>Long Shot<\/em> (live)<\/p>\n<\/p><\/div>\n","protected":false},"excerpt":{"rendered":"<p>&Eacute;glise St-Maximin, Metz, 19 mars. &nbsp;Aimee Mann &mdash; Long Shot (live)<\/p>\n","protected":false},"author":1,"featured_media":24373,"comment_status":"open","ping_status":"open","sticky":false,"template":"","format":"standard","meta":{"_acf_changed":false,"ngg_post_thumbnail":0,"jetpack_post_was_ever_published":false,"_jetpack_newsletter_access":"","_jetpack_dont_email_post_to_subs":false,"_jetpack_newsletter_tier_id":0,"_jetpack_memberships_contains_paywalled_content":false,"_jetpack_memberships_contains_paid_content":false,"footnotes":"","jetpack_publicize_message":"","jetpack_publicize_feature_enabled":true,"jetpack_social_post_already_shared":false,"jetpack_social_options":{"image_generator_settings":{"template":"highway","default_image_id":0,"font":"","enabled":false},"version":2}},"categories":[3],"tags":[897,155,132,10500,10238,896,10120,10278,898,10175,10173,10174,899],"class_list":["post-434","post","type-post","status-publish","format-standard","has-post-thumbnail","hentry","category-dpc","tag-aimee-mann","tag-ef-s-18-55-mm-f35-56-ii","tag-eos-20d","tag-contre-plongee","tag-eglise","tag-eglise-saint-maximin","tag-france","tag-lampadaire","tag-long-shot","tag-lorraine","tag-metz","tag-moselle","tag-rue-saint-eucaire"],"acf":[],"geo":{"latitude":49.118351,"longitude":6.1842837,"description":"16-28 Rue Saint-Eucaire, 57000 Metz, France"},"jetpack_publicize_connections":[],"jetpack_featured_media_url":"https:\/\/www.wallendorff.com\/belogue\/wp-content\/uploads\/2015\/04\/20050321-011.jpg","jetpack_shortlink":"https:\/\/wp.me\/p3b35P-70","jetpack_sharing_enabled":true,"jetpack-related-posts":[{"id":6376,"url":"https:\/\/www.wallendorff.com\/belogue\/2010\/01\/29\/2009\/","url_meta":{"origin":434,"position":0},"title":"2009.","author":"dpc","date":"29 janvier 2010","format":false,"excerpt":"Metz, 27 d\u00e9cembre 2009. \u00a0The Bravery \u2013 Hatefuck Pour compl\u00e9ter la s\u00e9rie.","rel":"","context":"Dans &quot;DPC&quot;","block_context":{"text":"DPC","link":"https:\/\/www.wallendorff.com\/belogue\/category\/dpc\/"},"img":{"alt_text":"","src":"https:\/\/i0.wp.com\/www.wallendorff.com\/belogue\/wp-content\/uploads\/2015\/04\/201001291.jpg?resize=350%2C200&ssl=1","width":350,"height":200,"srcset":"https:\/\/i0.wp.com\/www.wallendorff.com\/belogue\/wp-content\/uploads\/2015\/04\/201001291.jpg?resize=350%2C200&ssl=1 1x, https:\/\/i0.wp.com\/www.wallendorff.com\/belogue\/wp-content\/uploads\/2015\/04\/201001291.jpg?resize=525%2C300&ssl=1 1.5x, https:\/\/i0.wp.com\/www.wallendorff.com\/belogue\/wp-content\/uploads\/2015\/04\/201001291.jpg?resize=700%2C400&ssl=1 2x"},"classes":[]},{"id":9288,"url":"https:\/\/www.wallendorff.com\/belogue\/2010\/09\/21\/plus-austere-culte\/","url_meta":{"origin":434,"position":1},"title":"Plus aust\u00e8re culte.","author":"dpc","date":"21 septembre 2010","format":false,"excerpt":"Locronan, 24 juillet. Suis quand m\u00eame bal\u00e8ze pour mettre en avant le charme et la joie de vivre qui r\u00e8gnent dans les endroits que je fr\u00e9quente, hein. \u00a0The Delgados \u2013 I Fought the Angels","rel":"","context":"Dans &quot;DPC&quot;","block_context":{"text":"DPC","link":"https:\/\/www.wallendorff.com\/belogue\/category\/dpc\/"},"img":{"alt_text":"","src":"https:\/\/i0.wp.com\/www.wallendorff.com\/belogue\/wp-content\/uploads\/2015\/04\/201009211.jpg?resize=350%2C200&ssl=1","width":350,"height":200},"classes":[]},{"id":21917,"url":"https:\/\/www.wallendorff.com\/belogue\/2013\/10\/24\/tout-poutres-en-lair\/","url_meta":{"origin":434,"position":2},"title":"Tout poutres en l&rsquo;air.","author":"dpc","date":"24 octobre 2013","format":false,"excerpt":"Cath\u00e9drale Saint-\u00c9tienne, Metz, 14 septembre. Keep Your Head Up Cults","rel":"","context":"Dans &quot;DPC&quot;","block_context":{"text":"DPC","link":"https:\/\/www.wallendorff.com\/belogue\/category\/dpc\/"},"img":{"alt_text":"","src":"https:\/\/i0.wp.com\/www.wallendorff.com\/belogue\/wp-content\/uploads\/2015\/04\/201310242.jpg?resize=350%2C200&ssl=1","width":350,"height":200,"srcset":"https:\/\/i0.wp.com\/www.wallendorff.com\/belogue\/wp-content\/uploads\/2015\/04\/201310242.jpg?resize=350%2C200&ssl=1 1x, https:\/\/i0.wp.com\/www.wallendorff.com\/belogue\/wp-content\/uploads\/2015\/04\/201310242.jpg?resize=525%2C300&ssl=1 1.5x, https:\/\/i0.wp.com\/www.wallendorff.com\/belogue\/wp-content\/uploads\/2015\/04\/201310242.jpg?resize=700%2C400&ssl=1 2x"},"classes":[]},{"id":30559,"url":"https:\/\/www.wallendorff.com\/belogue\/2016\/03\/16\/ruelle-no-1514\/","url_meta":{"origin":434,"position":3},"title":"Ruelle no 1&nbsp;514.","author":"dpc","date":"16 mars 2016","format":false,"excerpt":"En Nexirue, Metz, 27 d\u00e9cembre 2015. Celebration #1 Night Beats","rel":"","context":"Dans &quot;DPC&quot;","block_context":{"text":"DPC","link":"https:\/\/www.wallendorff.com\/belogue\/category\/dpc\/"},"img":{"alt_text":"","src":"https:\/\/i0.wp.com\/www.wallendorff.com\/belogue\/wp-content\/uploads\/2016\/03\/20160316.jpg?resize=350%2C200&ssl=1","width":350,"height":200,"srcset":"https:\/\/i0.wp.com\/www.wallendorff.com\/belogue\/wp-content\/uploads\/2016\/03\/20160316.jpg?resize=350%2C200&ssl=1 1x, https:\/\/i0.wp.com\/www.wallendorff.com\/belogue\/wp-content\/uploads\/2016\/03\/20160316.jpg?resize=525%2C300&ssl=1 1.5x"},"classes":[]},{"id":135693,"url":"https:\/\/www.wallendorff.com\/belogue\/2026\/03\/27\/tcho-metz\/","url_meta":{"origin":434,"position":4},"title":"Tch\u00f4 Metz.","author":"dpc","date":"27 mars 2026","format":false,"excerpt":"","rel":"","context":"Dans &quot;DPC&quot;","block_context":{"text":"DPC","link":"https:\/\/www.wallendorff.com\/belogue\/category\/dpc\/"},"img":{"alt_text":"","src":"https:\/\/i0.wp.com\/www.wallendorff.com\/belogue\/wp-content\/uploads\/2026\/03\/20260327-10.jpg?resize=350%2C200&ssl=1","width":350,"height":200,"srcset":"https:\/\/i0.wp.com\/www.wallendorff.com\/belogue\/wp-content\/uploads\/2026\/03\/20260327-10.jpg?resize=350%2C200&ssl=1 1x, https:\/\/i0.wp.com\/www.wallendorff.com\/belogue\/wp-content\/uploads\/2026\/03\/20260327-10.jpg?resize=525%2C300&ssl=1 1.5x, https:\/\/i0.wp.com\/www.wallendorff.com\/belogue\/wp-content\/uploads\/2026\/03\/20260327-10.jpg?resize=700%2C400&ssl=1 2x, https:\/\/i0.wp.com\/www.wallendorff.com\/belogue\/wp-content\/uploads\/2026\/03\/20260327-10.jpg?resize=1050%2C600&ssl=1 3x"},"classes":[]},{"id":6561,"url":"https:\/\/www.wallendorff.com\/belogue\/2010\/02\/04\/quanesse-prisse-indes-en-cinq-oursins\/","url_meta":{"origin":434,"position":5},"title":"[Qu&rsquo;]\u00c2nesses prissent Indes en cinq oursins.","author":"dpc","date":"4 f\u00e9vrier 2010","format":false,"excerpt":"Metz, 28 d\u00e9cembre 2009. \u00a0Air \u2013 Highschool Lover [Faudrait peut-\u00eatre penser \u00e0 arr\u00eater avec Metz, un peu.]","rel":"","context":"Dans &quot;DPC&quot;","block_context":{"text":"DPC","link":"https:\/\/www.wallendorff.com\/belogue\/category\/dpc\/"},"img":{"alt_text":"","src":"https:\/\/i0.wp.com\/www.wallendorff.com\/belogue\/wp-content\/uploads\/2015\/04\/201002041.jpg?resize=350%2C200&ssl=1","width":350,"height":200},"classes":[]}],"_links":{"self":[{"href":"https:\/\/www.wallendorff.com\/belogue\/wp-json\/wp\/v2\/posts\/434","targetHints":{"allow":["GET"]}}],"collection":[{"href":"https:\/\/www.wallendorff.com\/belogue\/wp-json\/wp\/v2\/posts"}],"about":[{"href":"https:\/\/www.wallendorff.com\/belogue\/wp-json\/wp\/v2\/types\/post"}],"author":[{"embeddable":true,"href":"https:\/\/www.wallendorff.com\/belogue\/wp-json\/wp\/v2\/users\/1"}],"replies":[{"embeddable":true,"href":"https:\/\/www.wallendorff.com\/belogue\/wp-json\/wp\/v2\/comments?post=434"}],"version-history":[{"count":1,"href":"https:\/\/www.wallendorff.com\/belogue\/wp-json\/wp\/v2\/posts\/434\/revisions"}],"predecessor-version":[{"id":16012,"href":"https:\/\/www.wallendorff.com\/belogue\/wp-json\/wp\/v2\/posts\/434\/revisions\/16012"}],"wp:featuredmedia":[{"embeddable":true,"href":"https:\/\/www.wallendorff.com\/belogue\/wp-json\/wp\/v2\/media\/24373"}],"wp:attachment":[{"href":"https:\/\/www.wallendorff.com\/belogue\/wp-json\/wp\/v2\/media?parent=434"}],"wp:term":[{"taxonomy":"category","embeddable":true,"href":"https:\/\/www.wallendorff.com\/belogue\/wp-json\/wp\/v2\/categories?post=434"},{"taxonomy":"post_tag","embeddable":true,"href":"https:\/\/www.wallendorff.com\/belogue\/wp-json\/wp\/v2\/tags?post=434"}],"curies":[{"name":"wp","href":"https:\/\/api.w.org\/{rel}","templated":true}]}}