{"id":43325,"date":"2019-08-06T14:33:03","date_gmt":"2019-08-06T12:33:03","guid":{"rendered":"http:\/\/www.wallendorff.com\/belogue\/?p=43325"},"modified":"2019-08-06T14:33:03","modified_gmt":"2019-08-06T12:33:03","slug":"ny-colle-a-hublot","status":"publish","type":"post","link":"https:\/\/www.wallendorff.com\/belogue\/2019\/08\/06\/ny-colle-a-hublot\/","title":{"rendered":"N&rsquo;y colle \u00e0 hublot."},"content":{"rendered":"<div id=\"photo\">\n<p><img decoding=\"async\" src=\"https:\/\/www.wallendorff.com\/belogue\/wp-content\/uploads\/2019\/08\/20190806.jpg\"><br \/>\nQuelque part au-dessus de la Z&eacute;lande, 11 mars 2019.<\/p>\n<\/div>\n<p style=\"text-align: right\"\u00b7>Passion rester-le-nez-coll&eacute;-&agrave;-la-vitre-tout-le-vol-pour-photographier-les-avions-qu&rsquo;on-croise-comme-ce-777-d&rsquo;Air-France-en-partance-pour-Tokyo.<\/p>\n<div id=\"bandeson\">\n<p><img decoding=\"async\" src=\"https:\/\/www.wallendorff.com\/belogue\/photo\/pochettes\/m\/mr_little_jeans-oh_sailor.jpg\" align=\"left\" \/><a style=\"font-weight:normal\" id=\"lienmp3\" href=\"https:\/\/www.youtube.com\/watch?v=b88da_W9U7o\"><em>Oh Sailor<\/em><\/a><br \/><a href=\"http:\/\/www.mrlittlejeans.com\/\">Mr. Little Jeans<\/a><\/p>\n<\/p><\/div>\n","protected":false},"excerpt":{"rendered":"<p>Quelque part au-dessus de la Z&eacute;lande, 11 mars 2019. Passion rester-le-nez-coll&eacute;-&agrave;-la-vitre-tout-le-vol-pour-photographier-les-avions-qu&rsquo;on-croise-comme-ce-777-d&rsquo;Air-France-en-partance-pour-Tokyo. Oh SailorMr. Little Jeans<\/p>\n","protected":false},"author":1,"featured_media":43326,"comment_status":"open","ping_status":"open","sticky":false,"template":"","format":"standard","meta":{"_acf_changed":false,"ngg_post_thumbnail":0,"jetpack_post_was_ever_published":false,"_jetpack_newsletter_access":"","_jetpack_dont_email_post_to_subs":false,"_jetpack_newsletter_tier_id":0,"_jetpack_memberships_contains_paywalled_content":false,"_jetpack_memberships_contains_paid_content":false,"footnotes":"","jetpack_publicize_message":"","jetpack_publicize_feature_enabled":true,"jetpack_social_post_already_shared":true,"jetpack_social_options":{"image_generator_settings":{"template":"highway","default_image_id":0,"font":"","enabled":false},"version":2}},"categories":[3],"tags":[10176,10144,14271,15309,11939,7997,8000,414,15593],"class_list":["post-43325","post","type-post","status-publish","format-standard","has-post-thumbnail","hentry","category-dpc","tag-avion","tag-ciel","tag-fujifilm-x-t2","tag-fujinon-xf-16-55-mm-f-2-8-r-lm-wr","tag-hublot","tag-mr-little-jeans","tag-oh-sailor","tag-pays-bas","tag-zelande"],"acf":[],"geo":{"latitude":51.4631767,"longitude":4.1995239,"description":null},"jetpack_publicize_connections":[],"jetpack_featured_media_url":"https:\/\/www.wallendorff.com\/belogue\/wp-content\/uploads\/2019\/08\/20190806.jpg","jetpack_shortlink":"https:\/\/wp.me\/p3b35P-bgN","jetpack_sharing_enabled":true,"jetpack-related-posts":[{"id":48598,"url":"https:\/\/www.wallendorff.com\/belogue\/2021\/06\/16\/siege-45a\/","url_meta":{"origin":43325,"position":0},"title":"Si\u00e8ge 45A","author":"dpc","date":"16 juin 2021","format":false,"excerpt":"Vol AF90, Miami, 17 avril 2021. Une s\u00e9rie de photos effectu\u00e9es entre la France et les \u00c9tats-Unis, le nez au hublot du Boeing 777 F-GZNB pendant les 10 h 30 du vol Air France 90 vers Miami, la dauille que je m'\u00e9tais explos\u00e9e dans une \u00e9chelle en bois le matin\u2026","rel":"","context":"Dans &quot;DPC&quot;","block_context":{"text":"DPC","link":"https:\/\/www.wallendorff.com\/belogue\/category\/dpc\/"},"img":{"alt_text":"","src":"https:\/\/i0.wp.com\/www.wallendorff.com\/belogue\/wp-content\/uploads\/2021\/06\/20210616-15.jpg?resize=350%2C200&ssl=1","width":350,"height":200,"srcset":"https:\/\/i0.wp.com\/www.wallendorff.com\/belogue\/wp-content\/uploads\/2021\/06\/20210616-15.jpg?resize=350%2C200&ssl=1 1x, https:\/\/i0.wp.com\/www.wallendorff.com\/belogue\/wp-content\/uploads\/2021\/06\/20210616-15.jpg?resize=525%2C300&ssl=1 1.5x, https:\/\/i0.wp.com\/www.wallendorff.com\/belogue\/wp-content\/uploads\/2021\/06\/20210616-15.jpg?resize=700%2C400&ssl=1 2x, https:\/\/i0.wp.com\/www.wallendorff.com\/belogue\/wp-content\/uploads\/2021\/06\/20210616-15.jpg?resize=1050%2C600&ssl=1 3x"},"classes":[]},{"id":134168,"url":"https:\/\/www.wallendorff.com\/belogue\/2025\/10\/24\/brasil-brasil-vii-siege-32f\/","url_meta":{"origin":43325,"position":1},"title":"[Brasil Brasil VII] Si\u00e8ge 32F.","author":"dpc","date":"24 octobre 2025","format":false,"excerpt":"Vol G32061, 25 mai 2025.","rel":"","context":"Dans &quot;DPC&quot;","block_context":{"text":"DPC","link":"https:\/\/www.wallendorff.com\/belogue\/category\/dpc\/"},"img":{"alt_text":"","src":"https:\/\/i0.wp.com\/www.wallendorff.com\/belogue\/wp-content\/uploads\/2025\/10\/20251024-08.jpg?resize=350%2C200&ssl=1","width":350,"height":200,"srcset":"https:\/\/i0.wp.com\/www.wallendorff.com\/belogue\/wp-content\/uploads\/2025\/10\/20251024-08.jpg?resize=350%2C200&ssl=1 1x, https:\/\/i0.wp.com\/www.wallendorff.com\/belogue\/wp-content\/uploads\/2025\/10\/20251024-08.jpg?resize=525%2C300&ssl=1 1.5x, https:\/\/i0.wp.com\/www.wallendorff.com\/belogue\/wp-content\/uploads\/2025\/10\/20251024-08.jpg?resize=700%2C400&ssl=1 2x, https:\/\/i0.wp.com\/www.wallendorff.com\/belogue\/wp-content\/uploads\/2025\/10\/20251024-08.jpg?resize=1050%2C600&ssl=1 3x"},"classes":[]},{"id":50623,"url":"https:\/\/www.wallendorff.com\/belogue\/2022\/01\/21\/siege-6a\/","url_meta":{"origin":43325,"position":2},"title":"Si\u00e8ge 6A.","author":"dpc","date":"21 janvier 2022","format":false,"excerpt":"Lilla G Jos\u00e9 Gonz\u00e1lez\u00a0\u00a0","rel":"","context":"Dans &quot;DPC&quot;","block_context":{"text":"DPC","link":"https:\/\/www.wallendorff.com\/belogue\/category\/dpc\/"},"img":{"alt_text":"","src":"https:\/\/i0.wp.com\/www.wallendorff.com\/belogue\/wp-content\/uploads\/2022\/01\/20220121-02.jpg?resize=350%2C200&ssl=1","width":350,"height":200,"srcset":"https:\/\/i0.wp.com\/www.wallendorff.com\/belogue\/wp-content\/uploads\/2022\/01\/20220121-02.jpg?resize=350%2C200&ssl=1 1x, https:\/\/i0.wp.com\/www.wallendorff.com\/belogue\/wp-content\/uploads\/2022\/01\/20220121-02.jpg?resize=525%2C300&ssl=1 1.5x, https:\/\/i0.wp.com\/www.wallendorff.com\/belogue\/wp-content\/uploads\/2022\/01\/20220121-02.jpg?resize=700%2C400&ssl=1 2x, https:\/\/i0.wp.com\/www.wallendorff.com\/belogue\/wp-content\/uploads\/2022\/01\/20220121-02.jpg?resize=1050%2C600&ssl=1 3x"},"classes":[]},{"id":51541,"url":"https:\/\/www.wallendorff.com\/belogue\/2022\/05\/19\/siege-29f\/","url_meta":{"origin":43325,"position":3},"title":"Si\u00e8ge 29F.","author":"dpc","date":"19 mai 2022","format":false,"excerpt":"","rel":"","context":"Dans &quot;DPC&quot;","block_context":{"text":"DPC","link":"https:\/\/www.wallendorff.com\/belogue\/category\/dpc\/"},"img":{"alt_text":"","src":"https:\/\/i0.wp.com\/www.wallendorff.com\/belogue\/wp-content\/uploads\/2022\/05\/20220519-09.jpg?resize=350%2C200&ssl=1","width":350,"height":200,"srcset":"https:\/\/i0.wp.com\/www.wallendorff.com\/belogue\/wp-content\/uploads\/2022\/05\/20220519-09.jpg?resize=350%2C200&ssl=1 1x, https:\/\/i0.wp.com\/www.wallendorff.com\/belogue\/wp-content\/uploads\/2022\/05\/20220519-09.jpg?resize=525%2C300&ssl=1 1.5x, https:\/\/i0.wp.com\/www.wallendorff.com\/belogue\/wp-content\/uploads\/2022\/05\/20220519-09.jpg?resize=700%2C400&ssl=1 2x, https:\/\/i0.wp.com\/www.wallendorff.com\/belogue\/wp-content\/uploads\/2022\/05\/20220519-09.jpg?resize=1050%2C600&ssl=1 3x"},"classes":[]},{"id":20783,"url":"https:\/\/www.wallendorff.com\/belogue\/2013\/04\/19\/and-you-will-know-us-by-the-trail-of-dead-la-maroquinerie-paris-17-avril\/","url_meta":{"origin":43325,"position":4},"title":"&#8230;And You Will Know Us By the Trail of Dead @ la Maroquinerie, Paris, 17 avril.","author":"dpc","date":"19 avril 2013","format":false,"excerpt":"Pour faire ces photos j'ai subi une heure de pogotage dans le dos et de bonhomme torse poil tremp\u00e9 de sueur coll\u00e9 contre mon bras, je me suis pris deux bi\u00e8res (une sur la jambe et une sur le sac), j'ai failli \u00eatre \u00e9trangl\u00e9 par le jack de Jason Reece\u2026","rel":"","context":"Dans &quot;Alive&quot;","block_context":{"text":"Alive","link":"https:\/\/www.wallendorff.com\/belogue\/category\/alive\/"},"img":{"alt_text":"","src":"https:\/\/i0.wp.com\/www.wallendorff.com\/belogue\/wp-content\/uploads\/2015\/04\/20130419.jpg?resize=350%2C200&ssl=1","width":350,"height":200,"srcset":"https:\/\/i0.wp.com\/www.wallendorff.com\/belogue\/wp-content\/uploads\/2015\/04\/20130419.jpg?resize=350%2C200&ssl=1 1x, https:\/\/i0.wp.com\/www.wallendorff.com\/belogue\/wp-content\/uploads\/2015\/04\/20130419.jpg?resize=525%2C300&ssl=1 1.5x, https:\/\/i0.wp.com\/www.wallendorff.com\/belogue\/wp-content\/uploads\/2015\/04\/20130419.jpg?resize=700%2C400&ssl=1 2x"},"classes":[]},{"id":130417,"url":"https:\/\/www.wallendorff.com\/belogue\/2024\/08\/29\/there-we-were-now-here-we-are\/","url_meta":{"origin":43325,"position":5},"title":"There we were, now here we are.","author":"dpc","date":"29 ao\u00fbt 2024","format":false,"excerpt":"Rock en Seine, Domaine national de Saint-Cloud, 28 ao\u00fbt 2009.J\u2019ai photographi\u00e9 ces trois jeunes filles du premier rang du public de Rock en Seine le 28 ao\u00fbt 2009 \u00e0 21 h 59 min 41 s, juste avant le concert d\u2019Oasis, juste avant l\u2019annonce de la plus fameuse baston-\u00e0-coups-de-guitares-en- loges\u00b9 de\u2026","rel":"","context":"Dans &quot;Alive&quot;","block_context":{"text":"Alive","link":"https:\/\/www.wallendorff.com\/belogue\/category\/alive\/"},"img":{"alt_text":"","src":"https:\/\/i0.wp.com\/www.wallendorff.com\/belogue\/wp-content\/uploads\/2024\/08\/20240829-01.jpg?resize=350%2C200&ssl=1","width":350,"height":200,"srcset":"https:\/\/i0.wp.com\/www.wallendorff.com\/belogue\/wp-content\/uploads\/2024\/08\/20240829-01.jpg?resize=350%2C200&ssl=1 1x, https:\/\/i0.wp.com\/www.wallendorff.com\/belogue\/wp-content\/uploads\/2024\/08\/20240829-01.jpg?resize=525%2C300&ssl=1 1.5x, https:\/\/i0.wp.com\/www.wallendorff.com\/belogue\/wp-content\/uploads\/2024\/08\/20240829-01.jpg?resize=700%2C400&ssl=1 2x, https:\/\/i0.wp.com\/www.wallendorff.com\/belogue\/wp-content\/uploads\/2024\/08\/20240829-01.jpg?resize=1050%2C600&ssl=1 3x"},"classes":[]}],"_links":{"self":[{"href":"https:\/\/www.wallendorff.com\/belogue\/wp-json\/wp\/v2\/posts\/43325","targetHints":{"allow":["GET"]}}],"collection":[{"href":"https:\/\/www.wallendorff.com\/belogue\/wp-json\/wp\/v2\/posts"}],"about":[{"href":"https:\/\/www.wallendorff.com\/belogue\/wp-json\/wp\/v2\/types\/post"}],"author":[{"embeddable":true,"href":"https:\/\/www.wallendorff.com\/belogue\/wp-json\/wp\/v2\/users\/1"}],"replies":[{"embeddable":true,"href":"https:\/\/www.wallendorff.com\/belogue\/wp-json\/wp\/v2\/comments?post=43325"}],"version-history":[{"count":1,"href":"https:\/\/www.wallendorff.com\/belogue\/wp-json\/wp\/v2\/posts\/43325\/revisions"}],"predecessor-version":[{"id":43327,"href":"https:\/\/www.wallendorff.com\/belogue\/wp-json\/wp\/v2\/posts\/43325\/revisions\/43327"}],"wp:featuredmedia":[{"embeddable":true,"href":"https:\/\/www.wallendorff.com\/belogue\/wp-json\/wp\/v2\/media\/43326"}],"wp:attachment":[{"href":"https:\/\/www.wallendorff.com\/belogue\/wp-json\/wp\/v2\/media?parent=43325"}],"wp:term":[{"taxonomy":"category","embeddable":true,"href":"https:\/\/www.wallendorff.com\/belogue\/wp-json\/wp\/v2\/categories?post=43325"},{"taxonomy":"post_tag","embeddable":true,"href":"https:\/\/www.wallendorff.com\/belogue\/wp-json\/wp\/v2\/tags?post=43325"}],"curies":[{"name":"wp","href":"https:\/\/api.w.org\/{rel}","templated":true}]}}