{"id":43315,"date":"2019-08-02T11:06:44","date_gmt":"2019-08-02T09:06:44","guid":{"rendered":"http:\/\/www.wallendorff.com\/belogue\/?p=43315"},"modified":"2019-08-02T11:08:24","modified_gmt":"2019-08-02T09:08:24","slug":"sechoir-nos-hirondes-en-chais","status":"publish","type":"post","link":"https:\/\/www.wallendorff.com\/belogue\/2019\/08\/02\/sechoir-nos-hirondes-en-chais\/","title":{"rendered":"S\u00e9choir (nos hirondes en chais)."},"content":{"rendered":"<div id=\"photo\">\n<p><img decoding=\"async\" src=\"https:\/\/www.wallendorff.com\/belogue\/wp-content\/uploads\/2019\/08\/20190802.jpg\"><br \/>\nSkjelholmen, 10 mars 2019.<\/p>\n<\/div>\n<p style=\"text-align: right\"\u00b7>D&eacute;sol&eacute;.<\/p>\n<div id=\"bandeson\">\n<p><img decoding=\"async\" src=\"https:\/\/www.wallendorff.com\/belogue\/photo\/pochettes\/c\/cameron_alex-miami_memory.jpg\" align=\"left\" \/><a style=\"font-weight:normal\" id=\"lienmp3\" href=\"http:\/\/www.youtube.com\/watch?v=w0BtytpbJCU\"><em>Miami Memory<\/em><\/a><br \/><a href=\"https:\/\/alcamofficial.com\/\">Alex Cameron<\/a><\/p>\n<\/p><\/div>\n","protected":false},"excerpt":{"rendered":"<p>Skjelholmen, 10 mars 2019. D&eacute;sol&eacute;. Miami MemoryAlex Cameron<\/p>\n","protected":false},"author":1,"featured_media":43317,"comment_status":"open","ping_status":"open","sticky":false,"template":"","format":"standard","meta":{"_acf_changed":false,"ngg_post_thumbnail":0,"jetpack_post_was_ever_published":false,"_jetpack_newsletter_access":"","_jetpack_dont_email_post_to_subs":false,"_jetpack_newsletter_tier_id":0,"_jetpack_memberships_contains_paywalled_content":false,"_jetpack_memberships_contains_paid_content":false,"footnotes":"","jetpack_publicize_message":"","jetpack_publicize_feature_enabled":true,"jetpack_social_post_already_shared":true,"jetpack_social_options":{"image_generator_settings":{"template":"highway","default_image_id":0,"font":"","enabled":false},"version":2}},"categories":[3],"tags":[15824,2571,8351,15496,10500,15497,15495,15825,15554,2357,7947,15585],"class_list":["post-43315","post","type-post","status-publish","format-standard","has-post-thumbnail","hentry","category-dpc","tag-alex-cameron","tag-ef-16-35-mm-f28l-ii-usm","tag-eos-6d","tag-comte-de-nordland","tag-contre-plongee","tag-flakstad","tag-lofoten","tag-miami-memory","tag-morue-sechee","tag-norvege","tag-poisson","tag-skjelholmen"],"acf":[],"geo":{"latitude":68.0819168,"longitude":13.2294273,"description":"Ramberg, Aust-Agder, 8388, NO"},"jetpack_publicize_connections":[],"jetpack_featured_media_url":"https:\/\/www.wallendorff.com\/belogue\/wp-content\/uploads\/2019\/08\/20190802.jpg","jetpack_shortlink":"https:\/\/wp.me\/p3b35P-bgD","jetpack_sharing_enabled":true,"jetpack-related-posts":[{"id":48696,"url":"https:\/\/www.wallendorff.com\/belogue\/2021\/07\/05\/welcome-to-miami\/","url_meta":{"origin":43315,"position":0},"title":"Welcome to Miami","author":"dpc","date":"5 juillet 2021","format":false,"excerpt":"Vol AF90, Miami, 17 avril 2021. On n'est pas rest\u00e9 longtemps : \u00e0 peine le temps d'un caf\u00e9, d'un tour en ville, d'un restaurant et d'un lever de soleil. [Mais alors, quel lever de soleil.] Miami Memory Alex Cameron","rel":"","context":"Dans &quot;DPC&quot;","block_context":{"text":"DPC","link":"https:\/\/www.wallendorff.com\/belogue\/category\/dpc\/"},"img":{"alt_text":"","src":"https:\/\/i0.wp.com\/www.wallendorff.com\/belogue\/wp-content\/uploads\/2021\/07\/20210704-06.jpg?resize=350%2C200&ssl=1","width":350,"height":200,"srcset":"https:\/\/i0.wp.com\/www.wallendorff.com\/belogue\/wp-content\/uploads\/2021\/07\/20210704-06.jpg?resize=350%2C200&ssl=1 1x, https:\/\/i0.wp.com\/www.wallendorff.com\/belogue\/wp-content\/uploads\/2021\/07\/20210704-06.jpg?resize=525%2C300&ssl=1 1.5x, https:\/\/i0.wp.com\/www.wallendorff.com\/belogue\/wp-content\/uploads\/2021\/07\/20210704-06.jpg?resize=700%2C400&ssl=1 2x, https:\/\/i0.wp.com\/www.wallendorff.com\/belogue\/wp-content\/uploads\/2021\/07\/20210704-06.jpg?resize=1050%2C600&ssl=1 3x"},"classes":[]},{"id":4795,"url":"https:\/\/www.wallendorff.com\/belogue\/2009\/10\/07\/taxi-dermite\/","url_meta":{"origin":43315,"position":1},"title":"Taxi [d&rsquo;ermite].","author":"dpc","date":"7 octobre 2009","format":false,"excerpt":"59e rue, New York, 10 mai. \u00a0The Dresden Dolls \u2013 Necessary Evil [Ce titre est nase.] Cette photo me perturbe parce que, comme la rue est bomb\u00e9e, le taxi n'est pas perpendiculaire au fond\u00a0; du coup il faut choisir entre un taxi de traviolle et un immeuble du fond de\u2026","rel":"","context":"Dans &quot;DPC&quot;","block_context":{"text":"DPC","link":"https:\/\/www.wallendorff.com\/belogue\/category\/dpc\/"},"img":{"alt_text":"","src":"https:\/\/i0.wp.com\/www.wallendorff.com\/belogue\/wp-content\/uploads\/2015\/04\/200910071.jpg?resize=350%2C200&ssl=1","width":350,"height":200},"classes":[]},{"id":48674,"url":"https:\/\/www.wallendorff.com\/belogue\/2021\/06\/28\/couloir-no-24-133\/","url_meta":{"origin":43315,"position":2},"title":"Couloir no 24&nbsp;133.","author":"dpc","date":"28 juin 2021","format":false,"excerpt":"Freehand, Miami, 17 avril 2021. Milwaukee \u2713 Londres \u2713 Sarajevo \u2713 Milan \u2713 Bruxelles \u2713 Dublin \u2713 West Harrison \u2713 Vienne \u2713 Amsterdam \u2713 Miami \u2713 Dead Souls (Joy Division cover) Nine Inch Nails","rel":"","context":"Dans &quot;DPC&quot;","block_context":{"text":"DPC","link":"https:\/\/www.wallendorff.com\/belogue\/category\/dpc\/"},"img":{"alt_text":"","src":"https:\/\/i0.wp.com\/www.wallendorff.com\/belogue\/wp-content\/uploads\/2021\/06\/20210628.jpg?resize=350%2C200&ssl=1","width":350,"height":200,"srcset":"https:\/\/i0.wp.com\/www.wallendorff.com\/belogue\/wp-content\/uploads\/2021\/06\/20210628.jpg?resize=350%2C200&ssl=1 1x, https:\/\/i0.wp.com\/www.wallendorff.com\/belogue\/wp-content\/uploads\/2021\/06\/20210628.jpg?resize=525%2C300&ssl=1 1.5x, https:\/\/i0.wp.com\/www.wallendorff.com\/belogue\/wp-content\/uploads\/2021\/06\/20210628.jpg?resize=700%2C400&ssl=1 2x"},"classes":[]},{"id":941,"url":"https:\/\/www.wallendorff.com\/belogue\/2007\/05\/01\/canon-to-release-the-world-s-first-slr-cameraphone-ever-imagined\/","url_meta":{"origin":43315,"position":3},"title":"Canon to Release the World&rsquo;s First SLR-Cameraphone Ever Imagined.","author":"dpc","date":"1 mai 2007","format":false,"excerpt":"[Clic to enlarge] Giving EOS\u2122 a brand new meaning, the new Canon\u2122 Eye-On System SLR-cameraphone now brings to the most wanting professionnal photographers the best multimedia communication device they ever fancied about. Cameraphones set a revolution in modern photography. Be exactly on the moment. Spread it the next second to\u2026","rel":"","context":"Dans &quot;DPC&quot;","block_context":{"text":"DPC","link":"https:\/\/www.wallendorff.com\/belogue\/category\/dpc\/"},"img":{"alt_text":"","src":"","width":0,"height":0},"classes":[]},{"id":20927,"url":"https:\/\/www.wallendorff.com\/belogue\/2013\/05\/15\/junip-barbarossa-le-trabendo-paris\/","url_meta":{"origin":43315,"position":4},"title":"Junip + Barbarossa @ le Trabendo, Paris.","author":"dpc","date":"15 mai 2013","format":false,"excerpt":"Jos\u00e9 Gonz\u00e1lez \u00e9tait d\u00e9j\u00e0 bon tout seul, il est encore meilleur en groupe. \u00c0 noter aussi la bonne d\u00e9couverte Barbarossa. Walking LightlyJunip Barbarossa \u00a0 Junip \u00a0","rel":"","context":"Dans &quot;Alive&quot;","block_context":{"text":"Alive","link":"https:\/\/www.wallendorff.com\/belogue\/category\/alive\/"},"img":{"alt_text":"","src":"https:\/\/i0.wp.com\/www.wallendorff.com\/belogue\/wp-content\/uploads\/2015\/04\/20130515.jpg?resize=350%2C200&ssl=1","width":350,"height":200,"srcset":"https:\/\/i0.wp.com\/www.wallendorff.com\/belogue\/wp-content\/uploads\/2015\/04\/20130515.jpg?resize=350%2C200&ssl=1 1x, https:\/\/i0.wp.com\/www.wallendorff.com\/belogue\/wp-content\/uploads\/2015\/04\/20130515.jpg?resize=525%2C300&ssl=1 1.5x, https:\/\/i0.wp.com\/www.wallendorff.com\/belogue\/wp-content\/uploads\/2015\/04\/20130515.jpg?resize=700%2C400&ssl=1 2x"},"classes":[]},{"id":31554,"url":"https:\/\/www.wallendorff.com\/belogue\/2016\/07\/14\/fidlar-la-maroquinerie-paris\/","url_meta":{"origin":43315,"position":5},"title":"FIDLAR @ la Maroquinerie, Paris.","author":"dpc","date":"14 juillet 2016","format":false,"excerpt":"Toujours aussi fous. Punks FIDLAR","rel":"","context":"Dans &quot;Alive&quot;","block_context":{"text":"Alive","link":"https:\/\/www.wallendorff.com\/belogue\/category\/alive\/"},"img":{"alt_text":"","src":"https:\/\/i0.wp.com\/www.wallendorff.com\/belogue\/wp-content\/uploads\/2016\/07\/20160714-09-1.jpg?resize=350%2C200&ssl=1","width":350,"height":200,"srcset":"https:\/\/i0.wp.com\/www.wallendorff.com\/belogue\/wp-content\/uploads\/2016\/07\/20160714-09-1.jpg?resize=350%2C200&ssl=1 1x, https:\/\/i0.wp.com\/www.wallendorff.com\/belogue\/wp-content\/uploads\/2016\/07\/20160714-09-1.jpg?resize=525%2C300&ssl=1 1.5x, https:\/\/i0.wp.com\/www.wallendorff.com\/belogue\/wp-content\/uploads\/2016\/07\/20160714-09-1.jpg?resize=700%2C400&ssl=1 2x"},"classes":[]}],"_links":{"self":[{"href":"https:\/\/www.wallendorff.com\/belogue\/wp-json\/wp\/v2\/posts\/43315","targetHints":{"allow":["GET"]}}],"collection":[{"href":"https:\/\/www.wallendorff.com\/belogue\/wp-json\/wp\/v2\/posts"}],"about":[{"href":"https:\/\/www.wallendorff.com\/belogue\/wp-json\/wp\/v2\/types\/post"}],"author":[{"embeddable":true,"href":"https:\/\/www.wallendorff.com\/belogue\/wp-json\/wp\/v2\/users\/1"}],"replies":[{"embeddable":true,"href":"https:\/\/www.wallendorff.com\/belogue\/wp-json\/wp\/v2\/comments?post=43315"}],"version-history":[{"count":3,"href":"https:\/\/www.wallendorff.com\/belogue\/wp-json\/wp\/v2\/posts\/43315\/revisions"}],"predecessor-version":[{"id":43319,"href":"https:\/\/www.wallendorff.com\/belogue\/wp-json\/wp\/v2\/posts\/43315\/revisions\/43319"}],"wp:featuredmedia":[{"embeddable":true,"href":"https:\/\/www.wallendorff.com\/belogue\/wp-json\/wp\/v2\/media\/43317"}],"wp:attachment":[{"href":"https:\/\/www.wallendorff.com\/belogue\/wp-json\/wp\/v2\/media?parent=43315"}],"wp:term":[{"taxonomy":"category","embeddable":true,"href":"https:\/\/www.wallendorff.com\/belogue\/wp-json\/wp\/v2\/categories?post=43315"},{"taxonomy":"post_tag","embeddable":true,"href":"https:\/\/www.wallendorff.com\/belogue\/wp-json\/wp\/v2\/tags?post=43315"}],"curies":[{"name":"wp","href":"https:\/\/api.w.org\/{rel}","templated":true}]}}