{"id":433,"date":"2005-03-22T01:13:34","date_gmt":"2005-03-22T01:13:34","guid":{"rendered":"http:\/\/www.po-l.com\/wordpress\/?p=433"},"modified":"2012-02-23T12:07:14","modified_gmt":"2012-02-23T10:07:14","slug":"allee-a-teutons","status":"publish","type":"post","link":"https:\/\/www.wallendorff.com\/belogue\/2005\/03\/22\/allee-a-teutons\/","title":{"rendered":"All&eacute;e &agrave; Teutons."},"content":{"rendered":"\n<div id=\"photo\">\n<p><img decoding=\"async\" src=\"http:\/\/www.po-L.com\/belogue\/photo\/2005\/03\/20050322-01.jpg\" \/><br \/>\n          Porte des Allemands, Metz, 19 mars.<\/p>\n<\/p><\/div>\n<div id=\"bandeson\">\n<p><img decoding=\"async\" src=\"https:\/\/www.wallendorff.com\/belogue\/photo\/pochettes\/s\/secret_machines-now_here_is_nowhere.jpg\" align=\"left\" \/>&nbsp;<a href=\"http:\/\/www.thesecretmachines.com\/\">Secret Machines<\/a> &ndash; <em>First Wave Intact<\/em><\/p>\n<\/div>\n","protected":false},"excerpt":{"rendered":"<p>Porte des Allemands, Metz, 19 mars. &nbsp;Secret Machines &ndash; First Wave Intact<\/p>\n","protected":false},"author":1,"featured_media":24372,"comment_status":"open","ping_status":"open","sticky":false,"template":"","format":"standard","meta":{"_acf_changed":false,"ngg_post_thumbnail":0,"jetpack_post_was_ever_published":false,"_jetpack_newsletter_access":"","_jetpack_dont_email_post_to_subs":false,"_jetpack_newsletter_tier_id":0,"_jetpack_memberships_contains_paywalled_content":false,"_jetpack_memberships_contains_paid_content":false,"footnotes":"","jetpack_publicize_message":"","jetpack_publicize_feature_enabled":true,"jetpack_social_post_already_shared":false,"jetpack_social_options":{"image_generator_settings":{"template":"highway","default_image_id":0,"font":"","enabled":false},"version":2}},"categories":[3],"tags":[155,132,1392,10120,782,10175,10173,10174,900,587],"class_list":["post-433","post","type-post","status-publish","format-standard","has-post-thumbnail","hentry","category-dpc","tag-ef-s-18-55-mm-f35-56-ii","tag-eos-20d","tag-first-wave-intact","tag-france","tag-jaune","tag-lorraine","tag-metz","tag-moselle","tag-porte-des-allemands","tag-secret-machines"],"acf":[],"geo":{"latitude":49.1175766,"longitude":6.1853242,"description":null},"jetpack_publicize_connections":[],"jetpack_featured_media_url":"https:\/\/www.wallendorff.com\/belogue\/wp-content\/uploads\/2015\/04\/20050322-011.jpg","jetpack_shortlink":"https:\/\/wp.me\/p3b35P-6Z","jetpack_sharing_enabled":true,"jetpack-related-posts":[{"id":30322,"url":"https:\/\/www.wallendorff.com\/belogue\/2016\/03\/01\/into-the-wide-62\/","url_meta":{"origin":433,"position":0},"title":"Into the wide #62.","author":"dpc","date":"1 mars 2016","format":false,"excerpt":"Porte des Allemands, Metz, 27 d\u00e9cembre 2015. The Wheel PJ Harvey","rel":"","context":"Dans &quot;Into the wide&quot;","block_context":{"text":"Into the wide","link":"https:\/\/www.wallendorff.com\/belogue\/category\/into-the-wide\/"},"img":{"alt_text":"","src":"https:\/\/i0.wp.com\/www.wallendorff.com\/belogue\/wp-content\/uploads\/2016\/03\/20160301.jpg?resize=350%2C200&ssl=1","width":350,"height":200,"srcset":"https:\/\/i0.wp.com\/www.wallendorff.com\/belogue\/wp-content\/uploads\/2016\/03\/20160301.jpg?resize=350%2C200&ssl=1 1x, https:\/\/i0.wp.com\/www.wallendorff.com\/belogue\/wp-content\/uploads\/2016\/03\/20160301.jpg?resize=525%2C300&ssl=1 1.5x, https:\/\/i0.wp.com\/www.wallendorff.com\/belogue\/wp-content\/uploads\/2016\/03\/20160301.jpg?resize=700%2C400&ssl=1 2x"},"classes":[]},{"id":30325,"url":"https:\/\/www.wallendorff.com\/belogue\/2016\/03\/03\/into-the-wide-63\/","url_meta":{"origin":433,"position":1},"title":"Into the wide #63.","author":"dpc","date":"3 mars 2016","format":false,"excerpt":"Porte des Allemands, Metz, 27 d\u00e9cembre 2015. Toute ressemblance avec la photo pr\u00e9c\u00e9dente prise de l'angle oppos\u00e9 est purem... ah si, tiens, il s'agit bien de la photo pr\u00e9c\u00e9dente prise de l'angle oppos\u00e9. Lost Weekend Pete Yorn","rel":"","context":"Dans &quot;Into the wide&quot;","block_context":{"text":"Into the wide","link":"https:\/\/www.wallendorff.com\/belogue\/category\/into-the-wide\/"},"img":{"alt_text":"","src":"https:\/\/i0.wp.com\/www.wallendorff.com\/belogue\/wp-content\/uploads\/2016\/03\/20160303.jpg?resize=350%2C200&ssl=1","width":350,"height":200,"srcset":"https:\/\/i0.wp.com\/www.wallendorff.com\/belogue\/wp-content\/uploads\/2016\/03\/20160303.jpg?resize=350%2C200&ssl=1 1x, https:\/\/i0.wp.com\/www.wallendorff.com\/belogue\/wp-content\/uploads\/2016\/03\/20160303.jpg?resize=525%2C300&ssl=1 1.5x, https:\/\/i0.wp.com\/www.wallendorff.com\/belogue\/wp-content\/uploads\/2016\/03\/20160303.jpg?resize=700%2C400&ssl=1 2x"},"classes":[]},{"id":1035,"url":"https:\/\/www.wallendorff.com\/belogue\/2007\/09\/12\/gigognes-et-riens\/","url_meta":{"origin":433,"position":2},"title":"Gigognes et riens.","author":"dpc","date":"12 septembre 2007","format":false,"excerpt":"Oudehoogstraat, Amsterdam, 14 ao\u00fbt En anglais, le Schtroumpf \u00e0 Lunettes s'appelle Brainy Smurf. Ils ont rien compris, les Anglais. Tout le monde sait qu'\u00eatre Schtroumpf \u00e0 Lunettes n'est pas une question de cerveau, mais de lunettes. PJ Harvey hier soir \u00e0 Canal, c'\u00e9tait magique. Sans compter qu'elle ne m'a pas\u2026","rel":"","context":"Dans &quot;DPC&quot;","block_context":{"text":"DPC","link":"https:\/\/www.wallendorff.com\/belogue\/category\/dpc\/"},"img":{"alt_text":"","src":"https:\/\/i0.wp.com\/www.wallendorff.com\/belogue\/wp-content\/uploads\/2015\/04\/200709121.jpg?resize=350%2C200&ssl=1","width":350,"height":200},"classes":[]},{"id":233,"url":"https:\/\/www.wallendorff.com\/belogue\/2005\/12\/23\/troncs-bes-de-aulx\/","url_meta":{"origin":433,"position":3},"title":"Troncs b&eacute;s de aulx.","author":"dpc","date":"23 d\u00e9cembre 2005","format":false,"excerpt":"Place Dauphine, Paris, 21 d\u00e9cembre. \"I wonder what you're waiting for I wonder what you're working for I wonder what you're living for I wonder what you're dying for First wave down I wonder when they're coming back First wave intact\" \u00a0Secret Machines \u2013 First Wave Intact","rel":"","context":"Dans &quot;DPC&quot;","block_context":{"text":"DPC","link":"https:\/\/www.wallendorff.com\/belogue\/category\/dpc\/"},"img":{"alt_text":"","src":"https:\/\/i0.wp.com\/www.wallendorff.com\/belogue\/wp-content\/uploads\/2015\/04\/200512231.jpg?resize=350%2C200&ssl=1","width":350,"height":200,"srcset":"https:\/\/i0.wp.com\/www.wallendorff.com\/belogue\/wp-content\/uploads\/2015\/04\/200512231.jpg?resize=350%2C200&ssl=1 1x, https:\/\/i0.wp.com\/www.wallendorff.com\/belogue\/wp-content\/uploads\/2015\/04\/200512231.jpg?resize=525%2C300&ssl=1 1.5x"},"classes":[]},{"id":353,"url":"https:\/\/www.wallendorff.com\/belogue\/2005\/06\/05\/monsieur-l-ascenceur-bonsoir\/","url_meta":{"origin":433,"position":4},"title":"Monsieur l&rsquo;ascenseur, bonsoir.","author":"dpc","date":"5 juin 2005","format":false,"excerpt":"Impasse St-Jean, Metz, 27 mai. Courtoisie n.f. (de cour et toit) Concept consistant \u00e0 entrer dans une cour, lever le nez b\u00eatement en faisant quelques pas en tournant sur soi-m\u00eame, pour finalement prendre en photo des bouts de toits. [Le Secret Machines parce qu'\u00e0 chaque fois que je l'entends,\u00a0il me\u2026","rel":"","context":"Dans &quot;DPC&quot;","block_context":{"text":"DPC","link":"https:\/\/www.wallendorff.com\/belogue\/category\/dpc\/"},"img":{"alt_text":"","src":"https:\/\/i0.wp.com\/www.wallendorff.com\/belogue\/wp-content\/uploads\/2015\/04\/200506051.jpg?resize=350%2C200&ssl=1","width":350,"height":200,"srcset":"https:\/\/i0.wp.com\/www.wallendorff.com\/belogue\/wp-content\/uploads\/2015\/04\/200506051.jpg?resize=350%2C200&ssl=1 1x, https:\/\/i0.wp.com\/www.wallendorff.com\/belogue\/wp-content\/uploads\/2015\/04\/200506051.jpg?resize=525%2C300&ssl=1 1.5x, https:\/\/i0.wp.com\/www.wallendorff.com\/belogue\/wp-content\/uploads\/2015\/04\/200506051.jpg?resize=700%2C400&ssl=1 2x"},"classes":[]},{"id":1160,"url":"https:\/\/www.wallendorff.com\/belogue\/2008\/02\/12\/fish-me-out\/","url_meta":{"origin":433,"position":5},"title":"Fish me out.","author":"dpc","date":"12 f\u00e9vrier 2008","format":false,"excerpt":"Rue de la Pierre Hardie, Metz, 18 janvier. \u00c7a me donne des id\u00e9es de Photo Acad\u00e9mie ou les t\u00e9l\u00e9spectateurs voteraient pour \u00e9liminer les plus moches, un programme qui serait bien plus facile \u00e0 regarder que nos t\u00e9l\u00e9-crochets modernes, tant il est vrai qu'une photo, au moins, \u00e7a ne \u00a0braille\u00a0 chante\u2026","rel":"","context":"Dans &quot;DPC&quot;","block_context":{"text":"DPC","link":"https:\/\/www.wallendorff.com\/belogue\/category\/dpc\/"},"img":{"alt_text":"","src":"https:\/\/i0.wp.com\/www.wallendorff.com\/belogue\/wp-content\/uploads\/2015\/04\/200802121.jpg?resize=350%2C200&ssl=1","width":350,"height":200,"srcset":"https:\/\/i0.wp.com\/www.wallendorff.com\/belogue\/wp-content\/uploads\/2015\/04\/200802121.jpg?resize=350%2C200&ssl=1 1x, https:\/\/i0.wp.com\/www.wallendorff.com\/belogue\/wp-content\/uploads\/2015\/04\/200802121.jpg?resize=525%2C300&ssl=1 1.5x"},"classes":[]}],"_links":{"self":[{"href":"https:\/\/www.wallendorff.com\/belogue\/wp-json\/wp\/v2\/posts\/433","targetHints":{"allow":["GET"]}}],"collection":[{"href":"https:\/\/www.wallendorff.com\/belogue\/wp-json\/wp\/v2\/posts"}],"about":[{"href":"https:\/\/www.wallendorff.com\/belogue\/wp-json\/wp\/v2\/types\/post"}],"author":[{"embeddable":true,"href":"https:\/\/www.wallendorff.com\/belogue\/wp-json\/wp\/v2\/users\/1"}],"replies":[{"embeddable":true,"href":"https:\/\/www.wallendorff.com\/belogue\/wp-json\/wp\/v2\/comments?post=433"}],"version-history":[{"count":1,"href":"https:\/\/www.wallendorff.com\/belogue\/wp-json\/wp\/v2\/posts\/433\/revisions"}],"predecessor-version":[{"id":16031,"href":"https:\/\/www.wallendorff.com\/belogue\/wp-json\/wp\/v2\/posts\/433\/revisions\/16031"}],"wp:featuredmedia":[{"embeddable":true,"href":"https:\/\/www.wallendorff.com\/belogue\/wp-json\/wp\/v2\/media\/24372"}],"wp:attachment":[{"href":"https:\/\/www.wallendorff.com\/belogue\/wp-json\/wp\/v2\/media?parent=433"}],"wp:term":[{"taxonomy":"category","embeddable":true,"href":"https:\/\/www.wallendorff.com\/belogue\/wp-json\/wp\/v2\/categories?post=433"},{"taxonomy":"post_tag","embeddable":true,"href":"https:\/\/www.wallendorff.com\/belogue\/wp-json\/wp\/v2\/tags?post=433"}],"curies":[{"name":"wp","href":"https:\/\/api.w.org\/{rel}","templated":true}]}}