{"id":429,"date":"2005-03-26T00:23:14","date_gmt":"2005-03-26T00:23:14","guid":{"rendered":"http:\/\/www.po-l.com\/wordpress\/?p=429"},"modified":"2018-05-23T08:08:31","modified_gmt":"2018-05-23T06:08:31","slug":"camps-des-labres","status":"publish","type":"post","link":"https:\/\/www.wallendorff.com\/belogue\/2005\/03\/26\/camps-des-labres\/","title":{"rendered":"Camps des labres\u00b9."},"content":{"rendered":"<div id=\"photo\">\n<p><img decoding=\"async\" src=\"http:\/\/www.po-L.com\/belogue\/photo\/2005\/03\/20050326-01.jpg\" \/><br \/>\n    Le Louvre, Paris, 22 mars.<\/p>\n<\/div>\n<div id=\"bandeson\">\n<p><img decoding=\"async\" src=\"https:\/\/www.wallendorff.com\/belogue\/photo\/pochettes\/p\/pearl_jam-vitalogy.jpg\" align=\"left\" \/>&nbsp;<a href=\"http:\/\/www.tenclub.net\/\">Pearl Jam<\/a> &ndash; <em>Better Man<\/em><\/p>\n<\/div>\n<div id=\"bas_note\">\n<p>_____<\/p>\n<p><sup>1<\/sup> Bien s&ucirc;r que si, &ccedil;a existe, un labre. C&rsquo;est un \u00ab&nbsp;<em>poisson marin &agrave; dentition double et l&egrave;vres &eacute;paisses<sup>2<\/sup>, aux couleurs vives (en particulier le m&acirc;le), comestible mais peu estim&eacute;, vivant dans les eaux peu profondes des c&ocirc;tes rocheuses.<\/em>&nbsp;\u00bb<\/p>\n<p><sup>2<\/sup> L&egrave;vres qui ont d&ucirc; donner leur nom au poiscaille, puisque un labre, c&rsquo;est &eacute;galement une \u00ab&nbsp;<em>Pi&egrave;ce squelettique impaire situ&eacute;e en avant de la bouche des insectes et analogue &agrave; une l&egrave;vre sup&eacute;rieure<sup>3<\/sup>.<\/em>&nbsp;\u00bb<\/p>\n<p><sup>3<\/sup> Et aussi le \u00ab&nbsp;<em>bord externe d&rsquo;une coquille univalve chez les mollusques<\/em>&nbsp;\u00bb, mais l&agrave; je ne vois pas le rapport<sup>4<\/sup>.<\/p>\n<p><sup>4<\/sup> Je remercie par avance&nbsp;tout ceux qui ont une th&eacute;orie sur les rapports liant les l&egrave;vres et les moules de ne pas l&rsquo;exposer ici. J&rsquo;ai peur que cela ne soit pas po&eacute;tique des masses. Merci.<\/p>\n<\/div>\n","protected":false},"excerpt":{"rendered":"<p>Le Louvre, Paris, 22 mars. &nbsp;Pearl Jam &ndash; Better Man _____ 1 Bien s&ucirc;r que si, &ccedil;a existe, un labre. C&rsquo;est un \u00ab&nbsp;poisson marin &agrave; dentition double et l&egrave;vres &eacute;paisses2, aux couleurs vives (en particulier le m&acirc;le), comestible mais peu estim&eacute;, vivant dans les eaux peu profondes des c&ocirc;tes rocheuses.&nbsp;\u00bb 2 L&egrave;vres qui ont d&ucirc;&hellip;<\/p>\n","protected":false},"author":1,"featured_media":24368,"comment_status":"open","ping_status":"open","sticky":false,"template":"","format":"standard","meta":{"_acf_changed":false,"ngg_post_thumbnail":0,"jetpack_post_was_ever_published":false,"_jetpack_newsletter_access":"","_jetpack_dont_email_post_to_subs":false,"_jetpack_newsletter_tier_id":0,"_jetpack_memberships_contains_paywalled_content":false,"_jetpack_memberships_contains_paid_content":false,"footnotes":"","jetpack_publicize_message":"","jetpack_publicize_feature_enabled":true,"jetpack_social_post_already_shared":false,"jetpack_social_options":{"image_generator_settings":{"template":"highway","default_image_id":0,"font":"","enabled":false},"version":2}},"categories":[3],"tags":[10182,708,2502,535,157,132,10249,10120,10121,10278,911,143,11237,10098,10165,10102,916],"class_list":["post-429","post","type-post","status-publish","format-standard","has-post-thumbnail","hentry","category-dpc","tag-10182","tag-arc-de-triomphe","tag-arc-de-triomphe-du-carrousel","tag-better-man","tag-ef-50-mm-f18-ii","tag-eos-20d","tag-francais","tag-france","tag-ile-de-france","tag-lampadaire","tag-mollusques","tag-noir-et-blanc","tag-palais-du-louvre","tag-paris","tag-pearl-jam","tag-pluie","tag-pyramide-du-louvre"],"acf":[],"geo":{"latitude":48.8604507,"longitude":2.3358877,"description":null},"jetpack_publicize_connections":[],"jetpack_featured_media_url":"https:\/\/www.wallendorff.com\/belogue\/wp-content\/uploads\/2015\/04\/20050326-011.jpg","jetpack_shortlink":"https:\/\/wp.me\/p3b35P-6V","jetpack_sharing_enabled":true,"jetpack-related-posts":[{"id":129867,"url":"https:\/\/www.wallendorff.com\/belogue\/2024\/08\/06\/bulle-tint-mais-tres-haut\/","url_meta":{"origin":429,"position":0},"title":"Bulle tint [mais tr\u00e8s haut].","author":"dpc","date":"6 ao\u00fbt 2024","format":false,"excerpt":"Elle a de la gueule, cette vasque, et elle fait presque l'unanimit\u00e9. Sur place je n'ai vu que des gens heureux d'\u00eatre l\u00e0, sans aucune manifestation d\u00e9sapprobatoire des anti-vasques.[Pardon.]","rel":"","context":"Dans &quot;DPC&quot;","block_context":{"text":"DPC","link":"https:\/\/www.wallendorff.com\/belogue\/category\/dpc\/"},"img":{"alt_text":"","src":"https:\/\/i0.wp.com\/www.wallendorff.com\/belogue\/wp-content\/uploads\/2024\/08\/20240806-17.jpg?resize=350%2C200&ssl=1","width":350,"height":200,"srcset":"https:\/\/i0.wp.com\/www.wallendorff.com\/belogue\/wp-content\/uploads\/2024\/08\/20240806-17.jpg?resize=350%2C200&ssl=1 1x, https:\/\/i0.wp.com\/www.wallendorff.com\/belogue\/wp-content\/uploads\/2024\/08\/20240806-17.jpg?resize=525%2C300&ssl=1 1.5x, https:\/\/i0.wp.com\/www.wallendorff.com\/belogue\/wp-content\/uploads\/2024\/08\/20240806-17.jpg?resize=700%2C400&ssl=1 2x, https:\/\/i0.wp.com\/www.wallendorff.com\/belogue\/wp-content\/uploads\/2024\/08\/20240806-17.jpg?resize=1050%2C600&ssl=1 3x"},"classes":[]},{"id":130583,"url":"https:\/\/www.wallendorff.com\/belogue\/2024\/08\/31\/aout-2024\/","url_meta":{"origin":429,"position":1},"title":"Ao\u00fbt 2024.","author":"dpc","date":"31 ao\u00fbt 2024","format":false,"excerpt":"Un ap\u00e9ro, une grosse boule, une pose, un coucher de soleil, une longue attente pour rien, un orage, des anneaux, une fanezone, une course de v\u00e9locip\u00e8de, un h\u00e9ros c\u00e9l\u00e8bre, un coucher de soleil, une grosse boule, un bout d'ombre, un tas de planches, un drapeau, des phryges, une grosse boule,\u2026","rel":"","context":"Dans &quot;Blog-note&quot;","block_context":{"text":"Blog-note","link":"https:\/\/www.wallendorff.com\/belogue\/category\/blog-note\/"},"img":{"alt_text":"","src":"https:\/\/i0.wp.com\/www.wallendorff.com\/belogue\/wp-content\/uploads\/2024\/09\/20240916-31.jpg?resize=350%2C200&ssl=1","width":350,"height":200,"srcset":"https:\/\/i0.wp.com\/www.wallendorff.com\/belogue\/wp-content\/uploads\/2024\/09\/20240916-31.jpg?resize=350%2C200&ssl=1 1x, https:\/\/i0.wp.com\/www.wallendorff.com\/belogue\/wp-content\/uploads\/2024\/09\/20240916-31.jpg?resize=525%2C300&ssl=1 1.5x, https:\/\/i0.wp.com\/www.wallendorff.com\/belogue\/wp-content\/uploads\/2024\/09\/20240916-31.jpg?resize=700%2C400&ssl=1 2x, https:\/\/i0.wp.com\/www.wallendorff.com\/belogue\/wp-content\/uploads\/2024\/09\/20240916-31.jpg?resize=1050%2C600&ssl=1 3x"},"classes":[]},{"id":131726,"url":"https:\/\/www.wallendorff.com\/belogue\/2025\/01\/31\/janvier-2025\/","url_meta":{"origin":429,"position":2},"title":"Janvier 2025.","author":"dpc","date":"31 janvier 2025","format":false,"excerpt":"Un r\u00e9veillon, un lendemain de r\u00e9veillon, une montagne, un chat pr\u00e9nomm\u00e9 Bob, une fen\u00eatre, un panneau, un croissant de lune, un r\u00e9veillon, un panneau, un chat pr\u00e9nomm\u00e9 Paupiette, un champ, un arbre, un champ, une flaque, un diable rouge, un banc, un No\u00ebl du livre, un mus\u00e9e, un \u00e9corch\u00e9, un\u2026","rel":"","context":"Dans &quot;Blog-note&quot;","block_context":{"text":"Blog-note","link":"https:\/\/www.wallendorff.com\/belogue\/category\/blog-note\/"},"img":{"alt_text":"","src":"https:\/\/i0.wp.com\/www.wallendorff.com\/belogue\/wp-content\/uploads\/2025\/02\/20250212-44.jpg?resize=350%2C200&ssl=1","width":350,"height":200,"srcset":"https:\/\/i0.wp.com\/www.wallendorff.com\/belogue\/wp-content\/uploads\/2025\/02\/20250212-44.jpg?resize=350%2C200&ssl=1 1x, https:\/\/i0.wp.com\/www.wallendorff.com\/belogue\/wp-content\/uploads\/2025\/02\/20250212-44.jpg?resize=525%2C300&ssl=1 1.5x, https:\/\/i0.wp.com\/www.wallendorff.com\/belogue\/wp-content\/uploads\/2025\/02\/20250212-44.jpg?resize=700%2C400&ssl=1 2x, https:\/\/i0.wp.com\/www.wallendorff.com\/belogue\/wp-content\/uploads\/2025\/02\/20250212-44.jpg?resize=1050%2C600&ssl=1 3x"},"classes":[]},{"id":127050,"url":"https:\/\/www.wallendorff.com\/belogue\/2023\/12\/31\/decembre-2023\/","url_meta":{"origin":429,"position":3},"title":"D\u00e9cembre 2023.","author":"dpc","date":"31 d\u00e9cembre 2023","format":false,"excerpt":"Un vernissage, un m\u00e9tro, un miroir d\u2019eau, une esplanade, un avion, une tour, un v\u00e9lo, un avion, une pause, un m\u00e9tro, une pyramide floue, une passerelle, un banc, un mus\u00e9e, une arcade, une acrobatie, un r\u00e9veillon, une conf\u00e9rence, un escalier bien achaland\u00e9, un choual, une \u00e9curie, un man\u00e8ge, un saut,\u2026","rel":"","context":"Dans &quot;Blog-note&quot;","block_context":{"text":"Blog-note","link":"https:\/\/www.wallendorff.com\/belogue\/category\/blog-note\/"},"img":{"alt_text":"","src":"https:\/\/i0.wp.com\/www.wallendorff.com\/belogue\/wp-content\/uploads\/2024\/01\/20240110-62.jpg?resize=350%2C200&ssl=1","width":350,"height":200,"srcset":"https:\/\/i0.wp.com\/www.wallendorff.com\/belogue\/wp-content\/uploads\/2024\/01\/20240110-62.jpg?resize=350%2C200&ssl=1 1x, https:\/\/i0.wp.com\/www.wallendorff.com\/belogue\/wp-content\/uploads\/2024\/01\/20240110-62.jpg?resize=525%2C300&ssl=1 1.5x, https:\/\/i0.wp.com\/www.wallendorff.com\/belogue\/wp-content\/uploads\/2024\/01\/20240110-62.jpg?resize=700%2C400&ssl=1 2x, https:\/\/i0.wp.com\/www.wallendorff.com\/belogue\/wp-content\/uploads\/2024\/01\/20240110-62.jpg?resize=1050%2C600&ssl=1 3x"},"classes":[]},{"id":13052,"url":"https:\/\/www.wallendorff.com\/belogue\/2011\/07\/25\/palabres-a-seules-et-flots\/","url_meta":{"origin":429,"position":4},"title":"Palabres \u00e0 seules et flots.","author":"dpc","date":"25 juillet 2011","format":false,"excerpt":"Le Louvre, Paris, 15 juin. La vid\u00e9o du nouveau Noel Gallagher est en ligne et, entre nous, c'est un peu trop dans la lign\u00e9e de The Importance of Being Idle \u00e0 mon go\u00fbt. L'album Noel Gallagher's High Flying Birds sort le 11 octobre. \u00a0The Joy Formidable \u2013 Austere (The Naked\u2026","rel":"","context":"Dans &quot;DPC&quot;","block_context":{"text":"DPC","link":"https:\/\/www.wallendorff.com\/belogue\/category\/dpc\/"},"img":{"alt_text":"","src":"https:\/\/i0.wp.com\/www.wallendorff.com\/belogue\/wp-content\/uploads\/2015\/04\/201107251.jpg?resize=350%2C200&ssl=1","width":350,"height":200},"classes":[]},{"id":110630,"url":"https:\/\/www.wallendorff.com\/belogue\/2023\/01\/31\/janvier-2023\/","url_meta":{"origin":429,"position":5},"title":"Janvier 2023.","author":"dpc","date":"31 janvier 2023","format":false,"excerpt":"Un r\u00e9veillon, un lac, une autoroute, un ap\u00e9ro, un gros chausson, un sapin de No\u00ebl, des photographes, une fin de spectacle, des pipes, un m\u00e9tro, des tours Eiffel en plastique, un mus\u00e9e, une passerelle, un violoncelle, un escalier, une \u00e9glise, un tigre douillet, un no\u00ebl du livre, un graffiti, une\u2026","rel":"","context":"Dans &quot;Blog-note&quot;","block_context":{"text":"Blog-note","link":"https:\/\/www.wallendorff.com\/belogue\/category\/blog-note\/"},"img":{"alt_text":"","src":"https:\/\/i0.wp.com\/www.wallendorff.com\/belogue\/wp-content\/uploads\/2023\/02\/20230215-62.jpg?resize=350%2C200&ssl=1","width":350,"height":200,"srcset":"https:\/\/i0.wp.com\/www.wallendorff.com\/belogue\/wp-content\/uploads\/2023\/02\/20230215-62.jpg?resize=350%2C200&ssl=1 1x, https:\/\/i0.wp.com\/www.wallendorff.com\/belogue\/wp-content\/uploads\/2023\/02\/20230215-62.jpg?resize=525%2C300&ssl=1 1.5x, https:\/\/i0.wp.com\/www.wallendorff.com\/belogue\/wp-content\/uploads\/2023\/02\/20230215-62.jpg?resize=700%2C400&ssl=1 2x, https:\/\/i0.wp.com\/www.wallendorff.com\/belogue\/wp-content\/uploads\/2023\/02\/20230215-62.jpg?resize=1050%2C600&ssl=1 3x"},"classes":[]}],"_links":{"self":[{"href":"https:\/\/www.wallendorff.com\/belogue\/wp-json\/wp\/v2\/posts\/429","targetHints":{"allow":["GET"]}}],"collection":[{"href":"https:\/\/www.wallendorff.com\/belogue\/wp-json\/wp\/v2\/posts"}],"about":[{"href":"https:\/\/www.wallendorff.com\/belogue\/wp-json\/wp\/v2\/types\/post"}],"author":[{"embeddable":true,"href":"https:\/\/www.wallendorff.com\/belogue\/wp-json\/wp\/v2\/users\/1"}],"replies":[{"embeddable":true,"href":"https:\/\/www.wallendorff.com\/belogue\/wp-json\/wp\/v2\/comments?post=429"}],"version-history":[{"count":2,"href":"https:\/\/www.wallendorff.com\/belogue\/wp-json\/wp\/v2\/posts\/429\/revisions"}],"predecessor-version":[{"id":21577,"href":"https:\/\/www.wallendorff.com\/belogue\/wp-json\/wp\/v2\/posts\/429\/revisions\/21577"}],"wp:featuredmedia":[{"embeddable":true,"href":"https:\/\/www.wallendorff.com\/belogue\/wp-json\/wp\/v2\/media\/24368"}],"wp:attachment":[{"href":"https:\/\/www.wallendorff.com\/belogue\/wp-json\/wp\/v2\/media?parent=429"}],"wp:term":[{"taxonomy":"category","embeddable":true,"href":"https:\/\/www.wallendorff.com\/belogue\/wp-json\/wp\/v2\/categories?post=429"},{"taxonomy":"post_tag","embeddable":true,"href":"https:\/\/www.wallendorff.com\/belogue\/wp-json\/wp\/v2\/tags?post=429"}],"curies":[{"name":"wp","href":"https:\/\/api.w.org\/{rel}","templated":true}]}}