{"id":428,"date":"2005-03-27T00:00:09","date_gmt":"2005-03-27T00:00:09","guid":{"rendered":"http:\/\/www.po-l.com\/wordpress\/?p=428"},"modified":"2012-02-27T10:56:15","modified_gmt":"2012-02-27T08:56:15","slug":"previously-unreleased-10","status":"publish","type":"post","link":"https:\/\/www.wallendorff.com\/belogue\/2005\/03\/27\/previously-unreleased-10\/","title":{"rendered":"Previously unreleased #10&sup1;."},"content":{"rendered":"<div id=\"photo\">\n<p><img decoding=\"async\" src=\"http:\/\/www.po-L.com\/belogue\/photo\/2005\/03\/20050327-01.jpg\"><br \/>\nBen Kweller, St. Andrew&rsquo;s Hall, D&eacute;troit, 31 octobre 2004.<\/p>\n<\/div>\n<p style=\"text-align:right\">[Rien de tel qu&rsquo;un samedi soir au coin du feu.]<\/p>\n<p style=\"text-align:right\">[Si vous &ecirc;tes gentils, demain je vous mets les citrouilles qui allaient avec Ben ce soir-l&agrave;.]<\/p>\n<div id=\"bandeson\">\n<p><img decoding=\"async\" src=\"https:\/\/www.wallendorff.com\/belogue\/photo\/pochettes\/k\/kweller_ben-on_my_way.jpg\" align=\"left\" \/>&nbsp;<a href=\"http:\/\/www.benkweller.com\/\">Ben Kweller<\/a> &ndash; <em>On My Way<\/em>        <\/p>\n<\/div>\n<p>_____<\/p>\n<div id=\"bas_note\">\n<p><sup>1<\/sup> Concept tout sauf idiot repomp&eacute; sans vergogne aucune <a href=\"http:\/\/blog.julietterobert.com\/\">ici<\/a>.<\/p>\n<\/div>\n","protected":false},"excerpt":{"rendered":"<p>Ben Kweller, St. Andrew&rsquo;s Hall, D&eacute;troit, 31 octobre 2004. [Rien de tel qu&rsquo;un samedi soir au coin du feu.] [Si vous &ecirc;tes gentils, demain je vous mets les citrouilles qui allaient avec Ben ce soir-l&agrave;.] &nbsp;Ben Kweller &ndash; On My Way _____ 1 Concept tout sauf idiot repomp&eacute; sans vergogne aucune ici.<\/p>\n","protected":false},"author":1,"featured_media":24367,"comment_status":"open","ping_status":"open","sticky":false,"template":"","format":"standard","meta":{"_acf_changed":false,"ngg_post_thumbnail":0,"jetpack_post_was_ever_published":false,"_jetpack_newsletter_access":"","_jetpack_dont_email_post_to_subs":false,"_jetpack_newsletter_tier_id":0,"_jetpack_memberships_contains_paywalled_content":false,"_jetpack_memberships_contains_paid_content":false,"footnotes":"","jetpack_publicize_message":"","jetpack_publicize_feature_enabled":true,"jetpack_social_post_already_shared":false,"jetpack_social_options":{"image_generator_settings":{"template":"highway","default_image_id":0,"font":"","enabled":false},"version":2}},"categories":[5],"tags":[42,10084,544,155,132,10099,55,54,545,107],"class_list":["post-428","post","type-post","status-publish","format-standard","has-post-thumbnail","hentry","category-previously-unreleased","tag-42","tag-alive","tag-ben-kweller","tag-ef-s-18-55-mm-f35-56-ii","tag-eos-20d","tag-detroit","tag-etats-unis","tag-michigan","tag-on-my-way","tag-st-andrews-hall"],"acf":[],"geo":{"latitude":42.3324242,"longitude":-83.0416412,"description":null},"jetpack_publicize_connections":[],"jetpack_featured_media_url":"https:\/\/www.wallendorff.com\/belogue\/wp-content\/uploads\/2015\/04\/20050327-011.jpg","jetpack_shortlink":"https:\/\/wp.me\/p3b35P-6U","jetpack_sharing_enabled":true,"jetpack-related-posts":[{"id":593,"url":"https:\/\/www.wallendorff.com\/belogue\/2004\/11\/01\/ben-kweller-st-andrew-s-hall-detroit\/","url_meta":{"origin":428,"position":0},"title":"Ben Kweller @ St. Andrew&rsquo;s Hall, D\u00e9troit.","author":"dpc","date":"1 novembre 2004","format":false,"excerpt":"Ice | Problems | On My Way | Ann Disaster | Commerce, TX | I Need You Back | My Apartment | How It Sould Be (Sha Sha) | The Rules | Hospital | Wasted & Ready || In Other Words | No Reason Un concert le soir d'Halloween, \u00e7a\u2026","rel":"","context":"Dans &quot;Alive&quot;","block_context":{"text":"Alive","link":"https:\/\/www.wallendorff.com\/belogue\/category\/alive\/"},"img":{"alt_text":"","src":"https:\/\/i0.wp.com\/www.wallendorff.com\/belogue\/wp-content\/uploads\/2015\/04\/200411011.jpg?resize=350%2C200&ssl=1","width":350,"height":200,"srcset":"https:\/\/i0.wp.com\/www.wallendorff.com\/belogue\/wp-content\/uploads\/2015\/04\/200411011.jpg?resize=350%2C200&ssl=1 1x, https:\/\/i0.wp.com\/www.wallendorff.com\/belogue\/wp-content\/uploads\/2015\/04\/200411011.jpg?resize=525%2C300&ssl=1 1.5x, https:\/\/i0.wp.com\/www.wallendorff.com\/belogue\/wp-content\/uploads\/2015\/04\/200411011.jpg?resize=700%2C400&ssl=1 2x"},"classes":[]},{"id":1007,"url":"https:\/\/www.wallendorff.com\/belogue\/2007\/08\/02\/previously-unreleased-62\/","url_meta":{"origin":428,"position":1},"title":"Previously unreleased #62\u00b9.","author":"dpc","date":"2 ao\u00fbt 2007","format":false,"excerpt":"Ben Kweller [sans Pierre Guimard], le Trabendo, Paris, 6 novembre 2006. Je voulais me trouver un Everyday Should Be a Holiday, \u00f4de \u00e0 la gloire de l'\u00e9picurisme latente vautr\u00e9 dans lequel je serais bien mieux que l\u00e0, maintenant, tout de suite, c'est quand les vacances berdel\u00a0?, mais le Internet n'est\u2026","rel":"","context":"Dans &quot;Previously unreleased&quot;","block_context":{"text":"Previously unreleased","link":"https:\/\/www.wallendorff.com\/belogue\/category\/previously-unreleased\/"},"img":{"alt_text":"","src":"https:\/\/i0.wp.com\/www.wallendorff.com\/belogue\/wp-content\/uploads\/2015\/04\/200708021.jpg?resize=350%2C200&ssl=1","width":350,"height":200},"classes":[]},{"id":611,"url":"https:\/\/www.wallendorff.com\/belogue\/2004\/10\/18\/pieds-beaux\/","url_meta":{"origin":428,"position":2},"title":"Pieds beaux.","author":"dpc","date":"18 octobre 2004","format":false,"excerpt":"PJ Harvey, State Theater, 14 octobre 2004. \u00a0Ben Kweller \u2013 On My Way","rel":"","context":"Dans &quot;DPC&quot;","block_context":{"text":"DPC","link":"https:\/\/www.wallendorff.com\/belogue\/category\/dpc\/"},"img":{"alt_text":"","src":"https:\/\/i0.wp.com\/www.wallendorff.com\/belogue\/wp-content\/uploads\/2015\/04\/200410181.jpg?resize=350%2C200&ssl=1","width":350,"height":200},"classes":[]},{"id":783,"url":"https:\/\/www.wallendorff.com\/belogue\/2006\/09\/08\/ben-kweller-la-fleche-d-or-paris\/","url_meta":{"origin":428,"position":3},"title":"Ben Kweller @ la Fl\u00e8che d&rsquo;Or, Paris.","author":"dpc","date":"8 septembre 2006","format":false,"excerpt":"Ben, c'est un gars sympa et sa coupe de cheveux est coule. Et sa veste en jean, aussi. Quand il d\u00e9barque, Ben, qu'il dit bonjour Paris avec sa voix qu'on dirait un peu celle de Garth et son visage poupin, Ben, on l'aime. Il est tout seul sur sc\u00e8ne, Ben.\u2026","rel":"","context":"Dans &quot;Alive&quot;","block_context":{"text":"Alive","link":"https:\/\/www.wallendorff.com\/belogue\/category\/alive\/"},"img":{"alt_text":"","src":"https:\/\/i0.wp.com\/www.wallendorff.com\/belogue\/wp-content\/uploads\/2015\/04\/200609081.jpg?resize=350%2C200&ssl=1","width":350,"height":200,"srcset":"https:\/\/i0.wp.com\/www.wallendorff.com\/belogue\/wp-content\/uploads\/2015\/04\/200609081.jpg?resize=350%2C200&ssl=1 1x, https:\/\/i0.wp.com\/www.wallendorff.com\/belogue\/wp-content\/uploads\/2015\/04\/200609081.jpg?resize=525%2C300&ssl=1 1.5x, https:\/\/i0.wp.com\/www.wallendorff.com\/belogue\/wp-content\/uploads\/2015\/04\/200609081.jpg?resize=700%2C400&ssl=1 2x"},"classes":[]},{"id":44162,"url":"https:\/\/www.wallendorff.com\/belogue\/2019\/11\/17\/ben-kweller-bowery-ballroom-new-york-8-novembre-2019\/","url_meta":{"origin":428,"position":4},"title":"Ben Kweller @ Bowery Ballroom, New York, 8 novembre 2019.","author":"dpc","date":"17 novembre 2019","format":false,"excerpt":"Premier concert aux \u00c9tats-Unis depuis 10 ans, Premier concert de Ben Kweller depuis 13 ans, Et premier concert de Ben Kweller aux \u00c9tats-Unis depuis 15 ans. >Autant dire qu'autant de retours en arri\u00e8re la m\u00eame soir\u00e9e, \u00e7a fait bizarre.","rel":"","context":"Dans &quot;Alive&quot;","block_context":{"text":"Alive","link":"https:\/\/www.wallendorff.com\/belogue\/category\/alive\/"},"img":{"alt_text":"","src":"https:\/\/i0.wp.com\/www.wallendorff.com\/belogue\/wp-content\/uploads\/2019\/11\/20191115-12.jpg?resize=350%2C200&ssl=1","width":350,"height":200,"srcset":"https:\/\/i0.wp.com\/www.wallendorff.com\/belogue\/wp-content\/uploads\/2019\/11\/20191115-12.jpg?resize=350%2C200&ssl=1 1x, https:\/\/i0.wp.com\/www.wallendorff.com\/belogue\/wp-content\/uploads\/2019\/11\/20191115-12.jpg?resize=525%2C300&ssl=1 1.5x, https:\/\/i0.wp.com\/www.wallendorff.com\/belogue\/wp-content\/uploads\/2019\/11\/20191115-12.jpg?resize=700%2C400&ssl=1 2x, https:\/\/i0.wp.com\/www.wallendorff.com\/belogue\/wp-content\/uploads\/2019\/11\/20191115-12.jpg?resize=1050%2C600&ssl=1 3x"},"classes":[]},{"id":878,"url":"https:\/\/www.wallendorff.com\/belogue\/2007\/01\/20\/s-engriller-gare\/","url_meta":{"origin":428,"position":5},"title":"S&rsquo;engriller gare.","author":"dpc","date":"20 janvier 2007","format":false,"excerpt":"Gare Centrale, Strasbourg, 19 d\u00e9cembre 2006. And now I wasn't alone. \u00a0Ben Kweller \u2013 Thirteen","rel":"","context":"Dans &quot;DPC&quot;","block_context":{"text":"DPC","link":"https:\/\/www.wallendorff.com\/belogue\/category\/dpc\/"},"img":{"alt_text":"","src":"https:\/\/i0.wp.com\/www.wallendorff.com\/belogue\/wp-content\/uploads\/2015\/04\/200701201.jpg?resize=350%2C200&ssl=1","width":350,"height":200},"classes":[]}],"_links":{"self":[{"href":"https:\/\/www.wallendorff.com\/belogue\/wp-json\/wp\/v2\/posts\/428","targetHints":{"allow":["GET"]}}],"collection":[{"href":"https:\/\/www.wallendorff.com\/belogue\/wp-json\/wp\/v2\/posts"}],"about":[{"href":"https:\/\/www.wallendorff.com\/belogue\/wp-json\/wp\/v2\/types\/post"}],"author":[{"embeddable":true,"href":"https:\/\/www.wallendorff.com\/belogue\/wp-json\/wp\/v2\/users\/1"}],"replies":[{"embeddable":true,"href":"https:\/\/www.wallendorff.com\/belogue\/wp-json\/wp\/v2\/comments?post=428"}],"version-history":[{"count":4,"href":"https:\/\/www.wallendorff.com\/belogue\/wp-json\/wp\/v2\/posts\/428\/revisions"}],"predecessor-version":[{"id":16078,"href":"https:\/\/www.wallendorff.com\/belogue\/wp-json\/wp\/v2\/posts\/428\/revisions\/16078"}],"wp:featuredmedia":[{"embeddable":true,"href":"https:\/\/www.wallendorff.com\/belogue\/wp-json\/wp\/v2\/media\/24367"}],"wp:attachment":[{"href":"https:\/\/www.wallendorff.com\/belogue\/wp-json\/wp\/v2\/media?parent=428"}],"wp:term":[{"taxonomy":"category","embeddable":true,"href":"https:\/\/www.wallendorff.com\/belogue\/wp-json\/wp\/v2\/categories?post=428"},{"taxonomy":"post_tag","embeddable":true,"href":"https:\/\/www.wallendorff.com\/belogue\/wp-json\/wp\/v2\/tags?post=428"}],"curies":[{"name":"wp","href":"https:\/\/api.w.org\/{rel}","templated":true}]}}