{"id":42707,"date":"2019-07-23T10:30:03","date_gmt":"2019-07-23T08:30:03","guid":{"rendered":"http:\/\/www.wallendorff.com\/belogue\/?p=42707"},"modified":"2019-07-23T10:30:03","modified_gmt":"2019-07-23T08:30:03","slug":"stuck-in-the-sund","status":"publish","type":"post","link":"https:\/\/www.wallendorff.com\/belogue\/2019\/07\/23\/stuck-in-the-sund\/","title":{"rendered":"Stuck in the Sund."},"content":{"rendered":"<div id=\"photo\">\n<p><img decoding=\"async\" src=\"https:\/\/www.wallendorff.com\/belogue\/wp-content\/uploads\/2019\/07\/20190723.jpg\"><br \/>\nSund, 8 mars 2019.<\/p>\n<\/div>\n<div id=\"bandeson\">\n<p><img decoding=\"async\" src=\"https:\/\/www.wallendorff.com\/belogue\/photo\/pochettes\/v\/vile_kurt-bottle_it_in.jpg\" align=\"left\"><a href=\"#\"><em>Come Again<\/em><\/a><br \/>\n<a href=\"http:\/\/kurtvile.com\/\">Kurt Vile<\/a><\/p>\n<\/div>\n","protected":false},"excerpt":{"rendered":"<p>Sund, 8 mars 2019. Come Again Kurt Vile<\/p>\n","protected":false},"author":1,"featured_media":42708,"comment_status":"open","ping_status":"open","sticky":false,"template":"","format":"standard","meta":{"_acf_changed":false,"ngg_post_thumbnail":0,"jetpack_post_was_ever_published":false,"_jetpack_newsletter_access":"","_jetpack_dont_email_post_to_subs":false,"_jetpack_newsletter_tier_id":0,"_jetpack_memberships_contains_paywalled_content":false,"_jetpack_memberships_contains_paid_content":false,"footnotes":"","jetpack_publicize_message":"","jetpack_publicize_feature_enabled":true,"jetpack_social_post_already_shared":true,"jetpack_social_options":{"image_generator_settings":{"template":"highway","default_image_id":0,"font":"","enabled":false},"version":2}},"categories":[3],"tags":[737,2571,8351,15761,15496,15759,15760,10663,12563,10667,10426,2357,15574,15587],"class_list":["post-42707","post","type-post","status-publish","format-standard","has-post-thumbnail","hentry","category-dpc","tag-bleu","tag-ef-16-35-mm-f28l-ii-usm","tag-eos-6d","tag-come-again","tag-comte-de-nordland","tag-flakstad-lofoten","tag-gel","tag-hiver","tag-kurt-vile","tag-lac","tag-montagne","tag-norvege","tag-rorbu","tag-sund"],"acf":[],"geo":{"latitude":68.0011978,"longitude":13.2109737,"description":"Sund I Lofoten, Aust-Agder, 8384, NO"},"jetpack_publicize_connections":[],"jetpack_featured_media_url":"https:\/\/www.wallendorff.com\/belogue\/wp-content\/uploads\/2019\/07\/20190723.jpg","jetpack_shortlink":"https:\/\/wp.me\/p3b35P-b6P","jetpack_sharing_enabled":true,"jetpack-related-posts":[{"id":29330,"url":"https:\/\/www.wallendorff.com\/belogue\/2015\/09\/30\/into-the-wide-54\/","url_meta":{"origin":42707,"position":0},"title":"Into the wide #54.","author":"dpc","date":"30 septembre 2015","format":false,"excerpt":"Floria\u0144ska, Cracovie, 13 mai. Pretty Pimpin Kurt Vile","rel":"","context":"Dans &quot;Into the wide&quot;","block_context":{"text":"Into the wide","link":"https:\/\/www.wallendorff.com\/belogue\/category\/into-the-wide\/"},"img":{"alt_text":"","src":"https:\/\/i0.wp.com\/www.wallendorff.com\/belogue\/wp-content\/uploads\/2015\/09\/20150930.jpg?resize=350%2C200&ssl=1","width":350,"height":200,"srcset":"https:\/\/i0.wp.com\/www.wallendorff.com\/belogue\/wp-content\/uploads\/2015\/09\/20150930.jpg?resize=350%2C200&ssl=1 1x, https:\/\/i0.wp.com\/www.wallendorff.com\/belogue\/wp-content\/uploads\/2015\/09\/20150930.jpg?resize=525%2C300&ssl=1 1.5x, https:\/\/i0.wp.com\/www.wallendorff.com\/belogue\/wp-content\/uploads\/2015\/09\/20150930.jpg?resize=700%2C400&ssl=1 2x, https:\/\/i0.wp.com\/www.wallendorff.com\/belogue\/wp-content\/uploads\/2015\/09\/20150930.jpg?resize=1050%2C600&ssl=1 3x"},"classes":[]},{"id":31298,"url":"https:\/\/www.wallendorff.com\/belogue\/2016\/06\/27\/into-the-wide-69\/","url_meta":{"origin":42707,"position":1},"title":"Into the wide #69.","author":"dpc","date":"27 juin 2016","format":false,"excerpt":"Canal du Danube, Vienne, 23 avril. Life Like This Kurt Vile","rel":"","context":"Dans &quot;Into the wide&quot;","block_context":{"text":"Into the wide","link":"https:\/\/www.wallendorff.com\/belogue\/category\/into-the-wide\/"},"img":{"alt_text":"","src":"https:\/\/i0.wp.com\/www.wallendorff.com\/belogue\/wp-content\/uploads\/2016\/06\/20160627.jpg?resize=350%2C200&ssl=1","width":350,"height":200,"srcset":"https:\/\/i0.wp.com\/www.wallendorff.com\/belogue\/wp-content\/uploads\/2016\/06\/20160627.jpg?resize=350%2C200&ssl=1 1x, https:\/\/i0.wp.com\/www.wallendorff.com\/belogue\/wp-content\/uploads\/2016\/06\/20160627.jpg?resize=525%2C300&ssl=1 1.5x, https:\/\/i0.wp.com\/www.wallendorff.com\/belogue\/wp-content\/uploads\/2016\/06\/20160627.jpg?resize=700%2C400&ssl=1 2x"},"classes":[]},{"id":30317,"url":"https:\/\/www.wallendorff.com\/belogue\/2016\/02\/25\/into-the-wide-61\/","url_meta":{"origin":42707,"position":2},"title":"Into the wide #61.","author":"dpc","date":"25 f\u00e9vrier 2016","format":false,"excerpt":"Moyen Pont des Morts, Metz, 27 d\u00e9cembre 2015. All in a Daze Work Kurt Vile","rel":"","context":"Dans &quot;Into the wide&quot;","block_context":{"text":"Into the wide","link":"https:\/\/www.wallendorff.com\/belogue\/category\/into-the-wide\/"},"img":{"alt_text":"","src":"https:\/\/i0.wp.com\/www.wallendorff.com\/belogue\/wp-content\/uploads\/2016\/02\/20160225.jpg?resize=350%2C200&ssl=1","width":350,"height":200,"srcset":"https:\/\/i0.wp.com\/www.wallendorff.com\/belogue\/wp-content\/uploads\/2016\/02\/20160225.jpg?resize=350%2C200&ssl=1 1x, https:\/\/i0.wp.com\/www.wallendorff.com\/belogue\/wp-content\/uploads\/2016\/02\/20160225.jpg?resize=525%2C300&ssl=1 1.5x, https:\/\/i0.wp.com\/www.wallendorff.com\/belogue\/wp-content\/uploads\/2016\/02\/20160225.jpg?resize=700%2C400&ssl=1 2x"},"classes":[]},{"id":31474,"url":"https:\/\/www.wallendorff.com\/belogue\/2016\/07\/07\/les-eurockeennes-de-belfort-jour-3\/","url_meta":{"origin":42707,"position":3},"title":"Les Eurock\u00e9ennes de Belfort, jour 3.","author":"dpc","date":"7 juillet 2016","format":false,"excerpt":"L'int\u00e9grale des photos est sur ce lien.","rel":"","context":"Dans &quot;Alive&quot;","block_context":{"text":"Alive","link":"https:\/\/www.wallendorff.com\/belogue\/category\/alive\/"},"img":{"alt_text":"","src":"https:\/\/i0.wp.com\/www.wallendorff.com\/belogue\/wp-content\/uploads\/2016\/07\/20160707-41-1.jpg?resize=350%2C200&ssl=1","width":350,"height":200,"srcset":"https:\/\/i0.wp.com\/www.wallendorff.com\/belogue\/wp-content\/uploads\/2016\/07\/20160707-41-1.jpg?resize=350%2C200&ssl=1 1x, https:\/\/i0.wp.com\/www.wallendorff.com\/belogue\/wp-content\/uploads\/2016\/07\/20160707-41-1.jpg?resize=525%2C300&ssl=1 1.5x, https:\/\/i0.wp.com\/www.wallendorff.com\/belogue\/wp-content\/uploads\/2016\/07\/20160707-41-1.jpg?resize=700%2C400&ssl=1 2x"},"classes":[]},{"id":40557,"url":"https:\/\/www.wallendorff.com\/belogue\/2018\/11\/27\/into-the-wide-160\/","url_meta":{"origin":42707,"position":4},"title":"Into the wide #160.","author":"dpc","date":"27 novembre 2018","format":false,"excerpt":"Bratislava, 15 septembre 2018. Mutinies Kurt Vile","rel":"","context":"Dans &quot;Into the wide&quot;","block_context":{"text":"Into the wide","link":"https:\/\/www.wallendorff.com\/belogue\/category\/into-the-wide\/"},"img":{"alt_text":"","src":"https:\/\/i0.wp.com\/www.wallendorff.com\/belogue\/wp-content\/uploads\/2018\/11\/20181127.jpg?resize=350%2C200&ssl=1","width":350,"height":200,"srcset":"https:\/\/i0.wp.com\/www.wallendorff.com\/belogue\/wp-content\/uploads\/2018\/11\/20181127.jpg?resize=350%2C200&ssl=1 1x, https:\/\/i0.wp.com\/www.wallendorff.com\/belogue\/wp-content\/uploads\/2018\/11\/20181127.jpg?resize=525%2C300&ssl=1 1.5x, https:\/\/i0.wp.com\/www.wallendorff.com\/belogue\/wp-content\/uploads\/2018\/11\/20181127.jpg?resize=700%2C400&ssl=1 2x, https:\/\/i0.wp.com\/www.wallendorff.com\/belogue\/wp-content\/uploads\/2018\/11\/20181127.jpg?resize=1050%2C600&ssl=1 3x"},"classes":[]},{"id":43675,"url":"https:\/\/www.wallendorff.com\/belogue\/2019\/08\/30\/big-flots-et-au-lit\/","url_meta":{"origin":42707,"position":5},"title":"Big flots [et au lit].","author":"dpc","date":"30 ao\u00fbt 2019","format":false,"excerpt":"Smetanovo n\u00e1b\u0159e\u017e\u00ed, Prague, 9 mai 2019. Oui je sais ce jeu de mots \u00e9tait d\u00e9j\u00e0 nul en 2014 mais j'ai pas eu le temps de trouver mieux pardon. One-Trick Ponies Kurt Vile","rel":"","context":"Dans &quot;DPC&quot;","block_context":{"text":"DPC","link":"https:\/\/www.wallendorff.com\/belogue\/category\/dpc\/"},"img":{"alt_text":"Smetanovo n\u00e1b\u0159e\u017e\u00ed, Prague, 9 mai 2019.","src":"https:\/\/i0.wp.com\/www.wallendorff.com\/belogue\/wp-content\/uploads\/2019\/08\/20190830.jpg?resize=350%2C200&ssl=1","width":350,"height":200,"srcset":"https:\/\/i0.wp.com\/www.wallendorff.com\/belogue\/wp-content\/uploads\/2019\/08\/20190830.jpg?resize=350%2C200&ssl=1 1x, https:\/\/i0.wp.com\/www.wallendorff.com\/belogue\/wp-content\/uploads\/2019\/08\/20190830.jpg?resize=525%2C300&ssl=1 1.5x, https:\/\/i0.wp.com\/www.wallendorff.com\/belogue\/wp-content\/uploads\/2019\/08\/20190830.jpg?resize=700%2C400&ssl=1 2x, https:\/\/i0.wp.com\/www.wallendorff.com\/belogue\/wp-content\/uploads\/2019\/08\/20190830.jpg?resize=1050%2C600&ssl=1 3x"},"classes":[]}],"_links":{"self":[{"href":"https:\/\/www.wallendorff.com\/belogue\/wp-json\/wp\/v2\/posts\/42707","targetHints":{"allow":["GET"]}}],"collection":[{"href":"https:\/\/www.wallendorff.com\/belogue\/wp-json\/wp\/v2\/posts"}],"about":[{"href":"https:\/\/www.wallendorff.com\/belogue\/wp-json\/wp\/v2\/types\/post"}],"author":[{"embeddable":true,"href":"https:\/\/www.wallendorff.com\/belogue\/wp-json\/wp\/v2\/users\/1"}],"replies":[{"embeddable":true,"href":"https:\/\/www.wallendorff.com\/belogue\/wp-json\/wp\/v2\/comments?post=42707"}],"version-history":[{"count":2,"href":"https:\/\/www.wallendorff.com\/belogue\/wp-json\/wp\/v2\/posts\/42707\/revisions"}],"predecessor-version":[{"id":42710,"href":"https:\/\/www.wallendorff.com\/belogue\/wp-json\/wp\/v2\/posts\/42707\/revisions\/42710"}],"wp:featuredmedia":[{"embeddable":true,"href":"https:\/\/www.wallendorff.com\/belogue\/wp-json\/wp\/v2\/media\/42708"}],"wp:attachment":[{"href":"https:\/\/www.wallendorff.com\/belogue\/wp-json\/wp\/v2\/media?parent=42707"}],"wp:term":[{"taxonomy":"category","embeddable":true,"href":"https:\/\/www.wallendorff.com\/belogue\/wp-json\/wp\/v2\/categories?post=42707"},{"taxonomy":"post_tag","embeddable":true,"href":"https:\/\/www.wallendorff.com\/belogue\/wp-json\/wp\/v2\/tags?post=42707"}],"curies":[{"name":"wp","href":"https:\/\/api.w.org\/{rel}","templated":true}]}}