{"id":425,"date":"2005-03-29T00:00:52","date_gmt":"2005-03-29T00:00:52","guid":{"rendered":"http:\/\/www.po-l.com\/wordpress\/?p=425"},"modified":"2018-05-23T08:08:31","modified_gmt":"2018-05-23T06:08:31","slug":"saoule-epave-hait-la-plage","status":"publish","type":"post","link":"https:\/\/www.wallendorff.com\/belogue\/2005\/03\/29\/saoule-epave-hait-la-plage\/","title":{"rendered":"Saoule &eacute;pave hait la plage."},"content":{"rendered":"<div id=\"photo\">\n<p><img decoding=\"async\" src=\"http:\/\/www.po-L.com\/belogue\/photo\/2005\/03\/20050329-01.jpg\" \/><br \/>\nPalais du Louvre, Paris, 22 mars.<\/p>\n<\/div>\n<p style=\"text-align:right\">[Et l&agrave;, tu la regardes, la photo, et tu te demandes pourquoi tu n&rsquo;as pas boug&eacute; tes grosses fesses de juste 2 tous petits m&egrave;tres &agrave; gauche pour que le gros b&ecirc;te r&eacute;verb&egrave;re ne soit pas devant le pavillon d&rsquo;en face.]<\/p>\n<p style=\"text-align:right\">[Enfin bon, c&rsquo;est le ce qui est fait est fait effet.]<\/p>\n<p style=\"text-align:right\">[Y a des baffes qui se perdent, des fois.]<\/p>\n<div id=\"bandeson\">\n<p><img decoding=\"async\" src=\"https:\/\/www.wallendorff.com\/belogue\/photo\/pochettes\/d\/dinosaur_jr-where_you_been.jpg\" align=\"left\" \/>&nbsp;<a href=\"http:\/\/www.dinosaurjr.com\">Dinosaur Jr.<\/a> &ndash; <em>Out There<\/em><\/p>\n<\/div>\n","protected":false},"excerpt":{"rendered":"<p>Palais du Louvre, Paris, 22 mars. [Et l&agrave;, tu la regardes, la photo, et tu te demandes pourquoi tu n&rsquo;as pas boug&eacute; tes grosses fesses de juste 2 tous petits m&egrave;tres &agrave; gauche pour que le gros b&ecirc;te r&eacute;verb&egrave;re ne soit pas devant le pavillon d&rsquo;en face.] [Enfin bon, c&rsquo;est le ce qui est fait&hellip;<\/p>\n","protected":false},"author":1,"featured_media":24365,"comment_status":"open","ping_status":"open","sticky":false,"template":"","format":"standard","meta":{"_acf_changed":false,"ngg_post_thumbnail":0,"jetpack_post_was_ever_published":false,"_jetpack_newsletter_access":"","_jetpack_dont_email_post_to_subs":false,"_jetpack_newsletter_tier_id":0,"_jetpack_memberships_contains_paywalled_content":false,"_jetpack_memberships_contains_paid_content":false,"footnotes":"","jetpack_publicize_message":"","jetpack_publicize_feature_enabled":true,"jetpack_social_post_already_shared":false,"jetpack_social_options":{"image_generator_settings":{"template":"highway","default_image_id":0,"font":"","enabled":false},"version":2}},"categories":[3],"tags":[10182,155,132,10208,10120,10121,10278,143,629,11237,10098,10102,916],"class_list":["post-425","post","type-post","status-publish","format-standard","has-post-thumbnail","hentry","category-dpc","tag-10182","tag-ef-s-18-55-mm-f35-56-ii","tag-eos-20d","tag-dinosaur-jr","tag-france","tag-ile-de-france","tag-lampadaire","tag-noir-et-blanc","tag-out-there","tag-palais-du-louvre","tag-paris","tag-pluie","tag-pyramide-du-louvre"],"acf":[],"geo":{"latitude":48.8604317,"longitude":2.3358688,"description":null},"jetpack_publicize_connections":[],"jetpack_featured_media_url":"https:\/\/www.wallendorff.com\/belogue\/wp-content\/uploads\/2015\/04\/20050329-011.jpg","jetpack_shortlink":"https:\/\/wp.me\/p3b35P-6R","jetpack_sharing_enabled":true,"jetpack-related-posts":[{"id":173,"url":"https:\/\/www.wallendorff.com\/belogue\/2006\/06\/14\/gris-age\/","url_meta":{"origin":425,"position":0},"title":"Gris &acirc;ge.","author":"dpc","date":"14 juin 2006","format":false,"excerpt":"Pyramide du Louvre, 5 juin. Je suis toujours vivant. j'ai post\u00e9 des trucs mais pas ici, je me suis envoy\u00e9 6 concerts de Radiohead sans bouger de l\u00e0, j'ai trouv\u00e9 des bouts de nouveau Muse pas trop loin, j'ai pris des photos d'une escouade de jambons dont le chef \u00e9tait\u2026","rel":"","context":"Dans &quot;DPC&quot;","block_context":{"text":"DPC","link":"https:\/\/www.wallendorff.com\/belogue\/category\/dpc\/"},"img":{"alt_text":"","src":"https:\/\/i0.wp.com\/www.wallendorff.com\/belogue\/wp-content\/uploads\/2015\/04\/200606141.jpg?resize=350%2C200&ssl=1","width":350,"height":200},"classes":[]},{"id":125717,"url":"https:\/\/www.wallendorff.com\/belogue\/2023\/07\/28\/losanges-laissent\/","url_meta":{"origin":425,"position":1},"title":"Losanges laissent.","author":"dpc","date":"28 juillet 2023","format":false,"excerpt":"Palais du Louvre, Paris, 12 mai 2023.","rel":"","context":"Dans &quot;DPC&quot;","block_context":{"text":"DPC","link":"https:\/\/www.wallendorff.com\/belogue\/category\/dpc-en\/"},"img":{"alt_text":"","src":"https:\/\/i0.wp.com\/www.wallendorff.com\/belogue\/wp-content\/uploads\/2023\/07\/20230728.jpg?resize=350%2C200&ssl=1","width":350,"height":200,"srcset":"https:\/\/i0.wp.com\/www.wallendorff.com\/belogue\/wp-content\/uploads\/2023\/07\/20230728.jpg?resize=350%2C200&ssl=1 1x, https:\/\/i0.wp.com\/www.wallendorff.com\/belogue\/wp-content\/uploads\/2023\/07\/20230728.jpg?resize=525%2C300&ssl=1 1.5x, https:\/\/i0.wp.com\/www.wallendorff.com\/belogue\/wp-content\/uploads\/2023\/07\/20230728.jpg?resize=700%2C400&ssl=1 2x, https:\/\/i0.wp.com\/www.wallendorff.com\/belogue\/wp-content\/uploads\/2023\/07\/20230728.jpg?resize=1050%2C600&ssl=1 3x"},"classes":[]},{"id":127662,"url":"https:\/\/www.wallendorff.com\/belogue\/2024\/04\/02\/lueur-des-soirs-2\/","url_meta":{"origin":425,"position":2},"title":"Lueur des soirs.","author":"dpc","date":"2 avril 2024","format":false,"excerpt":"Palais du Louvre, Paris, 8 f\u00e9vrier 2024.Toujours pris de toujours la m\u00eame flaque.","rel":"","context":"Dans &quot;DPC&quot;","block_context":{"text":"DPC","link":"https:\/\/www.wallendorff.com\/belogue\/category\/dpc\/"},"img":{"alt_text":"","src":"https:\/\/i0.wp.com\/www.wallendorff.com\/belogue\/wp-content\/uploads\/2024\/04\/20240402-scaled.jpg?resize=350%2C200&ssl=1","width":350,"height":200,"srcset":"https:\/\/i0.wp.com\/www.wallendorff.com\/belogue\/wp-content\/uploads\/2024\/04\/20240402-scaled.jpg?resize=350%2C200&ssl=1 1x, https:\/\/i0.wp.com\/www.wallendorff.com\/belogue\/wp-content\/uploads\/2024\/04\/20240402-scaled.jpg?resize=525%2C300&ssl=1 1.5x, https:\/\/i0.wp.com\/www.wallendorff.com\/belogue\/wp-content\/uploads\/2024\/04\/20240402-scaled.jpg?resize=700%2C400&ssl=1 2x, https:\/\/i0.wp.com\/www.wallendorff.com\/belogue\/wp-content\/uploads\/2024\/04\/20240402-scaled.jpg?resize=1050%2C600&ssl=1 3x, https:\/\/i0.wp.com\/www.wallendorff.com\/belogue\/wp-content\/uploads\/2024\/04\/20240402-scaled.jpg?resize=1400%2C800&ssl=1 4x"},"classes":[]},{"id":13323,"url":"https:\/\/www.wallendorff.com\/belogue\/2011\/09\/29\/et-vers-ted-des-pas-meurent\/","url_meta":{"origin":425,"position":3},"title":"Et vers Ted des pas m&rsquo;eurent.","author":"dpc","date":"29 septembre 2011","format":false,"excerpt":"Le Louvre, Paris, 11 ao\u00fbt. Air Traffic \u2013 Pee Wee Martini [youtube]http:\/\/www.youtube.com\/watch?v=r-EdftpIAAs[\/youtube]","rel":"","context":"Dans &quot;DPC&quot;","block_context":{"text":"DPC","link":"https:\/\/www.wallendorff.com\/belogue\/category\/dpc\/"},"img":{"alt_text":"","src":"https:\/\/i0.wp.com\/www.wallendorff.com\/belogue\/wp-content\/uploads\/2015\/04\/201109291.jpg?resize=350%2C200&ssl=1","width":350,"height":200,"srcset":"https:\/\/i0.wp.com\/www.wallendorff.com\/belogue\/wp-content\/uploads\/2015\/04\/201109291.jpg?resize=350%2C200&ssl=1 1x, https:\/\/i0.wp.com\/www.wallendorff.com\/belogue\/wp-content\/uploads\/2015\/04\/201109291.jpg?resize=525%2C300&ssl=1 1.5x, https:\/\/i0.wp.com\/www.wallendorff.com\/belogue\/wp-content\/uploads\/2015\/04\/201109291.jpg?resize=700%2C400&ssl=1 2x"},"classes":[]},{"id":429,"url":"https:\/\/www.wallendorff.com\/belogue\/2005\/03\/26\/camps-des-labres\/","url_meta":{"origin":425,"position":4},"title":"Camps des labres\u00b9.","author":"dpc","date":"26 mars 2005","format":false,"excerpt":"Le Louvre, Paris, 22 mars. \u00a0Pearl Jam \u2013 Better Man _____ 1 Bien s\u00fbr que si, \u00e7a existe, un labre. C'est un \u00ab\u00a0poisson marin \u00e0 dentition double et l\u00e8vres \u00e9paisses2, aux couleurs vives (en particulier le m\u00e2le), comestible mais peu estim\u00e9, vivant dans les eaux peu profondes des c\u00f4tes rocheuses.\u00a0\u00bb\u2026","rel":"","context":"Dans &quot;DPC&quot;","block_context":{"text":"DPC","link":"https:\/\/www.wallendorff.com\/belogue\/category\/dpc\/"},"img":{"alt_text":"","src":"https:\/\/i0.wp.com\/www.wallendorff.com\/belogue\/wp-content\/uploads\/2015\/04\/20050326-011.jpg?resize=350%2C200&ssl=1","width":350,"height":200},"classes":[]},{"id":22159,"url":"https:\/\/www.wallendorff.com\/belogue\/2013\/12\/16\/placebo-toy-palais-omnisports-de-paris-bercy-paris-10-decembre\/","url_meta":{"origin":425,"position":5},"title":"Placebo + Toy @ Palais omnisports de Paris-Bercy, Paris, 10 d\u00e9cembre.","author":"dpc","date":"16 d\u00e9cembre 2013","format":false,"excerpt":"Et l\u00e0 tu vas me dire, toi le lecteur assidu, toi qui suis ce bel\u00f6gue depuis des lustres, tu vas me dire \u00ab\u00a0saperlipopette, des photos de Placebo\u00a0? \u00c7a fait bigrement longtemps que l'on en a point vues ici, des photos de Placebo. Les derni\u00e8res ont facilement 7 ans. C'est \u00e0\u2026","rel":"","context":"Dans &quot;Alive&quot;","block_context":{"text":"Alive","link":"https:\/\/www.wallendorff.com\/belogue\/category\/alive\/"},"img":{"alt_text":"","src":"https:\/\/i0.wp.com\/www.wallendorff.com\/belogue\/wp-content\/uploads\/2015\/04\/201312161.jpg?resize=350%2C200&ssl=1","width":350,"height":200,"srcset":"https:\/\/i0.wp.com\/www.wallendorff.com\/belogue\/wp-content\/uploads\/2015\/04\/201312161.jpg?resize=350%2C200&ssl=1 1x, https:\/\/i0.wp.com\/www.wallendorff.com\/belogue\/wp-content\/uploads\/2015\/04\/201312161.jpg?resize=525%2C300&ssl=1 1.5x, https:\/\/i0.wp.com\/www.wallendorff.com\/belogue\/wp-content\/uploads\/2015\/04\/201312161.jpg?resize=700%2C400&ssl=1 2x"},"classes":[]}],"_links":{"self":[{"href":"https:\/\/www.wallendorff.com\/belogue\/wp-json\/wp\/v2\/posts\/425","targetHints":{"allow":["GET"]}}],"collection":[{"href":"https:\/\/www.wallendorff.com\/belogue\/wp-json\/wp\/v2\/posts"}],"about":[{"href":"https:\/\/www.wallendorff.com\/belogue\/wp-json\/wp\/v2\/types\/post"}],"author":[{"embeddable":true,"href":"https:\/\/www.wallendorff.com\/belogue\/wp-json\/wp\/v2\/users\/1"}],"replies":[{"embeddable":true,"href":"https:\/\/www.wallendorff.com\/belogue\/wp-json\/wp\/v2\/comments?post=425"}],"version-history":[{"count":1,"href":"https:\/\/www.wallendorff.com\/belogue\/wp-json\/wp\/v2\/posts\/425\/revisions"}],"predecessor-version":[{"id":35949,"href":"https:\/\/www.wallendorff.com\/belogue\/wp-json\/wp\/v2\/posts\/425\/revisions\/35949"}],"wp:featuredmedia":[{"embeddable":true,"href":"https:\/\/www.wallendorff.com\/belogue\/wp-json\/wp\/v2\/media\/24365"}],"wp:attachment":[{"href":"https:\/\/www.wallendorff.com\/belogue\/wp-json\/wp\/v2\/media?parent=425"}],"wp:term":[{"taxonomy":"category","embeddable":true,"href":"https:\/\/www.wallendorff.com\/belogue\/wp-json\/wp\/v2\/categories?post=425"},{"taxonomy":"post_tag","embeddable":true,"href":"https:\/\/www.wallendorff.com\/belogue\/wp-json\/wp\/v2\/tags?post=425"}],"curies":[{"name":"wp","href":"https:\/\/api.w.org\/{rel}","templated":true}]}}