{"id":4230,"date":"2009-05-28T11:44:08","date_gmt":"2009-05-28T10:44:08","guid":{"rendered":"http:\/\/www.po-l.com\/belogue\/?p=4230"},"modified":"2012-04-03T10:29:22","modified_gmt":"2012-04-03T08:29:22","slug":"bat-for-lashes-david-walters-caroline-weeks-le-bataclan-paris","status":"publish","type":"post","link":"https:\/\/www.wallendorff.com\/belogue\/2009\/05\/28\/bat-for-lashes-david-walters-caroline-weeks-le-bataclan-paris\/","title":{"rendered":"Bat for Lashes + David Walters + Caroline Weeks @ le Bataclan, Paris."},"content":{"rendered":"<div id=\"photo\">\n<p><img decoding=\"async\" src=\"https:\/\/www.wallendorff.com\/belogue\/photo\/2009\/05\/20090528.jpg\" \/><\/p>\n<\/div>\n<div id=\"bandeson\">\n<p><img decoding=\"async\" src=\"https:\/\/www.wallendorff.com\/belogue\/photo\/pochettes\/w\/white_stripes_the-the_white_stripes.jpg\" align=\"left\" \/>&nbsp;<a href=\"http:\/\/www.whitestripes.com\/\">The White Stripes<\/a> &ndash; <em>Stop Breaking Down<\/em> (Robert Johnson cover)<\/p>\n<\/div>\n<p>&nbsp;<\/p>\n<h1>Caroline Weeks<\/h1>ngg_shortcode_0_placeholder<p>&nbsp;<\/p>\n<h1>David Walters<\/h1>ngg_shortcode_1_placeholder<p>&nbsp;<\/p>\n<h1>Bat for Lashes<\/h1>ngg_shortcode_2_placeholder<p>&nbsp;<\/p>\n","protected":false},"excerpt":{"rendered":"<p>&nbsp;The White Stripes &ndash; Stop Breaking Down (Robert Johnson cover) &nbsp; Caroline Weeks &nbsp; David Walters &nbsp; Bat for Lashes &nbsp;<\/p>\n","protected":false},"author":1,"featured_media":25443,"comment_status":"open","ping_status":"open","sticky":false,"template":"","format":"standard","meta":{"_acf_changed":false,"ngg_post_thumbnail":0,"jetpack_post_was_ever_published":false,"_jetpack_newsletter_access":"","_jetpack_dont_email_post_to_subs":false,"_jetpack_newsletter_tier_id":0,"_jetpack_memberships_contains_paywalled_content":false,"_jetpack_memberships_contains_paid_content":false,"footnotes":"","jetpack_publicize_message":"","jetpack_publicize_feature_enabled":true,"jetpack_social_post_already_shared":false,"jetpack_social_options":{"image_generator_settings":{"template":"highway","default_image_id":0,"font":"","enabled":false},"version":2}},"categories":[7],"tags":[10508,10183,10084,10123,196,1438,181,2824,2823,10120,10121,10332,143,10098,2825,10097],"class_list":["post-4230","post","type-post","status-publish","format-standard","has-post-thumbnail","hentry","category-alive","tag-10508","tag-10183","tag-alive","tag-bat-for-lashes","tag-ef-28-70-mm-f28l-usm","tag-ef-50-mm-f14-usm","tag-ef-70-200-mm-f28l-usm","tag-caroline-weeks","tag-david-walters","tag-france","tag-ile-de-france","tag-le-bataclan","tag-noir-et-blanc","tag-paris","tag-stop-breaking-down","tag-the-white-stripes"],"acf":[],"geo":{"latitude":48.8629417,"longitude":2.370445,"description":"1-15 Passage Saint-Pierre Amelot, 75011 Paris, France"},"jetpack_publicize_connections":[],"jetpack_featured_media_url":"https:\/\/www.wallendorff.com\/belogue\/wp-content\/uploads\/2015\/04\/200905281.jpg","jetpack_shortlink":"https:\/\/wp.me\/p3b35P-16e","jetpack_sharing_enabled":true,"jetpack-related-posts":[{"id":134068,"url":"https:\/\/www.wallendorff.com\/belogue\/2025\/10\/16\/the-cat-empire-le-bataclan-paris-14-octobre-2025\/","url_meta":{"origin":4230,"position":0},"title":"The Cat Empire @ le Bataclan, Paris, 14 octobre 2025.","author":"dpc","date":"16 octobre 2025","format":false,"excerpt":"The Cat Empire @ le Bataclan, Paris, 14\/10\/2025 The Cat Empire @ le Bataclan, Paris, 14\/10\/2025 The Cat Empire @ le Bataclan, Paris, 14\/10\/2025 The Cat Empire @ le Bataclan, Paris, 14\/10\/2025 The Cat Empire @ le Bataclan, Paris, 14\/10\/2025 The Cat Empire @ le Bataclan, Paris, 14\/10\/2025 The Cat\u2026","rel":"","context":"Dans &quot;Alive&quot;","block_context":{"text":"Alive","link":"https:\/\/www.wallendorff.com\/belogue\/category\/alive\/"},"img":{"alt_text":"","src":"https:\/\/i0.wp.com\/www.wallendorff.com\/belogue\/wp-content\/uploads\/2025\/10\/20251016-12.jpg?resize=350%2C200&ssl=1","width":350,"height":200,"srcset":"https:\/\/i0.wp.com\/www.wallendorff.com\/belogue\/wp-content\/uploads\/2025\/10\/20251016-12.jpg?resize=350%2C200&ssl=1 1x, https:\/\/i0.wp.com\/www.wallendorff.com\/belogue\/wp-content\/uploads\/2025\/10\/20251016-12.jpg?resize=525%2C300&ssl=1 1.5x, https:\/\/i0.wp.com\/www.wallendorff.com\/belogue\/wp-content\/uploads\/2025\/10\/20251016-12.jpg?resize=700%2C400&ssl=1 2x, https:\/\/i0.wp.com\/www.wallendorff.com\/belogue\/wp-content\/uploads\/2025\/10\/20251016-12.jpg?resize=1050%2C600&ssl=1 3x"},"classes":[]},{"id":4986,"url":"https:\/\/www.wallendorff.com\/belogue\/2009\/11\/05\/bat-for-lashes-bad-lieutenant-lolympia-paris\/","url_meta":{"origin":4230,"position":1},"title":"Bat for Lashes + Bad Lieutenant @ l&rsquo;Olympia, Paris.","author":"dpc","date":"5 novembre 2009","format":false,"excerpt":"La bande-son est d\u00e9di\u00e9e \u00e0 une grande fan qui se reconna\u00eetra. \u00a0Bat for Lashes \u2013 A Forest (The Cure cover) Bad Lieutenant Bat for Lashes","rel":"","context":"Dans &quot;Alive&quot;","block_context":{"text":"Alive","link":"https:\/\/www.wallendorff.com\/belogue\/category\/alive\/"},"img":{"alt_text":"","src":"https:\/\/i0.wp.com\/www.wallendorff.com\/belogue\/wp-content\/uploads\/2015\/04\/200911051.jpg?resize=350%2C200&ssl=1","width":350,"height":200,"srcset":"https:\/\/i0.wp.com\/www.wallendorff.com\/belogue\/wp-content\/uploads\/2015\/04\/200911051.jpg?resize=350%2C200&ssl=1 1x, https:\/\/i0.wp.com\/www.wallendorff.com\/belogue\/wp-content\/uploads\/2015\/04\/200911051.jpg?resize=525%2C300&ssl=1 1.5x, https:\/\/i0.wp.com\/www.wallendorff.com\/belogue\/wp-content\/uploads\/2015\/04\/200911051.jpg?resize=700%2C400&ssl=1 2x"},"classes":[]},{"id":4139,"url":"https:\/\/www.wallendorff.com\/belogue\/2009\/04\/14\/were-breaking-dawn-again\/","url_meta":{"origin":4230,"position":2},"title":"We&rsquo;re breaking dawn again.","author":"dpc","date":"14 avril 2009","format":false,"excerpt":"Pont de Sully, Paris, 19 mars. \u00a0 Bat for Lashes \u2013 Use Somebody (Kings of Leon cover) (Live Lounge BBC Radio 1)","rel":"","context":"Dans &quot;DPC&quot;","block_context":{"text":"DPC","link":"https:\/\/www.wallendorff.com\/belogue\/category\/dpc\/"},"img":{"alt_text":"","src":"https:\/\/i0.wp.com\/www.wallendorff.com\/belogue\/wp-content\/uploads\/2015\/04\/200904141.jpg?resize=350%2C200&ssl=1","width":350,"height":200},"classes":[]},{"id":23857,"url":"https:\/\/www.wallendorff.com\/belogue\/2015\/02\/13\/george-ezra-le-bataclan-paris\/","url_meta":{"origin":4230,"position":3},"title":"George Ezra @ le Bataclan, Paris.","author":"dpc","date":"13 f\u00e9vrier 2015","format":false,"excerpt":"Blame It on Me George Ezra \u00a0","rel":"","context":"Dans &quot;Alive&quot;","block_context":{"text":"Alive","link":"https:\/\/www.wallendorff.com\/belogue\/category\/alive\/"},"img":{"alt_text":"","src":"https:\/\/i0.wp.com\/www.wallendorff.com\/belogue\/wp-content\/uploads\/2015\/04\/201502131.jpg?resize=350%2C200&ssl=1","width":350,"height":200,"srcset":"https:\/\/i0.wp.com\/www.wallendorff.com\/belogue\/wp-content\/uploads\/2015\/04\/201502131.jpg?resize=350%2C200&ssl=1 1x, https:\/\/i0.wp.com\/www.wallendorff.com\/belogue\/wp-content\/uploads\/2015\/04\/201502131.jpg?resize=525%2C300&ssl=1 1.5x, https:\/\/i0.wp.com\/www.wallendorff.com\/belogue\/wp-content\/uploads\/2015\/04\/201502131.jpg?resize=700%2C400&ssl=1 2x"},"classes":[]},{"id":33049,"url":"https:\/\/www.wallendorff.com\/belogue\/2016\/11\/22\/tinariwen-serotones-the-lemon-twigs-le-bataclan-paris\/","url_meta":{"origin":4230,"position":4},"title":"Tinariwen + Serotones + The Lemon Twigs @ le Bataclan, Paris.","author":"dpc","date":"22 novembre 2016","format":false,"excerpt":"The Lemon Twigs Serotones Tinariwen","rel":"","context":"Dans &quot;Alive&quot;","block_context":{"text":"Alive","link":"https:\/\/www.wallendorff.com\/belogue\/category\/alive\/"},"img":{"alt_text":"","src":"https:\/\/i0.wp.com\/www.wallendorff.com\/belogue\/wp-content\/uploads\/2016\/11\/20161122-20-1.jpg?resize=350%2C200&ssl=1","width":350,"height":200,"srcset":"https:\/\/i0.wp.com\/www.wallendorff.com\/belogue\/wp-content\/uploads\/2016\/11\/20161122-20-1.jpg?resize=350%2C200&ssl=1 1x, https:\/\/i0.wp.com\/www.wallendorff.com\/belogue\/wp-content\/uploads\/2016\/11\/20161122-20-1.jpg?resize=525%2C300&ssl=1 1.5x, https:\/\/i0.wp.com\/www.wallendorff.com\/belogue\/wp-content\/uploads\/2016\/11\/20161122-20-1.jpg?resize=700%2C400&ssl=1 2x"},"classes":[]},{"id":130445,"url":"https:\/\/www.wallendorff.com\/belogue\/2024\/08\/31\/flogging-molly-le-bataclan-paris-27-aout-2024\/","url_meta":{"origin":4230,"position":5},"title":"Flogging Molly @ le Bataclan, Paris, 27 ao\u00fbt 2024.","author":"dpc","date":"31 ao\u00fbt 2024","format":false,"excerpt":"Drunken Lullabies | The Hand of John L. Sullivan | Swagger | (Try) Keep the Man Down | Whistles the Wind | Life in a Tenement Square | A Song of Liberty | Tobacco Island | The Croppy Boy '98 | Float | Saints & Sinners | Rebels of the\u2026","rel":"","context":"Dans &quot;Alive&quot;","block_context":{"text":"Alive","link":"https:\/\/www.wallendorff.com\/belogue\/category\/alive\/"},"img":{"alt_text":"","src":"https:\/\/i0.wp.com\/www.wallendorff.com\/belogue\/wp-content\/uploads\/2024\/08\/20240830-26.jpg?resize=350%2C200&ssl=1","width":350,"height":200,"srcset":"https:\/\/i0.wp.com\/www.wallendorff.com\/belogue\/wp-content\/uploads\/2024\/08\/20240830-26.jpg?resize=350%2C200&ssl=1 1x, https:\/\/i0.wp.com\/www.wallendorff.com\/belogue\/wp-content\/uploads\/2024\/08\/20240830-26.jpg?resize=525%2C300&ssl=1 1.5x, https:\/\/i0.wp.com\/www.wallendorff.com\/belogue\/wp-content\/uploads\/2024\/08\/20240830-26.jpg?resize=700%2C400&ssl=1 2x, https:\/\/i0.wp.com\/www.wallendorff.com\/belogue\/wp-content\/uploads\/2024\/08\/20240830-26.jpg?resize=1050%2C600&ssl=1 3x"},"classes":[]}],"_links":{"self":[{"href":"https:\/\/www.wallendorff.com\/belogue\/wp-json\/wp\/v2\/posts\/4230","targetHints":{"allow":["GET"]}}],"collection":[{"href":"https:\/\/www.wallendorff.com\/belogue\/wp-json\/wp\/v2\/posts"}],"about":[{"href":"https:\/\/www.wallendorff.com\/belogue\/wp-json\/wp\/v2\/types\/post"}],"author":[{"embeddable":true,"href":"https:\/\/www.wallendorff.com\/belogue\/wp-json\/wp\/v2\/users\/1"}],"replies":[{"embeddable":true,"href":"https:\/\/www.wallendorff.com\/belogue\/wp-json\/wp\/v2\/comments?post=4230"}],"version-history":[{"count":3,"href":"https:\/\/www.wallendorff.com\/belogue\/wp-json\/wp\/v2\/posts\/4230\/revisions"}],"predecessor-version":[{"id":16663,"href":"https:\/\/www.wallendorff.com\/belogue\/wp-json\/wp\/v2\/posts\/4230\/revisions\/16663"}],"wp:featuredmedia":[{"embeddable":true,"href":"https:\/\/www.wallendorff.com\/belogue\/wp-json\/wp\/v2\/media\/25443"}],"wp:attachment":[{"href":"https:\/\/www.wallendorff.com\/belogue\/wp-json\/wp\/v2\/media?parent=4230"}],"wp:term":[{"taxonomy":"category","embeddable":true,"href":"https:\/\/www.wallendorff.com\/belogue\/wp-json\/wp\/v2\/categories?post=4230"},{"taxonomy":"post_tag","embeddable":true,"href":"https:\/\/www.wallendorff.com\/belogue\/wp-json\/wp\/v2\/tags?post=4230"}],"curies":[{"name":"wp","href":"https:\/\/api.w.org\/{rel}","templated":true}]}}