{"id":4219,"date":"2009-05-25T09:20:21","date_gmt":"2009-05-25T08:20:21","guid":{"rendered":"http:\/\/www.po-l.com\/belogue\/?p=4219"},"modified":"2014-06-18T15:32:32","modified_gmt":"2014-06-18T13:32:32","slug":"franz-ferdinand-born-ruffians-clutch-cargos-pontiac-03052009","status":"publish","type":"post","link":"https:\/\/www.wallendorff.com\/belogue\/2009\/05\/25\/franz-ferdinand-born-ruffians-clutch-cargos-pontiac-03052009\/","title":{"rendered":"Franz Ferdinand + Born Ruffians @ Clutch Cargo&rsquo;s, Pontiac, 03\/05\/2009."},"content":{"rendered":"<div id=\"photo\">\n<p><img decoding=\"async\" src=\"https:\/\/www.wallendorff.com\/belogue\/photo\/2009\/05\/20090525.jpg\" \/><\/p>\n<\/div>\n<div id=\"bandeson\">\n<p><img decoding=\"async\" src=\"https:\/\/www.wallendorff.com\/belogue\/photo\/pochettes\/h\/hard_lessons_the-arms_forest.jpg\" align=\"left\" \/>&nbsp; <a href=\"http:\/\/thehardlessons.com\/\">The Hard Lessons<\/a> &ndash; <em>Tired Straits (See You Again)<\/em><\/p>\n<\/div>\n<p style=\"text-align:right\">C&rsquo;est fou comme certains titres de notes peuvent rappeler de <a href=\"https:\/\/www.wallendorff.com\/belogue\/2004\/11\/13\/more-muse\/\">tr&egrave;s vieux<\/a>, voire <a href=\"https:\/\/www.wallendorff.com\/belogue\/2004\/06\/14\/franz-ferdinand-majestic-theatre-detroit\/\">tr&egrave;s tr&egrave;s vieux<\/a> souvenirs.<\/p>\n<p style=\"text-align:right\">[Qui d&rsquo;ailleurs montrent, et c&rsquo;est rassurant, qu&rsquo;on a vaguement progress&eacute; en 5 ans.]<\/p>\n<h1>Born Ruffians<\/h1>ngg_shortcode_0_placeholder<p>&nbsp;<\/p>\n<h2>Franz Ferdinand<\/h2>ngg_shortcode_1_placeholder<p>&nbsp;<\/p>\n","protected":false},"excerpt":{"rendered":"<p>&nbsp; The Hard Lessons &ndash; Tired Straits (See You Again) C&rsquo;est fou comme certains titres de notes peuvent rappeler de tr&egrave;s vieux, voire tr&egrave;s tr&egrave;s vieux souvenirs. [Qui d&rsquo;ailleurs montrent, et c&rsquo;est rassurant, qu&rsquo;on a vaguement progress&eacute; en 5 ans.] Born Ruffians &nbsp; Franz Ferdinand &nbsp;<\/p>\n","protected":false},"author":1,"featured_media":25440,"comment_status":"open","ping_status":"open","sticky":false,"template":"","format":"standard","meta":{"_acf_changed":false,"ngg_post_thumbnail":0,"jetpack_post_was_ever_published":false,"_jetpack_newsletter_access":"","_jetpack_dont_email_post_to_subs":false,"_jetpack_newsletter_tier_id":0,"_jetpack_memberships_contains_paywalled_content":false,"_jetpack_memberships_contains_paid_content":false,"footnotes":"","jetpack_publicize_message":"","jetpack_publicize_feature_enabled":true,"jetpack_social_post_already_shared":false,"jetpack_social_options":{"image_generator_settings":{"template":"highway","default_image_id":0,"font":"","enabled":false},"version":2}},"categories":[7],"tags":[10084,4558,2817,196,2615,614,55,10100,54,93,741,2819],"class_list":["post-4219","post","type-post","status-publish","format-standard","has-post-thumbnail","hentry","category-alive","tag-alive","tag-arms-forest","tag-born-ruffians","tag-ef-28-70-mm-f28l-usm","tag-eos-5d-mark-ii","tag-clutch-cargos","tag-etats-unis","tag-franz-ferdinand","tag-michigan","tag-pontiac","tag-the-hard-lessons","tag-tired-straits-see-you-again"],"acf":[],"geo":null,"jetpack_publicize_connections":[],"jetpack_featured_media_url":"https:\/\/www.wallendorff.com\/belogue\/wp-content\/uploads\/2015\/04\/200905251.jpg","jetpack_shortlink":"https:\/\/wp.me\/p3b35P-163","jetpack_sharing_enabled":true,"jetpack-related-posts":[{"id":582,"url":"https:\/\/www.wallendorff.com\/belogue\/2004\/11\/13\/muse-clutch-cargo-s-pontiac\/","url_meta":{"origin":4219,"position":0},"title":"Muse @ Clutch Cargo&rsquo;s, Pontiac.","author":"dpc","date":"13 novembre 2004","format":false,"excerpt":"Butterflies and Hurricanes | New Born | The Small Print | Sing for Absolution | Thoughts of a Dying Atheist | Citizen Erased | Ruled by Secrecy | Apocalypse Please | Sunburn | Hysteria | Time Is Running Out | Plug in Baby | Bliss | Stockholm Syndrome 5e concert\u2026","rel":"","context":"Dans &quot;Alive&quot;","block_context":{"text":"Alive","link":"https:\/\/www.wallendorff.com\/belogue\/category\/alive\/"},"img":{"alt_text":"","src":"https:\/\/i0.wp.com\/www.wallendorff.com\/belogue\/wp-content\/uploads\/2015\/04\/200411131.jpg?resize=350%2C200&ssl=1","width":350,"height":200,"srcset":"https:\/\/i0.wp.com\/www.wallendorff.com\/belogue\/wp-content\/uploads\/2015\/04\/200411131.jpg?resize=350%2C200&ssl=1 1x, https:\/\/i0.wp.com\/www.wallendorff.com\/belogue\/wp-content\/uploads\/2015\/04\/200411131.jpg?resize=525%2C300&ssl=1 1.5x, https:\/\/i0.wp.com\/www.wallendorff.com\/belogue\/wp-content\/uploads\/2015\/04\/200411131.jpg?resize=700%2C400&ssl=1 2x"},"classes":[]},{"id":128420,"url":"https:\/\/www.wallendorff.com\/belogue\/2024\/06\/17\/cetait-2009\/","url_meta":{"origin":4219,"position":1},"title":"C&rsquo;\u00e9tait 2009.","author":"dpc","date":"17 juin 2024","format":false,"excerpt":"2009, tentatives. Paris, 17 jenvier 2009. Paris, 14 f\u00e9vrier 2009. Paris, 2 mars 2009. Eagles of Death Metal @ le Bataclan, Paris, 27 mars 2009 Milwaukee, 28 avril 2009. Chicago, 29 avril 2009. Michigan, 1er mai 2009. D\u00e9troit, 3 mai 2009. Franz Ferdinand @ Clutch Cargo\u2019s, Pontiac, 03 mai 2009\u2026","rel":"","context":"Dans &quot;DPC&quot;","block_context":{"text":"DPC","link":"https:\/\/www.wallendorff.com\/belogue\/category\/dpc\/"},"img":{"alt_text":"","src":"https:\/\/i0.wp.com\/www.wallendorff.com\/belogue\/wp-content\/uploads\/2024\/06\/20240617-13.jpg?resize=350%2C200&ssl=1","width":350,"height":200,"srcset":"https:\/\/i0.wp.com\/www.wallendorff.com\/belogue\/wp-content\/uploads\/2024\/06\/20240617-13.jpg?resize=350%2C200&ssl=1 1x, https:\/\/i0.wp.com\/www.wallendorff.com\/belogue\/wp-content\/uploads\/2024\/06\/20240617-13.jpg?resize=525%2C300&ssl=1 1.5x, https:\/\/i0.wp.com\/www.wallendorff.com\/belogue\/wp-content\/uploads\/2024\/06\/20240617-13.jpg?resize=700%2C400&ssl=1 2x, https:\/\/i0.wp.com\/www.wallendorff.com\/belogue\/wp-content\/uploads\/2024\/06\/20240617-13.jpg?resize=1050%2C600&ssl=1 3x"},"classes":[]},{"id":23003,"url":"https:\/\/www.wallendorff.com\/belogue\/2014\/06\/20\/dix-ans-de-concerts-12\/","url_meta":{"origin":4219,"position":2},"title":"Dix ans de concerts [1\/2].","author":"dpc","date":"20 juin 2014","format":false,"excerpt":"Pas la peine de faire une redite, apr\u00e8s la compile des 500 concerts et celle des 10 ans de passes photos. Depuis 2012, disons que je retiens la fois o\u00f9 je me suis fait maudire par un Italien, Matthias Malzieu qui me tombe sur le nez \u00e0 Rock en Seine,\u2026","rel":"","context":"Dans &quot;DPC&quot;","block_context":{"text":"DPC","link":"https:\/\/www.wallendorff.com\/belogue\/category\/dpc\/"},"img":{"alt_text":"","src":"https:\/\/i0.wp.com\/www.wallendorff.com\/belogue\/wp-content\/uploads\/2015\/04\/20110520-391.jpg?resize=350%2C200&ssl=1","width":350,"height":200,"srcset":"https:\/\/i0.wp.com\/www.wallendorff.com\/belogue\/wp-content\/uploads\/2015\/04\/20110520-391.jpg?resize=350%2C200&ssl=1 1x, https:\/\/i0.wp.com\/www.wallendorff.com\/belogue\/wp-content\/uploads\/2015\/04\/20110520-391.jpg?resize=525%2C300&ssl=1 1.5x, https:\/\/i0.wp.com\/www.wallendorff.com\/belogue\/wp-content\/uploads\/2015\/04\/20110520-391.jpg?resize=700%2C400&ssl=1 2x"},"classes":[]},{"id":125680,"url":"https:\/\/www.wallendorff.com\/belogue\/2023\/07\/25\/paleo-festival-2023-nyon-jour-6\/","url_meta":{"origin":4219,"position":3},"title":"Pal\u00e9o Festival 2023, Nyon, jour 6.","author":"dpc","date":"25 juillet 2023","format":false,"excerpt":"Ambiance, Pal\u00e9o Festival Nyon 2023 Ambiance, Pal\u00e9o Festival Nyon 2023 Ambiance, Pal\u00e9o Festival Nyon 2023 Ambiance, Pal\u00e9o Festival Nyon 2023 La Col\u00e8re, Pal\u00e9o Festival Nyon 2023 Ambiance, Pal\u00e9o Festival Nyon 2023 La Col\u00e8re, Pal\u00e9o Festival Nyon 2023 Ambiance, Pal\u00e9o Festival Nyon 2023 Ambiance, Pal\u00e9o Festival Nyon 2023 Roda do Cavaco,\u2026","rel":"","context":"Dans &quot;Alive&quot;","block_context":{"text":"Alive","link":"https:\/\/www.wallendorff.com\/belogue\/category\/alive\/"},"img":{"alt_text":"","src":"https:\/\/i0.wp.com\/www.wallendorff.com\/belogue\/wp-content\/uploads\/2023\/07\/20230725-28.jpg?resize=350%2C200&ssl=1","width":350,"height":200,"srcset":"https:\/\/i0.wp.com\/www.wallendorff.com\/belogue\/wp-content\/uploads\/2023\/07\/20230725-28.jpg?resize=350%2C200&ssl=1 1x, https:\/\/i0.wp.com\/www.wallendorff.com\/belogue\/wp-content\/uploads\/2023\/07\/20230725-28.jpg?resize=525%2C300&ssl=1 1.5x, https:\/\/i0.wp.com\/www.wallendorff.com\/belogue\/wp-content\/uploads\/2023\/07\/20230725-28.jpg?resize=700%2C400&ssl=1 2x, https:\/\/i0.wp.com\/www.wallendorff.com\/belogue\/wp-content\/uploads\/2023\/07\/20230725-28.jpg?resize=1050%2C600&ssl=1 3x"},"classes":[]},{"id":859,"url":"https:\/\/www.wallendorff.com\/belogue\/2006\/12\/25\/vif-levant-d-hier\/","url_meta":{"origin":4219,"position":4},"title":"Vif levant d&rsquo;hier.","author":"dpc","date":"25 d\u00e9cembre 2006","format":false,"excerpt":"Rue du Vieux Seigle, Strasbourg, 17 d\u00e9cembre. Et joyeux machin, donc. \u00a0Franz Ferdinand \u2013 Brown Onions","rel":"","context":"Dans &quot;DPC&quot;","block_context":{"text":"DPC","link":"https:\/\/www.wallendorff.com\/belogue\/category\/dpc\/"},"img":{"alt_text":"","src":"https:\/\/i0.wp.com\/www.wallendorff.com\/belogue\/wp-content\/uploads\/2015\/04\/200612251.jpg?resize=350%2C200&ssl=1","width":350,"height":200},"classes":[]},{"id":38063,"url":"https:\/\/www.wallendorff.com\/belogue\/2018\/05\/03\/franz-ferdinand-le-zenith-paris-27-fevrier-2018\/","url_meta":{"origin":4219,"position":5},"title":"Franz Ferdinand @ le Z\u00e9nith, Paris, 27 f\u00e9vrier 2018.","author":"dpc","date":"3 mai 2018","format":false,"excerpt":"Always Ascending Franz Ferdinand","rel":"","context":"Dans &quot;Alive&quot;","block_context":{"text":"Alive","link":"https:\/\/www.wallendorff.com\/belogue\/category\/alive\/"},"img":{"alt_text":"","src":"https:\/\/i0.wp.com\/www.wallendorff.com\/belogue\/wp-content\/uploads\/2018\/05\/20180503-20.jpg?resize=350%2C200&ssl=1","width":350,"height":200,"srcset":"https:\/\/i0.wp.com\/www.wallendorff.com\/belogue\/wp-content\/uploads\/2018\/05\/20180503-20.jpg?resize=350%2C200&ssl=1 1x, https:\/\/i0.wp.com\/www.wallendorff.com\/belogue\/wp-content\/uploads\/2018\/05\/20180503-20.jpg?resize=525%2C300&ssl=1 1.5x, https:\/\/i0.wp.com\/www.wallendorff.com\/belogue\/wp-content\/uploads\/2018\/05\/20180503-20.jpg?resize=700%2C400&ssl=1 2x, https:\/\/i0.wp.com\/www.wallendorff.com\/belogue\/wp-content\/uploads\/2018\/05\/20180503-20.jpg?resize=1050%2C600&ssl=1 3x"},"classes":[]}],"_links":{"self":[{"href":"https:\/\/www.wallendorff.com\/belogue\/wp-json\/wp\/v2\/posts\/4219","targetHints":{"allow":["GET"]}}],"collection":[{"href":"https:\/\/www.wallendorff.com\/belogue\/wp-json\/wp\/v2\/posts"}],"about":[{"href":"https:\/\/www.wallendorff.com\/belogue\/wp-json\/wp\/v2\/types\/post"}],"author":[{"embeddable":true,"href":"https:\/\/www.wallendorff.com\/belogue\/wp-json\/wp\/v2\/users\/1"}],"replies":[{"embeddable":true,"href":"https:\/\/www.wallendorff.com\/belogue\/wp-json\/wp\/v2\/comments?post=4219"}],"version-history":[{"count":4,"href":"https:\/\/www.wallendorff.com\/belogue\/wp-json\/wp\/v2\/posts\/4219\/revisions"}],"predecessor-version":[{"id":22996,"href":"https:\/\/www.wallendorff.com\/belogue\/wp-json\/wp\/v2\/posts\/4219\/revisions\/22996"}],"wp:featuredmedia":[{"embeddable":true,"href":"https:\/\/www.wallendorff.com\/belogue\/wp-json\/wp\/v2\/media\/25440"}],"wp:attachment":[{"href":"https:\/\/www.wallendorff.com\/belogue\/wp-json\/wp\/v2\/media?parent=4219"}],"wp:term":[{"taxonomy":"category","embeddable":true,"href":"https:\/\/www.wallendorff.com\/belogue\/wp-json\/wp\/v2\/categories?post=4219"},{"taxonomy":"post_tag","embeddable":true,"href":"https:\/\/www.wallendorff.com\/belogue\/wp-json\/wp\/v2\/tags?post=4219"}],"curies":[{"name":"wp","href":"https:\/\/api.w.org\/{rel}","templated":true}]}}