{"id":42184,"date":"2019-06-28T11:36:04","date_gmt":"2019-06-28T09:36:04","guid":{"rendered":"http:\/\/www.wallendorff.com\/belogue\/?p=42184"},"modified":"2019-06-28T11:57:53","modified_gmt":"2019-06-28T09:57:53","slug":"on-expose-5","status":"publish","type":"post","link":"https:\/\/www.wallendorff.com\/belogue\/2019\/06\/28\/on-expose-5\/","title":{"rendered":"On expose."},"content":{"rendered":"<div id=\"photo\">\n<p><img decoding=\"async\" src=\"https:\/\/www.wallendorff.com\/belogue\/wp-content\/uploads\/2019\/06\/20190628.jpg\"><\/p>\n<\/div>\n<p>J&rsquo;aurai la chance, la joie et surtout l&rsquo;honneur d&rsquo;\u00eatre expos\u00e9 \u00e0 <a href=\"https:\/\/yeah.paleo.ch\/fr\/galerie\">la Galerie du 44<sup>e<\/sup> Pal\u00e9o Festival Nyon<\/a>, apr\u00e8s de cools photographes comme <a href=\"http:\/\/www.annecolliard.com\/\">Anne Colliard<\/a>, <a href=\"https:\/\/www.claudedussez.ch\/home.php\">Claude Dussez<\/a> ou <a href=\"http:\/\/www.nicolaspatault.com\/\">Nicolas Patault<\/a>, mis en avant les ann\u00e9es pr\u00e9c\u00e9dentes. Il y aura 45 photos au total, retra\u00e7ant les 7 derni\u00e8res \u00e9ditions du festival, l&rsquo;ambiance de ses sc\u00e8nes et, surtout, la bonne humeur de son public. La Galerie est tenue par une fine \u00e9quipe de joyeux drilles et, d\u00e9tail important, dispose d&rsquo;une buvette. Au plaisir de s&rsquo;y croiser du 23 au 28 juillet !<\/p>\n","protected":false},"excerpt":{"rendered":"<p>J&rsquo;aurai la chance, la joie et surtout l&rsquo;honneur d&rsquo;\u00eatre expos\u00e9 \u00e0 la Galerie du 44e Pal\u00e9o Festival Nyon, apr\u00e8s de cools photographes comme Anne Colliard, Claude Dussez ou Nicolas Patault, mis en avant les ann\u00e9es pr\u00e9c\u00e9dentes. Il y aura 45 photos au total, retra\u00e7ant les 7 derni\u00e8res \u00e9ditions du festival, l&rsquo;ambiance de ses sc\u00e8nes et,&hellip;<\/p>\n","protected":false},"author":1,"featured_media":42185,"comment_status":"open","ping_status":"open","sticky":false,"template":"","format":"standard","meta":{"_acf_changed":false,"ngg_post_thumbnail":0,"jetpack_post_was_ever_published":false,"_jetpack_newsletter_access":"","_jetpack_dont_email_post_to_subs":false,"_jetpack_newsletter_tier_id":0,"_jetpack_memberships_contains_paywalled_content":false,"_jetpack_memberships_contains_paid_content":false,"footnotes":"","jetpack_publicize_message":"On expose.","jetpack_publicize_feature_enabled":true,"jetpack_social_post_already_shared":true,"jetpack_social_options":{"image_generator_settings":{"template":"highway","default_image_id":0,"font":"","enabled":false},"version":2}},"categories":[7],"tags":[13612,10084,8170,6766,15708,10329,10136,10449,1708,14040,10886,10007],"class_list":["post-42184","post","type-post","status-publish","format-standard","has-post-thumbnail","hentry","category-alive","tag-13612","tag-alive","tag-ef-24-70-mm-f2-8l-ii-usm","tag-eos-5d-mark-iii","tag-canton-de-vaux","tag-exposition","tag-festival","tag-nyon","tag-paleo-festival","tag-paleo-festival-2017","tag-suisse","tag-trelex"],"acf":[],"geo":{"latitude":46.4043083,"longitude":6.2068462,"description":"Signy, Canton de Vaud, 1274, CH"},"jetpack_publicize_connections":[],"jetpack_featured_media_url":"https:\/\/www.wallendorff.com\/belogue\/wp-content\/uploads\/2019\/06\/20190628.jpg","jetpack_shortlink":"https:\/\/wp.me\/p3b35P-aYo","jetpack_sharing_enabled":true,"jetpack-related-posts":[{"id":132854,"url":"https:\/\/www.wallendorff.com\/belogue\/2025\/07\/24\/paleo-festival-2025-nyon-jour-2\/","url_meta":{"origin":42184,"position":0},"title":"Pal\u00e9o Festival 2025, Nyon, jour 2.","author":"dpc","date":"24 juillet 2025","format":false,"excerpt":"Ambiance, Pal\u00e9o Festival Nyon 2025 Ambiance, Pal\u00e9o Festival Nyon 2025 Ambiance, Pal\u00e9o Festival Nyon 2025 Ambiance, Pal\u00e9o Festival Nyon 2025 Ambiance, Pal\u00e9o Festival Nyon 2025 Ambiance, Pal\u00e9o Festival Nyon 2025 Ambiance, Pal\u00e9o Festival Nyon 2025 Ambiance, Pal\u00e9o Festival Nyon 2025 Ambiance, Pal\u00e9o Festival Nyon 2025 Ambiance, Pal\u00e9o Festival Nyon 2025\u2026","rel":"","context":"Dans &quot;Alive&quot;","block_context":{"text":"Alive","link":"https:\/\/www.wallendorff.com\/belogue\/category\/alive\/"},"img":{"alt_text":"","src":"https:\/\/i0.wp.com\/www.wallendorff.com\/belogue\/wp-content\/uploads\/2025\/07\/20250724-41.jpg?resize=350%2C200&ssl=1","width":350,"height":200,"srcset":"https:\/\/i0.wp.com\/www.wallendorff.com\/belogue\/wp-content\/uploads\/2025\/07\/20250724-41.jpg?resize=350%2C200&ssl=1 1x, https:\/\/i0.wp.com\/www.wallendorff.com\/belogue\/wp-content\/uploads\/2025\/07\/20250724-41.jpg?resize=525%2C300&ssl=1 1.5x, https:\/\/i0.wp.com\/www.wallendorff.com\/belogue\/wp-content\/uploads\/2025\/07\/20250724-41.jpg?resize=700%2C400&ssl=1 2x, https:\/\/i0.wp.com\/www.wallendorff.com\/belogue\/wp-content\/uploads\/2025\/07\/20250724-41.jpg?resize=1050%2C600&ssl=1 3x"},"classes":[]},{"id":133073,"url":"https:\/\/www.wallendorff.com\/belogue\/2025\/07\/28\/paleo-festival-2025-nyon-jour-5\/","url_meta":{"origin":42184,"position":1},"title":"Pal\u00e9o Festival 2025, Nyon, jour 5.","author":"dpc","date":"28 juillet 2025","format":false,"excerpt":"Ambiance, Pal\u00e9o Festival Nyon 2025 Ambiance, Pal\u00e9o Festival Nyon 2025 Ambiance, Pal\u00e9o Festival Nyon 2025 Ambiance, Pal\u00e9o Festival Nyon 2025 Ambiance, Pal\u00e9o Festival Nyon 2025 Ambiance, Pal\u00e9o Festival Nyon 2025 Ambiance, Pal\u00e9o Festival Nyon 2025 Ambiance, Pal\u00e9o Festival Nyon 2025 Ambiance, Pal\u00e9o Festival Nyon 2025 Ambiance, Pal\u00e9o Festival Nyon 2025\u2026","rel":"","context":"Dans &quot;Alive&quot;","block_context":{"text":"Alive","link":"https:\/\/www.wallendorff.com\/belogue\/category\/alive\/"},"img":{"alt_text":"","src":"https:\/\/i0.wp.com\/www.wallendorff.com\/belogue\/wp-content\/uploads\/2025\/07\/20250727-48.jpg?resize=350%2C200&ssl=1","width":350,"height":200,"srcset":"https:\/\/i0.wp.com\/www.wallendorff.com\/belogue\/wp-content\/uploads\/2025\/07\/20250727-48.jpg?resize=350%2C200&ssl=1 1x, https:\/\/i0.wp.com\/www.wallendorff.com\/belogue\/wp-content\/uploads\/2025\/07\/20250727-48.jpg?resize=525%2C300&ssl=1 1.5x, https:\/\/i0.wp.com\/www.wallendorff.com\/belogue\/wp-content\/uploads\/2025\/07\/20250727-48.jpg?resize=700%2C400&ssl=1 2x, https:\/\/i0.wp.com\/www.wallendorff.com\/belogue\/wp-content\/uploads\/2025\/07\/20250727-48.jpg?resize=1050%2C600&ssl=1 3x"},"classes":[]},{"id":132780,"url":"https:\/\/www.wallendorff.com\/belogue\/2025\/07\/23\/paleo-festival-2025-nyon-jour-1\/","url_meta":{"origin":42184,"position":2},"title":"Pal\u00e9o Festival 2025, Nyon, jour 1.","author":"dpc","date":"23 juillet 2025","format":false,"excerpt":"Ambiance, Pal\u00e9o Festival Nyon 2025 Ambiance, Pal\u00e9o Festival Nyon 2025 Ambiance, Pal\u00e9o Festival Nyon 2025 Ambiance, Pal\u00e9o Festival Nyon 2025 Ambiance, Pal\u00e9o Festival Nyon 2025 Ambiance, Pal\u00e9o Festival Nyon 2025 Ambiance, Pal\u00e9o Festival Nyon 2025 Ambiance, Pal\u00e9o Festival Nyon 2025 Ambiance, Pal\u00e9o Festival Nyon 2025 Ambiance, Pal\u00e9o Festival Nyon 2025\u2026","rel":"","context":"Dans &quot;Alive&quot;","block_context":{"text":"Alive","link":"https:\/\/www.wallendorff.com\/belogue\/category\/alive\/"},"img":{"alt_text":"","src":"https:\/\/i0.wp.com\/www.wallendorff.com\/belogue\/wp-content\/uploads\/2025\/07\/20250723-26.jpg?resize=350%2C200&ssl=1","width":350,"height":200,"srcset":"https:\/\/i0.wp.com\/www.wallendorff.com\/belogue\/wp-content\/uploads\/2025\/07\/20250723-26.jpg?resize=350%2C200&ssl=1 1x, https:\/\/i0.wp.com\/www.wallendorff.com\/belogue\/wp-content\/uploads\/2025\/07\/20250723-26.jpg?resize=525%2C300&ssl=1 1.5x, https:\/\/i0.wp.com\/www.wallendorff.com\/belogue\/wp-content\/uploads\/2025\/07\/20250723-26.jpg?resize=700%2C400&ssl=1 2x, https:\/\/i0.wp.com\/www.wallendorff.com\/belogue\/wp-content\/uploads\/2025\/07\/20250723-26.jpg?resize=1050%2C600&ssl=1 3x"},"classes":[]},{"id":125534,"url":"https:\/\/www.wallendorff.com\/belogue\/2023\/07\/22\/paleo-festival-2023-nyon-jour-4\/","url_meta":{"origin":42184,"position":3},"title":"Pal\u00e9o Festival 2023, Nyon, jour 4.","author":"dpc","date":"22 juillet 2023","format":false,"excerpt":"Ambiance, Pal\u00e9o Festival Nyon 2023 Ambiance, Pal\u00e9o Festival Nyon 2023 Ambiance, Pal\u00e9o Festival Nyon 2023 Ambiance, Pal\u00e9o Festival Nyon 2023 Ambiance, Pal\u00e9o Festival Nyon 2023 Ambiance, Pal\u00e9o Festival Nyon 2023 Ambiance, Pal\u00e9o Festival Nyon 2023 Ambiance, Pal\u00e9o Festival Nyon 2023 Ambiance, Pal\u00e9o Festival Nyon 2023 Ambiance, Pal\u00e9o Festival Nyon 2023\u2026","rel":"","context":"Dans &quot;Alive&quot;","block_context":{"text":"Alive","link":"https:\/\/www.wallendorff.com\/belogue\/category\/alive\/"},"img":{"alt_text":"","src":"https:\/\/i0.wp.com\/www.wallendorff.com\/belogue\/wp-content\/uploads\/2023\/07\/20230722-40.jpg?resize=350%2C200&ssl=1","width":350,"height":200,"srcset":"https:\/\/i0.wp.com\/www.wallendorff.com\/belogue\/wp-content\/uploads\/2023\/07\/20230722-40.jpg?resize=350%2C200&ssl=1 1x, https:\/\/i0.wp.com\/www.wallendorff.com\/belogue\/wp-content\/uploads\/2023\/07\/20230722-40.jpg?resize=525%2C300&ssl=1 1.5x, https:\/\/i0.wp.com\/www.wallendorff.com\/belogue\/wp-content\/uploads\/2023\/07\/20230722-40.jpg?resize=700%2C400&ssl=1 2x, https:\/\/i0.wp.com\/www.wallendorff.com\/belogue\/wp-content\/uploads\/2023\/07\/20230722-40.jpg?resize=1050%2C600&ssl=1 3x"},"classes":[]},{"id":133005,"url":"https:\/\/www.wallendorff.com\/belogue\/2025\/07\/26\/paleo-festival-2025-nyon-jour-4\/","url_meta":{"origin":42184,"position":4},"title":"Pal\u00e9o Festival 2025, Nyon, jour 4.","author":"dpc","date":"26 juillet 2025","format":false,"excerpt":"Ambiance, Pal\u00e9o Festival Nyon 2025 Ambiance, Pal\u00e9o Festival Nyon 2025 Ambiance, Pal\u00e9o Festival Nyon 2025 Ambiance, Pal\u00e9o Festival Nyon 2025 Ambiance, Pal\u00e9o Festival Nyon 2025 Ambiance, Pal\u00e9o Festival Nyon 2025 Ambiance, Pal\u00e9o Festival Nyon 2025 Ambiance, Pal\u00e9o Festival Nyon 2025 Ambiance, Pal\u00e9o Festival Nyon 2025 Ambiance, Pal\u00e9o Festival Nyon 2025\u2026","rel":"","context":"Dans &quot;Alive&quot;","block_context":{"text":"Alive","link":"https:\/\/www.wallendorff.com\/belogue\/category\/alive\/"},"img":{"alt_text":"","src":"https:\/\/i0.wp.com\/www.wallendorff.com\/belogue\/wp-content\/uploads\/2025\/07\/20250726-52.jpg?resize=350%2C200&ssl=1","width":350,"height":200,"srcset":"https:\/\/i0.wp.com\/www.wallendorff.com\/belogue\/wp-content\/uploads\/2025\/07\/20250726-52.jpg?resize=350%2C200&ssl=1 1x, https:\/\/i0.wp.com\/www.wallendorff.com\/belogue\/wp-content\/uploads\/2025\/07\/20250726-52.jpg?resize=525%2C300&ssl=1 1.5x, https:\/\/i0.wp.com\/www.wallendorff.com\/belogue\/wp-content\/uploads\/2025\/07\/20250726-52.jpg?resize=700%2C400&ssl=1 2x, https:\/\/i0.wp.com\/www.wallendorff.com\/belogue\/wp-content\/uploads\/2025\/07\/20250726-52.jpg?resize=1050%2C600&ssl=1 3x"},"classes":[]},{"id":125615,"url":"https:\/\/www.wallendorff.com\/belogue\/2023\/07\/23\/paleo-festival-2023-nyon-jour-5\/","url_meta":{"origin":42184,"position":5},"title":"Pal\u00e9o Festival 2023, Nyon, jour 5.","author":"dpc","date":"23 juillet 2023","format":false,"excerpt":"Ambiance, Pal\u00e9o Festival Nyon 2023 Naomi Lareine, Pal\u00e9o Festival Nyon 2023 Ambiance, Pal\u00e9o Festival Nyon 2023 Naomi Lareine, Pal\u00e9o Festival Nyon 2023 Ambiance, Pal\u00e9o Festival Nyon 2023 Naomi Lareine, Pal\u00e9o Festival Nyon 2023 Ambiance, Pal\u00e9o Festival Nyon 2023 Ambiance, Pal\u00e9o Festival Nyon 2023 Ambiance, Pal\u00e9o Festival Nyon 2023 Ambiance, Pal\u00e9o\u2026","rel":"","context":"Dans &quot;Alive&quot;","block_context":{"text":"Alive","link":"https:\/\/www.wallendorff.com\/belogue\/category\/alive\/"},"img":{"alt_text":"","src":"https:\/\/i0.wp.com\/www.wallendorff.com\/belogue\/wp-content\/uploads\/2023\/07\/20230723-34.jpg?resize=350%2C200&ssl=1","width":350,"height":200,"srcset":"https:\/\/i0.wp.com\/www.wallendorff.com\/belogue\/wp-content\/uploads\/2023\/07\/20230723-34.jpg?resize=350%2C200&ssl=1 1x, https:\/\/i0.wp.com\/www.wallendorff.com\/belogue\/wp-content\/uploads\/2023\/07\/20230723-34.jpg?resize=525%2C300&ssl=1 1.5x, https:\/\/i0.wp.com\/www.wallendorff.com\/belogue\/wp-content\/uploads\/2023\/07\/20230723-34.jpg?resize=700%2C400&ssl=1 2x, https:\/\/i0.wp.com\/www.wallendorff.com\/belogue\/wp-content\/uploads\/2023\/07\/20230723-34.jpg?resize=1050%2C600&ssl=1 3x"},"classes":[]}],"_links":{"self":[{"href":"https:\/\/www.wallendorff.com\/belogue\/wp-json\/wp\/v2\/posts\/42184","targetHints":{"allow":["GET"]}}],"collection":[{"href":"https:\/\/www.wallendorff.com\/belogue\/wp-json\/wp\/v2\/posts"}],"about":[{"href":"https:\/\/www.wallendorff.com\/belogue\/wp-json\/wp\/v2\/types\/post"}],"author":[{"embeddable":true,"href":"https:\/\/www.wallendorff.com\/belogue\/wp-json\/wp\/v2\/users\/1"}],"replies":[{"embeddable":true,"href":"https:\/\/www.wallendorff.com\/belogue\/wp-json\/wp\/v2\/comments?post=42184"}],"version-history":[{"count":2,"href":"https:\/\/www.wallendorff.com\/belogue\/wp-json\/wp\/v2\/posts\/42184\/revisions"}],"predecessor-version":[{"id":42187,"href":"https:\/\/www.wallendorff.com\/belogue\/wp-json\/wp\/v2\/posts\/42184\/revisions\/42187"}],"wp:featuredmedia":[{"embeddable":true,"href":"https:\/\/www.wallendorff.com\/belogue\/wp-json\/wp\/v2\/media\/42185"}],"wp:attachment":[{"href":"https:\/\/www.wallendorff.com\/belogue\/wp-json\/wp\/v2\/media?parent=42184"}],"wp:term":[{"taxonomy":"category","embeddable":true,"href":"https:\/\/www.wallendorff.com\/belogue\/wp-json\/wp\/v2\/categories?post=42184"},{"taxonomy":"post_tag","embeddable":true,"href":"https:\/\/www.wallendorff.com\/belogue\/wp-json\/wp\/v2\/tags?post=42184"}],"curies":[{"name":"wp","href":"https:\/\/api.w.org\/{rel}","templated":true}]}}