{"id":42174,"date":"2019-06-25T11:17:52","date_gmt":"2019-06-25T09:17:52","guid":{"rendered":"http:\/\/www.wallendorff.com\/belogue\/?p=42174"},"modified":"2019-06-25T11:17:52","modified_gmt":"2019-06-25T09:17:52","slug":"into-the-wide-177","status":"publish","type":"post","link":"https:\/\/www.wallendorff.com\/belogue\/2019\/06\/25\/into-the-wide-177\/","title":{"rendered":"Into the wide #177."},"content":{"rendered":"\n<div id=\"photo\">\n<p><img decoding=\"async\" src=\"https:\/\/www.wallendorff.com\/belogue\/wp-content\/uploads\/2019\/06\/20190625.jpg\" \/><br \/>\nSakris\u00f8y, 6 mars 2019.<\/p>\n<\/p><\/div>\n<div id=\"bandeson\">\n<p><img decoding=\"async\" src=\"https:\/\/www.wallendorff.com\/belogue\/photo\/pochettes\/k\/kills_the-levis_session.jpg\" align=\"left\" \/>&nbsp;<a href=\"https:\/\/www.youtube.com\/watch?v=EgDialxMJ7Q\"><em>Pale Blue Eyes<\/em> (The Velvet Underground cover)<\/a> <br \/><a href=\"http:\/\/www.thekills.tv\">The Kills<\/a><\/p>\n<\/p><\/div>\n","protected":false},"excerpt":{"rendered":"<p>Sakris\u00f8y, 6 mars 2019. &nbsp;Pale Blue Eyes (The Velvet Underground cover) The Kills<\/p>\n","protected":false},"author":1,"featured_media":42175,"comment_status":"open","ping_status":"open","sticky":false,"template":"","format":"standard","meta":{"_acf_changed":false,"ngg_post_thumbnail":0,"jetpack_post_was_ever_published":false,"_jetpack_newsletter_access":"","_jetpack_dont_email_post_to_subs":false,"_jetpack_newsletter_tier_id":0,"_jetpack_memberships_contains_paywalled_content":false,"_jetpack_memberships_contains_paid_content":false,"footnotes":"","jetpack_publicize_message":"","jetpack_publicize_feature_enabled":true,"jetpack_social_post_already_shared":true,"jetpack_social_options":{"image_generator_settings":{"template":"highway","default_image_id":0,"font":"","enabled":false},"version":2}},"categories":[7356],"tags":[15496,10326,14271,15309,15704,15495,10426,2357,15705,3948,11323,10592,15571,15706,10212,3949],"class_list":["post-42174","post","type-post","status-publish","format-standard","has-post-thumbnail","hentry","category-into-the-wide","tag-comte-de-nordland","tag-crepuscule","tag-fujifilm-x-t2","tag-fujinon-xf-16-55-mm-f-2-8-r-lm-wr","tag-kvalvik","tag-lofoten","tag-montagne","tag-norvege","tag-olenilsoy","tag-pale-blue-eyes","tag-panoramique","tag-pose-longue","tag-reine","tag-sakrisoy","tag-the-kills","tag-the-velvet-underground"],"acf":[],"geo":{"latitude":67.9386749,"longitude":13.1135559,"description":null},"jetpack_publicize_connections":[],"jetpack_featured_media_url":"https:\/\/www.wallendorff.com\/belogue\/wp-content\/uploads\/2019\/06\/20190625.jpg","jetpack_shortlink":"https:\/\/wp.me\/p3b35P-aYe","jetpack_sharing_enabled":true,"jetpack-related-posts":[{"id":7806,"url":"https:\/\/www.wallendorff.com\/belogue\/2010\/07\/06\/clebs-omamie\/","url_meta":{"origin":42174,"position":0},"title":"Clebs o&rsquo;mamie.","author":"dpc","date":"6 juillet 2010","format":false,"excerpt":"Rue sous Saint-Arnould, Metz, 23 mai. \u00a0The Kills \u2013 Pale Blue Eyes (The Velvet Underground cover)","rel":"","context":"Dans &quot;DPC&quot;","block_context":{"text":"DPC","link":"https:\/\/www.wallendorff.com\/belogue\/category\/dpc\/"},"img":{"alt_text":"","src":"https:\/\/i0.wp.com\/www.wallendorff.com\/belogue\/wp-content\/uploads\/2015\/04\/201007061.jpg?resize=350%2C200&ssl=1","width":350,"height":200},"classes":[]},{"id":778,"url":"https:\/\/www.wallendorff.com\/belogue\/2006\/09\/03\/mes-cieux-d-ame\/","url_meta":{"origin":42174,"position":1},"title":"Mes cieux d&rsquo;\u00e2me.","author":"dpc","date":"3 septembre 2006","format":false,"excerpt":"Clamart MC, 30 ao\u00fbt. \u201cIn your dreams you've seen it all Through a window so far off Remember watching while your Lightning blue eyes reflected sunrise And through the dawn I've seen it, too I caught a glimpse, thought that was you And I was overwhelmed Lightning blue eyes against\u2026","rel":"","context":"Dans &quot;DPC&quot;","block_context":{"text":"DPC","link":"https:\/\/www.wallendorff.com\/belogue\/category\/dpc\/"},"img":{"alt_text":"","src":"https:\/\/i0.wp.com\/www.wallendorff.com\/belogue\/wp-content\/uploads\/2015\/04\/200609031.jpg?resize=350%2C200&ssl=1","width":350,"height":200},"classes":[]},{"id":852,"url":"https:\/\/www.wallendorff.com\/belogue\/2006\/12\/14\/jougs-et-hauts-drames\/","url_meta":{"origin":42174,"position":2},"title":"Jougs et hauts drames.","author":"dpc","date":"14 d\u00e9cembre 2006","format":false,"excerpt":"Op\u00e9ra Bastille, Paris, 26 novembre. Note bande-son \u00e9coute \u201cI am tired, I am weary I could sleep for a thousand years A thousand dreams that would awake me Different colors made of tears.\u201d T'as chant\u00e9 \u00e7a au bar du lyc\u00e9e toute ton ann\u00e9e de premi\u00e8re durant et tu l'avais compl\u00e8tement\u2026","rel":"","context":"Dans &quot;DPC&quot;","block_context":{"text":"DPC","link":"https:\/\/www.wallendorff.com\/belogue\/category\/dpc\/"},"img":{"alt_text":"","src":"https:\/\/i0.wp.com\/www.wallendorff.com\/belogue\/wp-content\/uploads\/2015\/04\/200612141.jpg?resize=350%2C200&ssl=1","width":350,"height":200},"classes":[]},{"id":32453,"url":"https:\/\/www.wallendorff.com\/belogue\/2016\/10\/12\/into-the-wide-79\/","url_meta":{"origin":42174,"position":3},"title":"Into the wide #79.","author":"dpc","date":"12 octobre 2016","format":false,"excerpt":"Keisersgracht, Amsterdam, 14 ao\u00fbt. Echo Home The Kills","rel":"","context":"Dans &quot;Into the wide&quot;","block_context":{"text":"Into the wide","link":"https:\/\/www.wallendorff.com\/belogue\/category\/into-the-wide\/"},"img":{"alt_text":"","src":"https:\/\/i0.wp.com\/www.wallendorff.com\/belogue\/wp-content\/uploads\/2016\/10\/20161012.jpg?resize=350%2C200&ssl=1","width":350,"height":200,"srcset":"https:\/\/i0.wp.com\/www.wallendorff.com\/belogue\/wp-content\/uploads\/2016\/10\/20161012.jpg?resize=350%2C200&ssl=1 1x, https:\/\/i0.wp.com\/www.wallendorff.com\/belogue\/wp-content\/uploads\/2016\/10\/20161012.jpg?resize=525%2C300&ssl=1 1.5x, https:\/\/i0.wp.com\/www.wallendorff.com\/belogue\/wp-content\/uploads\/2016\/10\/20161012.jpg?resize=700%2C400&ssl=1 2x"},"classes":[]},{"id":33160,"url":"https:\/\/www.wallendorff.com\/belogue\/2016\/12\/06\/into-the-wide-84\/","url_meta":{"origin":42174,"position":4},"title":"Into the wide #84.","author":"dpc","date":"6 d\u00e9cembre 2016","format":false,"excerpt":"Pont Charles, Prague, 6 septembre. That Love The Kills","rel":"","context":"Dans &quot;Into the wide&quot;","block_context":{"text":"Into the wide","link":"https:\/\/www.wallendorff.com\/belogue\/category\/into-the-wide\/"},"img":{"alt_text":"","src":"https:\/\/i0.wp.com\/www.wallendorff.com\/belogue\/wp-content\/uploads\/2016\/12\/20161206.jpg?resize=350%2C200&ssl=1","width":350,"height":200,"srcset":"https:\/\/i0.wp.com\/www.wallendorff.com\/belogue\/wp-content\/uploads\/2016\/12\/20161206.jpg?resize=350%2C200&ssl=1 1x, https:\/\/i0.wp.com\/www.wallendorff.com\/belogue\/wp-content\/uploads\/2016\/12\/20161206.jpg?resize=525%2C300&ssl=1 1.5x, https:\/\/i0.wp.com\/www.wallendorff.com\/belogue\/wp-content\/uploads\/2016\/12\/20161206.jpg?resize=700%2C400&ssl=1 2x"},"classes":[]},{"id":34351,"url":"https:\/\/www.wallendorff.com\/belogue\/2017\/06\/28\/into-the-wide-103\/","url_meta":{"origin":42174,"position":5},"title":"Into the wide #103.","author":"dpc","date":"28 juin 2017","format":false,"excerpt":"Fridtjof Nansens Plass, Oslo, 7 mai. Wait (non-electric) The Kills","rel":"","context":"Dans &quot;Into the wide&quot;","block_context":{"text":"Into the wide","link":"https:\/\/www.wallendorff.com\/belogue\/category\/into-the-wide\/"},"img":{"alt_text":"","src":"https:\/\/i0.wp.com\/www.wallendorff.com\/belogue\/wp-content\/uploads\/2017\/06\/20170628.jpg?resize=350%2C200&ssl=1","width":350,"height":200,"srcset":"https:\/\/i0.wp.com\/www.wallendorff.com\/belogue\/wp-content\/uploads\/2017\/06\/20170628.jpg?resize=350%2C200&ssl=1 1x, https:\/\/i0.wp.com\/www.wallendorff.com\/belogue\/wp-content\/uploads\/2017\/06\/20170628.jpg?resize=525%2C300&ssl=1 1.5x, https:\/\/i0.wp.com\/www.wallendorff.com\/belogue\/wp-content\/uploads\/2017\/06\/20170628.jpg?resize=700%2C400&ssl=1 2x, https:\/\/i0.wp.com\/www.wallendorff.com\/belogue\/wp-content\/uploads\/2017\/06\/20170628.jpg?resize=1050%2C600&ssl=1 3x"},"classes":[]}],"_links":{"self":[{"href":"https:\/\/www.wallendorff.com\/belogue\/wp-json\/wp\/v2\/posts\/42174","targetHints":{"allow":["GET"]}}],"collection":[{"href":"https:\/\/www.wallendorff.com\/belogue\/wp-json\/wp\/v2\/posts"}],"about":[{"href":"https:\/\/www.wallendorff.com\/belogue\/wp-json\/wp\/v2\/types\/post"}],"author":[{"embeddable":true,"href":"https:\/\/www.wallendorff.com\/belogue\/wp-json\/wp\/v2\/users\/1"}],"replies":[{"embeddable":true,"href":"https:\/\/www.wallendorff.com\/belogue\/wp-json\/wp\/v2\/comments?post=42174"}],"version-history":[{"count":1,"href":"https:\/\/www.wallendorff.com\/belogue\/wp-json\/wp\/v2\/posts\/42174\/revisions"}],"predecessor-version":[{"id":42176,"href":"https:\/\/www.wallendorff.com\/belogue\/wp-json\/wp\/v2\/posts\/42174\/revisions\/42176"}],"wp:featuredmedia":[{"embeddable":true,"href":"https:\/\/www.wallendorff.com\/belogue\/wp-json\/wp\/v2\/media\/42175"}],"wp:attachment":[{"href":"https:\/\/www.wallendorff.com\/belogue\/wp-json\/wp\/v2\/media?parent=42174"}],"wp:term":[{"taxonomy":"category","embeddable":true,"href":"https:\/\/www.wallendorff.com\/belogue\/wp-json\/wp\/v2\/categories?post=42174"},{"taxonomy":"post_tag","embeddable":true,"href":"https:\/\/www.wallendorff.com\/belogue\/wp-json\/wp\/v2\/tags?post=42174"}],"curies":[{"name":"wp","href":"https:\/\/api.w.org\/{rel}","templated":true}]}}