{"id":4217,"date":"2009-05-24T11:13:37","date_gmt":"2009-05-24T10:13:37","guid":{"rendered":"http:\/\/www.po-l.com\/belogue\/?p=4217"},"modified":"2012-03-31T13:49:41","modified_gmt":"2012-03-31T11:49:41","slug":"interlude-5","status":"publish","type":"post","link":"https:\/\/www.wallendorff.com\/belogue\/2009\/05\/24\/interlude-5\/","title":{"rendered":"Interlude."},"content":{"rendered":"<div id=\"photo\">\n<p><img decoding=\"async\" src=\"https:\/\/www.wallendorff.com\/belogue\/photo\/2009\/05\/20090524.jpg\" \/><br \/>\nParis, 22 mai.<\/p>\n<\/div>\n<div id=\"bandeson\">\n<p><img decoding=\"async\" src=\"https:\/\/www.wallendorff.com\/belogue\/photo\/pochettes\/m\/mitchell_lisa-welcome_to_the_afternoon.jpg\" align=\"left\" \/>&nbsp;<a href=\"http:\/\/www.lisamitchellmusic.com\/\">Lisa Mitchell<\/a> &ndash; <em>Neopolitan Dreams<\/em><\/p>\n<\/div>\n","protected":false},"excerpt":{"rendered":"<p>Paris, 22 mai. &nbsp;Lisa Mitchell &ndash; Neopolitan Dreams<\/p>\n","protected":false},"author":1,"featured_media":25439,"comment_status":"open","ping_status":"open","sticky":false,"template":"","format":"standard","meta":{"_acf_changed":false,"ngg_post_thumbnail":0,"jetpack_post_was_ever_published":false,"_jetpack_newsletter_access":"","_jetpack_dont_email_post_to_subs":false,"_jetpack_newsletter_tier_id":0,"_jetpack_memberships_contains_paywalled_content":false,"_jetpack_memberships_contains_paid_content":false,"footnotes":"","jetpack_publicize_message":"","jetpack_publicize_feature_enabled":true,"jetpack_social_post_already_shared":false,"jetpack_social_options":{"image_generator_settings":{"template":"highway","default_image_id":0,"font":"","enabled":false},"version":2}},"categories":[8],"tags":[10122,2571,2615,10340,10217,10120,10121,4035,2815,2816,10098,10272],"class_list":["post-4217","post","type-post","status-publish","format-standard","has-post-thumbnail","hentry","category-portraits","tag-10122","tag-ef-16-35-mm-f28l-ii-usm","tag-eos-5d-mark-ii","tag-fille","tag-foret","tag-france","tag-ile-de-france","tag-interlude","tag-lisa-mitchell","tag-neopolitan-dreams","tag-paris","tag-portrait"],"acf":[],"geo":{"latitude":48.8329849,"longitude":2.3385992,"description":null},"jetpack_publicize_connections":[],"jetpack_featured_media_url":"https:\/\/www.wallendorff.com\/belogue\/wp-content\/uploads\/2015\/04\/200905241.jpg","jetpack_shortlink":"https:\/\/wp.me\/p3b35P-161","jetpack_sharing_enabled":true,"jetpack-related-posts":[{"id":7938,"url":"https:\/\/www.wallendorff.com\/belogue\/2010\/08\/02\/interlude-6\/","url_meta":{"origin":4217,"position":0},"title":"Interlude.","author":"dpc","date":"2 ao\u00fbt 2010","format":false,"excerpt":"Popote du XVIII, Paris, 16 juillet. Je sais, je sais. Mais j'avais bu, hein. \u00a0The Like \u2013 He's Not a Boy","rel":"","context":"Dans &quot;DPC&quot;","block_context":{"text":"DPC","link":"https:\/\/www.wallendorff.com\/belogue\/category\/dpc\/"},"img":{"alt_text":"","src":"https:\/\/i0.wp.com\/www.wallendorff.com\/belogue\/wp-content\/uploads\/2015\/04\/201008021.jpg?resize=350%2C200&ssl=1","width":350,"height":200},"classes":[]},{"id":9599,"url":"https:\/\/www.wallendorff.com\/belogue\/2010\/10\/04\/interlude-7\/","url_meta":{"origin":4217,"position":1},"title":"Interlude.","author":"dpc","date":"4 octobre 2010","format":false,"excerpt":"Rue Berton, Paris, 30 juillet. \u00a0Woodpigeon \u2013 My Denial in Argyle","rel":"","context":"Dans &quot;DPC&quot;","block_context":{"text":"DPC","link":"https:\/\/www.wallendorff.com\/belogue\/category\/dpc\/"},"img":{"alt_text":"","src":"https:\/\/i0.wp.com\/www.wallendorff.com\/belogue\/wp-content\/uploads\/2015\/04\/201010041.jpg?resize=350%2C200&ssl=1","width":350,"height":200},"classes":[]},{"id":16780,"url":"https:\/\/www.wallendorff.com\/belogue\/2012\/04\/09\/interlude-11\/","url_meta":{"origin":4217,"position":2},"title":"Interlude.","author":"dpc","date":"9 avril 2012","format":false,"excerpt":"Plan\u00e8te Mars, Paris, 8 avril. Sleigh Bells \u2013 Demons [youtube]http:\/\/www.youtube.com\/watch?v=L9J8SRUr8DA[\/youtube]","rel":"","context":"Dans &quot;DPC&quot;","block_context":{"text":"DPC","link":"https:\/\/www.wallendorff.com\/belogue\/category\/dpc\/"},"img":{"alt_text":"","src":"https:\/\/i0.wp.com\/www.wallendorff.com\/belogue\/wp-content\/uploads\/2015\/04\/201204091.jpg?resize=350%2C200&ssl=1","width":350,"height":200,"srcset":"https:\/\/i0.wp.com\/www.wallendorff.com\/belogue\/wp-content\/uploads\/2015\/04\/201204091.jpg?resize=350%2C200&ssl=1 1x, https:\/\/i0.wp.com\/www.wallendorff.com\/belogue\/wp-content\/uploads\/2015\/04\/201204091.jpg?resize=525%2C300&ssl=1 1.5x, https:\/\/i0.wp.com\/www.wallendorff.com\/belogue\/wp-content\/uploads\/2015\/04\/201204091.jpg?resize=700%2C400&ssl=1 2x"},"classes":[]},{"id":4008,"url":"https:\/\/www.wallendorff.com\/belogue\/2009\/03\/10\/interlude-4\/","url_meta":{"origin":4217,"position":3},"title":"Interlude.","author":"dpc","date":"10 mars 2009","format":false,"excerpt":"Juste pour dire que ce truc pr\u00e9sent\u00e9 ici et l\u00e0 aussi existe toujours. C'est fou. Max\u00efmo Park \u2013 Wraithlike","rel":"","context":"Dans &quot;DPC&quot;","block_context":{"text":"DPC","link":"https:\/\/www.wallendorff.com\/belogue\/category\/dpc\/"},"img":{"alt_text":"","src":"https:\/\/i0.wp.com\/www.wallendorff.com\/belogue\/wp-content\/uploads\/2015\/04\/200903101.jpg?resize=350%2C200&ssl=1","width":350,"height":200},"classes":[]},{"id":12353,"url":"https:\/\/www.wallendorff.com\/belogue\/2011\/02\/25\/interlude-8\/","url_meta":{"origin":4217,"position":4},"title":"Interlude.","author":"dpc","date":"25 f\u00e9vrier 2011","format":false,"excerpt":"Parc Monceau, Paris, 31 janvier. Un gabill\u00e9, c'est un peu comme un gatounu, \u00e0 part qu'il est habill\u00e9. \u00a0City and Colour \u2013 The Girl","rel":"","context":"Dans &quot;DPC&quot;","block_context":{"text":"DPC","link":"https:\/\/www.wallendorff.com\/belogue\/category\/dpc\/"},"img":{"alt_text":"","src":"https:\/\/i0.wp.com\/www.wallendorff.com\/belogue\/wp-content\/uploads\/2015\/04\/201102251.jpg?resize=350%2C200&ssl=1","width":350,"height":200},"classes":[]},{"id":13105,"url":"https:\/\/www.wallendorff.com\/belogue\/2011\/08\/15\/interlude-10\/","url_meta":{"origin":4217,"position":5},"title":"Interlude.","author":"dpc","date":"15 ao\u00fbt 2011","format":false,"excerpt":"Parc des Buttes-Chaumont, Paris, 14 juillet. \u00a0Wonderful \u2013 Rainbow Colors","rel":"","context":"Dans &quot;DPC&quot;","block_context":{"text":"DPC","link":"https:\/\/www.wallendorff.com\/belogue\/category\/dpc\/"},"img":{"alt_text":"","src":"https:\/\/i0.wp.com\/www.wallendorff.com\/belogue\/wp-content\/uploads\/2015\/04\/201108151.jpg?resize=350%2C200&ssl=1","width":350,"height":200,"srcset":"https:\/\/i0.wp.com\/www.wallendorff.com\/belogue\/wp-content\/uploads\/2015\/04\/201108151.jpg?resize=350%2C200&ssl=1 1x, https:\/\/i0.wp.com\/www.wallendorff.com\/belogue\/wp-content\/uploads\/2015\/04\/201108151.jpg?resize=525%2C300&ssl=1 1.5x, https:\/\/i0.wp.com\/www.wallendorff.com\/belogue\/wp-content\/uploads\/2015\/04\/201108151.jpg?resize=700%2C400&ssl=1 2x"},"classes":[]}],"_links":{"self":[{"href":"https:\/\/www.wallendorff.com\/belogue\/wp-json\/wp\/v2\/posts\/4217","targetHints":{"allow":["GET"]}}],"collection":[{"href":"https:\/\/www.wallendorff.com\/belogue\/wp-json\/wp\/v2\/posts"}],"about":[{"href":"https:\/\/www.wallendorff.com\/belogue\/wp-json\/wp\/v2\/types\/post"}],"author":[{"embeddable":true,"href":"https:\/\/www.wallendorff.com\/belogue\/wp-json\/wp\/v2\/users\/1"}],"replies":[{"embeddable":true,"href":"https:\/\/www.wallendorff.com\/belogue\/wp-json\/wp\/v2\/comments?post=4217"}],"version-history":[{"count":1,"href":"https:\/\/www.wallendorff.com\/belogue\/wp-json\/wp\/v2\/posts\/4217\/revisions"}],"predecessor-version":[{"id":16628,"href":"https:\/\/www.wallendorff.com\/belogue\/wp-json\/wp\/v2\/posts\/4217\/revisions\/16628"}],"wp:featuredmedia":[{"embeddable":true,"href":"https:\/\/www.wallendorff.com\/belogue\/wp-json\/wp\/v2\/media\/25439"}],"wp:attachment":[{"href":"https:\/\/www.wallendorff.com\/belogue\/wp-json\/wp\/v2\/media?parent=4217"}],"wp:term":[{"taxonomy":"category","embeddable":true,"href":"https:\/\/www.wallendorff.com\/belogue\/wp-json\/wp\/v2\/categories?post=4217"},{"taxonomy":"post_tag","embeddable":true,"href":"https:\/\/www.wallendorff.com\/belogue\/wp-json\/wp\/v2\/tags?post=4217"}],"curies":[{"name":"wp","href":"https:\/\/api.w.org\/{rel}","templated":true}]}}