{"id":42145,"date":"2019-06-17T12:17:43","date_gmt":"2019-06-17T10:17:43","guid":{"rendered":"http:\/\/www.wallendorff.com\/belogue\/?p=42145"},"modified":"2019-06-17T12:17:43","modified_gmt":"2019-06-17T10:17:43","slug":"qui-a-rorbu-rorboira","status":"publish","type":"post","link":"https:\/\/www.wallendorff.com\/belogue\/2019\/06\/17\/qui-a-rorbu-rorboira\/","title":{"rendered":"Qui a rorbu (rorboira)."},"content":{"rendered":"<div id=\"photo\">\n<p><img decoding=\"async\" src=\"https:\/\/www.wallendorff.com\/belogue\/wp-content\/uploads\/2019\/06\/20190617.jpg\"><br \/>\nNusfjord, 6 mars 2019.<\/p>\n<\/div>\n<div id=\"bandeson\">\n<p><img decoding=\"async\" src=\"https:\/\/www.wallendorff.com\/belogue\/photo\/pochettes\/n\/national_the-i_am_easy_to_find.jpg\" align=\"left\" \/><a href=\"http:\/\/www.youtube.com\/watch?v=JXhWOOlmYuU\" a style=\"font-weight:normal\" id=\"lienmp3\"><em>Quiet Light<\/em><\/a><br \/>\n<a href=\"http:\/\/americanmary.com\/\">The National<\/a><\/p>\n<\/div>\n","protected":false},"excerpt":{"rendered":"<p>Nusfjord, 6 mars 2019. Quiet Light The National<\/p>\n","protected":false},"author":1,"featured_media":42146,"comment_status":"open","ping_status":"open","sticky":false,"template":"","format":"standard","meta":{"_acf_changed":false,"ngg_post_thumbnail":0,"jetpack_post_was_ever_published":false,"_jetpack_newsletter_access":"","_jetpack_dont_email_post_to_subs":false,"_jetpack_newsletter_tier_id":0,"_jetpack_memberships_contains_paywalled_content":false,"_jetpack_memberships_contains_paid_content":false,"footnotes":"","jetpack_publicize_message":"","jetpack_publicize_feature_enabled":true,"jetpack_social_post_already_shared":true,"jetpack_social_options":{"image_generator_settings":{"template":"highway","default_image_id":0,"font":"","enabled":false},"version":2}},"categories":[3],"tags":[2571,8351,15496,15497,15495,2357,15558,10592,15700,15574,10252],"class_list":["post-42145","post","type-post","status-publish","format-standard","has-post-thumbnail","hentry","category-dpc","tag-ef-16-35-mm-f28l-ii-usm","tag-eos-6d","tag-comte-de-nordland","tag-flakstad","tag-lofoten","tag-norvege","tag-nusfjord","tag-pose-longue","tag-quiet-light","tag-rorbu","tag-the-national"],"acf":[],"geo":{"latitude":68.0372772,"longitude":13.3495045,"description":null},"jetpack_publicize_connections":[],"jetpack_featured_media_url":"https:\/\/www.wallendorff.com\/belogue\/wp-content\/uploads\/2019\/06\/20190617.jpg","jetpack_shortlink":"https:\/\/wp.me\/p3b35P-aXL","jetpack_sharing_enabled":true,"jetpack-related-posts":[{"id":42148,"url":"https:\/\/www.wallendorff.com\/belogue\/2019\/06\/18\/rorbuer\/","url_meta":{"origin":42145,"position":0},"title":"Rorbuer.","author":"dpc","date":"18 juin 2019","format":false,"excerpt":"Nusfjord, 6 mars 2019. \u00a0Elusive Scott Matthews","rel":"","context":"Dans &quot;DPC&quot;","block_context":{"text":"DPC","link":"https:\/\/www.wallendorff.com\/belogue\/category\/dpc\/"},"img":{"alt_text":"Nusfjord, 6 mars 2019.","src":"https:\/\/i0.wp.com\/www.wallendorff.com\/belogue\/wp-content\/uploads\/2019\/06\/20190618.jpg?resize=350%2C200&ssl=1","width":350,"height":200,"srcset":"https:\/\/i0.wp.com\/www.wallendorff.com\/belogue\/wp-content\/uploads\/2019\/06\/20190618.jpg?resize=350%2C200&ssl=1 1x, https:\/\/i0.wp.com\/www.wallendorff.com\/belogue\/wp-content\/uploads\/2019\/06\/20190618.jpg?resize=525%2C300&ssl=1 1.5x, https:\/\/i0.wp.com\/www.wallendorff.com\/belogue\/wp-content\/uploads\/2019\/06\/20190618.jpg?resize=700%2C400&ssl=1 2x, https:\/\/i0.wp.com\/www.wallendorff.com\/belogue\/wp-content\/uploads\/2019\/06\/20190618.jpg?resize=1050%2C600&ssl=1 3x"},"classes":[]},{"id":42703,"url":"https:\/\/www.wallendorff.com\/belogue\/2019\/07\/22\/into-the-wide-179\/","url_meta":{"origin":42145,"position":1},"title":"Into the wide #179.","author":"dpc","date":"22 juillet 2019","format":false,"excerpt":"Nusfjord, 8 mars 2019. NightshadeThe Lumineers","rel":"","context":"Dans &quot;Into the wide&quot;","block_context":{"text":"Into the wide","link":"https:\/\/www.wallendorff.com\/belogue\/category\/into-the-wide\/"},"img":{"alt_text":"Nusfjord, 8 mars 2019.","src":"https:\/\/i0.wp.com\/www.wallendorff.com\/belogue\/wp-content\/uploads\/2019\/07\/20190722.jpg?resize=350%2C200&ssl=1","width":350,"height":200,"srcset":"https:\/\/i0.wp.com\/www.wallendorff.com\/belogue\/wp-content\/uploads\/2019\/07\/20190722.jpg?resize=350%2C200&ssl=1 1x, https:\/\/i0.wp.com\/www.wallendorff.com\/belogue\/wp-content\/uploads\/2019\/07\/20190722.jpg?resize=525%2C300&ssl=1 1.5x, https:\/\/i0.wp.com\/www.wallendorff.com\/belogue\/wp-content\/uploads\/2019\/07\/20190722.jpg?resize=700%2C400&ssl=1 2x, https:\/\/i0.wp.com\/www.wallendorff.com\/belogue\/wp-content\/uploads\/2019\/07\/20190722.jpg?resize=1050%2C600&ssl=1 3x"},"classes":[]},{"id":41440,"url":"https:\/\/www.wallendorff.com\/belogue\/2019\/03\/31\/mars-2019\/","url_meta":{"origin":42145,"position":2},"title":"Mars 2019.","author":"dpc","date":"31 mars 2019","format":false,"excerpt":"Un avion, un gros tancarville, un sauna, un coucher de soleil, un avion, un lever de soleil, un dessin, un avion, une voiture, un arbre, un chalet, une \u00e9glise, un d\u00e9jeuner, un village, une bo\u00eete \u00e0 lettres, un lac, un port, un rorbu, un v\u00e9lo, une mouette, un coucher de\u2026","rel":"","context":"Dans &quot;Blog-note&quot;","block_context":{"text":"Blog-note","link":"https:\/\/www.wallendorff.com\/belogue\/category\/blog-note\/"},"img":{"alt_text":"","src":"https:\/\/i0.wp.com\/www.wallendorff.com\/belogue\/wp-content\/uploads\/2019\/04\/20190409-54.jpg?resize=350%2C200&ssl=1","width":350,"height":200,"srcset":"https:\/\/i0.wp.com\/www.wallendorff.com\/belogue\/wp-content\/uploads\/2019\/04\/20190409-54.jpg?resize=350%2C200&ssl=1 1x, https:\/\/i0.wp.com\/www.wallendorff.com\/belogue\/wp-content\/uploads\/2019\/04\/20190409-54.jpg?resize=525%2C300&ssl=1 1.5x, https:\/\/i0.wp.com\/www.wallendorff.com\/belogue\/wp-content\/uploads\/2019\/04\/20190409-54.jpg?resize=700%2C400&ssl=1 2x, https:\/\/i0.wp.com\/www.wallendorff.com\/belogue\/wp-content\/uploads\/2019\/04\/20190409-54.jpg?resize=1050%2C600&ssl=1 3x"},"classes":[]},{"id":42707,"url":"https:\/\/www.wallendorff.com\/belogue\/2019\/07\/23\/stuck-in-the-sund\/","url_meta":{"origin":42145,"position":3},"title":"Stuck in the Sund.","author":"dpc","date":"23 juillet 2019","format":false,"excerpt":"Sund, 8 mars 2019. Come Again Kurt Vile","rel":"","context":"Dans &quot;DPC&quot;","block_context":{"text":"DPC","link":"https:\/\/www.wallendorff.com\/belogue\/category\/dpc\/"},"img":{"alt_text":"Sund, 8 mars 2019.","src":"https:\/\/i0.wp.com\/www.wallendorff.com\/belogue\/wp-content\/uploads\/2019\/07\/20190723.jpg?resize=350%2C200&ssl=1","width":350,"height":200,"srcset":"https:\/\/i0.wp.com\/www.wallendorff.com\/belogue\/wp-content\/uploads\/2019\/07\/20190723.jpg?resize=350%2C200&ssl=1 1x, https:\/\/i0.wp.com\/www.wallendorff.com\/belogue\/wp-content\/uploads\/2019\/07\/20190723.jpg?resize=525%2C300&ssl=1 1.5x, https:\/\/i0.wp.com\/www.wallendorff.com\/belogue\/wp-content\/uploads\/2019\/07\/20190723.jpg?resize=700%2C400&ssl=1 2x, https:\/\/i0.wp.com\/www.wallendorff.com\/belogue\/wp-content\/uploads\/2019\/07\/20190723.jpg?resize=1050%2C600&ssl=1 3x"},"classes":[]},{"id":42010,"url":"https:\/\/www.wallendorff.com\/belogue\/2019\/06\/07\/cinq-glacons-dans-le-vent\/","url_meta":{"origin":42145,"position":4},"title":"Cinq gla\u00e7ons dans le vent.","author":"dpc","date":"7 juin 2019","format":false,"excerpt":"Skjelholmen, 5 mars 2019. Et l\u00e0 je vois les deux lecteurs qui me restent s'offusquer et me dire \u00ab\u00a0mais enfin gros, faudrait voir \u00e0 point nous prendre pour des joncquilles, les gar\u00e7ons dans le vent \u00e9taient quatre et pas cinq\u00a0!\u00a0\u00bb, et je leur r\u00e9ponds \u00ab\u00a0Bien vu, Gilles et Marthe1, qu'ils\u2026","rel":"","context":"Dans &quot;DPC&quot;","block_context":{"text":"DPC","link":"https:\/\/www.wallendorff.com\/belogue\/category\/dpc\/"},"img":{"alt_text":"Skjelholmen, 5 mars 2019.","src":"https:\/\/i0.wp.com\/www.wallendorff.com\/belogue\/wp-content\/uploads\/2019\/06\/20190607.jpg?resize=350%2C200&ssl=1","width":350,"height":200,"srcset":"https:\/\/i0.wp.com\/www.wallendorff.com\/belogue\/wp-content\/uploads\/2019\/06\/20190607.jpg?resize=350%2C200&ssl=1 1x, https:\/\/i0.wp.com\/www.wallendorff.com\/belogue\/wp-content\/uploads\/2019\/06\/20190607.jpg?resize=525%2C300&ssl=1 1.5x, https:\/\/i0.wp.com\/www.wallendorff.com\/belogue\/wp-content\/uploads\/2019\/06\/20190607.jpg?resize=700%2C400&ssl=1 2x"},"classes":[]},{"id":41873,"url":"https:\/\/www.wallendorff.com\/belogue\/2019\/05\/17\/into-the-wide-173\/","url_meta":{"origin":42145,"position":5},"title":"Into the wide #173.","author":"dpc","date":"17 mai 2019","format":false,"excerpt":"Reine, 3 mars 2019. Perfect Laura Stevenson","rel":"","context":"Dans &quot;Into the wide&quot;","block_context":{"text":"Into the wide","link":"https:\/\/www.wallendorff.com\/belogue\/category\/into-the-wide\/"},"img":{"alt_text":"Reine, 3 mars 2019.","src":"https:\/\/i0.wp.com\/www.wallendorff.com\/belogue\/wp-content\/uploads\/2019\/05\/20190517.jpg?resize=350%2C200&ssl=1","width":350,"height":200,"srcset":"https:\/\/i0.wp.com\/www.wallendorff.com\/belogue\/wp-content\/uploads\/2019\/05\/20190517.jpg?resize=350%2C200&ssl=1 1x, https:\/\/i0.wp.com\/www.wallendorff.com\/belogue\/wp-content\/uploads\/2019\/05\/20190517.jpg?resize=525%2C300&ssl=1 1.5x, https:\/\/i0.wp.com\/www.wallendorff.com\/belogue\/wp-content\/uploads\/2019\/05\/20190517.jpg?resize=700%2C400&ssl=1 2x, https:\/\/i0.wp.com\/www.wallendorff.com\/belogue\/wp-content\/uploads\/2019\/05\/20190517.jpg?resize=1050%2C600&ssl=1 3x"},"classes":[]}],"_links":{"self":[{"href":"https:\/\/www.wallendorff.com\/belogue\/wp-json\/wp\/v2\/posts\/42145","targetHints":{"allow":["GET"]}}],"collection":[{"href":"https:\/\/www.wallendorff.com\/belogue\/wp-json\/wp\/v2\/posts"}],"about":[{"href":"https:\/\/www.wallendorff.com\/belogue\/wp-json\/wp\/v2\/types\/post"}],"author":[{"embeddable":true,"href":"https:\/\/www.wallendorff.com\/belogue\/wp-json\/wp\/v2\/users\/1"}],"replies":[{"embeddable":true,"href":"https:\/\/www.wallendorff.com\/belogue\/wp-json\/wp\/v2\/comments?post=42145"}],"version-history":[{"count":1,"href":"https:\/\/www.wallendorff.com\/belogue\/wp-json\/wp\/v2\/posts\/42145\/revisions"}],"predecessor-version":[{"id":42147,"href":"https:\/\/www.wallendorff.com\/belogue\/wp-json\/wp\/v2\/posts\/42145\/revisions\/42147"}],"wp:featuredmedia":[{"embeddable":true,"href":"https:\/\/www.wallendorff.com\/belogue\/wp-json\/wp\/v2\/media\/42146"}],"wp:attachment":[{"href":"https:\/\/www.wallendorff.com\/belogue\/wp-json\/wp\/v2\/media?parent=42145"}],"wp:term":[{"taxonomy":"category","embeddable":true,"href":"https:\/\/www.wallendorff.com\/belogue\/wp-json\/wp\/v2\/categories?post=42145"},{"taxonomy":"post_tag","embeddable":true,"href":"https:\/\/www.wallendorff.com\/belogue\/wp-json\/wp\/v2\/tags?post=42145"}],"curies":[{"name":"wp","href":"https:\/\/api.w.org\/{rel}","templated":true}]}}