{"id":4213,"date":"2009-05-20T16:41:33","date_gmt":"2009-05-20T15:41:33","guid":{"rendered":"http:\/\/www.po-l.com\/belogue\/?p=4213"},"modified":"2012-03-28T09:32:53","modified_gmt":"2012-03-28T07:32:53","slug":"petit","status":"publish","type":"post","link":"https:\/\/www.wallendorff.com\/belogue\/2009\/05\/20\/petit\/","title":{"rendered":"Petit."},"content":{"rendered":"<div id=\"photo\">\n<p><img decoding=\"async\" src=\"https:\/\/www.wallendorff.com\/belogue\/photo\/2009\/05\/20090520.jpg\" \/><br \/>\nMinneapolis, 25 avril.<\/p>\n<\/div>\n<div id=\"bandeson\">\n<p><img decoding=\"async\" src=\"https:\/\/www.wallendorff.com\/belogue\/photo\/pochettes\/l\/love_me_nots_the-detroit.jpg\" align=\"left\" \/>&nbsp;<a href=\"http:\/\/www.myspace.com\/luvmenots\">The Love Me Nots<\/a> &ndash; <em>Black &amp; Blue<\/em><\/p>\n<\/div>\n<p style=\"text-align:right\">Petit,<\/p>\n<p style=\"text-align:right\">Petit,<\/p>\n<p style=\"text-align:right\">Petit.<\/p>\n","protected":false},"excerpt":{"rendered":"<p>Minneapolis, 25 avril. &nbsp;The Love Me Nots &ndash; Black &amp; Blue Petit, Petit, Petit.<\/p>\n","protected":false},"author":1,"featured_media":25437,"comment_status":"open","ping_status":"open","sticky":false,"template":"","format":"standard","meta":{"_acf_changed":false,"ngg_post_thumbnail":0,"jetpack_post_was_ever_published":false,"_jetpack_newsletter_access":"","_jetpack_dont_email_post_to_subs":false,"_jetpack_newsletter_tier_id":0,"_jetpack_memberships_contains_paywalled_content":false,"_jetpack_memberships_contains_paid_content":false,"footnotes":"","jetpack_publicize_message":"","jetpack_publicize_feature_enabled":true,"jetpack_social_post_already_shared":false,"jetpack_social_options":{"image_generator_settings":{"template":"highway","default_image_id":0,"font":"","enabled":false},"version":2}},"categories":[3],"tags":[2813,2615,55,2808,2809,143,170,2812],"class_list":["post-4213","post","type-post","status-publish","format-standard","has-post-thumbnail","hentry","category-dpc","tag-black-blue","tag-eos-5d-mark-ii","tag-etats-unis","tag-minneapolis","tag-minnesota","tag-noir-et-blanc","tag-sigma-70-300-mm-f4-56-dg-apo-macro","tag-the-love-me-nots"],"acf":[],"geo":{"latitude":44.9761124,"longitude":-93.2730026,"description":null},"jetpack_publicize_connections":[],"jetpack_featured_media_url":"https:\/\/www.wallendorff.com\/belogue\/wp-content\/uploads\/2015\/04\/200905201.jpg","jetpack_shortlink":"https:\/\/wp.me\/s3b35P-petit","jetpack_sharing_enabled":true,"jetpack-related-posts":[{"id":40336,"url":"https:\/\/www.wallendorff.com\/belogue\/2018\/10\/25\/motorama-le-petit-bain-paris-24-octobre-2018\/","url_meta":{"origin":4213,"position":0},"title":"Motorama @ le Petit-Bain, Paris, 24 octobre 2018.","author":"dpc","date":"25 octobre 2018","format":false,"excerpt":"","rel":"","context":"Dans &quot;Alive&quot;","block_context":{"text":"Alive","link":"https:\/\/www.wallendorff.com\/belogue\/category\/alive\/"},"img":{"alt_text":"","src":"https:\/\/i0.wp.com\/www.wallendorff.com\/belogue\/wp-content\/uploads\/2018\/10\/20181025-15.jpg?resize=350%2C200&ssl=1","width":350,"height":200,"srcset":"https:\/\/i0.wp.com\/www.wallendorff.com\/belogue\/wp-content\/uploads\/2018\/10\/20181025-15.jpg?resize=350%2C200&ssl=1 1x, https:\/\/i0.wp.com\/www.wallendorff.com\/belogue\/wp-content\/uploads\/2018\/10\/20181025-15.jpg?resize=525%2C300&ssl=1 1.5x, https:\/\/i0.wp.com\/www.wallendorff.com\/belogue\/wp-content\/uploads\/2018\/10\/20181025-15.jpg?resize=700%2C400&ssl=1 2x, https:\/\/i0.wp.com\/www.wallendorff.com\/belogue\/wp-content\/uploads\/2018\/10\/20181025-15.jpg?resize=1050%2C600&ssl=1 3x"},"classes":[]},{"id":41056,"url":"https:\/\/www.wallendorff.com\/belogue\/2019\/01\/31\/and-you-will-know-us-by-the-trail-of-dead-le-petit-bain-paris-30-janvier-2019\/","url_meta":{"origin":4213,"position":1},"title":"&#8230;And You Will Know Us by the Trail of Dead @ le Petit-Bain, Paris, 30 janvier 2019.","author":"dpc","date":"31 janvier 2019","format":false,"excerpt":"","rel":"","context":"Dans &quot;Alive&quot;","block_context":{"text":"Alive","link":"https:\/\/www.wallendorff.com\/belogue\/category\/alive\/"},"img":{"alt_text":"","src":"https:\/\/i0.wp.com\/www.wallendorff.com\/belogue\/wp-content\/uploads\/2019\/01\/20190131-16.jpg?resize=350%2C200&ssl=1","width":350,"height":200,"srcset":"https:\/\/i0.wp.com\/www.wallendorff.com\/belogue\/wp-content\/uploads\/2019\/01\/20190131-16.jpg?resize=350%2C200&ssl=1 1x, https:\/\/i0.wp.com\/www.wallendorff.com\/belogue\/wp-content\/uploads\/2019\/01\/20190131-16.jpg?resize=525%2C300&ssl=1 1.5x, https:\/\/i0.wp.com\/www.wallendorff.com\/belogue\/wp-content\/uploads\/2019\/01\/20190131-16.jpg?resize=700%2C400&ssl=1 2x, https:\/\/i0.wp.com\/www.wallendorff.com\/belogue\/wp-content\/uploads\/2019\/01\/20190131-16.jpg?resize=1050%2C600&ssl=1 3x"},"classes":[]},{"id":1223,"url":"https:\/\/www.wallendorff.com\/belogue\/2008\/05\/08\/des-hauts-d-horizons\/","url_meta":{"origin":4213,"position":2},"title":"Des hauts d&rsquo;horizons.","author":"dpc","date":"8 mai 2008","format":false,"excerpt":"Rue Clauzel, Paris, 7 mai. Petit. Petit petit petit. \u00a0Simone White \u2013 We Used to Stand so Tall","rel":"","context":"Dans &quot;DPC&quot;","block_context":{"text":"DPC","link":"https:\/\/www.wallendorff.com\/belogue\/category\/dpc\/"},"img":{"alt_text":"","src":"https:\/\/i0.wp.com\/www.wallendorff.com\/belogue\/wp-content\/uploads\/2015\/04\/200805081.jpg?resize=350%2C200&ssl=1","width":350,"height":200,"srcset":"https:\/\/i0.wp.com\/www.wallendorff.com\/belogue\/wp-content\/uploads\/2015\/04\/200805081.jpg?resize=350%2C200&ssl=1 1x, https:\/\/i0.wp.com\/www.wallendorff.com\/belogue\/wp-content\/uploads\/2015\/04\/200805081.jpg?resize=525%2C300&ssl=1 1.5x, https:\/\/i0.wp.com\/www.wallendorff.com\/belogue\/wp-content\/uploads\/2015\/04\/200805081.jpg?resize=700%2C400&ssl=1 2x"},"classes":[]},{"id":7472,"url":"https:\/\/www.wallendorff.com\/belogue\/2010\/04\/30\/editors-i-like-trains-lolympia-paris\/","url_meta":{"origin":4213,"position":3},"title":"Editors + I Like Trains @ l&rsquo;Olympia, Paris.","author":"dpc","date":"30 avril 2010","format":false,"excerpt":"N'emp\u00eache que la blague de l'ann\u00e9e. [Le premier qui me dit que la s\u00e9rie d'Editors est la meilleure de ma vie devra manger mon objectif.] [Oui, le gros.] \u00a0The Love Me Nots \u2013 The Kinda Love I Got I Like Trains Editors","rel":"","context":"Dans &quot;Alive&quot;","block_context":{"text":"Alive","link":"https:\/\/www.wallendorff.com\/belogue\/category\/alive\/"},"img":{"alt_text":"","src":"https:\/\/i0.wp.com\/www.wallendorff.com\/belogue\/wp-content\/uploads\/2015\/04\/201004301.jpg?resize=350%2C200&ssl=1","width":350,"height":200,"srcset":"https:\/\/i0.wp.com\/www.wallendorff.com\/belogue\/wp-content\/uploads\/2015\/04\/201004301.jpg?resize=350%2C200&ssl=1 1x, https:\/\/i0.wp.com\/www.wallendorff.com\/belogue\/wp-content\/uploads\/2015\/04\/201004301.jpg?resize=525%2C300&ssl=1 1.5x, https:\/\/i0.wp.com\/www.wallendorff.com\/belogue\/wp-content\/uploads\/2015\/04\/201004301.jpg?resize=700%2C400&ssl=1 2x"},"classes":[]},{"id":272,"url":"https:\/\/www.wallendorff.com\/belogue\/2005\/11\/13\/petit-n-eut-age\/","url_meta":{"origin":4213,"position":4},"title":"Petit n&rsquo;eut &acirc;ge.","author":"dpc","date":"13 novembre 2005","format":false,"excerpt":"Quais de Seine, Ivry, 1er novembre. \u00c0 ceux qui n'aiment pas la fum\u00e9e, j'offre une bouff\u00e9e d'Air. [Ah, ah, ah. Vais aller me coucher, moi.] \"All I need is a peace of this mind, Then I can celebrate.\" \u00a0Air \u2013 All I Need","rel":"","context":"Dans &quot;DPC&quot;","block_context":{"text":"DPC","link":"https:\/\/www.wallendorff.com\/belogue\/category\/dpc\/"},"img":{"alt_text":"","src":"https:\/\/i0.wp.com\/www.wallendorff.com\/belogue\/wp-content\/uploads\/2015\/04\/200511131.jpg?resize=350%2C200&ssl=1","width":350,"height":200},"classes":[]},{"id":124601,"url":"https:\/\/www.wallendorff.com\/belogue\/2023\/05\/30\/le-petit-chat-peut-ronds-rouges\/","url_meta":{"origin":4213,"position":5},"title":"Le petit chat peut ronds rouges.","author":"dpc","date":"30 mai 2023","format":false,"excerpt":"\u00c9peign\u00e9-sur-D\u00eame, 17 mars 2023. Deuxi\u00e8me \u00e9pisode de notre s\u00e9rie \u00ab\u00a0tentative de photo de maison sous une nuit \u00e9toil\u00e9e g\u00e2ch\u00e9e par le voisin et sa manie d'allumer sa terrasse en pleine prise de vue\u00a0\u00bb, cette fois-ci \u00e9galement entrav\u00e9e par un ciel nuageux. Puisque tout le monde \u00e9tait contre moi, j'ai agr\u00e9ment\u00e9\u2026","rel":"","context":"Dans &quot;DPC&quot;","block_context":{"text":"DPC","link":"https:\/\/www.wallendorff.com\/belogue\/category\/dpc-en\/"},"img":{"alt_text":"","src":"https:\/\/i0.wp.com\/www.wallendorff.com\/belogue\/wp-content\/uploads\/2023\/05\/20230530.jpg?resize=350%2C200&ssl=1","width":350,"height":200,"srcset":"https:\/\/i0.wp.com\/www.wallendorff.com\/belogue\/wp-content\/uploads\/2023\/05\/20230530.jpg?resize=350%2C200&ssl=1 1x, https:\/\/i0.wp.com\/www.wallendorff.com\/belogue\/wp-content\/uploads\/2023\/05\/20230530.jpg?resize=525%2C300&ssl=1 1.5x, https:\/\/i0.wp.com\/www.wallendorff.com\/belogue\/wp-content\/uploads\/2023\/05\/20230530.jpg?resize=700%2C400&ssl=1 2x, https:\/\/i0.wp.com\/www.wallendorff.com\/belogue\/wp-content\/uploads\/2023\/05\/20230530.jpg?resize=1050%2C600&ssl=1 3x"},"classes":[]}],"_links":{"self":[{"href":"https:\/\/www.wallendorff.com\/belogue\/wp-json\/wp\/v2\/posts\/4213","targetHints":{"allow":["GET"]}}],"collection":[{"href":"https:\/\/www.wallendorff.com\/belogue\/wp-json\/wp\/v2\/posts"}],"about":[{"href":"https:\/\/www.wallendorff.com\/belogue\/wp-json\/wp\/v2\/types\/post"}],"author":[{"embeddable":true,"href":"https:\/\/www.wallendorff.com\/belogue\/wp-json\/wp\/v2\/users\/1"}],"replies":[{"embeddable":true,"href":"https:\/\/www.wallendorff.com\/belogue\/wp-json\/wp\/v2\/comments?post=4213"}],"version-history":[{"count":1,"href":"https:\/\/www.wallendorff.com\/belogue\/wp-json\/wp\/v2\/posts\/4213\/revisions"}],"predecessor-version":[{"id":16570,"href":"https:\/\/www.wallendorff.com\/belogue\/wp-json\/wp\/v2\/posts\/4213\/revisions\/16570"}],"wp:featuredmedia":[{"embeddable":true,"href":"https:\/\/www.wallendorff.com\/belogue\/wp-json\/wp\/v2\/media\/25437"}],"wp:attachment":[{"href":"https:\/\/www.wallendorff.com\/belogue\/wp-json\/wp\/v2\/media?parent=4213"}],"wp:term":[{"taxonomy":"category","embeddable":true,"href":"https:\/\/www.wallendorff.com\/belogue\/wp-json\/wp\/v2\/categories?post=4213"},{"taxonomy":"post_tag","embeddable":true,"href":"https:\/\/www.wallendorff.com\/belogue\/wp-json\/wp\/v2\/tags?post=4213"}],"curies":[{"name":"wp","href":"https:\/\/api.w.org\/{rel}","templated":true}]}}