{"id":4207,"date":"2009-05-19T09:28:20","date_gmt":"2009-05-19T08:28:20","guid":{"rendered":"http:\/\/www.po-l.com\/belogue\/?p=4207"},"modified":"2012-03-27T09:43:18","modified_gmt":"2012-03-27T07:43:18","slug":"pj-harvey-john-parish-le-bataclan-paris","status":"publish","type":"post","link":"https:\/\/www.wallendorff.com\/belogue\/2009\/05\/19\/pj-harvey-john-parish-le-bataclan-paris\/","title":{"rendered":"PJ Harvey &#038; John Parish @ le Bataclan, Paris."},"content":{"rendered":"<div id=\"photo\">\n<p><img decoding=\"async\" src=\"https:\/\/www.wallendorff.com\/belogue\/photo\/2009\/05\/20090519.jpg\" \/><\/p>\n<\/div>\n<p style=\"text-align:right\">Ah tiens il y a pile trois ans <a href=\"https:\/\/www.wallendorff.com\/belogue\/2006\/05\/19\/the-dresden-dolls-el-bataclano-paris-18-mai\/\">il faisait chaud aussi<\/a>.<\/p>\n<p>Dans la vie il y a <a href=\"https:\/\/www.wallendorff.com\/belogue\/2008\/10\/21\/mademoiselle-k-lolympia-paris\/\">de chouettes soir&eacute;es o&ugrave; un management sympa et une s&eacute;curit&eacute; super-coule t&rsquo;entra&icirc;nent dans des jeux de piste en fosse photo ach&rsquo;te marrants<\/a>.<\/p>\n<p>Dans la vie il y a aussi des soir&eacute;es qu&rsquo;on te g&acirc;che parce que 1\/ &laquo;&nbsp;non vous ne pouvez pas chouter la premi&egrave;re partie,&nbsp;&raquo; 2\/ &laquo;&nbsp;non vous ne pouvez pas entrer avec les fotoaparats pour vous coller tant bien que mal devant la sc&egrave;ne au milieu du premier rang,&nbsp;&raquo; 3\/ &laquo;&nbsp;le management fait deux groupes de photographes, le premier pour les 4<sup>e<\/sup> et 5<sup>e<\/sup> morceaux, le second pour les 9<sup>e<\/sup> et 10<sup>e<\/sup>, vous serez escort&eacute;s par un gars de la s&eacute;cu<sup>1<\/sup> qui vous fera ressortir une fois les deux titres termin&eacute;s, apr&egrave;s il faudra laisser le mat&eacute;riel au vestiaire.&nbsp;&raquo;<\/p>\n<p>En fait tout cela ne poserait pas trop de probl&egrave;mes si la salle &eacute;tait dot&eacute;e d&rsquo;une fosse photo. On entre, on se pose dedans, clac clac et tout le monde au bar. Mais &ccedil;a sert &agrave; rien, les fosses photo, tout le monde sait &ccedil;a, rien ne vaut une bonne s&eacute;rie prise de loin depuis le c&ocirc;t&eacute; de sc&egrave;ne au milieu des gens pour donner un petit air de <em>Noire-Neige et les sept pieds de micro<\/em> fort original &agrave; son r&eacute;sultat. Le tout en essuyant son objectif toutes les 20 secondes puisqu&rsquo;un appareil qu&rsquo;on passe d&rsquo;un coup d&rsquo;un vestiaire tout froid &agrave; une salle toute chaude, forc&eacute;ment &ccedil;a s&#8217;embue, nickel pour mettre de jolis effets hamiltoniens sur tout &ccedil;a. Merci le management. Enfin c&rsquo;est de ma faute, si je ne m&rsquo;&eacute;tais pas fait choper par PJ le nez dans son d&eacute;collet&eacute;  en <a href=\"https:\/\/www.wallendorff.com\/belogue\/2004\/10\/15\/pj-harvey-state-theater-detroit\/\">2004 &agrave; D&eacute;troit<\/a> on ne me tiendrait peut-&ecirc;tre pas &agrave; distance. J&rsquo;assume, j&rsquo;assume, &ccedil;a m&rsquo;apprendra.<\/p>\n<p>En tout cas le concert fut en demi-teinte. Quand la fille errait tel un fant&ocirc;me laiteux dans les limbes de ses propres r&ecirc;ves en 2007 on trouvait &ccedil;a mignon, moi le premier. Quand elle se tra&icirc;ne sur sc&egrave;ne avec John Parish, on s&#8217;emmerde la moiti&eacute; du temps. Je passe toute la soir&eacute;e &agrave; repenser &agrave; <a href=\"http:\/\/7and7is.over-blog.com\/article-31560379.html\">cette excellente analyse de Ska sur le concert de la veille<\/a> en gardant en m&eacute;moire les m&ecirc;mes titres que lui&nbsp;: <em>Sixteen, Fifteen, Fourteen<\/em> r&ecirc;che, <em>Pig Will Not<\/em> mordant, <em>Taut<\/em> crachot&eacute; et le <em>False Fire<\/em> du rappel aux vocaux assur&eacute;s par Parish. Autant de moments de gr&acirc;ce sur lesquels on est content d&rsquo;&ecirc;tre venu entrecoup&eacute;s de moments de gras comme <em>April<\/em>, un bel exemple de final foir&eacute;, sur lequel on est content de partir. Polly Jean, elle, se barre avec un bouquet que lui tend un fan du premier rang tout enamour&eacute;.<\/p>\n<p style=\"text-align:right\">Une vraie diva folk, dites donc.<\/p>\n<p style=\"text-align:right\">C&rsquo;est loin 1993, quand m&ecirc;me.<\/p>\n<div id=\"bandeson\">\n<p><img decoding=\"async\" src=\"https:\/\/www.wallendorff.com\/belogue\/photo\/pochettes\/h\/harvey_pj-rid_of_me.jpg\" align=\"left\" \/>&nbsp;<a href=\"http:\/\/ww.pjharvey.net\/\">PJ Harvey<\/a> &ndash; <em>50ft Queenie<\/em><\/p>\n<\/div>ngg_shortcode_0_placeholder<p>_____<\/p>\n<div id=\"bas_note\">\n<p><sup>1<\/sup> Au demeurant fort sympathique et compr&eacute;hensif.<\/p>\n<\/div>\n","protected":false},"excerpt":{"rendered":"<p>Ah tiens il y a pile trois ans il faisait chaud aussi. Dans la vie il y a de chouettes soir&eacute;es o&ugrave; un management sympa et une s&eacute;curit&eacute; super-coule t&rsquo;entra&icirc;nent dans des jeux de piste en fosse photo ach&rsquo;te marrants. Dans la vie il y a aussi des soir&eacute;es qu&rsquo;on te g&acirc;che parce que 1\/&hellip;<\/p>\n","protected":false},"author":1,"featured_media":25436,"comment_status":"open","ping_status":"open","sticky":false,"template":"","format":"standard","meta":{"_acf_changed":false,"ngg_post_thumbnail":0,"jetpack_post_was_ever_published":false,"_jetpack_newsletter_access":"","_jetpack_dont_email_post_to_subs":false,"_jetpack_newsletter_tier_id":0,"_jetpack_memberships_contains_paywalled_content":false,"_jetpack_memberships_contains_paid_content":false,"footnotes":"","jetpack_publicize_message":"","jetpack_publicize_feature_enabled":true,"jetpack_social_post_already_shared":false,"jetpack_social_options":{"image_generator_settings":{"template":"highway","default_image_id":0,"font":"","enabled":false},"version":2}},"categories":[7],"tags":[10508,2811,10183,10084,181,2615,10120,10121,2796,10332,143,10098,10180],"class_list":["post-4207","post","type-post","status-publish","format-standard","has-post-thumbnail","hentry","category-alive","tag-10508","tag-50ft-queenie","tag-10183","tag-alive","tag-ef-70-200-mm-f28l-usm","tag-eos-5d-mark-ii","tag-france","tag-ile-de-france","tag-john-parish","tag-le-bataclan","tag-noir-et-blanc","tag-paris","tag-pj-harvey"],"acf":[],"geo":{"latitude":48.8629417,"longitude":2.370445,"description":"1-15 Passage Saint-Pierre Amelot, 75011 Paris, France"},"jetpack_publicize_connections":[],"jetpack_featured_media_url":"https:\/\/www.wallendorff.com\/belogue\/wp-content\/uploads\/2015\/04\/200905191.jpg","jetpack_shortlink":"https:\/\/wp.me\/p3b35P-15R","jetpack_sharing_enabled":true,"jetpack-related-posts":[{"id":12546,"url":"https:\/\/www.wallendorff.com\/belogue\/2011\/04\/07\/the-kills-s-c-u-m-le-bataclan-paris\/","url_meta":{"origin":4207,"position":0},"title":"The Kills + S.C.U.M @ le Bataclan, Paris.","author":"dpc","date":"7 avril 2011","format":false,"excerpt":"No Wow | Future Starts Slow | Heart Is a Beating Drum | Kissy Kissy | U.R.A. Fever | DNA | Satellite | Tape Song | Baby Says | You Don't Own the Road | Sour Cherry || The Last Goodbye | Pots and Pans | Fried My Little Brains\u2026","rel":"","context":"Dans &quot;Alive&quot;","block_context":{"text":"Alive","link":"https:\/\/www.wallendorff.com\/belogue\/category\/alive\/"},"img":{"alt_text":"","src":"https:\/\/i0.wp.com\/www.wallendorff.com\/belogue\/wp-content\/uploads\/2015\/04\/201104071.jpg?resize=350%2C200&ssl=1","width":350,"height":200,"srcset":"https:\/\/i0.wp.com\/www.wallendorff.com\/belogue\/wp-content\/uploads\/2015\/04\/201104071.jpg?resize=350%2C200&ssl=1 1x, https:\/\/i0.wp.com\/www.wallendorff.com\/belogue\/wp-content\/uploads\/2015\/04\/201104071.jpg?resize=525%2C300&ssl=1 1.5x, https:\/\/i0.wp.com\/www.wallendorff.com\/belogue\/wp-content\/uploads\/2015\/04\/201104071.jpg?resize=700%2C400&ssl=1 2x"},"classes":[]},{"id":3721,"url":"https:\/\/www.wallendorff.com\/belogue\/2008\/12\/28\/2008en-3\/","url_meta":{"origin":4207,"position":1},"title":"2008 en&#8230; #3.","author":"dpc","date":"28 d\u00e9cembre 2008","format":false,"excerpt":"La Maroquinerie, Paris, 28 mai. pr\u00e9sentent 2008 en 10 soir\u00e9es qui tachent grave je te dis pas Je crois en avoir parl\u00e9 comme il fallait d\u00e8s le lendemain du concert. Ce 27 mai, la meute de damn\u00e9s de Flogging Molly a pris la Maroquinerie, l'a retourn\u00e9e et l'a secou\u00e9e sans\u2026","rel":"","context":"Dans &quot;DPC&quot;","block_context":{"text":"DPC","link":"https:\/\/www.wallendorff.com\/belogue\/category\/dpc\/"},"img":{"alt_text":"","src":"https:\/\/i0.wp.com\/www.wallendorff.com\/belogue\/wp-content\/uploads\/2015\/04\/200812281.jpg?resize=350%2C200&ssl=1","width":350,"height":200},"classes":[]},{"id":34387,"url":"https:\/\/www.wallendorff.com\/belogue\/2017\/07\/05\/flogging-molly-le-bataclan-paris-2\/","url_meta":{"origin":4207,"position":2},"title":"Flogging Molly @ le Bataclan, Paris.","author":"dpc","date":"5 juillet 2017","format":false,"excerpt":"J\u2019ai d\u00e9j\u00e0 expliqu\u00e9 ce qui m'attache \u00e0 Flogging Molly et ne reviendrai pas dessus. Ce que je vis du concert d\u2019hier soir, c\u2019est-\u00e0-dire 4 titres, \u2013\u00a0les photographes devaient d\u00e9guerpir apr\u00e8s trois-titres-sans-flash et, entre nous, pour l\u2019instant, je ne tra\u00eene pas au Bataclan plus que n\u00e9cessaire\u00a0\u2013, fut fid\u00e8le au th\u00e8me que\u2026","rel":"","context":"Dans &quot;Alive&quot;","block_context":{"text":"Alive","link":"https:\/\/www.wallendorff.com\/belogue\/category\/alive\/"},"img":{"alt_text":"","src":"https:\/\/i0.wp.com\/www.wallendorff.com\/belogue\/wp-content\/uploads\/2017\/07\/20170705-08.jpg?resize=350%2C200&ssl=1","width":350,"height":200,"srcset":"https:\/\/i0.wp.com\/www.wallendorff.com\/belogue\/wp-content\/uploads\/2017\/07\/20170705-08.jpg?resize=350%2C200&ssl=1 1x, https:\/\/i0.wp.com\/www.wallendorff.com\/belogue\/wp-content\/uploads\/2017\/07\/20170705-08.jpg?resize=525%2C300&ssl=1 1.5x, https:\/\/i0.wp.com\/www.wallendorff.com\/belogue\/wp-content\/uploads\/2017\/07\/20170705-08.jpg?resize=700%2C400&ssl=1 2x"},"classes":[]},{"id":12823,"url":"https:\/\/www.wallendorff.com\/belogue\/2011\/05\/31\/fleet-foxes-josh-t-pearson-le-bataclan-paris\/","url_meta":{"origin":4207,"position":3},"title":"Fleet Foxes + Josh T. Pearson @ le Bataclan, Paris.","author":"dpc","date":"31 mai 2011","format":false,"excerpt":"Cascades | Grown Ocean | Drops in the River | Battery Kinzie | Bedouin Dress | Sim Sala Bim | Mykonos | Your Proctector | Tiger Mountain Peasant Song | White Winter Hymnal | Ragged Wood | Lorelai | Montezuma | He Doesn't Know Why | The Shrine \/ An\u2026","rel":"","context":"Dans &quot;Alive&quot;","block_context":{"text":"Alive","link":"https:\/\/www.wallendorff.com\/belogue\/category\/alive\/"},"img":{"alt_text":"","src":"https:\/\/i0.wp.com\/www.wallendorff.com\/belogue\/wp-content\/uploads\/2015\/04\/201105311.jpg?resize=350%2C200&ssl=1","width":350,"height":200,"srcset":"https:\/\/i0.wp.com\/www.wallendorff.com\/belogue\/wp-content\/uploads\/2015\/04\/201105311.jpg?resize=350%2C200&ssl=1 1x, https:\/\/i0.wp.com\/www.wallendorff.com\/belogue\/wp-content\/uploads\/2015\/04\/201105311.jpg?resize=525%2C300&ssl=1 1.5x, https:\/\/i0.wp.com\/www.wallendorff.com\/belogue\/wp-content\/uploads\/2015\/04\/201105311.jpg?resize=700%2C400&ssl=1 2x"},"classes":[]},{"id":4055,"url":"https:\/\/www.wallendorff.com\/belogue\/2009\/03\/23\/douche-et-quaux-chaises\/","url_meta":{"origin":4207,"position":4},"title":"D&rsquo;ouche et qu&rsquo;aux chaises.","author":"dpc","date":"23 mars 2009","format":false,"excerpt":"Mus\u00e9e de la Vie romantique, Paris, 14 f\u00e9vrier. On va pas attaquer trop violemment non plus, hein. PJ Harvey \u2013 No Child of Mine","rel":"","context":"Dans &quot;DPC&quot;","block_context":{"text":"DPC","link":"https:\/\/www.wallendorff.com\/belogue\/category\/dpc\/"},"img":{"alt_text":"","src":"https:\/\/i0.wp.com\/www.wallendorff.com\/belogue\/wp-content\/uploads\/2015\/04\/200903231.jpg?resize=350%2C200&ssl=1","width":350,"height":200},"classes":[]},{"id":813,"url":"https:\/\/www.wallendorff.com\/belogue\/2006\/10\/25\/the-40-ans-of-the-rock-n-fluque-le-bataclan-paris\/","url_meta":{"origin":4207,"position":5},"title":"The 40 ans of the Rock &#038; Fluque @ Le Bataclan, Paris.","author":"dpc","date":"25 octobre 2006","format":false,"excerpt":"Gr\u00e2ce soit rendue pour les 23 prochaines g\u00e9n\u00e9rations \u00e0 Ath-les-bons-tuyaux pour le pr\u00eat du matos. Appel\u00e9 au dernier moment, Arriv\u00e9e pour le gros tube des Nazes1, bar ouvert2, discours d'entr\u00e9e du Man\u0153uvre qui d\u00e9cid\u00e9ment est le plus dou\u00e9 imitateur de Man\u0153uvre au monde, Jacno insipide, super-groupe \u00e0 base de Natasha-d'AS-Dragon,\u2026","rel":"","context":"Dans &quot;Alive&quot;","block_context":{"text":"Alive","link":"https:\/\/www.wallendorff.com\/belogue\/category\/alive\/"},"img":{"alt_text":"","src":"https:\/\/i0.wp.com\/www.wallendorff.com\/belogue\/wp-content\/uploads\/2015\/04\/20061025-11.jpg?resize=350%2C200&ssl=1","width":350,"height":200,"srcset":"https:\/\/i0.wp.com\/www.wallendorff.com\/belogue\/wp-content\/uploads\/2015\/04\/20061025-11.jpg?resize=350%2C200&ssl=1 1x, https:\/\/i0.wp.com\/www.wallendorff.com\/belogue\/wp-content\/uploads\/2015\/04\/20061025-11.jpg?resize=525%2C300&ssl=1 1.5x"},"classes":[]}],"_links":{"self":[{"href":"https:\/\/www.wallendorff.com\/belogue\/wp-json\/wp\/v2\/posts\/4207","targetHints":{"allow":["GET"]}}],"collection":[{"href":"https:\/\/www.wallendorff.com\/belogue\/wp-json\/wp\/v2\/posts"}],"about":[{"href":"https:\/\/www.wallendorff.com\/belogue\/wp-json\/wp\/v2\/types\/post"}],"author":[{"embeddable":true,"href":"https:\/\/www.wallendorff.com\/belogue\/wp-json\/wp\/v2\/users\/1"}],"replies":[{"embeddable":true,"href":"https:\/\/www.wallendorff.com\/belogue\/wp-json\/wp\/v2\/comments?post=4207"}],"version-history":[{"count":2,"href":"https:\/\/www.wallendorff.com\/belogue\/wp-json\/wp\/v2\/posts\/4207\/revisions"}],"predecessor-version":[{"id":16552,"href":"https:\/\/www.wallendorff.com\/belogue\/wp-json\/wp\/v2\/posts\/4207\/revisions\/16552"}],"wp:featuredmedia":[{"embeddable":true,"href":"https:\/\/www.wallendorff.com\/belogue\/wp-json\/wp\/v2\/media\/25436"}],"wp:attachment":[{"href":"https:\/\/www.wallendorff.com\/belogue\/wp-json\/wp\/v2\/media?parent=4207"}],"wp:term":[{"taxonomy":"category","embeddable":true,"href":"https:\/\/www.wallendorff.com\/belogue\/wp-json\/wp\/v2\/categories?post=4207"},{"taxonomy":"post_tag","embeddable":true,"href":"https:\/\/www.wallendorff.com\/belogue\/wp-json\/wp\/v2\/tags?post=4207"}],"curies":[{"name":"wp","href":"https:\/\/api.w.org\/{rel}","templated":true}]}}