{"id":42010,"date":"2019-06-07T14:23:44","date_gmt":"2019-06-07T12:23:44","guid":{"rendered":"http:\/\/www.wallendorff.com\/belogue\/?p=42010"},"modified":"2019-06-07T14:23:44","modified_gmt":"2019-06-07T12:23:44","slug":"cinq-glacons-dans-le-vent","status":"publish","type":"post","link":"https:\/\/www.wallendorff.com\/belogue\/2019\/06\/07\/cinq-glacons-dans-le-vent\/","title":{"rendered":"Cinq gla\u00e7ons dans le vent."},"content":{"rendered":"<div id=\"photo\">\n<p><img decoding=\"async\" src=\"https:\/\/www.wallendorff.com\/belogue\/wp-content\/uploads\/2019\/06\/20190607.jpg\"><br \/>\nSkjelholmen, 5 mars 2019.<\/p>\n<\/div>\n<p style=\"text-align: right\">Et l&agrave; je vois les deux lecteurs qui me restent s&rsquo;offusquer et me dire &laquo;&nbsp;mais enfin gros, faudrait voir &agrave; point nous prendre pour des joncquilles, les gar&ccedil;ons dans le vent &eacute;taient quatre et pas cinq&nbsp;!&nbsp;&raquo;, et je leur r&eacute;ponds &laquo;&nbsp;Bien vu, Gilles et Marthe<sup>1<\/sup>, qu&rsquo;ils &eacute;taient effectivement quatre, mais figurez-vous que, quand j&rsquo;ai trouv&eacute; mon jeu de mot, il m&rsquo;a soudain sembl&eacute; familier; j&rsquo;ai compuls&eacute; mes archives pour en avoir le c&oelig;ur net et patatras, je l&rsquo;avais d&eacute;j&agrave; sorti <a href=\"https:\/\/www.wallendorff.com\/belogue\/2005\/01\/18\/quatre-glacons-dans-le-vent\/\">il y a 14 ans<\/a> pour une photo de D&eacute;troit.<\/p>\n<p style=\"text-align: right\">Donc, plut&ocirc;t que de r&eacute;utiliser un jeu de mot &eacute;cul&eacute; tel quel, je l&rsquo;incr&eacute;mente.<\/p>\n<p style=\"text-align: right\">Rendez-vous en 2033 pour <em>Six gla&ccedil;ons dans le vent<\/em>.<\/p>\n<p style=\"text-align: right\">Mais &agrave; part &ccedil;a, rien.<\/p>\n<div id=\"bandeson\">\n<p><img decoding=\"async\" src=\"https:\/\/www.wallendorff.com\/belogue\/photo\/pochettes\/f\/foals-everything_not_saved_will_be_lost_part_1.jpg\" align=\"left\" \/><a href=\"http:\/\/www.youtube.com\/watch?v=9J37d5qQQRo\" a style=\"font-weight:normal\" id=\"lienmp3\"><em>I&rsquo;m Done with the World (&amp; It&rsquo;s Done with Me)<\/em><\/a><br \/>\n<a href=\"http:\/\/foals.co.uk\/\">Foals<\/a><\/p>\n<\/div>\n<div id=\"bas_note\">\n<p><sup>1<\/sup> Les pr&eacute;noms n&rsquo;ont pas &eacute;t&eacute; chang&eacute;s.<\/p>\n<\/div>\n","protected":false},"excerpt":{"rendered":"<p>Skjelholmen, 5 mars 2019. Et l&agrave; je vois les deux lecteurs qui me restent s&rsquo;offusquer et me dire &laquo;&nbsp;mais enfin gros, faudrait voir &agrave; point nous prendre pour des joncquilles, les gar&ccedil;ons dans le vent &eacute;taient quatre et pas cinq&nbsp;!&nbsp;&raquo;, et je leur r&eacute;ponds &laquo;&nbsp;Bien vu, Gilles et Marthe1, qu&rsquo;ils &eacute;taient effectivement quatre, mais figurez-vous&hellip;<\/p>\n","protected":false},"author":1,"featured_media":42017,"comment_status":"open","ping_status":"open","sticky":false,"template":"","format":"standard","meta":{"_acf_changed":false,"ngg_post_thumbnail":0,"jetpack_post_was_ever_published":false,"_jetpack_newsletter_access":"","_jetpack_dont_email_post_to_subs":false,"_jetpack_newsletter_tier_id":0,"_jetpack_memberships_contains_paywalled_content":false,"_jetpack_memberships_contains_paid_content":false,"footnotes":"","jetpack_publicize_message":"","jetpack_publicize_feature_enabled":true,"jetpack_social_post_already_shared":true,"jetpack_social_options":{"image_generator_settings":{"template":"highway","default_image_id":0,"font":"","enabled":false},"version":2}},"categories":[3],"tags":[8751,8351,15496,15497,10222,3554,15657,15495,2357,7947,15574,15585],"class_list":["post-42010","post","type-post","status-publish","format-standard","has-post-thumbnail","hentry","category-dpc","tag-ef-70-300mm-f4-5-6-is-usm","tag-eos-6d","tag-comte-de-nordland","tag-flakstad","tag-foals","tag-glace","tag-im-done-with-the-world-its-done-with-me","tag-lofoten","tag-norvege","tag-poisson","tag-rorbu","tag-skjelholmen"],"acf":[],"geo":{"latitude":68.0822525,"longitude":13.2299423,"description":"Ramberg, Nordland, 8388, NO"},"jetpack_publicize_connections":[],"jetpack_featured_media_url":"https:\/\/www.wallendorff.com\/belogue\/wp-content\/uploads\/2019\/06\/20190607.jpg","jetpack_shortlink":"https:\/\/wp.me\/p3b35P-aVA","jetpack_sharing_enabled":true,"jetpack-related-posts":[{"id":7677,"url":"https:\/\/www.wallendorff.com\/belogue\/2010\/06\/12\/six\/","url_meta":{"origin":42010,"position":0},"title":"668 the neighbour of the beast.","author":"dpc","date":"12 juin 2010","format":false,"excerpt":"Rue Michel-le-Comte, Paris, 8 mai. Non mais l\u00e0 c'est plut\u00f4t une mobylette qu'un escalier, donc \u00e7a compte pas. Hum. Ah et puis\u00a0: Il y a six ans, les Pistons de D\u00e9troit \u00e9taient en finale NBA. Il y a cinq ans, les Pistons de D\u00e9troit \u00e9taient encore en finale NBA. Il\u2026","rel":"","context":"Dans &quot;DPC&quot;","block_context":{"text":"DPC","link":"https:\/\/www.wallendorff.com\/belogue\/category\/dpc\/"},"img":{"alt_text":"","src":"https:\/\/i0.wp.com\/www.wallendorff.com\/belogue\/wp-content\/uploads\/2015\/04\/201006121.jpg?resize=350%2C200&ssl=1","width":350,"height":200},"classes":[]},{"id":4287,"url":"https:\/\/www.wallendorff.com\/belogue\/2009\/06\/12\/me-nuisant-plus-bele-que-vaux-je-hourds\/","url_meta":{"origin":42010,"position":1},"title":"Me nuisant plus, b\u00eale que vaux-je hourds.","author":"dpc","date":"12 juin 2009","format":false,"excerpt":"Pla\u00e8te Mars, Paris, 11 juin. \u00a0 Oasis \u2013 Cigarettes & Alcohol Il y a cinq ans, les Pistons de D\u00e9troit \u00e9taient en finale NBA. Il y a quatre ans, les Pistons de D\u00e9troit \u00e9taient encore en finale NBA. Il y a trois ans, les Pistons de D\u00e9troit \u00e9taient en vacances\u2026","rel":"","context":"Dans &quot;Portraits&quot;","block_context":{"text":"Portraits","link":"https:\/\/www.wallendorff.com\/belogue\/category\/portraits\/"},"img":{"alt_text":"","src":"https:\/\/i0.wp.com\/www.wallendorff.com\/belogue\/wp-content\/uploads\/2015\/04\/20090612-121.jpg?resize=350%2C200&ssl=1","width":350,"height":200,"srcset":"https:\/\/i0.wp.com\/www.wallendorff.com\/belogue\/wp-content\/uploads\/2015\/04\/20090612-121.jpg?resize=350%2C200&ssl=1 1x, https:\/\/i0.wp.com\/www.wallendorff.com\/belogue\/wp-content\/uploads\/2015\/04\/20090612-121.jpg?resize=525%2C300&ssl=1 1.5x, https:\/\/i0.wp.com\/www.wallendorff.com\/belogue\/wp-content\/uploads\/2015\/04\/20090612-121.jpg?resize=700%2C400&ssl=1 2x"},"classes":[]},{"id":12868,"url":"https:\/\/www.wallendorff.com\/belogue\/2011\/06\/12\/direction-linfini\/","url_meta":{"origin":42010,"position":2},"title":"Direction l&rsquo;infini.","author":"dpc","date":"12 juin 2011","format":false,"excerpt":"Rue Bonaparte, Paris, 11 juin. Il y a sept ans, les Pistons de D\u00e9troit \u00e9taient en finale NBA. Il y a six ans, les Pistons de D\u00e9troit \u00e9taient encore en finale NBA. Il y a cinq ans, les Pistons de D\u00e9troit \u00e9taient en vacances apr\u00e8s s'\u00eatre fait vider comme des\u2026","rel":"","context":"Dans &quot;DPC&quot;","block_context":{"text":"DPC","link":"https:\/\/www.wallendorff.com\/belogue\/category\/dpc\/"},"img":{"alt_text":"","src":"https:\/\/i0.wp.com\/www.wallendorff.com\/belogue\/wp-content\/uploads\/2015\/04\/201106121.jpg?resize=350%2C200&ssl=1","width":350,"height":200},"classes":[]},{"id":17698,"url":"https:\/\/www.wallendorff.com\/belogue\/2012\/06\/12\/o-verts-oeufs-ils-effarent-rouets\/","url_meta":{"origin":42010,"position":3},"title":"\u00d4 verts \u0153ufs, ils effarent rouets.","author":"dpc","date":"12 juin 2012","format":false,"excerpt":"Route de Thonon, Collonge-Bellerive, 27 mai. Il y a huit ans, les Pistons de D\u00e9troit \u00e9taient en finale NBA. Il y a sept ans, les Pistons de D\u00e9troit \u00e9taient encore en finale NBA. Il y a six ans, les Pistons de D\u00e9troit \u00e9taient en vacances apr\u00e8s s'\u00eatre fait vider comme\u2026","rel":"","context":"Dans &quot;DPC&quot;","block_context":{"text":"DPC","link":"https:\/\/www.wallendorff.com\/belogue\/category\/dpc\/"},"img":{"alt_text":"","src":"https:\/\/i0.wp.com\/www.wallendorff.com\/belogue\/wp-content\/uploads\/2015\/04\/201206121.jpg?resize=350%2C200&ssl=1","width":350,"height":200,"srcset":"https:\/\/i0.wp.com\/www.wallendorff.com\/belogue\/wp-content\/uploads\/2015\/04\/201206121.jpg?resize=350%2C200&ssl=1 1x, https:\/\/i0.wp.com\/www.wallendorff.com\/belogue\/wp-content\/uploads\/2015\/04\/201206121.jpg?resize=525%2C300&ssl=1 1.5x, https:\/\/i0.wp.com\/www.wallendorff.com\/belogue\/wp-content\/uploads\/2015\/04\/201206121.jpg?resize=700%2C400&ssl=1 2x"},"classes":[]},{"id":21142,"url":"https:\/\/www.wallendorff.com\/belogue\/2013\/06\/12\/into-the-wide-9\/","url_meta":{"origin":42010,"position":4},"title":"Into the Wide #9.","author":"dpc","date":"12 juin 2013","format":false,"excerpt":"Route des Prehez, Morbier, 27 avril. [Oui oui, vingt-sept avril.] Et \u00e0 part \u00e7a\u00a0: Il y a neuf ans, les Pistons de D\u00e9troit \u00e9taient en finale NBA. Il y a huit ans, les Pistons de D\u00e9troit \u00e9taient encore en finale NBA. Il y a sept ans, les Pistons de D\u00e9troit\u2026","rel":"","context":"Dans &quot;Into the wide&quot;","block_context":{"text":"Into the wide","link":"https:\/\/www.wallendorff.com\/belogue\/category\/into-the-wide\/"},"img":{"alt_text":"","src":"https:\/\/i0.wp.com\/www.wallendorff.com\/belogue\/wp-content\/uploads\/2015\/04\/201306121.jpg?resize=350%2C200&ssl=1","width":350,"height":200,"srcset":"https:\/\/i0.wp.com\/www.wallendorff.com\/belogue\/wp-content\/uploads\/2015\/04\/201306121.jpg?resize=350%2C200&ssl=1 1x, https:\/\/i0.wp.com\/www.wallendorff.com\/belogue\/wp-content\/uploads\/2015\/04\/201306121.jpg?resize=525%2C300&ssl=1 1.5x, https:\/\/i0.wp.com\/www.wallendorff.com\/belogue\/wp-content\/uploads\/2015\/04\/201306121.jpg?resize=700%2C400&ssl=1 2x"},"classes":[]},{"id":27495,"url":"https:\/\/www.wallendorff.com\/belogue\/2015\/06\/12\/commercent-et-quittent-tables\/","url_meta":{"origin":42010,"position":5},"title":"Commercent et quittent tables.","author":"dpc","date":"12 juin 2015","format":false,"excerpt":"Quelque part entre Puttgarten et R\u00f8dby, 4 avril. Cloudburst Oasis Il y a onze ans, les Pistons de D\u00e9troit \u00e9taient en finale NBA. Il y a dix ans, les Pistons de D\u00e9troit \u00e9taient encore en finale NBA. Il y a neuf ans, les Pistons de D\u00e9troit \u00e9taient en vacances apr\u00e8s\u2026","rel":"","context":"Dans &quot;DPC&quot;","block_context":{"text":"DPC","link":"https:\/\/www.wallendorff.com\/belogue\/category\/dpc\/"},"img":{"alt_text":"","src":"https:\/\/i0.wp.com\/www.wallendorff.com\/belogue\/wp-content\/uploads\/2015\/06\/20150612.jpg?resize=350%2C200&ssl=1","width":350,"height":200,"srcset":"https:\/\/i0.wp.com\/www.wallendorff.com\/belogue\/wp-content\/uploads\/2015\/06\/20150612.jpg?resize=350%2C200&ssl=1 1x, https:\/\/i0.wp.com\/www.wallendorff.com\/belogue\/wp-content\/uploads\/2015\/06\/20150612.jpg?resize=525%2C300&ssl=1 1.5x, https:\/\/i0.wp.com\/www.wallendorff.com\/belogue\/wp-content\/uploads\/2015\/06\/20150612.jpg?resize=700%2C400&ssl=1 2x"},"classes":[]}],"_links":{"self":[{"href":"https:\/\/www.wallendorff.com\/belogue\/wp-json\/wp\/v2\/posts\/42010","targetHints":{"allow":["GET"]}}],"collection":[{"href":"https:\/\/www.wallendorff.com\/belogue\/wp-json\/wp\/v2\/posts"}],"about":[{"href":"https:\/\/www.wallendorff.com\/belogue\/wp-json\/wp\/v2\/types\/post"}],"author":[{"embeddable":true,"href":"https:\/\/www.wallendorff.com\/belogue\/wp-json\/wp\/v2\/users\/1"}],"replies":[{"embeddable":true,"href":"https:\/\/www.wallendorff.com\/belogue\/wp-json\/wp\/v2\/comments?post=42010"}],"version-history":[{"count":2,"href":"https:\/\/www.wallendorff.com\/belogue\/wp-json\/wp\/v2\/posts\/42010\/revisions"}],"predecessor-version":[{"id":42018,"href":"https:\/\/www.wallendorff.com\/belogue\/wp-json\/wp\/v2\/posts\/42010\/revisions\/42018"}],"wp:featuredmedia":[{"embeddable":true,"href":"https:\/\/www.wallendorff.com\/belogue\/wp-json\/wp\/v2\/media\/42017"}],"wp:attachment":[{"href":"https:\/\/www.wallendorff.com\/belogue\/wp-json\/wp\/v2\/media?parent=42010"}],"wp:term":[{"taxonomy":"category","embeddable":true,"href":"https:\/\/www.wallendorff.com\/belogue\/wp-json\/wp\/v2\/categories?post=42010"},{"taxonomy":"post_tag","embeddable":true,"href":"https:\/\/www.wallendorff.com\/belogue\/wp-json\/wp\/v2\/tags?post=42010"}],"curies":[{"name":"wp","href":"https:\/\/api.w.org\/{rel}","templated":true}]}}