{"id":41905,"date":"2019-05-29T19:43:47","date_gmt":"2019-05-29T17:43:47","guid":{"rendered":"http:\/\/www.wallendorff.com\/belogue\/?p=41905"},"modified":"2019-05-29T19:43:47","modified_gmt":"2019-05-29T17:43:47","slug":"reve-sur-le-tas","status":"publish","type":"post","link":"https:\/\/www.wallendorff.com\/belogue\/2019\/05\/29\/reve-sur-le-tas\/","title":{"rendered":"R\u00eave sur le tas."},"content":{"rendered":"\n<div id=\"photo\">\n<p><img decoding=\"async\" src=\"https:\/\/www.wallendorff.com\/belogue\/wp-content\/uploads\/2019\/05\/20190529.jpg\" \/><br \/>\n        Haukland, 4 mars 2019.<\/p>\n<\/p><\/div>\n<div id=\"bandeson\">\n<p><img decoding=\"async\" src=\"https:\/\/www.wallendorff.com\/belogue\/photo\/pochettes\/r\/rat_boy-internationally_unknown.jpg\" align=\"left\"><a href=\"http:\/\/www.youtube.com\/watch?v=ukhODyj1Ryc\"><em>Follow Your Heart<\/em><\/a><br \/>\n<a href=\"http:\/\/www.ratboy.co.uk\/\">RAT BOY<\/a><\/p>\n<\/div>\n","protected":false},"excerpt":{"rendered":"<p>Haukland, 4 mars 2019. Follow Your Heart RAT BOY<\/p>\n","protected":false},"author":1,"featured_media":41906,"comment_status":"open","ping_status":"open","sticky":false,"template":"","format":"standard","meta":{"_acf_changed":false,"ngg_post_thumbnail":0,"jetpack_post_was_ever_published":false,"_jetpack_newsletter_access":"","_jetpack_dont_email_post_to_subs":false,"_jetpack_newsletter_tier_id":0,"_jetpack_memberships_contains_paywalled_content":false,"_jetpack_memberships_contains_paid_content":false,"footnotes":"","jetpack_publicize_message":"","jetpack_publicize_feature_enabled":true,"jetpack_social_post_already_shared":true,"jetpack_social_options":{"image_generator_settings":{"template":"highway","default_image_id":0,"font":"","enabled":false},"version":2}},"categories":[3],"tags":[737,2571,8351,15496,10311,15650,15547,15495,10483,10426,2357,10714,15563,13188,10407],"class_list":["post-41905","post","type-post","status-publish","format-standard","has-post-thumbnail","hentry","category-dpc","tag-bleu","tag-ef-16-35-mm-f28l-ii-usm","tag-eos-6d","tag-comte-de-nordland","tag-dos","tag-follow-your-heart","tag-leknes","tag-lofoten","tag-mer","tag-montagne","tag-norvege","tag-plage","tag-plage-de-haukland","tag-rat-boy","tag-silhouette"],"acf":[],"geo":{"latitude":68.1991043,"longitude":13.5268736,"description":"Leknes, Nordland, 8376, NO"},"jetpack_publicize_connections":[],"jetpack_featured_media_url":"https:\/\/www.wallendorff.com\/belogue\/wp-content\/uploads\/2019\/05\/20190529.jpg","jetpack_shortlink":"https:\/\/wp.me\/p3b35P-aTT","jetpack_sharing_enabled":true,"jetpack-related-posts":[{"id":19660,"url":"https:\/\/www.wallendorff.com\/belogue\/2012\/11\/28\/195838\/","url_meta":{"origin":41905,"position":0},"title":"19:58:38.","author":"dpc","date":"28 novembre 2012","format":false,"excerpt":"Mali Rat, 5 ao\u00fbt. \u00a0Jetta \u2013 Start a Riot","rel":"","context":"Dans &quot;DPC&quot;","block_context":{"text":"DPC","link":"https:\/\/www.wallendorff.com\/belogue\/category\/dpc\/"},"img":{"alt_text":"","src":"https:\/\/i0.wp.com\/www.wallendorff.com\/belogue\/wp-content\/uploads\/2015\/04\/201211281.jpg?resize=350%2C200&ssl=1","width":350,"height":200,"srcset":"https:\/\/i0.wp.com\/www.wallendorff.com\/belogue\/wp-content\/uploads\/2015\/04\/201211281.jpg?resize=350%2C200&ssl=1 1x, https:\/\/i0.wp.com\/www.wallendorff.com\/belogue\/wp-content\/uploads\/2015\/04\/201211281.jpg?resize=525%2C300&ssl=1 1.5x, https:\/\/i0.wp.com\/www.wallendorff.com\/belogue\/wp-content\/uploads\/2015\/04\/201211281.jpg?resize=700%2C400&ssl=1 2x"},"classes":[]},{"id":987,"url":"https:\/\/www.wallendorff.com\/belogue\/2007\/07\/05\/be-eurocks-en-2007-day-2\/","url_meta":{"origin":41905,"position":1},"title":"Be Eurocks en 2007 &#8211; Day #2.","author":"dpc","date":"5 juillet 2007","format":false,"excerpt":"Joey Starr, Grande sc\u00e8ne, 17h00 Blanche, la Loggia, 18h00 Editors, Grande Sc\u00e8ne, 18h55 Max\u00efmo Park, la Plage, 20h50 Deerhoof, la Loggia, 22h04. I'm From Barcelona, la Plage, 23h09. Le reste Lalalala Don't give up on your dreams, boy Don't give up on your dreams now, buddy. Lalala \u00a0I'm from Barcelona\u2026","rel":"","context":"Dans &quot;Alive&quot;","block_context":{"text":"Alive","link":"https:\/\/www.wallendorff.com\/belogue\/category\/alive\/"},"img":{"alt_text":"","src":"https:\/\/i0.wp.com\/www.wallendorff.com\/belogue\/wp-content\/uploads\/2015\/04\/200707051.jpg?resize=350%2C200&ssl=1","width":350,"height":200,"srcset":"https:\/\/i0.wp.com\/www.wallendorff.com\/belogue\/wp-content\/uploads\/2015\/04\/200707051.jpg?resize=350%2C200&ssl=1 1x, https:\/\/i0.wp.com\/www.wallendorff.com\/belogue\/wp-content\/uploads\/2015\/04\/200707051.jpg?resize=525%2C300&ssl=1 1.5x, https:\/\/i0.wp.com\/www.wallendorff.com\/belogue\/wp-content\/uploads\/2015\/04\/200707051.jpg?resize=700%2C400&ssl=1 2x"},"classes":[]},{"id":42168,"url":"https:\/\/www.wallendorff.com\/belogue\/2019\/06\/20\/la-roche-posee\/","url_meta":{"origin":41905,"position":2},"title":"La roche pos\u00e9e.","author":"dpc","date":"20 juin 2019","format":false,"excerpt":"Plage de Storsandnes, 6 mars 2019. HumiliationThe National","rel":"","context":"Dans &quot;DPC&quot;","block_context":{"text":"DPC","link":"https:\/\/www.wallendorff.com\/belogue\/category\/dpc\/"},"img":{"alt_text":"Plage de Storsandnes, 6 mars 2019","src":"https:\/\/i0.wp.com\/www.wallendorff.com\/belogue\/wp-content\/uploads\/2019\/06\/20190620.jpg?resize=350%2C200&ssl=1","width":350,"height":200,"srcset":"https:\/\/i0.wp.com\/www.wallendorff.com\/belogue\/wp-content\/uploads\/2019\/06\/20190620.jpg?resize=350%2C200&ssl=1 1x, https:\/\/i0.wp.com\/www.wallendorff.com\/belogue\/wp-content\/uploads\/2019\/06\/20190620.jpg?resize=525%2C300&ssl=1 1.5x, https:\/\/i0.wp.com\/www.wallendorff.com\/belogue\/wp-content\/uploads\/2019\/06\/20190620.jpg?resize=700%2C400&ssl=1 2x, https:\/\/i0.wp.com\/www.wallendorff.com\/belogue\/wp-content\/uploads\/2019\/06\/20190620.jpg?resize=1050%2C600&ssl=1 3x"},"classes":[]},{"id":8143,"url":"https:\/\/www.wallendorff.com\/belogue\/2010\/08\/19\/harlem-la-plage-du-glazart-paris\/","url_meta":{"origin":41905,"position":3},"title":"Harlem @ la Plage du Glaz&rsquo;Art, Paris.","author":"dpc","date":"19 ao\u00fbt 2010","format":false,"excerpt":"En attendant la vraie reprise. Bon groupe, bon cadre, bonne soir\u00e9e au final. \u00a0Harlem \u2013 Stripper Sunset","rel":"","context":"Dans &quot;Alive&quot;","block_context":{"text":"Alive","link":"https:\/\/www.wallendorff.com\/belogue\/category\/alive\/"},"img":{"alt_text":"","src":"https:\/\/i0.wp.com\/www.wallendorff.com\/belogue\/wp-content\/uploads\/2015\/04\/201008191.jpg?resize=350%2C200&ssl=1","width":350,"height":200,"srcset":"https:\/\/i0.wp.com\/www.wallendorff.com\/belogue\/wp-content\/uploads\/2015\/04\/201008191.jpg?resize=350%2C200&ssl=1 1x, https:\/\/i0.wp.com\/www.wallendorff.com\/belogue\/wp-content\/uploads\/2015\/04\/201008191.jpg?resize=525%2C300&ssl=1 1.5x, https:\/\/i0.wp.com\/www.wallendorff.com\/belogue\/wp-content\/uploads\/2015\/04\/201008191.jpg?resize=700%2C400&ssl=1 2x"},"classes":[]},{"id":134330,"url":"https:\/\/www.wallendorff.com\/belogue\/2025\/11\/05\/brasil-brasil-xi-copaca-by-light\/","url_meta":{"origin":41905,"position":4},"title":"[Brasil Brasil XI] Copaca by light.","author":"dpc","date":"5 novembre 2025","format":false,"excerpt":"Rio de Janeiro, 28 mai 2025.","rel":"","context":"Dans &quot;DPC&quot;","block_context":{"text":"DPC","link":"https:\/\/www.wallendorff.com\/belogue\/category\/dpc\/"},"img":{"alt_text":"","src":"https:\/\/i0.wp.com\/www.wallendorff.com\/belogue\/wp-content\/uploads\/2025\/11\/20251105-07.jpg?resize=350%2C200&ssl=1","width":350,"height":200,"srcset":"https:\/\/i0.wp.com\/www.wallendorff.com\/belogue\/wp-content\/uploads\/2025\/11\/20251105-07.jpg?resize=350%2C200&ssl=1 1x, https:\/\/i0.wp.com\/www.wallendorff.com\/belogue\/wp-content\/uploads\/2025\/11\/20251105-07.jpg?resize=525%2C300&ssl=1 1.5x, https:\/\/i0.wp.com\/www.wallendorff.com\/belogue\/wp-content\/uploads\/2025\/11\/20251105-07.jpg?resize=700%2C400&ssl=1 2x, https:\/\/i0.wp.com\/www.wallendorff.com\/belogue\/wp-content\/uploads\/2025\/11\/20251105-07.jpg?resize=1050%2C600&ssl=1 3x"},"classes":[]},{"id":23282,"url":"https:\/\/www.wallendorff.com\/belogue\/2014\/08\/14\/plagisme-ii\/","url_meta":{"origin":41905,"position":5},"title":"Plagisme [II].","author":"dpc","date":"14 ao\u00fbt 2014","format":false,"excerpt":"Plage des Cavaliers, Anglet, 9 mai. [Le premier date un peu, oui.] Tongues Paws","rel":"","context":"Dans &quot;DPC&quot;","block_context":{"text":"DPC","link":"https:\/\/www.wallendorff.com\/belogue\/category\/dpc\/"},"img":{"alt_text":"","src":"https:\/\/i0.wp.com\/www.wallendorff.com\/belogue\/wp-content\/uploads\/2015\/04\/201408141.jpg?resize=350%2C200&ssl=1","width":350,"height":200,"srcset":"https:\/\/i0.wp.com\/www.wallendorff.com\/belogue\/wp-content\/uploads\/2015\/04\/201408141.jpg?resize=350%2C200&ssl=1 1x, https:\/\/i0.wp.com\/www.wallendorff.com\/belogue\/wp-content\/uploads\/2015\/04\/201408141.jpg?resize=525%2C300&ssl=1 1.5x, https:\/\/i0.wp.com\/www.wallendorff.com\/belogue\/wp-content\/uploads\/2015\/04\/201408141.jpg?resize=700%2C400&ssl=1 2x"},"classes":[]}],"_links":{"self":[{"href":"https:\/\/www.wallendorff.com\/belogue\/wp-json\/wp\/v2\/posts\/41905","targetHints":{"allow":["GET"]}}],"collection":[{"href":"https:\/\/www.wallendorff.com\/belogue\/wp-json\/wp\/v2\/posts"}],"about":[{"href":"https:\/\/www.wallendorff.com\/belogue\/wp-json\/wp\/v2\/types\/post"}],"author":[{"embeddable":true,"href":"https:\/\/www.wallendorff.com\/belogue\/wp-json\/wp\/v2\/users\/1"}],"replies":[{"embeddable":true,"href":"https:\/\/www.wallendorff.com\/belogue\/wp-json\/wp\/v2\/comments?post=41905"}],"version-history":[{"count":2,"href":"https:\/\/www.wallendorff.com\/belogue\/wp-json\/wp\/v2\/posts\/41905\/revisions"}],"predecessor-version":[{"id":41908,"href":"https:\/\/www.wallendorff.com\/belogue\/wp-json\/wp\/v2\/posts\/41905\/revisions\/41908"}],"wp:featuredmedia":[{"embeddable":true,"href":"https:\/\/www.wallendorff.com\/belogue\/wp-json\/wp\/v2\/media\/41906"}],"wp:attachment":[{"href":"https:\/\/www.wallendorff.com\/belogue\/wp-json\/wp\/v2\/media?parent=41905"}],"wp:term":[{"taxonomy":"category","embeddable":true,"href":"https:\/\/www.wallendorff.com\/belogue\/wp-json\/wp\/v2\/categories?post=41905"},{"taxonomy":"post_tag","embeddable":true,"href":"https:\/\/www.wallendorff.com\/belogue\/wp-json\/wp\/v2\/tags?post=41905"}],"curies":[{"name":"wp","href":"https:\/\/api.w.org\/{rel}","templated":true}]}}