{"id":41902,"date":"2019-05-28T14:54:32","date_gmt":"2019-05-28T12:54:32","guid":{"rendered":"http:\/\/www.wallendorff.com\/belogue\/?p=41902"},"modified":"2019-05-28T14:54:32","modified_gmt":"2019-05-28T12:54:32","slug":"points-cardinaux","status":"publish","type":"post","link":"https:\/\/www.wallendorff.com\/belogue\/2019\/05\/28\/points-cardinaux\/","title":{"rendered":"Points cardi[n]aux."},"content":{"rendered":"\n<div id=\"photo\">\n<p><img decoding=\"async\" src=\"https:\/\/www.wallendorff.com\/belogue\/wp-content\/uploads\/2019\/05\/20190528.jpg\" \/><br \/>\n        Uttakleiv, 4 mars 2019.<\/p>\n<\/p><\/div>\n<div id=\"bandeson\">\n<p><img decoding=\"async\" src=\"https:\/\/www.wallendorff.com\/belogue\/photo\/pochettes\/f\/foals-everything_not_saved_will_be_lost_part_1.jpg\" align=\"left\" \/><a href=\"http:\/\/www.youtube.com\/watch?v=7w_4FJip7sY\" a style=\"font-weight:normal\" id=\"lienmp3\"><em>Sunday<\/em><\/a><br \/>\n<a href=\"http:\/\/foals.co.uk\/\">Foals<\/a><\/p>\n<\/div>\n","protected":false},"excerpt":{"rendered":"<p>Uttakleiv, 4 mars 2019. Sunday Foals<\/p>\n","protected":false},"author":1,"featured_media":41903,"comment_status":"open","ping_status":"open","sticky":false,"template":"","format":"standard","meta":{"_acf_changed":false,"ngg_post_thumbnail":0,"jetpack_post_was_ever_published":false,"_jetpack_newsletter_access":"","_jetpack_dont_email_post_to_subs":false,"_jetpack_newsletter_tier_id":0,"_jetpack_memberships_contains_paywalled_content":false,"_jetpack_memberships_contains_paid_content":false,"footnotes":"","jetpack_publicize_message":"","jetpack_publicize_feature_enabled":true,"jetpack_social_post_already_shared":true,"jetpack_social_options":{"image_generator_settings":{"template":"highway","default_image_id":0,"font":"","enabled":false},"version":2}},"categories":[3],"tags":[15523,15496,10284,10222,15495,10483,2357,10714,15568,2150],"class_list":["post-41902","post","type-post","status-publish","format-standard","has-post-thumbnail","hentry","category-dpc","tag-bjornsand","tag-comte-de-nordland","tag-coeur","tag-foals","tag-lofoten","tag-mer","tag-norvege","tag-plage","tag-plage-duttakleiv","tag-sunday"],"acf":[],"geo":{"latitude":68.2114563,"longitude":13.5063171,"description":"Leknes, Nordland, 8376, NO"},"jetpack_publicize_connections":[],"jetpack_featured_media_url":"https:\/\/www.wallendorff.com\/belogue\/wp-content\/uploads\/2019\/05\/20190528.jpg","jetpack_shortlink":"https:\/\/wp.me\/p3b35P-aTQ","jetpack_sharing_enabled":true,"jetpack-related-posts":[{"id":29624,"url":"https:\/\/www.wallendorff.com\/belogue\/2015\/11\/05\/late-on-the-pier-v\/","url_meta":{"origin":41902,"position":0},"title":"Late on the pier [V].","author":"dpc","date":"5 novembre 2015","format":false,"excerpt":"Sciez, 19 juillet. La suite de celle-ci, pour ceux qui ont suivi. A Knife in the Ocean Foals","rel":"","context":"Dans &quot;DPC&quot;","block_context":{"text":"DPC","link":"https:\/\/www.wallendorff.com\/belogue\/category\/dpc\/"},"img":{"alt_text":"","src":"https:\/\/i0.wp.com\/www.wallendorff.com\/belogue\/wp-content\/uploads\/2015\/11\/20151105.jpg?resize=350%2C200&ssl=1","width":350,"height":200,"srcset":"https:\/\/i0.wp.com\/www.wallendorff.com\/belogue\/wp-content\/uploads\/2015\/11\/20151105.jpg?resize=350%2C200&ssl=1 1x, https:\/\/i0.wp.com\/www.wallendorff.com\/belogue\/wp-content\/uploads\/2015\/11\/20151105.jpg?resize=525%2C300&ssl=1 1.5x, https:\/\/i0.wp.com\/www.wallendorff.com\/belogue\/wp-content\/uploads\/2015\/11\/20151105.jpg?resize=700%2C400&ssl=1 2x"},"classes":[]},{"id":51506,"url":"https:\/\/www.wallendorff.com\/belogue\/2022\/05\/17\/foals-le-zenith-paris-16-mai-2022\/","url_meta":{"origin":41902,"position":1},"title":"Foals @ le Z\u00e9nith, Paris, 16 mai 2022.","author":"dpc","date":"17 mai 2022","format":false,"excerpt":"Foals @ le Z\u00e9nith, Paris, 16\/05\/2022 Foals @ le Z\u00e9nith, Paris, 16\/05\/2022 Foals @ le Z\u00e9nith, Paris, 16\/05\/2022 Foals @ le Z\u00e9nith, Paris, 16\/05\/2022 Foals @ le Z\u00e9nith, Paris, 16\/05\/2022 Foals @ le Z\u00e9nith, Paris, 16\/05\/2022 Foals @ le Z\u00e9nith, Paris, 16\/05\/2022 Foals @ le Z\u00e9nith, Paris, 16\/05\/2022 Foals @\u2026","rel":"","context":"Dans &quot;Alive&quot;","block_context":{"text":"Alive","link":"https:\/\/www.wallendorff.com\/belogue\/category\/alive\/"},"img":{"alt_text":"","src":"https:\/\/i0.wp.com\/www.wallendorff.com\/belogue\/wp-content\/uploads\/2022\/05\/20220517-25.jpg?resize=350%2C200&ssl=1","width":350,"height":200,"srcset":"https:\/\/i0.wp.com\/www.wallendorff.com\/belogue\/wp-content\/uploads\/2022\/05\/20220517-25.jpg?resize=350%2C200&ssl=1 1x, https:\/\/i0.wp.com\/www.wallendorff.com\/belogue\/wp-content\/uploads\/2022\/05\/20220517-25.jpg?resize=525%2C300&ssl=1 1.5x, https:\/\/i0.wp.com\/www.wallendorff.com\/belogue\/wp-content\/uploads\/2022\/05\/20220517-25.jpg?resize=700%2C400&ssl=1 2x, https:\/\/i0.wp.com\/www.wallendorff.com\/belogue\/wp-content\/uploads\/2022\/05\/20220517-25.jpg?resize=1050%2C600&ssl=1 3x"},"classes":[]},{"id":22024,"url":"https:\/\/www.wallendorff.com\/belogue\/2013\/11\/17\/foals-breton-festival-des-inrocks-le-zenith-paris-12-novembre\/","url_meta":{"origin":41902,"position":2},"title":"Foals + Breton @ Festival des Inrocks, le Z\u00e9nith, Paris, 12 novembre.","author":"dpc","date":"17 novembre 2013","format":false,"excerpt":"Breton \u00a0 Foals \u00a0","rel":"","context":"Dans &quot;Alive&quot;","block_context":{"text":"Alive","link":"https:\/\/www.wallendorff.com\/belogue\/category\/alive\/"},"img":{"alt_text":"","src":"https:\/\/i0.wp.com\/www.wallendorff.com\/belogue\/wp-content\/uploads\/2015\/04\/201311171.jpg?resize=350%2C200&ssl=1","width":350,"height":200,"srcset":"https:\/\/i0.wp.com\/www.wallendorff.com\/belogue\/wp-content\/uploads\/2015\/04\/201311171.jpg?resize=350%2C200&ssl=1 1x, https:\/\/i0.wp.com\/www.wallendorff.com\/belogue\/wp-content\/uploads\/2015\/04\/201311171.jpg?resize=525%2C300&ssl=1 1.5x, https:\/\/i0.wp.com\/www.wallendorff.com\/belogue\/wp-content\/uploads\/2015\/04\/201311171.jpg?resize=700%2C400&ssl=1 2x"},"classes":[]},{"id":28743,"url":"https:\/\/www.wallendorff.com\/belogue\/2015\/07\/31\/juillet-2015\/","url_meta":{"origin":41902,"position":3},"title":"Juillet 2015.","author":"dpc","date":"31 juillet 2015","format":false,"excerpt":"Un film \u00e0 la con, une paire d'\u00c9f\u00e8s, un festival, un emm\u00e9nagement, un lac, un festival, un jet d'eau, un festival, un feu d'artifice, une fondue et 3\u00a0156\u00a0km de plus au compteur. Juillet 2015. \u00a0 5 titres Boy \u2013 We Were Here Tough Age \u2013 Snakes & Ladders Foals \u2013\u2026","rel":"","context":"Dans &quot;Blog-note&quot;","block_context":{"text":"Blog-note","link":"https:\/\/www.wallendorff.com\/belogue\/category\/blog-note\/"},"img":{"alt_text":"","src":"https:\/\/i0.wp.com\/www.wallendorff.com\/belogue\/wp-content\/uploads\/2015\/08\/20150820-49.jpg?resize=350%2C200&ssl=1","width":350,"height":200,"srcset":"https:\/\/i0.wp.com\/www.wallendorff.com\/belogue\/wp-content\/uploads\/2015\/08\/20150820-49.jpg?resize=350%2C200&ssl=1 1x, https:\/\/i0.wp.com\/www.wallendorff.com\/belogue\/wp-content\/uploads\/2015\/08\/20150820-49.jpg?resize=525%2C300&ssl=1 1.5x, https:\/\/i0.wp.com\/www.wallendorff.com\/belogue\/wp-content\/uploads\/2015\/08\/20150820-49.jpg?resize=700%2C400&ssl=1 2x"},"classes":[]},{"id":20488,"url":"https:\/\/www.wallendorff.com\/belogue\/2013\/02\/20\/garage-bandes\/","url_meta":{"origin":41902,"position":4},"title":"Garage bandes.","author":"dpc","date":"20 f\u00e9vrier 2013","format":false,"excerpt":"Rue Daviel, Paris, 3 janvier. PreludeFoals","rel":"","context":"Dans &quot;DPC&quot;","block_context":{"text":"DPC","link":"https:\/\/www.wallendorff.com\/belogue\/category\/dpc\/"},"img":{"alt_text":"","src":"https:\/\/i0.wp.com\/www.wallendorff.com\/belogue\/wp-content\/uploads\/2015\/04\/20130220.jpg?resize=350%2C200&ssl=1","width":350,"height":200,"srcset":"https:\/\/i0.wp.com\/www.wallendorff.com\/belogue\/wp-content\/uploads\/2015\/04\/20130220.jpg?resize=350%2C200&ssl=1 1x, https:\/\/i0.wp.com\/www.wallendorff.com\/belogue\/wp-content\/uploads\/2015\/04\/20130220.jpg?resize=525%2C300&ssl=1 1.5x"},"classes":[]},{"id":41664,"url":"https:\/\/www.wallendorff.com\/belogue\/2019\/04\/24\/into-the-wide-170\/","url_meta":{"origin":41902,"position":5},"title":"Into the wide #170.","author":"dpc","date":"24 avril 2019","format":false,"excerpt":"Op\u00e9ra d'Oslo, 1er mars 2019. Caf\u00e9 d'Ath\u00e8nes Foals","rel":"","context":"Dans &quot;Into the wide&quot;","block_context":{"text":"Into the wide","link":"https:\/\/www.wallendorff.com\/belogue\/category\/into-the-wide\/"},"img":{"alt_text":"","src":"https:\/\/i0.wp.com\/www.wallendorff.com\/belogue\/wp-content\/uploads\/2019\/04\/20190424.jpg?resize=350%2C200&ssl=1","width":350,"height":200,"srcset":"https:\/\/i0.wp.com\/www.wallendorff.com\/belogue\/wp-content\/uploads\/2019\/04\/20190424.jpg?resize=350%2C200&ssl=1 1x, https:\/\/i0.wp.com\/www.wallendorff.com\/belogue\/wp-content\/uploads\/2019\/04\/20190424.jpg?resize=525%2C300&ssl=1 1.5x, https:\/\/i0.wp.com\/www.wallendorff.com\/belogue\/wp-content\/uploads\/2019\/04\/20190424.jpg?resize=700%2C400&ssl=1 2x, https:\/\/i0.wp.com\/www.wallendorff.com\/belogue\/wp-content\/uploads\/2019\/04\/20190424.jpg?resize=1050%2C600&ssl=1 3x"},"classes":[]}],"_links":{"self":[{"href":"https:\/\/www.wallendorff.com\/belogue\/wp-json\/wp\/v2\/posts\/41902","targetHints":{"allow":["GET"]}}],"collection":[{"href":"https:\/\/www.wallendorff.com\/belogue\/wp-json\/wp\/v2\/posts"}],"about":[{"href":"https:\/\/www.wallendorff.com\/belogue\/wp-json\/wp\/v2\/types\/post"}],"author":[{"embeddable":true,"href":"https:\/\/www.wallendorff.com\/belogue\/wp-json\/wp\/v2\/users\/1"}],"replies":[{"embeddable":true,"href":"https:\/\/www.wallendorff.com\/belogue\/wp-json\/wp\/v2\/comments?post=41902"}],"version-history":[{"count":1,"href":"https:\/\/www.wallendorff.com\/belogue\/wp-json\/wp\/v2\/posts\/41902\/revisions"}],"predecessor-version":[{"id":41904,"href":"https:\/\/www.wallendorff.com\/belogue\/wp-json\/wp\/v2\/posts\/41902\/revisions\/41904"}],"wp:featuredmedia":[{"embeddable":true,"href":"https:\/\/www.wallendorff.com\/belogue\/wp-json\/wp\/v2\/media\/41903"}],"wp:attachment":[{"href":"https:\/\/www.wallendorff.com\/belogue\/wp-json\/wp\/v2\/media?parent=41902"}],"wp:term":[{"taxonomy":"category","embeddable":true,"href":"https:\/\/www.wallendorff.com\/belogue\/wp-json\/wp\/v2\/categories?post=41902"},{"taxonomy":"post_tag","embeddable":true,"href":"https:\/\/www.wallendorff.com\/belogue\/wp-json\/wp\/v2\/tags?post=41902"}],"curies":[{"name":"wp","href":"https:\/\/api.w.org\/{rel}","templated":true}]}}