{"id":4190,"date":"2009-05-14T09:25:43","date_gmt":"2009-05-14T08:25:43","guid":{"rendered":"http:\/\/www.po-l.com\/belogue\/?p=4190"},"modified":"2018-05-23T08:07:30","modified_gmt":"2018-05-23T06:07:30","slug":"if-love-is-a-drug-i-guess-were-all-sober","status":"publish","type":"post","link":"https:\/\/www.wallendorff.com\/belogue\/2009\/05\/14\/if-love-is-a-drug-i-guess-were-all-sober\/","title":{"rendered":"If love is a drug, I guess we&rsquo;re all sober."},"content":{"rendered":"<div id=\"photo\">\n<p><img decoding=\"async\" src=\"https:\/\/www.wallendorff.com\/belogue\/photo\/2009\/05\/20090514.jpg\" \/><br \/>\nTerminal 2F, a&eacute;roport Charles de Gaulle, 24 avril.<\/p>\n<\/div>\n<div id=\"bandeson\">\n<p><img decoding=\"async\" src=\"https:\/\/www.wallendorff.com\/belogue\/photo\/pochettes\/p\/pallot_nerina-fires.jpg\" align=\"left\" \/>&nbsp;<a href=\"http:\/\/nerinapallot.tv\/\">Nerina Pallot<\/a> &ndash; <em>Everybody&rsquo;s Gone to War<\/em><\/script>\n<\/p>\n<\/div>\n","protected":false},"excerpt":{"rendered":"<p>Terminal 2F, a&eacute;roport Charles de Gaulle, 24 avril. &nbsp;Nerina Pallot &ndash; Everybody&rsquo;s Gone to War<\/p>\n","protected":false},"author":1,"featured_media":25432,"comment_status":"open","ping_status":"open","sticky":false,"template":"","format":"standard","meta":{"_acf_changed":false,"ngg_post_thumbnail":0,"jetpack_post_was_ever_published":false,"_jetpack_newsletter_access":"","_jetpack_dont_email_post_to_subs":false,"_jetpack_newsletter_tier_id":0,"_jetpack_memberships_contains_paywalled_content":false,"_jetpack_memberships_contains_paid_content":false,"footnotes":"","jetpack_publicize_message":"","jetpack_publicize_feature_enabled":true,"jetpack_social_post_already_shared":false,"jetpack_social_options":{"image_generator_settings":{"template":"highway","default_image_id":0,"font":"","enabled":false},"version":2}},"categories":[3],"tags":[10177,10259,11058,2571,2615,10500,2179,10120,10121,2804,2178,10377,10260,10528,948],"class_list":["post-4190","post","type-post","status-publish","format-standard","has-post-thumbnail","hentry","category-dpc","tag-aeroport","tag-aeroport-paris-charles-de-gaulle","tag-ballon","tag-ef-16-35-mm-f28l-ii-usm","tag-eos-5d-mark-ii","tag-contre-plongee","tag-everybodys-gone-to-war","tag-france","tag-ile-de-france","tag-minnie","tag-nerina-pallot","tag-plafond","tag-roissy-en-france","tag-terminal-2f","tag-val-doise"],"acf":[],"geo":{"latitude":49.0053482,"longitude":2.5768518,"description":"A\u00e9roport Charles de Gaulle T2F, A\u00e9roport Charles-de-Gaulle (CDG), 77990 Le Mesnil-Amelot, France"},"jetpack_publicize_connections":[],"jetpack_featured_media_url":"https:\/\/www.wallendorff.com\/belogue\/wp-content\/uploads\/2015\/04\/200905141.jpg","jetpack_shortlink":"https:\/\/wp.me\/p3b35P-15A","jetpack_sharing_enabled":true,"jetpack-related-posts":[{"id":21215,"url":"https:\/\/www.wallendorff.com\/belogue\/2013\/06\/25\/downstairs\/","url_meta":{"origin":4190,"position":0},"title":"Downstairs.","author":"dpc","date":"25 juin 2013","format":false,"excerpt":"Terminal 2F, a\u00e9roport de Paris-Charles-de-Gaulle, 20 mai. Faith in LoveCSS","rel":"","context":"Dans &quot;DPC&quot;","block_context":{"text":"DPC","link":"https:\/\/www.wallendorff.com\/belogue\/category\/dpc\/"},"img":{"alt_text":"","src":"https:\/\/i0.wp.com\/www.wallendorff.com\/belogue\/wp-content\/uploads\/2015\/04\/20130625.jpg?resize=350%2C200&ssl=1","width":350,"height":200,"srcset":"https:\/\/i0.wp.com\/www.wallendorff.com\/belogue\/wp-content\/uploads\/2015\/04\/20130625.jpg?resize=350%2C200&ssl=1 1x, https:\/\/i0.wp.com\/www.wallendorff.com\/belogue\/wp-content\/uploads\/2015\/04\/20130625.jpg?resize=525%2C300&ssl=1 1.5x, https:\/\/i0.wp.com\/www.wallendorff.com\/belogue\/wp-content\/uploads\/2015\/04\/20130625.jpg?resize=700%2C400&ssl=1 2x"},"classes":[]},{"id":4198,"url":"https:\/\/www.wallendorff.com\/belogue\/2009\/05\/16\/tu-pus-du-cru\/","url_meta":{"origin":4190,"position":1},"title":"Tu pus du cr\u00fb.","author":"dpc","date":"16 mai 2009","format":false,"excerpt":"Terminal 2F, a\u00e9roport Charles de Gaulle, 24 avril. [Meoow.] \u00a0The Decemberists \u2013 Sons & Daughters","rel":"","context":"Dans &quot;DPC&quot;","block_context":{"text":"DPC","link":"https:\/\/www.wallendorff.com\/belogue\/category\/dpc\/"},"img":{"alt_text":"","src":"https:\/\/i0.wp.com\/www.wallendorff.com\/belogue\/wp-content\/uploads\/2015\/04\/200905161.jpg?resize=350%2C200&ssl=1","width":350,"height":200},"classes":[]},{"id":4194,"url":"https:\/\/www.wallendorff.com\/belogue\/2009\/05\/15\/un-hoe-qwerty-en-vqut-deux\/","url_meta":{"origin":4190,"position":2},"title":"Un ho;;e qwerty en vqut deux.","author":"dpc","date":"15 mai 2009","format":false,"excerpt":"Terminal 2F, a\u00e9roport Charles de Gaulle, 24 avril. \u00a0Moby \u2013 Shot in the Back of the Head","rel":"","context":"Dans &quot;DPC&quot;","block_context":{"text":"DPC","link":"https:\/\/www.wallendorff.com\/belogue\/category\/dpc\/"},"img":{"alt_text":"","src":"https:\/\/i0.wp.com\/www.wallendorff.com\/belogue\/wp-content\/uploads\/2015\/04\/200905151.jpg?resize=350%2C200&ssl=1","width":350,"height":200},"classes":[]},{"id":20693,"url":"https:\/\/www.wallendorff.com\/belogue\/2013\/03\/26\/navion-ii\/","url_meta":{"origin":4190,"position":3},"title":"Navion [II].","author":"dpc","date":"26 mars 2013","format":false,"excerpt":"A\u00e9roport Paris-Charles-de-Gaulle, 8 f\u00e9vrier. [Joyeux anniversaire.] Through the Deep, Dark WoodsThe Veils","rel":"","context":"Dans &quot;DPC&quot;","block_context":{"text":"DPC","link":"https:\/\/www.wallendorff.com\/belogue\/category\/dpc\/"},"img":{"alt_text":"","src":"https:\/\/i0.wp.com\/www.wallendorff.com\/belogue\/wp-content\/uploads\/2015\/04\/20130326.jpg?resize=350%2C200&ssl=1","width":350,"height":200,"srcset":"https:\/\/i0.wp.com\/www.wallendorff.com\/belogue\/wp-content\/uploads\/2015\/04\/20130326.jpg?resize=350%2C200&ssl=1 1x, https:\/\/i0.wp.com\/www.wallendorff.com\/belogue\/wp-content\/uploads\/2015\/04\/20130326.jpg?resize=525%2C300&ssl=1 1.5x"},"classes":[]},{"id":129376,"url":"https:\/\/www.wallendorff.com\/belogue\/2024\/07\/22\/terminal-1-aeroport-de-paris-charles-de-gaulle-roissy-en-france-17-juillet-2024\/","url_meta":{"origin":4190,"position":4},"title":"Terminal 1 @ a\u00e9roport de Paris-Charles-de-Gaulle, Roissy-en-France, 17 juillet 2024.","author":"dpc","date":"22 juillet 2024","format":false,"excerpt":"","rel":"","context":"Dans &quot;Alive&quot;","block_context":{"text":"Alive","link":"https:\/\/www.wallendorff.com\/belogue\/category\/alive\/"},"img":{"alt_text":"","src":"https:\/\/i0.wp.com\/www.wallendorff.com\/belogue\/wp-content\/uploads\/2024\/07\/20240722-42.jpg?resize=350%2C200&ssl=1","width":350,"height":200,"srcset":"https:\/\/i0.wp.com\/www.wallendorff.com\/belogue\/wp-content\/uploads\/2024\/07\/20240722-42.jpg?resize=350%2C200&ssl=1 1x, https:\/\/i0.wp.com\/www.wallendorff.com\/belogue\/wp-content\/uploads\/2024\/07\/20240722-42.jpg?resize=525%2C300&ssl=1 1.5x, https:\/\/i0.wp.com\/www.wallendorff.com\/belogue\/wp-content\/uploads\/2024\/07\/20240722-42.jpg?resize=700%2C400&ssl=1 2x, https:\/\/i0.wp.com\/www.wallendorff.com\/belogue\/wp-content\/uploads\/2024\/07\/20240722-42.jpg?resize=1050%2C600&ssl=1 3x"},"classes":[]},{"id":21192,"url":"https:\/\/www.wallendorff.com\/belogue\/2013\/06\/21\/into-the-wide-10\/","url_meta":{"origin":4190,"position":5},"title":"Into the wide #10.","author":"dpc","date":"21 juin 2013","format":false,"excerpt":"Terminal 2F, a\u00e9roport Paris-Charles-de-Gaulle, 20 mai. Les a\u00e9roports vides la nuit c'est le d\u00e9calage horaire instantan\u00e9, la perte imm\u00e9diate de toute notion de temps et d'espace, l'impression soudaine de voir heures et kilom\u00e8tres se fondre dans la m\u00eame unit\u00e9, l'unique dimension d'un monde \u00e0 part, perdu au c\u0153ur d'une \u00e9ternit\u00e9\u2026","rel":"","context":"Dans &quot;Into the wide&quot;","block_context":{"text":"Into the wide","link":"https:\/\/www.wallendorff.com\/belogue\/category\/into-the-wide\/"},"img":{"alt_text":"","src":"https:\/\/i0.wp.com\/www.wallendorff.com\/belogue\/wp-content\/uploads\/2015\/04\/20130621.jpg?resize=350%2C200&ssl=1","width":350,"height":200,"srcset":"https:\/\/i0.wp.com\/www.wallendorff.com\/belogue\/wp-content\/uploads\/2015\/04\/20130621.jpg?resize=350%2C200&ssl=1 1x, https:\/\/i0.wp.com\/www.wallendorff.com\/belogue\/wp-content\/uploads\/2015\/04\/20130621.jpg?resize=525%2C300&ssl=1 1.5x, https:\/\/i0.wp.com\/www.wallendorff.com\/belogue\/wp-content\/uploads\/2015\/04\/20130621.jpg?resize=700%2C400&ssl=1 2x"},"classes":[]}],"_links":{"self":[{"href":"https:\/\/www.wallendorff.com\/belogue\/wp-json\/wp\/v2\/posts\/4190","targetHints":{"allow":["GET"]}}],"collection":[{"href":"https:\/\/www.wallendorff.com\/belogue\/wp-json\/wp\/v2\/posts"}],"about":[{"href":"https:\/\/www.wallendorff.com\/belogue\/wp-json\/wp\/v2\/types\/post"}],"author":[{"embeddable":true,"href":"https:\/\/www.wallendorff.com\/belogue\/wp-json\/wp\/v2\/users\/1"}],"replies":[{"embeddable":true,"href":"https:\/\/www.wallendorff.com\/belogue\/wp-json\/wp\/v2\/comments?post=4190"}],"version-history":[{"count":2,"href":"https:\/\/www.wallendorff.com\/belogue\/wp-json\/wp\/v2\/posts\/4190\/revisions"}],"predecessor-version":[{"id":20613,"href":"https:\/\/www.wallendorff.com\/belogue\/wp-json\/wp\/v2\/posts\/4190\/revisions\/20613"}],"wp:featuredmedia":[{"embeddable":true,"href":"https:\/\/www.wallendorff.com\/belogue\/wp-json\/wp\/v2\/media\/25432"}],"wp:attachment":[{"href":"https:\/\/www.wallendorff.com\/belogue\/wp-json\/wp\/v2\/media?parent=4190"}],"wp:term":[{"taxonomy":"category","embeddable":true,"href":"https:\/\/www.wallendorff.com\/belogue\/wp-json\/wp\/v2\/categories?post=4190"},{"taxonomy":"post_tag","embeddable":true,"href":"https:\/\/www.wallendorff.com\/belogue\/wp-json\/wp\/v2\/tags?post=4190"}],"curies":[{"name":"wp","href":"https:\/\/api.w.org\/{rel}","templated":true}]}}